{"id":102064,"date":"2019-02-14T22:34:21","date_gmt":"2019-02-14T21:34:21","guid":{"rendered":"http:\/\/www.bellunopress.it\/?p=102064"},"modified":"2019-02-14T22:34:21","modified_gmt":"2019-02-14T21:34:21","slug":"guarda-amp-nellesbosco-post-uragano-veneto-in-grave-ritardo-lautonomia-non-centra-nulla-e-questione-di-responsabilita-politica","status":"publish","type":"post","link":"https:\/\/www.bellunopress.it\/fr\/2019\/02\/14\/guarda-amp-nellesbosco-post-uragano-veneto-in-grave-ritardo-lautonomia-non-centra-nulla-e-questione-di-responsabilita-politica\/","title":{"rendered":"Guarda (AMP): &#8220;Nell&#8217;esbosco post-uragano Veneto in grave ritardo. L&#8217;autonomia non c&#8217;entra nulla: \u00e8 questione di responsabilit\u00e0 politica&#8221;"},"content":{"rendered":"<figure id=\"attachment_73418\" aria-describedby=\"caption-attachment-73418\" style=\"width: 137px\" class=\"wp-caption alignleft\"><a href=\"http:\/\/www.bellunopress.it\/fr\/2015\/11\/26\/capanni-di-caccia-guarda-amp-e-la-vittoria-di-una-lobby-che-rappresenta-meno-dell1-per-cento-dei-veneti\/cristina-guarda-consigliere-regionale\/\" rel=\"attachment wp-att-73418\"><img loading=\"lazy\" decoding=\"async\" class=\"size-full wp-image-73418\" src=\"http:\/\/www.bellunopress.it\/wp-content\/uploads\/2015\/11\/Cristina-Guarda-consigliere-regionale.jpg\" alt=\"\" width=\"137\" height=\"190\" \/><\/a><figcaption id=\"caption-attachment-73418\" class=\"wp-caption-text\">Cristina Guarda, consigliere regionale<\/figcaption><\/figure>\n<p>\u201cAvrei voluto sentire dal presidente Zaia parole ben diverse da quelle pronunciate oggi in aula: un&#8217;assunzione di responsabilit\u00e0 su un ritardo di intervento di esbosco, necessario per tutelare il legno da parassiti e marciume, e di stoccaggio indispensabile per tutelare il suo valore di mercato. Un ritardo dovuto ad una cattiva organizzazione e gestione dei boschi e delle foreste, competenza che gi\u00e0 da anni \u00e8 nelle mani totalmente alla Regione. La verit\u00e0 \u00e8 che dopo lustri di governo ininterrotto del centrodestra, il Veneto non ha una rete ben strutturata e neppure la preparazione adeguata per tutelare degnamente il nostro patrimonio forestale, aggravato da un taglio catastrofico delle risorse a lui destinato: da 20 milioni a 200 mila euro negli ultimi 4 anni\u201d.<\/p>\n<p>Cos\u00ec Cristina Guarda (AMP), intervenuta oggi in occasione del consiglio straordinario sul tema della ricostruzione post-uragano che ha colpito il Veneto nell\u2019ottobre scorso.<\/p>\n<p>La consigliera ha denunciato la \u201cscelta di estromettere Veneto Agricoltura da qualsiasi iniziativa di analisi, studio, raccolta dati ed intervento, sebbene sia l\u2019unico ente che per competenze e storia pu\u00f2 mettere a disposizione personale e know how. In tutto questo c\u2019\u00e8 una responsabilit\u00e0 politica, un comportamento attendista che non si pu\u00f2 sottacere come fa Zaia. In questa fase sarebbe stato davvero utile un Piano sovraregionale, capace di mettere in sinergia i territori colpiti, di non far perdere tempo a nessuno, di non essere costretti a raccontare gli interventi di ordinaria seppur faticosa gestione post emergenziale come degli straordinari ottenimenti della politica regionale veneta\u201d.<\/p>\n<p>Secondo l\u2019esponente vicentina \u201cmentre in Veneto si perdeva tempo con gli annunci, altrove, come in provincia di Bolzano, si approvavano fin dallo scorso novembre delibere con precisi stanziamenti in bilancio e si stabilivano i criteri per la concessione di aiuti pubblici per la lavorazione e la rimozione dai boschi del legname abbattuto, i contributi per l\u2019esbosco e le linee guida per il ripristino degli schianti da vento. Qui invece si brancola nell&#8217;incertezza, col risultato che a distanza di mesi gli alberi abbattuti sono ancora l\u00ec. Chi sostiene che questo divario sia legato a questioni di autonomia vuole solamente mascherare ipocritamente le proprie gravi manchevolezze\u201d.<\/p>","protected":false},"excerpt":{"rendered":"<p>\u201cAvrei voluto sentire dal presidente Zaia parole ben diverse da quelle pronunciate oggi in aula: un&#8217;assunzione di responsabilit\u00e0 su un ritardo di intervento di esbosco, necessario per tutelare il legno da parassiti e marciume, e di stoccaggio indispensabile per tutelare il suo valore di mercato. Un ritardo dovuto ad una cattiva organizzazione e gestione dei [&hellip;]<\/p>\n","protected":false},"author":2,"featured_media":0,"comment_status":"closed","ping_status":"open","sticky":false,"template":"","format":"standard","meta":{"footnotes":""},"categories":[5,26],"tags":[],"class_list":["post-102064","post","type-post","status-publish","format-standard","category-cronaca","category-prima-pagina"],"yoast_head":"<!-- This site is optimized with the Yoast SEO plugin v28.4 - https:\/\/yoast.com\/product\/yoast-seo-wordpress\/ -->\n<title>Guarda (AMP): &quot;Nell&#039;esbosco post-uragano Veneto in grave ritardo. L&#039;autonomia non c&#039;entra nulla: \u00e8 questione di responsabilit\u00e0 politica&quot; - Bellunopress - Dolomiti<\/title>\n<meta name=\"robots\" content=\"index, follow, max-snippet:-1, max-image-preview:large, max-video-preview:-1\" \/>\n<link rel=\"canonical\" href=\"https:\/\/www.bellunopress.it\/fr\/2019\/02\/14\/guarda-amp-nellesbosco-post-uragano-veneto-in-grave-ritardo-lautonomia-non-centra-nulla-e-questione-di-responsabilita-politica\/\" \/>\n<meta property=\"og:locale\" content=\"fr_FR\" \/>\n<meta property=\"og:type\" content=\"article\" \/>\n<meta property=\"og:title\" content=\"Guarda (AMP): &quot;Nell&#039;esbosco post-uragano Veneto in grave ritardo. L&#039;autonomia non c&#039;entra nulla: \u00e8 questione di responsabilit\u00e0 politica&quot; - Bellunopress - Dolomiti\" \/>\n<meta property=\"og:description\" content=\"\u201cAvrei voluto sentire dal presidente Zaia parole ben diverse da quelle pronunciate oggi in aula: un&#8217;assunzione di responsabilit\u00e0 su un ritardo di intervento di esbosco, necessario per tutelare il legno da parassiti e marciume, e di stoccaggio indispensabile per tutelare il suo valore di mercato. Un ritardo dovuto ad una cattiva organizzazione e gestione dei [&hellip;]\" \/>\n<meta property=\"og:url\" content=\"https:\/\/www.bellunopress.it\/fr\/2019\/02\/14\/guarda-amp-nellesbosco-post-uragano-veneto-in-grave-ritardo-lautonomia-non-centra-nulla-e-questione-di-responsabilita-politica\/\" \/>\n<meta property=\"og:site_name\" content=\"Bellunopress - Dolomiti\" \/>\n<meta property=\"article:publisher\" content=\"https:\/\/www.facebook.com\/profile.php?id=100008943462799\" \/>\n<meta property=\"article:published_time\" content=\"2019-02-14T21:34:21+00:00\" \/>\n<meta property=\"og:image\" content=\"http:\/\/www.bellunopress.it\/wp-content\/uploads\/2015\/11\/Cristina-Guarda-consigliere-regionale.jpg\" \/>\n<meta name=\"author\" content=\"redazione\" \/>\n<meta name=\"twitter:card\" content=\"summary_large_image\" \/>\n<meta name=\"twitter:creator\" content=\"@bellunopress\" \/>\n<meta name=\"twitter:site\" content=\"@bellunopress\" \/>\n<meta name=\"twitter:label1\" content=\"\u00c9crit par\" \/>\n\t<meta name=\"twitter:data1\" content=\"redazione\" \/>\n\t<meta name=\"twitter:label2\" content=\"Dur\u00e9e de lecture estim\u00e9e\" \/>\n\t<meta name=\"twitter:data2\" content=\"2 minutes\" \/>\n<script type=\"application\/ld+json\" class=\"yoast-schema-graph\">{\"@context\":\"https:\\\/\\\/schema.org\",\"@graph\":[{\"@type\":\"Article\",\"@id\":\"https:\\\/\\\/www.bellunopress.it\\\/2019\\\/02\\\/14\\\/guarda-amp-nellesbosco-post-uragano-veneto-in-grave-ritardo-lautonomia-non-centra-nulla-e-questione-di-responsabilita-politica\\\/#article\",\"isPartOf\":{\"@id\":\"https:\\\/\\\/www.bellunopress.it\\\/2019\\\/02\\\/14\\\/guarda-amp-nellesbosco-post-uragano-veneto-in-grave-ritardo-lautonomia-non-centra-nulla-e-questione-di-responsabilita-politica\\\/\"},\"author\":{\"name\":\"redazione\",\"@id\":\"https:\\\/\\\/www.bellunopress.it\\\/#\\\/schema\\\/person\\\/79bb06722b37ece1c03d3e94beb30d73\"},\"headline\":\"Guarda (AMP): &#8220;Nell&#8217;esbosco post-uragano Veneto in grave ritardo. L&#8217;autonomia non c&#8217;entra nulla: \u00e8 questione di responsabilit\u00e0 politica&#8221;\",\"datePublished\":\"2019-02-14T21:34:21+00:00\",\"mainEntityOfPage\":{\"@id\":\"https:\\\/\\\/www.bellunopress.it\\\/2019\\\/02\\\/14\\\/guarda-amp-nellesbosco-post-uragano-veneto-in-grave-ritardo-lautonomia-non-centra-nulla-e-questione-di-responsabilita-politica\\\/\"},\"wordCount\":383,\"publisher\":{\"@id\":\"https:\\\/\\\/www.bellunopress.it\\\/#organization\"},\"image\":{\"@id\":\"https:\\\/\\\/www.bellunopress.it\\\/2019\\\/02\\\/14\\\/guarda-amp-nellesbosco-post-uragano-veneto-in-grave-ritardo-lautonomia-non-centra-nulla-e-questione-di-responsabilita-politica\\\/#primaryimage\"},\"thumbnailUrl\":\"http:\\\/\\\/www.bellunopress.it\\\/wp-content\\\/uploads\\\/2015\\\/11\\\/Cristina-Guarda-consigliere-regionale.jpg\",\"articleSection\":[\"Cronaca\\\/Politica\",\"Prima Pagina\"],\"inLanguage\":\"fr-FR\"},{\"@type\":\"WebPage\",\"@id\":\"https:\\\/\\\/www.bellunopress.it\\\/2019\\\/02\\\/14\\\/guarda-amp-nellesbosco-post-uragano-veneto-in-grave-ritardo-lautonomia-non-centra-nulla-e-questione-di-responsabilita-politica\\\/\",\"url\":\"https:\\\/\\\/www.bellunopress.it\\\/2019\\\/02\\\/14\\\/guarda-amp-nellesbosco-post-uragano-veneto-in-grave-ritardo-lautonomia-non-centra-nulla-e-questione-di-responsabilita-politica\\\/\",\"name\":\"Guarda (AMP): \\\"Nell'esbosco post-uragano Veneto in grave ritardo. L'autonomia non c'entra nulla: \u00e8 questione di responsabilit\u00e0 politica\\\" - Bellunopress - Dolomiti\",\"isPartOf\":{\"@id\":\"https:\\\/\\\/www.bellunopress.it\\\/#website\"},\"primaryImageOfPage\":{\"@id\":\"https:\\\/\\\/www.bellunopress.it\\\/2019\\\/02\\\/14\\\/guarda-amp-nellesbosco-post-uragano-veneto-in-grave-ritardo-lautonomia-non-centra-nulla-e-questione-di-responsabilita-politica\\\/#primaryimage\"},\"image\":{\"@id\":\"https:\\\/\\\/www.bellunopress.it\\\/2019\\\/02\\\/14\\\/guarda-amp-nellesbosco-post-uragano-veneto-in-grave-ritardo-lautonomia-non-centra-nulla-e-questione-di-responsabilita-politica\\\/#primaryimage\"},\"thumbnailUrl\":\"http:\\\/\\\/www.bellunopress.it\\\/wp-content\\\/uploads\\\/2015\\\/11\\\/Cristina-Guarda-consigliere-regionale.jpg\",\"datePublished\":\"2019-02-14T21:34:21+00:00\",\"breadcrumb\":{\"@id\":\"https:\\\/\\\/www.bellunopress.it\\\/2019\\\/02\\\/14\\\/guarda-amp-nellesbosco-post-uragano-veneto-in-grave-ritardo-lautonomia-non-centra-nulla-e-questione-di-responsabilita-politica\\\/#breadcrumb\"},\"inLanguage\":\"fr-FR\",\"potentialAction\":[{\"@type\":\"ReadAction\",\"target\":[\"https:\\\/\\\/www.bellunopress.it\\\/2019\\\/02\\\/14\\\/guarda-amp-nellesbosco-post-uragano-veneto-in-grave-ritardo-lautonomia-non-centra-nulla-e-questione-di-responsabilita-politica\\\/\"]}]},{\"@type\":\"ImageObject\",\"inLanguage\":\"fr-FR\",\"@id\":\"https:\\\/\\\/www.bellunopress.it\\\/2019\\\/02\\\/14\\\/guarda-amp-nellesbosco-post-uragano-veneto-in-grave-ritardo-lautonomia-non-centra-nulla-e-questione-di-responsabilita-politica\\\/#primaryimage\",\"url\":\"http:\\\/\\\/www.bellunopress.it\\\/wp-content\\\/uploads\\\/2015\\\/11\\\/Cristina-Guarda-consigliere-regionale.jpg\",\"contentUrl\":\"http:\\\/\\\/www.bellunopress.it\\\/wp-content\\\/uploads\\\/2015\\\/11\\\/Cristina-Guarda-consigliere-regionale.jpg\"},{\"@type\":\"BreadcrumbList\",\"@id\":\"https:\\\/\\\/www.bellunopress.it\\\/2019\\\/02\\\/14\\\/guarda-amp-nellesbosco-post-uragano-veneto-in-grave-ritardo-lautonomia-non-centra-nulla-e-questione-di-responsabilita-politica\\\/#breadcrumb\",\"itemListElement\":[{\"@type\":\"ListItem\",\"position\":1,\"name\":\"Home\",\"item\":\"https:\\\/\\\/www.bellunopress.it\\\/\"},{\"@type\":\"ListItem\",\"position\":2,\"name\":\"Guarda (AMP): &#8220;Nell&#8217;esbosco post-uragano Veneto in grave ritardo. L&#8217;autonomia non c&#8217;entra nulla: \u00e8 questione di responsabilit\u00e0 politica&#8221;\"}]},{\"@type\":\"WebSite\",\"@id\":\"https:\\\/\\\/www.bellunopress.it\\\/#website\",\"url\":\"https:\\\/\\\/www.bellunopress.it\\\/\",\"name\":\"Bellunopress - Dolomiti\",\"description\":\"e-mail: redazione@bellunopress.it\",\"publisher\":{\"@id\":\"https:\\\/\\\/www.bellunopress.it\\\/#organization\"},\"potentialAction\":[{\"@type\":\"SearchAction\",\"target\":{\"@type\":\"EntryPoint\",\"urlTemplate\":\"https:\\\/\\\/www.bellunopress.it\\\/?s={search_term_string}\"},\"query-input\":{\"@type\":\"PropertyValueSpecification\",\"valueRequired\":true,\"valueName\":\"search_term_string\"}}],\"inLanguage\":\"fr-FR\"},{\"@type\":\"Organization\",\"@id\":\"https:\\\/\\\/www.bellunopress.it\\\/#organization\",\"name\":\"Bellunopress\",\"url\":\"https:\\\/\\\/www.bellunopress.it\\\/\",\"logo\":{\"@type\":\"ImageObject\",\"inLanguage\":\"fr-FR\",\"@id\":\"https:\\\/\\\/www.bellunopress.it\\\/#\\\/schema\\\/logo\\\/image\\\/\",\"url\":\"https:\\\/\\\/www.bellunopress.it\\\/wp-content\\\/uploads\\\/2011\\\/05\\\/cropped-logo-bellunopress-.jpg\",\"contentUrl\":\"https:\\\/\\\/www.bellunopress.it\\\/wp-content\\\/uploads\\\/2011\\\/05\\\/cropped-logo-bellunopress-.jpg\",\"width\":512,\"height\":512,\"caption\":\"Bellunopress\"},\"image\":{\"@id\":\"https:\\\/\\\/www.bellunopress.it\\\/#\\\/schema\\\/logo\\\/image\\\/\"},\"sameAs\":[\"https:\\\/\\\/www.facebook.com\\\/profile.php?id=100008943462799\",\"https:\\\/\\\/x.com\\\/bellunopress\",\"https:\\\/\\\/www.linkedin.com\\\/hp\\\/?dnr=JBzUWaJfMUw8vbXJJ2tVW5-I3jZKvC4wsoxE&amp;amp;amp;amp;amp;amp;trk=nav_responsive_tab_home\",\"https:\\\/\\\/www.youtube.com\\\/channel\\\/UCxL0wu1uN0_3_7hGG0306cw\"]},{\"@type\":\"Person\",\"@id\":\"https:\\\/\\\/www.bellunopress.it\\\/#\\\/schema\\\/person\\\/79bb06722b37ece1c03d3e94beb30d73\",\"name\":\"redazione\",\"image\":{\"@type\":\"ImageObject\",\"inLanguage\":\"fr-FR\",\"@id\":\"https:\\\/\\\/secure.gravatar.com\\\/avatar\\\/37d968a2e67a6fd04c169c4bdef102d0bc5d31b2546345219e348575eb80e9a0?s=96&d=mm&r=g\",\"url\":\"https:\\\/\\\/secure.gravatar.com\\\/avatar\\\/37d968a2e67a6fd04c169c4bdef102d0bc5d31b2546345219e348575eb80e9a0?s=96&d=mm&r=g\",\"contentUrl\":\"https:\\\/\\\/secure.gravatar.com\\\/avatar\\\/37d968a2e67a6fd04c169c4bdef102d0bc5d31b2546345219e348575eb80e9a0?s=96&d=mm&r=g\",\"caption\":\"redazione\"},\"sameAs\":[\"http:\\\/\\\/www.bellunopress.it\",\"https:\\\/\\\/x.com\\\/bellunopress\"],\"url\":\"https:\\\/\\\/www.bellunopress.it\\\/fr\\\/author\\\/redazione\\\/\"}]}<\/script>\n<!-- \/ Yoast SEO plugin. -->","yoast_head_json":{"title":"Guarda (AMP): \"Nell'esbosco post-uragano Veneto in grave ritardo. L'autonomia non c'entra nulla: \u00e8 questione di responsabilit\u00e0 politica\" - Bellunopress - Dolomiti","robots":{"index":"index","follow":"follow","max-snippet":"max-snippet:-1","max-image-preview":"max-image-preview:large","max-video-preview":"max-video-preview:-1"},"canonical":"https:\/\/www.bellunopress.it\/fr\/2019\/02\/14\/guarda-amp-nellesbosco-post-uragano-veneto-in-grave-ritardo-lautonomia-non-centra-nulla-e-questione-di-responsabilita-politica\/","og_locale":"fr_FR","og_type":"article","og_title":"Guarda (AMP): \"Nell'esbosco post-uragano Veneto in grave ritardo. L'autonomia non c'entra nulla: \u00e8 questione di responsabilit\u00e0 politica\" - Bellunopress - Dolomiti","og_description":"\u201cAvrei voluto sentire dal presidente Zaia parole ben diverse da quelle pronunciate oggi in aula: un&#8217;assunzione di responsabilit\u00e0 su un ritardo di intervento di esbosco, necessario per tutelare il legno da parassiti e marciume, e di stoccaggio indispensabile per tutelare il suo valore di mercato. Un ritardo dovuto ad una cattiva organizzazione e gestione dei [&hellip;]","og_url":"https:\/\/www.bellunopress.it\/fr\/2019\/02\/14\/guarda-amp-nellesbosco-post-uragano-veneto-in-grave-ritardo-lautonomia-non-centra-nulla-e-questione-di-responsabilita-politica\/","og_site_name":"Bellunopress - Dolomiti","article_publisher":"https:\/\/www.facebook.com\/profile.php?id=100008943462799","article_published_time":"2019-02-14T21:34:21+00:00","og_image":[{"url":"http:\/\/www.bellunopress.it\/wp-content\/uploads\/2015\/11\/Cristina-Guarda-consigliere-regionale.jpg","type":"","width":"","height":""}],"author":"redazione","twitter_card":"summary_large_image","twitter_creator":"@bellunopress","twitter_site":"@bellunopress","twitter_misc":{"\u00c9crit par":"redazione","Dur\u00e9e de lecture estim\u00e9e":"2 minutes"},"schema":{"@context":"https:\/\/schema.org","@graph":[{"@type":"Article","@id":"https:\/\/www.bellunopress.it\/2019\/02\/14\/guarda-amp-nellesbosco-post-uragano-veneto-in-grave-ritardo-lautonomia-non-centra-nulla-e-questione-di-responsabilita-politica\/#article","isPartOf":{"@id":"https:\/\/www.bellunopress.it\/2019\/02\/14\/guarda-amp-nellesbosco-post-uragano-veneto-in-grave-ritardo-lautonomia-non-centra-nulla-e-questione-di-responsabilita-politica\/"},"author":{"name":"redazione","@id":"https:\/\/www.bellunopress.it\/#\/schema\/person\/79bb06722b37ece1c03d3e94beb30d73"},"headline":"Guarda (AMP): &#8220;Nell&#8217;esbosco post-uragano Veneto in grave ritardo. L&#8217;autonomia non c&#8217;entra nulla: \u00e8 questione di responsabilit\u00e0 politica&#8221;","datePublished":"2019-02-14T21:34:21+00:00","mainEntityOfPage":{"@id":"https:\/\/www.bellunopress.it\/2019\/02\/14\/guarda-amp-nellesbosco-post-uragano-veneto-in-grave-ritardo-lautonomia-non-centra-nulla-e-questione-di-responsabilita-politica\/"},"wordCount":383,"publisher":{"@id":"https:\/\/www.bellunopress.it\/#organization"},"image":{"@id":"https:\/\/www.bellunopress.it\/2019\/02\/14\/guarda-amp-nellesbosco-post-uragano-veneto-in-grave-ritardo-lautonomia-non-centra-nulla-e-questione-di-responsabilita-politica\/#primaryimage"},"thumbnailUrl":"http:\/\/www.bellunopress.it\/wp-content\/uploads\/2015\/11\/Cristina-Guarda-consigliere-regionale.jpg","articleSection":["Cronaca\/Politica","Prima Pagina"],"inLanguage":"fr-FR"},{"@type":"WebPage","@id":"https:\/\/www.bellunopress.it\/2019\/02\/14\/guarda-amp-nellesbosco-post-uragano-veneto-in-grave-ritardo-lautonomia-non-centra-nulla-e-questione-di-responsabilita-politica\/","url":"https:\/\/www.bellunopress.it\/2019\/02\/14\/guarda-amp-nellesbosco-post-uragano-veneto-in-grave-ritardo-lautonomia-non-centra-nulla-e-questione-di-responsabilita-politica\/","name":"Guarda (AMP): \"Nell'esbosco post-uragano Veneto in grave ritardo. L'autonomia non c'entra nulla: \u00e8 questione di responsabilit\u00e0 politica\" - Bellunopress - Dolomiti","isPartOf":{"@id":"https:\/\/www.bellunopress.it\/#website"},"primaryImageOfPage":{"@id":"https:\/\/www.bellunopress.it\/2019\/02\/14\/guarda-amp-nellesbosco-post-uragano-veneto-in-grave-ritardo-lautonomia-non-centra-nulla-e-questione-di-responsabilita-politica\/#primaryimage"},"image":{"@id":"https:\/\/www.bellunopress.it\/2019\/02\/14\/guarda-amp-nellesbosco-post-uragano-veneto-in-grave-ritardo-lautonomia-non-centra-nulla-e-questione-di-responsabilita-politica\/#primaryimage"},"thumbnailUrl":"http:\/\/www.bellunopress.it\/wp-content\/uploads\/2015\/11\/Cristina-Guarda-consigliere-regionale.jpg","datePublished":"2019-02-14T21:34:21+00:00","breadcrumb":{"@id":"https:\/\/www.bellunopress.it\/2019\/02\/14\/guarda-amp-nellesbosco-post-uragano-veneto-in-grave-ritardo-lautonomia-non-centra-nulla-e-questione-di-responsabilita-politica\/#breadcrumb"},"inLanguage":"fr-FR","potentialAction":[{"@type":"ReadAction","target":["https:\/\/www.bellunopress.it\/2019\/02\/14\/guarda-amp-nellesbosco-post-uragano-veneto-in-grave-ritardo-lautonomia-non-centra-nulla-e-questione-di-responsabilita-politica\/"]}]},{"@type":"ImageObject","inLanguage":"fr-FR","@id":"https:\/\/www.bellunopress.it\/2019\/02\/14\/guarda-amp-nellesbosco-post-uragano-veneto-in-grave-ritardo-lautonomia-non-centra-nulla-e-questione-di-responsabilita-politica\/#primaryimage","url":"http:\/\/www.bellunopress.it\/wp-content\/uploads\/2015\/11\/Cristina-Guarda-consigliere-regionale.jpg","contentUrl":"http:\/\/www.bellunopress.it\/wp-content\/uploads\/2015\/11\/Cristina-Guarda-consigliere-regionale.jpg"},{"@type":"BreadcrumbList","@id":"https:\/\/www.bellunopress.it\/2019\/02\/14\/guarda-amp-nellesbosco-post-uragano-veneto-in-grave-ritardo-lautonomia-non-centra-nulla-e-questione-di-responsabilita-politica\/#breadcrumb","itemListElement":[{"@type":"ListItem","position":1,"name":"Home","item":"https:\/\/www.bellunopress.it\/"},{"@type":"ListItem","position":2,"name":"Guarda (AMP): &#8220;Nell&#8217;esbosco post-uragano Veneto in grave ritardo. L&#8217;autonomia non c&#8217;entra nulla: \u00e8 questione di responsabilit\u00e0 politica&#8221;"}]},{"@type":"WebSite","@id":"https:\/\/www.bellunopress.it\/#website","url":"https:\/\/www.bellunopress.it\/","name":"Bellunopress - Dolomiti","description":"e-mail: redazione@bellunopress.it","publisher":{"@id":"https:\/\/www.bellunopress.it\/#organization"},"potentialAction":[{"@type":"SearchAction","target":{"@type":"EntryPoint","urlTemplate":"https:\/\/www.bellunopress.it\/?s={search_term_string}"},"query-input":{"@type":"PropertyValueSpecification","valueRequired":true,"valueName":"search_term_string"}}],"inLanguage":"fr-FR"},{"@type":"Organization","@id":"https:\/\/www.bellunopress.it\/#organization","name":"Bellunopress","url":"https:\/\/www.bellunopress.it\/","logo":{"@type":"ImageObject","inLanguage":"fr-FR","@id":"https:\/\/www.bellunopress.it\/#\/schema\/logo\/image\/","url":"https:\/\/www.bellunopress.it\/wp-content\/uploads\/2011\/05\/cropped-logo-bellunopress-.jpg","contentUrl":"https:\/\/www.bellunopress.it\/wp-content\/uploads\/2011\/05\/cropped-logo-bellunopress-.jpg","width":512,"height":512,"caption":"Bellunopress"},"image":{"@id":"https:\/\/www.bellunopress.it\/#\/schema\/logo\/image\/"},"sameAs":["https:\/\/www.facebook.com\/profile.php?id=100008943462799","https:\/\/x.com\/bellunopress","https:\/\/www.linkedin.com\/hp\/?dnr=JBzUWaJfMUw8vbXJJ2tVW5-I3jZKvC4wsoxE&amp;amp;amp;amp;amp;amp;trk=nav_responsive_tab_home","https:\/\/www.youtube.com\/channel\/UCxL0wu1uN0_3_7hGG0306cw"]},{"@type":"Person","@id":"https:\/\/www.bellunopress.it\/#\/schema\/person\/79bb06722b37ece1c03d3e94beb30d73","name":"r\u00e9daction","image":{"@type":"ImageObject","inLanguage":"fr-FR","@id":"https:\/\/secure.gravatar.com\/avatar\/37d968a2e67a6fd04c169c4bdef102d0bc5d31b2546345219e348575eb80e9a0?s=96&d=mm&r=g","url":"https:\/\/secure.gravatar.com\/avatar\/37d968a2e67a6fd04c169c4bdef102d0bc5d31b2546345219e348575eb80e9a0?s=96&d=mm&r=g","contentUrl":"https:\/\/secure.gravatar.com\/avatar\/37d968a2e67a6fd04c169c4bdef102d0bc5d31b2546345219e348575eb80e9a0?s=96&d=mm&r=g","caption":"redazione"},"sameAs":["http:\/\/www.bellunopress.it","https:\/\/x.com\/bellunopress"],"url":"https:\/\/www.bellunopress.it\/fr\/author\/redazione\/"}]}},"_links":{"self":[{"href":"https:\/\/www.bellunopress.it\/fr\/wp-json\/wp\/v2\/posts\/102064","targetHints":{"allow":["GET"]}}],"collection":[{"href":"https:\/\/www.bellunopress.it\/fr\/wp-json\/wp\/v2\/posts"}],"about":[{"href":"https:\/\/www.bellunopress.it\/fr\/wp-json\/wp\/v2\/types\/post"}],"author":[{"embeddable":true,"href":"https:\/\/www.bellunopress.it\/fr\/wp-json\/wp\/v2\/users\/2"}],"replies":[{"embeddable":true,"href":"https:\/\/www.bellunopress.it\/fr\/wp-json\/wp\/v2\/comments?post=102064"}],"version-history":[{"count":1,"href":"https:\/\/www.bellunopress.it\/fr\/wp-json\/wp\/v2\/posts\/102064\/revisions"}],"predecessor-version":[{"id":102065,"href":"https:\/\/www.bellunopress.it\/fr\/wp-json\/wp\/v2\/posts\/102064\/revisions\/102065"}],"wp:attachment":[{"href":"https:\/\/www.bellunopress.it\/fr\/wp-json\/wp\/v2\/media?parent=102064"}],"wp:term":[{"taxonomy":"category","embeddable":true,"href":"https:\/\/www.bellunopress.it\/fr\/wp-json\/wp\/v2\/categories?post=102064"},{"taxonomy":"post_tag","embeddable":true,"href":"https:\/\/www.bellunopress.it\/fr\/wp-json\/wp\/v2\/tags?post=102064"}],"curies":[{"name":"wp","href":"https:\/\/api.w.org\/{rel}","templated":true}]}}