{"id":102062,"date":"2019-02-14T22:26:08","date_gmt":"2019-02-14T21:26:08","guid":{"rendered":"http:\/\/www.bellunopress.it\/?p=102062"},"modified":"2019-02-14T22:26:08","modified_gmt":"2019-02-14T21:26:08","slug":"autonomia-quellultimo-miglio-di-zaia","status":"publish","type":"post","link":"https:\/\/www.bellunopress.it\/fr\/2019\/02\/14\/autonomia-quellultimo-miglio-di-zaia\/","title":{"rendered":"Autonomia: quell&#8217;ultimo miglio di Zaia"},"content":{"rendered":"<p><a href=\"http:\/\/www.bellunopress.it\/fr\/2013\/09\/03\/veneto-sviluppo-spa-entra-nel-capitale-di-friulia-sgr-zaia-e-serracchiani-firmano-laccordo-di-partnership-tra-la-regione-friuli-venezia-giulia-e-la-regione-veneto-per-il-rilancio-delle-pmi\/zaia-3\/\" rel=\"attachment wp-att-52272\"><img loading=\"lazy\" decoding=\"async\" class=\"alignleft size-full wp-image-52272\" src=\"http:\/\/www.bellunopress.it\/wp-content\/uploads\/2013\/09\/zaia.jpg\" alt=\"\" width=\"193\" height=\"260\" \/><\/a>Venezia, 14 febbraio 2019\u00a0 &#8211;\u00a0\u00a0\u201cOggi, giorno di San Valentino, si chiude la fase tecnica, una fase laboriosa, assolutamente impegnativa che ha visto le delegazioni confrontarsi su tutto. Adesso c\u2019\u00e8 un testo; contiene ancora alcune criticit\u00e0 per quanto riguarda l\u2019ambiente, la sanit\u00e0. le infrastrutture e la cultura ma \u00e8 un testo che ora passa in mano alla politica. Il vero spartiacque adesso \u00e8 tra la modernit\u00e0 o l\u2019essere conservatori, tra la visione di un paese federale moderno e innovativo o di un paese che continua a pensare al centralismo e all\u2019assistenzialismo\u201d.<\/p>\n<p>Sono parole del presidente del Veneto Luca Zaia alla conclusione del Consiglio dei Ministri nel quale sono stati presentati i testi delle intese sull\u2019autonomia di Emilia Romagna, Lombardia e Veneto.<\/p>\n<p>\u201cIo sono un inguaribile ottimista &#8211; prosegue Zaia &#8211; sono a disposizione per confrontarmi sui temi che sono rimasti ancora non totalmente condivisi e sono convinto che se, dall\u2019altra parte, ci sono un Presidente del Consiglio e Ministri che vogliono l\u2019autonomia, credono in essa e soprattutto nel rispetto degli impegni che abbiamo preso coi cittadini, la soluzione si trover\u00e0. Quindi, si aprano subito i tavoli per i confronti politici. Due milioni 328 mila Veneti sono andati a votare e sono disposti a farne anche un altro di referendum se ci\u00f2 servisse perch\u00e9 l\u2019autonomia per noi \u00e8 un desiderio trasversale e un fatto di popolo\u201d.<\/p>\n<p>\u201cRingrazio il ministro Stefani per l\u2019ottimo lavoro di coordinamento &#8211; conclude Zaia &#8211; la mia delegazione trattante, tutti i tecnici che hanno lavorato da parte della Regione ma anche tutti quelli dei Ministeri. Adesso bisogna essere pronti per l\u2019ultimo miglio. Eravamo partiti da un foglio bianco e oggi c\u2019\u00e8 un provvedimento che assolutamente espone molta innovazione, non ultimo tutto il tema della norma finanziaria. Abbiamo fatto importantissimi passi avanti\u201d.<\/p>","protected":false},"excerpt":{"rendered":"<p>Venezia, 14 febbraio 2019\u00a0 &#8211;\u00a0\u00a0\u201cOggi, giorno di San Valentino, si chiude la fase tecnica, una fase laboriosa, assolutamente impegnativa che ha visto le delegazioni confrontarsi su tutto. Adesso c\u2019\u00e8 un testo; contiene ancora alcune criticit\u00e0 per quanto riguarda l\u2019ambiente, la sanit\u00e0. le infrastrutture e la cultura ma \u00e8 un testo che ora passa in mano [&hellip;]<\/p>\n","protected":false},"author":2,"featured_media":0,"comment_status":"closed","ping_status":"open","sticky":false,"template":"","format":"standard","meta":{"footnotes":""},"categories":[5,26],"tags":[],"class_list":["post-102062","post","type-post","status-publish","format-standard","category-cronaca","category-prima-pagina"],"yoast_head":"<!-- This site is optimized with the Yoast SEO plugin v28.4 - https:\/\/yoast.com\/product\/yoast-seo-wordpress\/ -->\n<title>Autonomia: quell&#039;ultimo miglio di Zaia - Bellunopress - Dolomiti<\/title>\n<meta name=\"robots\" content=\"index, follow, max-snippet:-1, max-image-preview:large, max-video-preview:-1\" \/>\n<link rel=\"canonical\" href=\"https:\/\/www.bellunopress.it\/fr\/2019\/02\/14\/autonomia-quellultimo-miglio-di-zaia\/\" \/>\n<meta property=\"og:locale\" content=\"fr_FR\" \/>\n<meta property=\"og:type\" content=\"article\" \/>\n<meta property=\"og:title\" content=\"Autonomia: quell&#039;ultimo miglio di Zaia - Bellunopress - Dolomiti\" \/>\n<meta property=\"og:description\" content=\"Venezia, 14 febbraio 2019\u00a0 &#8211;\u00a0\u00a0\u201cOggi, giorno di San Valentino, si chiude la fase tecnica, una fase laboriosa, assolutamente impegnativa che ha visto le delegazioni confrontarsi su tutto. Adesso c\u2019\u00e8 un testo; contiene ancora alcune criticit\u00e0 per quanto riguarda l\u2019ambiente, la sanit\u00e0. le infrastrutture e la cultura ma \u00e8 un testo che ora passa in mano [&hellip;]\" \/>\n<meta property=\"og:url\" content=\"https:\/\/www.bellunopress.it\/fr\/2019\/02\/14\/autonomia-quellultimo-miglio-di-zaia\/\" \/>\n<meta property=\"og:site_name\" content=\"Bellunopress - Dolomiti\" \/>\n<meta property=\"article:publisher\" content=\"https:\/\/www.facebook.com\/profile.php?id=100008943462799\" \/>\n<meta property=\"article:published_time\" content=\"2019-02-14T21:26:08+00:00\" \/>\n<meta property=\"og:image\" content=\"http:\/\/www.bellunopress.it\/wp-content\/uploads\/2013\/09\/zaia.jpg\" \/>\n<meta name=\"author\" content=\"redazione\" \/>\n<meta name=\"twitter:card\" content=\"summary_large_image\" \/>\n<meta name=\"twitter:creator\" content=\"@bellunopress\" \/>\n<meta name=\"twitter:site\" content=\"@bellunopress\" \/>\n<meta name=\"twitter:label1\" content=\"\u00c9crit par\" \/>\n\t<meta name=\"twitter:data1\" content=\"redazione\" \/>\n\t<meta name=\"twitter:label2\" content=\"Dur\u00e9e de lecture estim\u00e9e\" \/>\n\t<meta name=\"twitter:data2\" content=\"1 minute\" \/>\n<script type=\"application\/ld+json\" class=\"yoast-schema-graph\">{\"@context\":\"https:\\\/\\\/schema.org\",\"@graph\":[{\"@type\":\"Article\",\"@id\":\"https:\\\/\\\/www.bellunopress.it\\\/2019\\\/02\\\/14\\\/autonomia-quellultimo-miglio-di-zaia\\\/#article\",\"isPartOf\":{\"@id\":\"https:\\\/\\\/www.bellunopress.it\\\/2019\\\/02\\\/14\\\/autonomia-quellultimo-miglio-di-zaia\\\/\"},\"author\":{\"name\":\"redazione\",\"@id\":\"https:\\\/\\\/www.bellunopress.it\\\/#\\\/schema\\\/person\\\/79bb06722b37ece1c03d3e94beb30d73\"},\"headline\":\"Autonomia: quell&#8217;ultimo miglio di Zaia\",\"datePublished\":\"2019-02-14T21:26:08+00:00\",\"mainEntityOfPage\":{\"@id\":\"https:\\\/\\\/www.bellunopress.it\\\/2019\\\/02\\\/14\\\/autonomia-quellultimo-miglio-di-zaia\\\/\"},\"wordCount\":303,\"publisher\":{\"@id\":\"https:\\\/\\\/www.bellunopress.it\\\/#organization\"},\"image\":{\"@id\":\"https:\\\/\\\/www.bellunopress.it\\\/2019\\\/02\\\/14\\\/autonomia-quellultimo-miglio-di-zaia\\\/#primaryimage\"},\"thumbnailUrl\":\"http:\\\/\\\/www.bellunopress.it\\\/wp-content\\\/uploads\\\/2013\\\/09\\\/zaia.jpg\",\"articleSection\":[\"Cronaca\\\/Politica\",\"Prima Pagina\"],\"inLanguage\":\"fr-FR\"},{\"@type\":\"WebPage\",\"@id\":\"https:\\\/\\\/www.bellunopress.it\\\/2019\\\/02\\\/14\\\/autonomia-quellultimo-miglio-di-zaia\\\/\",\"url\":\"https:\\\/\\\/www.bellunopress.it\\\/2019\\\/02\\\/14\\\/autonomia-quellultimo-miglio-di-zaia\\\/\",\"name\":\"Autonomia: quell'ultimo miglio di Zaia - Bellunopress - Dolomiti\",\"isPartOf\":{\"@id\":\"https:\\\/\\\/www.bellunopress.it\\\/#website\"},\"primaryImageOfPage\":{\"@id\":\"https:\\\/\\\/www.bellunopress.it\\\/2019\\\/02\\\/14\\\/autonomia-quellultimo-miglio-di-zaia\\\/#primaryimage\"},\"image\":{\"@id\":\"https:\\\/\\\/www.bellunopress.it\\\/2019\\\/02\\\/14\\\/autonomia-quellultimo-miglio-di-zaia\\\/#primaryimage\"},\"thumbnailUrl\":\"http:\\\/\\\/www.bellunopress.it\\\/wp-content\\\/uploads\\\/2013\\\/09\\\/zaia.jpg\",\"datePublished\":\"2019-02-14T21:26:08+00:00\",\"breadcrumb\":{\"@id\":\"https:\\\/\\\/www.bellunopress.it\\\/2019\\\/02\\\/14\\\/autonomia-quellultimo-miglio-di-zaia\\\/#breadcrumb\"},\"inLanguage\":\"fr-FR\",\"potentialAction\":[{\"@type\":\"ReadAction\",\"target\":[\"https:\\\/\\\/www.bellunopress.it\\\/2019\\\/02\\\/14\\\/autonomia-quellultimo-miglio-di-zaia\\\/\"]}]},{\"@type\":\"ImageObject\",\"inLanguage\":\"fr-FR\",\"@id\":\"https:\\\/\\\/www.bellunopress.it\\\/2019\\\/02\\\/14\\\/autonomia-quellultimo-miglio-di-zaia\\\/#primaryimage\",\"url\":\"http:\\\/\\\/www.bellunopress.it\\\/wp-content\\\/uploads\\\/2013\\\/09\\\/zaia.jpg\",\"contentUrl\":\"http:\\\/\\\/www.bellunopress.it\\\/wp-content\\\/uploads\\\/2013\\\/09\\\/zaia.jpg\"},{\"@type\":\"BreadcrumbList\",\"@id\":\"https:\\\/\\\/www.bellunopress.it\\\/2019\\\/02\\\/14\\\/autonomia-quellultimo-miglio-di-zaia\\\/#breadcrumb\",\"itemListElement\":[{\"@type\":\"ListItem\",\"position\":1,\"name\":\"Home\",\"item\":\"https:\\\/\\\/www.bellunopress.it\\\/\"},{\"@type\":\"ListItem\",\"position\":2,\"name\":\"Autonomia: quell&#8217;ultimo miglio di Zaia\"}]},{\"@type\":\"WebSite\",\"@id\":\"https:\\\/\\\/www.bellunopress.it\\\/#website\",\"url\":\"https:\\\/\\\/www.bellunopress.it\\\/\",\"name\":\"Bellunopress - Dolomiti\",\"description\":\"e-mail: redazione@bellunopress.it\",\"publisher\":{\"@id\":\"https:\\\/\\\/www.bellunopress.it\\\/#organization\"},\"potentialAction\":[{\"@type\":\"SearchAction\",\"target\":{\"@type\":\"EntryPoint\",\"urlTemplate\":\"https:\\\/\\\/www.bellunopress.it\\\/?s={search_term_string}\"},\"query-input\":{\"@type\":\"PropertyValueSpecification\",\"valueRequired\":true,\"valueName\":\"search_term_string\"}}],\"inLanguage\":\"fr-FR\"},{\"@type\":\"Organization\",\"@id\":\"https:\\\/\\\/www.bellunopress.it\\\/#organization\",\"name\":\"Bellunopress\",\"url\":\"https:\\\/\\\/www.bellunopress.it\\\/\",\"logo\":{\"@type\":\"ImageObject\",\"inLanguage\":\"fr-FR\",\"@id\":\"https:\\\/\\\/www.bellunopress.it\\\/#\\\/schema\\\/logo\\\/image\\\/\",\"url\":\"https:\\\/\\\/www.bellunopress.it\\\/wp-content\\\/uploads\\\/2011\\\/05\\\/cropped-logo-bellunopress-.jpg\",\"contentUrl\":\"https:\\\/\\\/www.bellunopress.it\\\/wp-content\\\/uploads\\\/2011\\\/05\\\/cropped-logo-bellunopress-.jpg\",\"width\":512,\"height\":512,\"caption\":\"Bellunopress\"},\"image\":{\"@id\":\"https:\\\/\\\/www.bellunopress.it\\\/#\\\/schema\\\/logo\\\/image\\\/\"},\"sameAs\":[\"https:\\\/\\\/www.facebook.com\\\/profile.php?id=100008943462799\",\"https:\\\/\\\/x.com\\\/bellunopress\",\"https:\\\/\\\/www.linkedin.com\\\/hp\\\/?dnr=JBzUWaJfMUw8vbXJJ2tVW5-I3jZKvC4wsoxE&amp;amp;amp;amp;amp;amp;trk=nav_responsive_tab_home\",\"https:\\\/\\\/www.youtube.com\\\/channel\\\/UCxL0wu1uN0_3_7hGG0306cw\"]},{\"@type\":\"Person\",\"@id\":\"https:\\\/\\\/www.bellunopress.it\\\/#\\\/schema\\\/person\\\/79bb06722b37ece1c03d3e94beb30d73\",\"name\":\"redazione\",\"image\":{\"@type\":\"ImageObject\",\"inLanguage\":\"fr-FR\",\"@id\":\"https:\\\/\\\/secure.gravatar.com\\\/avatar\\\/37d968a2e67a6fd04c169c4bdef102d0bc5d31b2546345219e348575eb80e9a0?s=96&d=mm&r=g\",\"url\":\"https:\\\/\\\/secure.gravatar.com\\\/avatar\\\/37d968a2e67a6fd04c169c4bdef102d0bc5d31b2546345219e348575eb80e9a0?s=96&d=mm&r=g\",\"contentUrl\":\"https:\\\/\\\/secure.gravatar.com\\\/avatar\\\/37d968a2e67a6fd04c169c4bdef102d0bc5d31b2546345219e348575eb80e9a0?s=96&d=mm&r=g\",\"caption\":\"redazione\"},\"sameAs\":[\"http:\\\/\\\/www.bellunopress.it\",\"https:\\\/\\\/x.com\\\/bellunopress\"],\"url\":\"https:\\\/\\\/www.bellunopress.it\\\/fr\\\/author\\\/redazione\\\/\"}]}<\/script>\n<!-- \/ Yoast SEO plugin. -->","yoast_head_json":{"title":"Autonomia: quell'ultimo miglio di Zaia - Bellunopress - Dolomiti","robots":{"index":"index","follow":"follow","max-snippet":"max-snippet:-1","max-image-preview":"max-image-preview:large","max-video-preview":"max-video-preview:-1"},"canonical":"https:\/\/www.bellunopress.it\/fr\/2019\/02\/14\/autonomia-quellultimo-miglio-di-zaia\/","og_locale":"fr_FR","og_type":"article","og_title":"Autonomia: quell'ultimo miglio di Zaia - Bellunopress - Dolomiti","og_description":"Venezia, 14 febbraio 2019\u00a0 &#8211;\u00a0\u00a0\u201cOggi, giorno di San Valentino, si chiude la fase tecnica, una fase laboriosa, assolutamente impegnativa che ha visto le delegazioni confrontarsi su tutto. Adesso c\u2019\u00e8 un testo; contiene ancora alcune criticit\u00e0 per quanto riguarda l\u2019ambiente, la sanit\u00e0. le infrastrutture e la cultura ma \u00e8 un testo che ora passa in mano [&hellip;]","og_url":"https:\/\/www.bellunopress.it\/fr\/2019\/02\/14\/autonomia-quellultimo-miglio-di-zaia\/","og_site_name":"Bellunopress - Dolomiti","article_publisher":"https:\/\/www.facebook.com\/profile.php?id=100008943462799","article_published_time":"2019-02-14T21:26:08+00:00","og_image":[{"url":"http:\/\/www.bellunopress.it\/wp-content\/uploads\/2013\/09\/zaia.jpg","type":"","width":"","height":""}],"author":"redazione","twitter_card":"summary_large_image","twitter_creator":"@bellunopress","twitter_site":"@bellunopress","twitter_misc":{"\u00c9crit par":"redazione","Dur\u00e9e de lecture estim\u00e9e":"1 minute"},"schema":{"@context":"https:\/\/schema.org","@graph":[{"@type":"Article","@id":"https:\/\/www.bellunopress.it\/2019\/02\/14\/autonomia-quellultimo-miglio-di-zaia\/#article","isPartOf":{"@id":"https:\/\/www.bellunopress.it\/2019\/02\/14\/autonomia-quellultimo-miglio-di-zaia\/"},"author":{"name":"redazione","@id":"https:\/\/www.bellunopress.it\/#\/schema\/person\/79bb06722b37ece1c03d3e94beb30d73"},"headline":"Autonomia: quell&#8217;ultimo miglio di Zaia","datePublished":"2019-02-14T21:26:08+00:00","mainEntityOfPage":{"@id":"https:\/\/www.bellunopress.it\/2019\/02\/14\/autonomia-quellultimo-miglio-di-zaia\/"},"wordCount":303,"publisher":{"@id":"https:\/\/www.bellunopress.it\/#organization"},"image":{"@id":"https:\/\/www.bellunopress.it\/2019\/02\/14\/autonomia-quellultimo-miglio-di-zaia\/#primaryimage"},"thumbnailUrl":"http:\/\/www.bellunopress.it\/wp-content\/uploads\/2013\/09\/zaia.jpg","articleSection":["Cronaca\/Politica","Prima Pagina"],"inLanguage":"fr-FR"},{"@type":"WebPage","@id":"https:\/\/www.bellunopress.it\/2019\/02\/14\/autonomia-quellultimo-miglio-di-zaia\/","url":"https:\/\/www.bellunopress.it\/2019\/02\/14\/autonomia-quellultimo-miglio-di-zaia\/","name":"Autonomia: quell'ultimo miglio di Zaia - Bellunopress - Dolomiti","isPartOf":{"@id":"https:\/\/www.bellunopress.it\/#website"},"primaryImageOfPage":{"@id":"https:\/\/www.bellunopress.it\/2019\/02\/14\/autonomia-quellultimo-miglio-di-zaia\/#primaryimage"},"image":{"@id":"https:\/\/www.bellunopress.it\/2019\/02\/14\/autonomia-quellultimo-miglio-di-zaia\/#primaryimage"},"thumbnailUrl":"http:\/\/www.bellunopress.it\/wp-content\/uploads\/2013\/09\/zaia.jpg","datePublished":"2019-02-14T21:26:08+00:00","breadcrumb":{"@id":"https:\/\/www.bellunopress.it\/2019\/02\/14\/autonomia-quellultimo-miglio-di-zaia\/#breadcrumb"},"inLanguage":"fr-FR","potentialAction":[{"@type":"ReadAction","target":["https:\/\/www.bellunopress.it\/2019\/02\/14\/autonomia-quellultimo-miglio-di-zaia\/"]}]},{"@type":"ImageObject","inLanguage":"fr-FR","@id":"https:\/\/www.bellunopress.it\/2019\/02\/14\/autonomia-quellultimo-miglio-di-zaia\/#primaryimage","url":"http:\/\/www.bellunopress.it\/wp-content\/uploads\/2013\/09\/zaia.jpg","contentUrl":"http:\/\/www.bellunopress.it\/wp-content\/uploads\/2013\/09\/zaia.jpg"},{"@type":"BreadcrumbList","@id":"https:\/\/www.bellunopress.it\/2019\/02\/14\/autonomia-quellultimo-miglio-di-zaia\/#breadcrumb","itemListElement":[{"@type":"ListItem","position":1,"name":"Home","item":"https:\/\/www.bellunopress.it\/"},{"@type":"ListItem","position":2,"name":"Autonomia: quell&#8217;ultimo miglio di Zaia"}]},{"@type":"WebSite","@id":"https:\/\/www.bellunopress.it\/#website","url":"https:\/\/www.bellunopress.it\/","name":"Bellunopress - Dolomiti","description":"e-mail: redazione@bellunopress.it","publisher":{"@id":"https:\/\/www.bellunopress.it\/#organization"},"potentialAction":[{"@type":"SearchAction","target":{"@type":"EntryPoint","urlTemplate":"https:\/\/www.bellunopress.it\/?s={search_term_string}"},"query-input":{"@type":"PropertyValueSpecification","valueRequired":true,"valueName":"search_term_string"}}],"inLanguage":"fr-FR"},{"@type":"Organization","@id":"https:\/\/www.bellunopress.it\/#organization","name":"Bellunopress","url":"https:\/\/www.bellunopress.it\/","logo":{"@type":"ImageObject","inLanguage":"fr-FR","@id":"https:\/\/www.bellunopress.it\/#\/schema\/logo\/image\/","url":"https:\/\/www.bellunopress.it\/wp-content\/uploads\/2011\/05\/cropped-logo-bellunopress-.jpg","contentUrl":"https:\/\/www.bellunopress.it\/wp-content\/uploads\/2011\/05\/cropped-logo-bellunopress-.jpg","width":512,"height":512,"caption":"Bellunopress"},"image":{"@id":"https:\/\/www.bellunopress.it\/#\/schema\/logo\/image\/"},"sameAs":["https:\/\/www.facebook.com\/profile.php?id=100008943462799","https:\/\/x.com\/bellunopress","https:\/\/www.linkedin.com\/hp\/?dnr=JBzUWaJfMUw8vbXJJ2tVW5-I3jZKvC4wsoxE&amp;amp;amp;amp;amp;amp;trk=nav_responsive_tab_home","https:\/\/www.youtube.com\/channel\/UCxL0wu1uN0_3_7hGG0306cw"]},{"@type":"Person","@id":"https:\/\/www.bellunopress.it\/#\/schema\/person\/79bb06722b37ece1c03d3e94beb30d73","name":"r\u00e9daction","image":{"@type":"ImageObject","inLanguage":"fr-FR","@id":"https:\/\/secure.gravatar.com\/avatar\/37d968a2e67a6fd04c169c4bdef102d0bc5d31b2546345219e348575eb80e9a0?s=96&d=mm&r=g","url":"https:\/\/secure.gravatar.com\/avatar\/37d968a2e67a6fd04c169c4bdef102d0bc5d31b2546345219e348575eb80e9a0?s=96&d=mm&r=g","contentUrl":"https:\/\/secure.gravatar.com\/avatar\/37d968a2e67a6fd04c169c4bdef102d0bc5d31b2546345219e348575eb80e9a0?s=96&d=mm&r=g","caption":"redazione"},"sameAs":["http:\/\/www.bellunopress.it","https:\/\/x.com\/bellunopress"],"url":"https:\/\/www.bellunopress.it\/fr\/author\/redazione\/"}]}},"_links":{"self":[{"href":"https:\/\/www.bellunopress.it\/fr\/wp-json\/wp\/v2\/posts\/102062","targetHints":{"allow":["GET"]}}],"collection":[{"href":"https:\/\/www.bellunopress.it\/fr\/wp-json\/wp\/v2\/posts"}],"about":[{"href":"https:\/\/www.bellunopress.it\/fr\/wp-json\/wp\/v2\/types\/post"}],"author":[{"embeddable":true,"href":"https:\/\/www.bellunopress.it\/fr\/wp-json\/wp\/v2\/users\/2"}],"replies":[{"embeddable":true,"href":"https:\/\/www.bellunopress.it\/fr\/wp-json\/wp\/v2\/comments?post=102062"}],"version-history":[{"count":1,"href":"https:\/\/www.bellunopress.it\/fr\/wp-json\/wp\/v2\/posts\/102062\/revisions"}],"predecessor-version":[{"id":102063,"href":"https:\/\/www.bellunopress.it\/fr\/wp-json\/wp\/v2\/posts\/102062\/revisions\/102063"}],"wp:attachment":[{"href":"https:\/\/www.bellunopress.it\/fr\/wp-json\/wp\/v2\/media?parent=102062"}],"wp:term":[{"taxonomy":"category","embeddable":true,"href":"https:\/\/www.bellunopress.it\/fr\/wp-json\/wp\/v2\/categories?post=102062"},{"taxonomy":"post_tag","embeddable":true,"href":"https:\/\/www.bellunopress.it\/fr\/wp-json\/wp\/v2\/tags?post=102062"}],"curies":[{"name":"wp","href":"https:\/\/api.w.org\/{rel}","templated":true}]}}