{"id":102048,"date":"2019-02-14T16:05:50","date_gmt":"2019-02-14T15:05:50","guid":{"rendered":"http:\/\/www.bellunopress.it\/?p=102048"},"modified":"2019-02-14T16:05:50","modified_gmt":"2019-02-14T15:05:50","slug":"influenza-in-discesa-finora-318mila-ammalati-in-veneto-con-11-decessi-lanzarin-picco-elevato-gli-ospedali-hanno-retto-bene","status":"publish","type":"post","link":"https:\/\/www.bellunopress.it\/fr\/2019\/02\/14\/influenza-in-discesa-finora-318mila-ammalati-in-veneto-con-11-decessi-lanzarin-picco-elevato-gli-ospedali-hanno-retto-bene\/","title":{"rendered":"Influenza in discesa. Finora 318mila ammalati in Veneto con 11 decessi. Lanzarin: &#8220;Picco elevato, gli ospedali hanno retto bene&#8221;"},"content":{"rendered":"<figure id=\"attachment_75088\" aria-describedby=\"caption-attachment-75088\" style=\"width: 249px\" class=\"wp-caption alignleft\"><a href=\"http:\/\/www.bellunopress.it\/fr\/2016\/01\/31\/immigrati-rapporto-veneto-2015-aumentano-i-nuovi-cittadini-arrivi-in-flessione-lanzarin-preoccupano-i-flussi-profughi\/manuela-lanzarin-assessore\/\" rel=\"attachment wp-att-75088\"><img loading=\"lazy\" decoding=\"async\" class=\"size-full wp-image-75088\" src=\"http:\/\/www.bellunopress.it\/wp-content\/uploads\/2016\/01\/manuela-lanzarin-assessore.jpg\" alt=\"\" width=\"249\" height=\"309\" \/><\/a><figcaption id=\"caption-attachment-75088\" class=\"wp-caption-text\">Manuela Lanzarin assessore regionale<\/figcaption><\/figure>\n<p>Venezia, 14 febbraio 2019\u00a0 &#8211;\u00a0\u00a0L\u2019influenza stagionale in Veneto ha raggiunto il suo picco nella settimana a cavallo tra fine gennaio e inizio febbraio.<\/p>\n<p>Lo indica l\u2019ottavo Rapporto Epidemiologico della Regione Veneto, elaborato sui dati raccolti dai 116 medici di famiglia che costituiscono la rete \u201csentinella\u201d sul territorio nella settimana dal 3 al 10 febbraio, e diffuso oggi dall\u2019Assessore alla Sanit\u00e0, Manuela Lanzarin.<\/p>\n<p>L\u2019incidenza regionale ha fatto registrare una prima, lieve discesa, con 12,36 casi per mille abitanti contro il 12,60 della settimana precedente il che significa che in questa settimana si sono messi a letto circa 60.600 veneti, numero che sale a 318.000 dall\u2019inizio della sorveglianza (partita a ottobre).<\/p>\n<p>Il virus, si legge nel Rapporto, ha provocato finora 59 casi gravi con complicanze, con undici decessi, segnalati dall\u2019Ulss Euganea (6), dalla Scaligera (2), Marca Trevigiana (2) e Serenissima (1). Le persone colpite sono state per l\u201981,4% maschi, con un\u2019et\u00e0 media di 57,4 anni. Tutti sono stati ricoverati nelle Terapie Intensive degli ospedali.<\/p>\n<p>Come ogni anno, la fascia di et\u00e0 pi\u00f9 colpita \u00e8 quella pediatrica tra 0 e 4 anni (43,75 casi per mille), seguita da quella tra 5 e 14 anni (19,68 per mille), dalla fascia centrale, tra 15 e 64 anni (10,90 per mille) e, da ultima, quella degli over 65 (4,56 per mille, unica in leggera salita rispetto alla settimana precedente).<\/p>\n<p>\u201cSecondo i nostri esperti \u2013 fa notare la Lanzarin \u2013 \u00e8 iniziata anche in Veneto la fase di discesa, con il picco massimo che sar\u00e0, alla fine, tra i pi\u00f9 alti degli ultimi anni, ma la situazione, a parte qualche inevitabile e momentanea situazione di stress in alcuni Pronto Soccorso legato anche alla carenza di medici per l\u2019emergenza urgenza, \u00e8 stata affrontata, e lo sar\u00e0 fino al termine delle necessit\u00e0, con efficacia e una buona organizzazione, sia ospedaliera che territoriale\u201d.<\/p>","protected":false},"excerpt":{"rendered":"<p>Venezia, 14 febbraio 2019\u00a0 &#8211;\u00a0\u00a0L\u2019influenza stagionale in Veneto ha raggiunto il suo picco nella settimana a cavallo tra fine gennaio e inizio febbraio. Lo indica l\u2019ottavo Rapporto Epidemiologico della Regione Veneto, elaborato sui dati raccolti dai 116 medici di famiglia che costituiscono la rete \u201csentinella\u201d sul territorio nella settimana dal 3 al 10 febbraio, e [&hellip;]<\/p>\n","protected":false},"author":2,"featured_media":0,"comment_status":"closed","ping_status":"open","sticky":false,"template":"","format":"standard","meta":{"footnotes":""},"categories":[5,26,17],"tags":[],"class_list":["post-102048","post","type-post","status-publish","format-standard","category-cronaca","category-prima-pagina","category-sanita"],"yoast_head":"<!-- This site is optimized with the Yoast SEO plugin v28.4 - https:\/\/yoast.com\/product\/yoast-seo-wordpress\/ -->\n<title>Influenza in discesa. Finora 318mila ammalati in Veneto con 11 decessi. Lanzarin: &quot;Picco elevato, gli ospedali hanno retto bene&quot; - Bellunopress - Dolomiti<\/title>\n<meta name=\"robots\" content=\"index, follow, max-snippet:-1, max-image-preview:large, max-video-preview:-1\" \/>\n<link rel=\"canonical\" href=\"https:\/\/www.bellunopress.it\/fr\/2019\/02\/14\/influenza-in-discesa-finora-318mila-ammalati-in-veneto-con-11-decessi-lanzarin-picco-elevato-gli-ospedali-hanno-retto-bene\/\" \/>\n<meta property=\"og:locale\" content=\"fr_FR\" \/>\n<meta property=\"og:type\" content=\"article\" \/>\n<meta property=\"og:title\" content=\"Influenza in discesa. Finora 318mila ammalati in Veneto con 11 decessi. Lanzarin: &quot;Picco elevato, gli ospedali hanno retto bene&quot; - Bellunopress - Dolomiti\" \/>\n<meta property=\"og:description\" content=\"Venezia, 14 febbraio 2019\u00a0 &#8211;\u00a0\u00a0L\u2019influenza stagionale in Veneto ha raggiunto il suo picco nella settimana a cavallo tra fine gennaio e inizio febbraio. Lo indica l\u2019ottavo Rapporto Epidemiologico della Regione Veneto, elaborato sui dati raccolti dai 116 medici di famiglia che costituiscono la rete \u201csentinella\u201d sul territorio nella settimana dal 3 al 10 febbraio, e [&hellip;]\" \/>\n<meta property=\"og:url\" content=\"https:\/\/www.bellunopress.it\/fr\/2019\/02\/14\/influenza-in-discesa-finora-318mila-ammalati-in-veneto-con-11-decessi-lanzarin-picco-elevato-gli-ospedali-hanno-retto-bene\/\" \/>\n<meta property=\"og:site_name\" content=\"Bellunopress - Dolomiti\" \/>\n<meta property=\"article:publisher\" content=\"https:\/\/www.facebook.com\/profile.php?id=100008943462799\" \/>\n<meta property=\"article:published_time\" content=\"2019-02-14T15:05:50+00:00\" \/>\n<meta property=\"og:image\" content=\"http:\/\/www.bellunopress.it\/wp-content\/uploads\/2016\/01\/manuela-lanzarin-assessore.jpg\" \/>\n<meta name=\"author\" content=\"redazione\" \/>\n<meta name=\"twitter:card\" content=\"summary_large_image\" \/>\n<meta name=\"twitter:creator\" content=\"@bellunopress\" \/>\n<meta name=\"twitter:site\" content=\"@bellunopress\" \/>\n<meta name=\"twitter:label1\" content=\"Written by\" \/>\n\t<meta name=\"twitter:data1\" content=\"redazione\" \/>\n\t<meta name=\"twitter:label2\" content=\"Est. reading time\" \/>\n\t<meta name=\"twitter:data2\" content=\"1 minute\" \/>\n<script type=\"application\/ld+json\" class=\"yoast-schema-graph\">{\"@context\":\"https:\\\/\\\/schema.org\",\"@graph\":[{\"@type\":\"Article\",\"@id\":\"https:\\\/\\\/www.bellunopress.it\\\/2019\\\/02\\\/14\\\/influenza-in-discesa-finora-318mila-ammalati-in-veneto-con-11-decessi-lanzarin-picco-elevato-gli-ospedali-hanno-retto-bene\\\/#article\",\"isPartOf\":{\"@id\":\"https:\\\/\\\/www.bellunopress.it\\\/2019\\\/02\\\/14\\\/influenza-in-discesa-finora-318mila-ammalati-in-veneto-con-11-decessi-lanzarin-picco-elevato-gli-ospedali-hanno-retto-bene\\\/\"},\"author\":{\"name\":\"redazione\",\"@id\":\"https:\\\/\\\/www.bellunopress.it\\\/#\\\/schema\\\/person\\\/79bb06722b37ece1c03d3e94beb30d73\"},\"headline\":\"Influenza in discesa. Finora 318mila ammalati in Veneto con 11 decessi. Lanzarin: &#8220;Picco elevato, gli ospedali hanno retto bene&#8221;\",\"datePublished\":\"2019-02-14T15:05:50+00:00\",\"mainEntityOfPage\":{\"@id\":\"https:\\\/\\\/www.bellunopress.it\\\/2019\\\/02\\\/14\\\/influenza-in-discesa-finora-318mila-ammalati-in-veneto-con-11-decessi-lanzarin-picco-elevato-gli-ospedali-hanno-retto-bene\\\/\"},\"wordCount\":310,\"publisher\":{\"@id\":\"https:\\\/\\\/www.bellunopress.it\\\/#organization\"},\"image\":{\"@id\":\"https:\\\/\\\/www.bellunopress.it\\\/2019\\\/02\\\/14\\\/influenza-in-discesa-finora-318mila-ammalati-in-veneto-con-11-decessi-lanzarin-picco-elevato-gli-ospedali-hanno-retto-bene\\\/#primaryimage\"},\"thumbnailUrl\":\"http:\\\/\\\/www.bellunopress.it\\\/wp-content\\\/uploads\\\/2016\\\/01\\\/manuela-lanzarin-assessore.jpg\",\"articleSection\":[\"Cronaca\\\/Politica\",\"Prima Pagina\",\"Sanit\u00e0 Medicina\"],\"inLanguage\":\"fr-FR\"},{\"@type\":\"WebPage\",\"@id\":\"https:\\\/\\\/www.bellunopress.it\\\/2019\\\/02\\\/14\\\/influenza-in-discesa-finora-318mila-ammalati-in-veneto-con-11-decessi-lanzarin-picco-elevato-gli-ospedali-hanno-retto-bene\\\/\",\"url\":\"https:\\\/\\\/www.bellunopress.it\\\/2019\\\/02\\\/14\\\/influenza-in-discesa-finora-318mila-ammalati-in-veneto-con-11-decessi-lanzarin-picco-elevato-gli-ospedali-hanno-retto-bene\\\/\",\"name\":\"Influenza in discesa. Finora 318mila ammalati in Veneto con 11 decessi. Lanzarin: \\\"Picco elevato, gli ospedali hanno retto bene\\\" - Bellunopress - Dolomiti\",\"isPartOf\":{\"@id\":\"https:\\\/\\\/www.bellunopress.it\\\/#website\"},\"primaryImageOfPage\":{\"@id\":\"https:\\\/\\\/www.bellunopress.it\\\/2019\\\/02\\\/14\\\/influenza-in-discesa-finora-318mila-ammalati-in-veneto-con-11-decessi-lanzarin-picco-elevato-gli-ospedali-hanno-retto-bene\\\/#primaryimage\"},\"image\":{\"@id\":\"https:\\\/\\\/www.bellunopress.it\\\/2019\\\/02\\\/14\\\/influenza-in-discesa-finora-318mila-ammalati-in-veneto-con-11-decessi-lanzarin-picco-elevato-gli-ospedali-hanno-retto-bene\\\/#primaryimage\"},\"thumbnailUrl\":\"http:\\\/\\\/www.bellunopress.it\\\/wp-content\\\/uploads\\\/2016\\\/01\\\/manuela-lanzarin-assessore.jpg\",\"datePublished\":\"2019-02-14T15:05:50+00:00\",\"breadcrumb\":{\"@id\":\"https:\\\/\\\/www.bellunopress.it\\\/2019\\\/02\\\/14\\\/influenza-in-discesa-finora-318mila-ammalati-in-veneto-con-11-decessi-lanzarin-picco-elevato-gli-ospedali-hanno-retto-bene\\\/#breadcrumb\"},\"inLanguage\":\"fr-FR\",\"potentialAction\":[{\"@type\":\"ReadAction\",\"target\":[\"https:\\\/\\\/www.bellunopress.it\\\/2019\\\/02\\\/14\\\/influenza-in-discesa-finora-318mila-ammalati-in-veneto-con-11-decessi-lanzarin-picco-elevato-gli-ospedali-hanno-retto-bene\\\/\"]}]},{\"@type\":\"ImageObject\",\"inLanguage\":\"fr-FR\",\"@id\":\"https:\\\/\\\/www.bellunopress.it\\\/2019\\\/02\\\/14\\\/influenza-in-discesa-finora-318mila-ammalati-in-veneto-con-11-decessi-lanzarin-picco-elevato-gli-ospedali-hanno-retto-bene\\\/#primaryimage\",\"url\":\"http:\\\/\\\/www.bellunopress.it\\\/wp-content\\\/uploads\\\/2016\\\/01\\\/manuela-lanzarin-assessore.jpg\",\"contentUrl\":\"http:\\\/\\\/www.bellunopress.it\\\/wp-content\\\/uploads\\\/2016\\\/01\\\/manuela-lanzarin-assessore.jpg\"},{\"@type\":\"BreadcrumbList\",\"@id\":\"https:\\\/\\\/www.bellunopress.it\\\/2019\\\/02\\\/14\\\/influenza-in-discesa-finora-318mila-ammalati-in-veneto-con-11-decessi-lanzarin-picco-elevato-gli-ospedali-hanno-retto-bene\\\/#breadcrumb\",\"itemListElement\":[{\"@type\":\"ListItem\",\"position\":1,\"name\":\"Home\",\"item\":\"https:\\\/\\\/www.bellunopress.it\\\/\"},{\"@type\":\"ListItem\",\"position\":2,\"name\":\"Influenza in discesa. Finora 318mila ammalati in Veneto con 11 decessi. Lanzarin: &#8220;Picco elevato, gli ospedali hanno retto bene&#8221;\"}]},{\"@type\":\"WebSite\",\"@id\":\"https:\\\/\\\/www.bellunopress.it\\\/#website\",\"url\":\"https:\\\/\\\/www.bellunopress.it\\\/\",\"name\":\"Bellunopress - Dolomiti\",\"description\":\"e-mail: redazione@bellunopress.it\",\"publisher\":{\"@id\":\"https:\\\/\\\/www.bellunopress.it\\\/#organization\"},\"potentialAction\":[{\"@type\":\"SearchAction\",\"target\":{\"@type\":\"EntryPoint\",\"urlTemplate\":\"https:\\\/\\\/www.bellunopress.it\\\/?s={search_term_string}\"},\"query-input\":{\"@type\":\"PropertyValueSpecification\",\"valueRequired\":true,\"valueName\":\"search_term_string\"}}],\"inLanguage\":\"fr-FR\"},{\"@type\":\"Organization\",\"@id\":\"https:\\\/\\\/www.bellunopress.it\\\/#organization\",\"name\":\"Bellunopress\",\"url\":\"https:\\\/\\\/www.bellunopress.it\\\/\",\"logo\":{\"@type\":\"ImageObject\",\"inLanguage\":\"fr-FR\",\"@id\":\"https:\\\/\\\/www.bellunopress.it\\\/#\\\/schema\\\/logo\\\/image\\\/\",\"url\":\"https:\\\/\\\/www.bellunopress.it\\\/wp-content\\\/uploads\\\/2011\\\/05\\\/cropped-logo-bellunopress-.jpg\",\"contentUrl\":\"https:\\\/\\\/www.bellunopress.it\\\/wp-content\\\/uploads\\\/2011\\\/05\\\/cropped-logo-bellunopress-.jpg\",\"width\":512,\"height\":512,\"caption\":\"Bellunopress\"},\"image\":{\"@id\":\"https:\\\/\\\/www.bellunopress.it\\\/#\\\/schema\\\/logo\\\/image\\\/\"},\"sameAs\":[\"https:\\\/\\\/www.facebook.com\\\/profile.php?id=100008943462799\",\"https:\\\/\\\/x.com\\\/bellunopress\",\"https:\\\/\\\/www.linkedin.com\\\/hp\\\/?dnr=JBzUWaJfMUw8vbXJJ2tVW5-I3jZKvC4wsoxE&amp;amp;amp;amp;amp;amp;trk=nav_responsive_tab_home\",\"https:\\\/\\\/www.youtube.com\\\/channel\\\/UCxL0wu1uN0_3_7hGG0306cw\"]},{\"@type\":\"Person\",\"@id\":\"https:\\\/\\\/www.bellunopress.it\\\/#\\\/schema\\\/person\\\/79bb06722b37ece1c03d3e94beb30d73\",\"name\":\"redazione\",\"image\":{\"@type\":\"ImageObject\",\"inLanguage\":\"fr-FR\",\"@id\":\"https:\\\/\\\/secure.gravatar.com\\\/avatar\\\/37d968a2e67a6fd04c169c4bdef102d0bc5d31b2546345219e348575eb80e9a0?s=96&d=mm&r=g\",\"url\":\"https:\\\/\\\/secure.gravatar.com\\\/avatar\\\/37d968a2e67a6fd04c169c4bdef102d0bc5d31b2546345219e348575eb80e9a0?s=96&d=mm&r=g\",\"contentUrl\":\"https:\\\/\\\/secure.gravatar.com\\\/avatar\\\/37d968a2e67a6fd04c169c4bdef102d0bc5d31b2546345219e348575eb80e9a0?s=96&d=mm&r=g\",\"caption\":\"redazione\"},\"sameAs\":[\"http:\\\/\\\/www.bellunopress.it\",\"https:\\\/\\\/x.com\\\/bellunopress\"],\"url\":\"https:\\\/\\\/www.bellunopress.it\\\/fr\\\/author\\\/redazione\\\/\"}]}<\/script>\n<!-- \/ Yoast SEO plugin. -->","yoast_head_json":{"title":"Influenza in discesa. Finora 318mila ammalati in Veneto con 11 decessi. Lanzarin: \"Picco elevato, gli ospedali hanno retto bene\" - Bellunopress - Dolomiti","robots":{"index":"index","follow":"follow","max-snippet":"max-snippet:-1","max-image-preview":"max-image-preview:large","max-video-preview":"max-video-preview:-1"},"canonical":"https:\/\/www.bellunopress.it\/fr\/2019\/02\/14\/influenza-in-discesa-finora-318mila-ammalati-in-veneto-con-11-decessi-lanzarin-picco-elevato-gli-ospedali-hanno-retto-bene\/","og_locale":"fr_FR","og_type":"article","og_title":"Influenza in discesa. Finora 318mila ammalati in Veneto con 11 decessi. Lanzarin: \"Picco elevato, gli ospedali hanno retto bene\" - Bellunopress - Dolomiti","og_description":"Venezia, 14 febbraio 2019\u00a0 &#8211;\u00a0\u00a0L\u2019influenza stagionale in Veneto ha raggiunto il suo picco nella settimana a cavallo tra fine gennaio e inizio febbraio. Lo indica l\u2019ottavo Rapporto Epidemiologico della Regione Veneto, elaborato sui dati raccolti dai 116 medici di famiglia che costituiscono la rete \u201csentinella\u201d sul territorio nella settimana dal 3 al 10 febbraio, e [&hellip;]","og_url":"https:\/\/www.bellunopress.it\/fr\/2019\/02\/14\/influenza-in-discesa-finora-318mila-ammalati-in-veneto-con-11-decessi-lanzarin-picco-elevato-gli-ospedali-hanno-retto-bene\/","og_site_name":"Bellunopress - Dolomiti","article_publisher":"https:\/\/www.facebook.com\/profile.php?id=100008943462799","article_published_time":"2019-02-14T15:05:50+00:00","og_image":[{"url":"http:\/\/www.bellunopress.it\/wp-content\/uploads\/2016\/01\/manuela-lanzarin-assessore.jpg","type":"","width":"","height":""}],"author":"redazione","twitter_card":"summary_large_image","twitter_creator":"@bellunopress","twitter_site":"@bellunopress","twitter_misc":{"Written by":"redazione","Est. reading time":"1 minute"},"schema":{"@context":"https:\/\/schema.org","@graph":[{"@type":"Article","@id":"https:\/\/www.bellunopress.it\/2019\/02\/14\/influenza-in-discesa-finora-318mila-ammalati-in-veneto-con-11-decessi-lanzarin-picco-elevato-gli-ospedali-hanno-retto-bene\/#article","isPartOf":{"@id":"https:\/\/www.bellunopress.it\/2019\/02\/14\/influenza-in-discesa-finora-318mila-ammalati-in-veneto-con-11-decessi-lanzarin-picco-elevato-gli-ospedali-hanno-retto-bene\/"},"author":{"name":"redazione","@id":"https:\/\/www.bellunopress.it\/#\/schema\/person\/79bb06722b37ece1c03d3e94beb30d73"},"headline":"Influenza in discesa. Finora 318mila ammalati in Veneto con 11 decessi. Lanzarin: &#8220;Picco elevato, gli ospedali hanno retto bene&#8221;","datePublished":"2019-02-14T15:05:50+00:00","mainEntityOfPage":{"@id":"https:\/\/www.bellunopress.it\/2019\/02\/14\/influenza-in-discesa-finora-318mila-ammalati-in-veneto-con-11-decessi-lanzarin-picco-elevato-gli-ospedali-hanno-retto-bene\/"},"wordCount":310,"publisher":{"@id":"https:\/\/www.bellunopress.it\/#organization"},"image":{"@id":"https:\/\/www.bellunopress.it\/2019\/02\/14\/influenza-in-discesa-finora-318mila-ammalati-in-veneto-con-11-decessi-lanzarin-picco-elevato-gli-ospedali-hanno-retto-bene\/#primaryimage"},"thumbnailUrl":"http:\/\/www.bellunopress.it\/wp-content\/uploads\/2016\/01\/manuela-lanzarin-assessore.jpg","articleSection":["Cronaca\/Politica","Prima Pagina","Sanit\u00e0 Medicina"],"inLanguage":"fr-FR"},{"@type":"WebPage","@id":"https:\/\/www.bellunopress.it\/2019\/02\/14\/influenza-in-discesa-finora-318mila-ammalati-in-veneto-con-11-decessi-lanzarin-picco-elevato-gli-ospedali-hanno-retto-bene\/","url":"https:\/\/www.bellunopress.it\/2019\/02\/14\/influenza-in-discesa-finora-318mila-ammalati-in-veneto-con-11-decessi-lanzarin-picco-elevato-gli-ospedali-hanno-retto-bene\/","name":"Influenza in discesa. Finora 318mila ammalati in Veneto con 11 decessi. Lanzarin: \"Picco elevato, gli ospedali hanno retto bene\" - Bellunopress - Dolomiti","isPartOf":{"@id":"https:\/\/www.bellunopress.it\/#website"},"primaryImageOfPage":{"@id":"https:\/\/www.bellunopress.it\/2019\/02\/14\/influenza-in-discesa-finora-318mila-ammalati-in-veneto-con-11-decessi-lanzarin-picco-elevato-gli-ospedali-hanno-retto-bene\/#primaryimage"},"image":{"@id":"https:\/\/www.bellunopress.it\/2019\/02\/14\/influenza-in-discesa-finora-318mila-ammalati-in-veneto-con-11-decessi-lanzarin-picco-elevato-gli-ospedali-hanno-retto-bene\/#primaryimage"},"thumbnailUrl":"http:\/\/www.bellunopress.it\/wp-content\/uploads\/2016\/01\/manuela-lanzarin-assessore.jpg","datePublished":"2019-02-14T15:05:50+00:00","breadcrumb":{"@id":"https:\/\/www.bellunopress.it\/2019\/02\/14\/influenza-in-discesa-finora-318mila-ammalati-in-veneto-con-11-decessi-lanzarin-picco-elevato-gli-ospedali-hanno-retto-bene\/#breadcrumb"},"inLanguage":"fr-FR","potentialAction":[{"@type":"ReadAction","target":["https:\/\/www.bellunopress.it\/2019\/02\/14\/influenza-in-discesa-finora-318mila-ammalati-in-veneto-con-11-decessi-lanzarin-picco-elevato-gli-ospedali-hanno-retto-bene\/"]}]},{"@type":"ImageObject","inLanguage":"fr-FR","@id":"https:\/\/www.bellunopress.it\/2019\/02\/14\/influenza-in-discesa-finora-318mila-ammalati-in-veneto-con-11-decessi-lanzarin-picco-elevato-gli-ospedali-hanno-retto-bene\/#primaryimage","url":"http:\/\/www.bellunopress.it\/wp-content\/uploads\/2016\/01\/manuela-lanzarin-assessore.jpg","contentUrl":"http:\/\/www.bellunopress.it\/wp-content\/uploads\/2016\/01\/manuela-lanzarin-assessore.jpg"},{"@type":"BreadcrumbList","@id":"https:\/\/www.bellunopress.it\/2019\/02\/14\/influenza-in-discesa-finora-318mila-ammalati-in-veneto-con-11-decessi-lanzarin-picco-elevato-gli-ospedali-hanno-retto-bene\/#breadcrumb","itemListElement":[{"@type":"ListItem","position":1,"name":"Home","item":"https:\/\/www.bellunopress.it\/"},{"@type":"ListItem","position":2,"name":"Influenza in discesa. Finora 318mila ammalati in Veneto con 11 decessi. Lanzarin: &#8220;Picco elevato, gli ospedali hanno retto bene&#8221;"}]},{"@type":"WebSite","@id":"https:\/\/www.bellunopress.it\/#website","url":"https:\/\/www.bellunopress.it\/","name":"Bellunopress - Dolomiti","description":"e-mail: redazione@bellunopress.it","publisher":{"@id":"https:\/\/www.bellunopress.it\/#organization"},"potentialAction":[{"@type":"SearchAction","target":{"@type":"EntryPoint","urlTemplate":"https:\/\/www.bellunopress.it\/?s={search_term_string}"},"query-input":{"@type":"PropertyValueSpecification","valueRequired":true,"valueName":"search_term_string"}}],"inLanguage":"fr-FR"},{"@type":"Organization","@id":"https:\/\/www.bellunopress.it\/#organization","name":"Bellunopress","url":"https:\/\/www.bellunopress.it\/","logo":{"@type":"ImageObject","inLanguage":"fr-FR","@id":"https:\/\/www.bellunopress.it\/#\/schema\/logo\/image\/","url":"https:\/\/www.bellunopress.it\/wp-content\/uploads\/2011\/05\/cropped-logo-bellunopress-.jpg","contentUrl":"https:\/\/www.bellunopress.it\/wp-content\/uploads\/2011\/05\/cropped-logo-bellunopress-.jpg","width":512,"height":512,"caption":"Bellunopress"},"image":{"@id":"https:\/\/www.bellunopress.it\/#\/schema\/logo\/image\/"},"sameAs":["https:\/\/www.facebook.com\/profile.php?id=100008943462799","https:\/\/x.com\/bellunopress","https:\/\/www.linkedin.com\/hp\/?dnr=JBzUWaJfMUw8vbXJJ2tVW5-I3jZKvC4wsoxE&amp;amp;amp;amp;amp;amp;trk=nav_responsive_tab_home","https:\/\/www.youtube.com\/channel\/UCxL0wu1uN0_3_7hGG0306cw"]},{"@type":"Person","@id":"https:\/\/www.bellunopress.it\/#\/schema\/person\/79bb06722b37ece1c03d3e94beb30d73","name":"r\u00e9daction","image":{"@type":"ImageObject","inLanguage":"fr-FR","@id":"https:\/\/secure.gravatar.com\/avatar\/37d968a2e67a6fd04c169c4bdef102d0bc5d31b2546345219e348575eb80e9a0?s=96&d=mm&r=g","url":"https:\/\/secure.gravatar.com\/avatar\/37d968a2e67a6fd04c169c4bdef102d0bc5d31b2546345219e348575eb80e9a0?s=96&d=mm&r=g","contentUrl":"https:\/\/secure.gravatar.com\/avatar\/37d968a2e67a6fd04c169c4bdef102d0bc5d31b2546345219e348575eb80e9a0?s=96&d=mm&r=g","caption":"redazione"},"sameAs":["http:\/\/www.bellunopress.it","https:\/\/x.com\/bellunopress"],"url":"https:\/\/www.bellunopress.it\/fr\/author\/redazione\/"}]}},"_links":{"self":[{"href":"https:\/\/www.bellunopress.it\/fr\/wp-json\/wp\/v2\/posts\/102048","targetHints":{"allow":["GET"]}}],"collection":[{"href":"https:\/\/www.bellunopress.it\/fr\/wp-json\/wp\/v2\/posts"}],"about":[{"href":"https:\/\/www.bellunopress.it\/fr\/wp-json\/wp\/v2\/types\/post"}],"author":[{"embeddable":true,"href":"https:\/\/www.bellunopress.it\/fr\/wp-json\/wp\/v2\/users\/2"}],"replies":[{"embeddable":true,"href":"https:\/\/www.bellunopress.it\/fr\/wp-json\/wp\/v2\/comments?post=102048"}],"version-history":[{"count":1,"href":"https:\/\/www.bellunopress.it\/fr\/wp-json\/wp\/v2\/posts\/102048\/revisions"}],"predecessor-version":[{"id":102049,"href":"https:\/\/www.bellunopress.it\/fr\/wp-json\/wp\/v2\/posts\/102048\/revisions\/102049"}],"wp:attachment":[{"href":"https:\/\/www.bellunopress.it\/fr\/wp-json\/wp\/v2\/media?parent=102048"}],"wp:term":[{"taxonomy":"category","embeddable":true,"href":"https:\/\/www.bellunopress.it\/fr\/wp-json\/wp\/v2\/categories?post=102048"},{"taxonomy":"post_tag","embeddable":true,"href":"https:\/\/www.bellunopress.it\/fr\/wp-json\/wp\/v2\/tags?post=102048"}],"curies":[{"name":"wp","href":"https:\/\/api.w.org\/{rel}","templated":true}]}}