{"id":102044,"date":"2019-02-14T15:37:18","date_gmt":"2019-02-14T14:37:18","guid":{"rendered":"http:\/\/www.bellunopress.it\/?p=102044"},"modified":"2019-02-14T15:37:18","modified_gmt":"2019-02-14T14:37:18","slug":"maltempo-zaia-un-miliardo-e-50-milioni-dallo-stato-spendibili-senza-lungaggini-la-prima-emergenza-ora-e-il-rischio-valanghe","status":"publish","type":"post","link":"https:\/\/www.bellunopress.it\/fr\/2019\/02\/14\/maltempo-zaia-un-miliardo-e-50-milioni-dallo-stato-spendibili-senza-lungaggini-la-prima-emergenza-ora-e-il-rischio-valanghe\/","title":{"rendered":"Maltempo. Zaia: &#8220;Un miliardo e 50 milioni dallo Stato, spendibili senza lungaggini. La prima emergenza ora \u00e8 il rischio valanghe&#8221;"},"content":{"rendered":"<p><a href=\"http:\/\/www.bellunopress.it\/fr\/2013\/09\/03\/veneto-sviluppo-spa-entra-nel-capitale-di-friulia-sgr-zaia-e-serracchiani-firmano-laccordo-di-partnership-tra-la-regione-friuli-venezia-giulia-e-la-regione-veneto-per-il-rilancio-delle-pmi\/zaia-3\/\" rel=\"attachment wp-att-52272\"><img loading=\"lazy\" decoding=\"async\" class=\"alignleft size-full wp-image-52272\" src=\"http:\/\/www.bellunopress.it\/wp-content\/uploads\/2013\/09\/zaia.jpg\" alt=\"\" width=\"193\" height=\"260\" \/><\/a>Venezia, 14 febbraio 2019\u00a0 &#8211;\u00a0\u00a0\u201cPer fronteggiare gli enormi danni causati dall\u2019uragano che ha devastato il Veneto a fine ottobre ci sono gi\u00e0 un miliardo e 50 milioni di risorse garantite, che saranno immediatamente spendibili perch\u00e9 affidate alla Protezione civile. Per saldare, quindi, il conto conto totale dei danni mancherebbero 600 milioni\u201d. Il bilancio delle risorse stanziate rispetto alla quantificazione dei danni subiti \u00e8 il dato messo in evidenza dal presidente della Regione Luca Zaia intervenuto nella seduta straordinaria del Consiglio dedicata a \u201cInterventi per il ripristino del patrimonio forestale del Veneto, gravemente danneggiato dalla &#8220;Tempesta Vaia&#8221; nell&#8217;autunno 2018\u201d.<\/p>\n<p>Rispetto ai 1734 milioni di danni causati dall\u2019eccezionale ondata di maltempo \u201cil governo &#8211; ha dettagliato Zaia \u2013 ha stanziato subito 470 mln per il 2019 e 50 mln per il 2020, dei quali circa il 30 per cento, pari a 150 milioni, sono destinati al Veneto. Successivamente, con il Piano triennale 2019-2021 degli interventi straordinari il Governo ha previsto 2,6 miliardi, di cui circa 900 milioni di \u2018soldi freschi\u2019 da destinare al Veneto, affidati alla Protezione Civile e spendibili quindi senza lungaggini burocratiche. Abbiamo, pertanto, in cassa un miliardo e 50 milioni di euro, da destinare ai ristori ai cittadini (fino al 70 per cento del danno subito) e agli interventi di ripristino del territorio devastato. Soldi pubblici ai quali vanno aggiunti i 3.690.544 raccolti con il conto corrente solidale \u201cIl Veneto in ginocchio\u201d, nonch\u00e9 i 739 mila euro dei proventi del Sms solidale, che sono stati interamente destinati al Veneto, anche grazie alla generosit\u00e0 delle altre regioni che ne avrebbero avuto diritto e che hanno capito l\u2019enormit\u00e0 della catastrofe che ha colpito il Veneto\u201d.<\/p>\n<p>Nel ringraziare privati cittadini, aziende, istituzioni e i media per la \u2018gara di solidariet\u00e0\u2019 che si \u00e8 messa in moto nei confronti del Veneto, il presidente Zaia ha richiamato l\u2019attenzione sulle emergenze da affrontare ora, a oltre cento giorni dall\u2019uragano.<\/p>\n<p>\u201cIl problema pi\u00f9 preoccupante, la vera tragedia che ci angoscia in questa fase \u2013 ha detto il presidente, nella sua veste di commissario straordinario &#8211; \u00e8 il rischio di valanghe: sono 86 i siti valanghivi identificati in 20 comuni (17 nel Bellunese e 3 nell\u2019Altopiano di Asiago), a ridosso dei centri abitati, che mettono a rischio per incolumit\u00e0 pubblica\u201d. \u201cSi tratta di 730 ettari da mettere in sicurezza, con una spesa prevista di 296 milioni di euro\u201d, ha sottolineato Zaia.<\/p>\n<p>Nel ripercorrere la conta dei danni e gli interventi subito attuati, il presidente del Veneto ha ricordato che sono 208 i comuni del Veneto interessati (di cui 64 in provincia di Belluno), 28 mila gli ettari di bosco schiantati (su circa 100 mila complessivi), due milioni e mezzo i metri cubi di legname da rimuovere negli ettari sinora censiti, 122 i nuovi dissesti idrogeologici rilevati (soprattutto nell\u2019Agordino, nel Comelico, nel Zoldano, in Cadore e nel Vicentino), due i fronti franosi di vecchia data che si sono rimessi in movimento,<\/p>\n<p>\u201cQuanto ai cantieri\u2013 ha puntualizzato Zaia \u2013 la Regione ha gi\u00e0 avviati 112 interventi su 185 previsti per il ripristino della rete viaria, con una spesa quantificata nell\u2019ordine di 127 milioni di euro. Sono stati avviati 95 cantieri per il dissesto idrogeologico con 45 milioni di euro gi\u00e0 impegnati, ai quali si aggiungono i 13 milioni per il monitoraggio dei grandi movimenti franosi. Inoltre decine di cantieri sono stati aperti per pulire i boschi dagli schianti: operazione che nel suo complesso vale 134 milioni di euro \u201d.<\/p>\n<p>\u201cQui \u2013 ha ammesso Zaia \u2013 la situazione \u00e8 complicata, perch\u00e9 in Veneto la propriet\u00e0 dei boschi non \u00e8 tutta demaniale, come in Trentino. Per facilitare le procedure sono stati istituiti tre presidi avanzati nelle zone colpite, ad Asiago, a Rocca Pietore e a Lozzo di Cadore. Conclusa la fase della rilevazione satellitare e della georeferenziazione ora abbiamo un piano che coinvolge 105 comuni, per un totale 5162 km quadrati di bosco, e che punta al rimboschimento secondo criteri scientifici messi a punto in collaborazione con il professor Raffaele Cavalli dell\u2019Universit\u00e0 di Padova\u201d.<\/p>\n<p>Quanto alla valorizzazione dei 2,5 milioni di metri cubi di legname abbattuto, il presidente ha assicurato che il soggetto attuatore ha lavorato per creare una \u2018filiera del legno\u2019, coinvolgendo realt\u00e0 nazionali e internazionali \u201cAd oggi risultano venduti l\u201980 per cento del legname abbattuto sull\u2019Altopiano di Asiago (circa 750 mila metri cubi), l\u201980 per cento dei 900 mila metri cubi del Cadore e del Comelico, mentre per l\u2019Agordino bisogner\u00e0 aspettare la primavera e uscire dalla fase emergenziale del rischio valanghe\u201d.<\/p>\n<p>\u201cRingrazio il Governo e le istituzioni dello Stato per la solerzia dimostrata e la collaborazione assicurata \u2013 ha concluso Zaia &#8211; Un grazie speciale va ai soggetti attuatori che, a stipendio zero e senza rimborsi, si stanno impegnando al massimo per il ripristino rispondendo in prima persona del loro operato. Noi ce la stiamo mettendo tutta: i veneti meritano di rivedere la loro montagna bella come prima\u201d.<\/p>","protected":false},"excerpt":{"rendered":"<p>Venezia, 14 febbraio 2019\u00a0 &#8211;\u00a0\u00a0\u201cPer fronteggiare gli enormi danni causati dall\u2019uragano che ha devastato il Veneto a fine ottobre ci sono gi\u00e0 un miliardo e 50 milioni di risorse garantite, che saranno immediatamente spendibili perch\u00e9 affidate alla Protezione civile. Per saldare, quindi, il conto conto totale dei danni mancherebbero 600 milioni\u201d. Il bilancio delle risorse [&hellip;]<\/p>\n","protected":false},"author":2,"featured_media":0,"comment_status":"closed","ping_status":"open","sticky":false,"template":"","format":"standard","meta":{"footnotes":""},"categories":[5,26],"tags":[],"class_list":["post-102044","post","type-post","status-publish","format-standard","category-cronaca","category-prima-pagina"],"yoast_head":"<!-- This site is optimized with the Yoast SEO plugin v28.4 - https:\/\/yoast.com\/product\/yoast-seo-wordpress\/ -->\n<title>Maltempo. Zaia: &quot;Un miliardo e 50 milioni dallo Stato, spendibili senza lungaggini. La prima emergenza ora \u00e8 il rischio valanghe&quot; - Bellunopress - Dolomiti<\/title>\n<meta name=\"robots\" content=\"index, follow, max-snippet:-1, max-image-preview:large, max-video-preview:-1\" \/>\n<link rel=\"canonical\" href=\"https:\/\/www.bellunopress.it\/fr\/2019\/02\/14\/maltempo-zaia-un-miliardo-e-50-milioni-dallo-stato-spendibili-senza-lungaggini-la-prima-emergenza-ora-e-il-rischio-valanghe\/\" \/>\n<meta property=\"og:locale\" content=\"fr_FR\" \/>\n<meta property=\"og:type\" content=\"article\" \/>\n<meta property=\"og:title\" content=\"Maltempo. Zaia: &quot;Un miliardo e 50 milioni dallo Stato, spendibili senza lungaggini. La prima emergenza ora \u00e8 il rischio valanghe&quot; - Bellunopress - Dolomiti\" \/>\n<meta property=\"og:description\" content=\"Venezia, 14 febbraio 2019\u00a0 &#8211;\u00a0\u00a0\u201cPer fronteggiare gli enormi danni causati dall\u2019uragano che ha devastato il Veneto a fine ottobre ci sono gi\u00e0 un miliardo e 50 milioni di risorse garantite, che saranno immediatamente spendibili perch\u00e9 affidate alla Protezione civile. Per saldare, quindi, il conto conto totale dei danni mancherebbero 600 milioni\u201d. Il bilancio delle risorse [&hellip;]\" \/>\n<meta property=\"og:url\" content=\"https:\/\/www.bellunopress.it\/fr\/2019\/02\/14\/maltempo-zaia-un-miliardo-e-50-milioni-dallo-stato-spendibili-senza-lungaggini-la-prima-emergenza-ora-e-il-rischio-valanghe\/\" \/>\n<meta property=\"og:site_name\" content=\"Bellunopress - Dolomiti\" \/>\n<meta property=\"article:publisher\" content=\"https:\/\/www.facebook.com\/profile.php?id=100008943462799\" \/>\n<meta property=\"article:published_time\" content=\"2019-02-14T14:37:18+00:00\" \/>\n<meta property=\"og:image\" content=\"http:\/\/www.bellunopress.it\/wp-content\/uploads\/2013\/09\/zaia.jpg\" \/>\n<meta name=\"author\" content=\"redazione\" \/>\n<meta name=\"twitter:card\" content=\"summary_large_image\" \/>\n<meta name=\"twitter:creator\" content=\"@bellunopress\" \/>\n<meta name=\"twitter:site\" content=\"@bellunopress\" \/>\n<meta name=\"twitter:label1\" content=\"\u00c9crit par\" \/>\n\t<meta name=\"twitter:data1\" content=\"redazione\" \/>\n\t<meta name=\"twitter:label2\" content=\"Dur\u00e9e de lecture estim\u00e9e\" \/>\n\t<meta name=\"twitter:data2\" content=\"4 minutes\" \/>\n<script type=\"application\/ld+json\" class=\"yoast-schema-graph\">{\"@context\":\"https:\\\/\\\/schema.org\",\"@graph\":[{\"@type\":\"Article\",\"@id\":\"https:\\\/\\\/www.bellunopress.it\\\/2019\\\/02\\\/14\\\/maltempo-zaia-un-miliardo-e-50-milioni-dallo-stato-spendibili-senza-lungaggini-la-prima-emergenza-ora-e-il-rischio-valanghe\\\/#article\",\"isPartOf\":{\"@id\":\"https:\\\/\\\/www.bellunopress.it\\\/2019\\\/02\\\/14\\\/maltempo-zaia-un-miliardo-e-50-milioni-dallo-stato-spendibili-senza-lungaggini-la-prima-emergenza-ora-e-il-rischio-valanghe\\\/\"},\"author\":{\"name\":\"redazione\",\"@id\":\"https:\\\/\\\/www.bellunopress.it\\\/#\\\/schema\\\/person\\\/79bb06722b37ece1c03d3e94beb30d73\"},\"headline\":\"Maltempo. Zaia: &#8220;Un miliardo e 50 milioni dallo Stato, spendibili senza lungaggini. La prima emergenza ora \u00e8 il rischio valanghe&#8221;\",\"datePublished\":\"2019-02-14T14:37:18+00:00\",\"mainEntityOfPage\":{\"@id\":\"https:\\\/\\\/www.bellunopress.it\\\/2019\\\/02\\\/14\\\/maltempo-zaia-un-miliardo-e-50-milioni-dallo-stato-spendibili-senza-lungaggini-la-prima-emergenza-ora-e-il-rischio-valanghe\\\/\"},\"wordCount\":787,\"publisher\":{\"@id\":\"https:\\\/\\\/www.bellunopress.it\\\/#organization\"},\"image\":{\"@id\":\"https:\\\/\\\/www.bellunopress.it\\\/2019\\\/02\\\/14\\\/maltempo-zaia-un-miliardo-e-50-milioni-dallo-stato-spendibili-senza-lungaggini-la-prima-emergenza-ora-e-il-rischio-valanghe\\\/#primaryimage\"},\"thumbnailUrl\":\"http:\\\/\\\/www.bellunopress.it\\\/wp-content\\\/uploads\\\/2013\\\/09\\\/zaia.jpg\",\"articleSection\":[\"Cronaca\\\/Politica\",\"Prima Pagina\"],\"inLanguage\":\"fr-FR\"},{\"@type\":\"WebPage\",\"@id\":\"https:\\\/\\\/www.bellunopress.it\\\/2019\\\/02\\\/14\\\/maltempo-zaia-un-miliardo-e-50-milioni-dallo-stato-spendibili-senza-lungaggini-la-prima-emergenza-ora-e-il-rischio-valanghe\\\/\",\"url\":\"https:\\\/\\\/www.bellunopress.it\\\/2019\\\/02\\\/14\\\/maltempo-zaia-un-miliardo-e-50-milioni-dallo-stato-spendibili-senza-lungaggini-la-prima-emergenza-ora-e-il-rischio-valanghe\\\/\",\"name\":\"Maltempo. Zaia: \\\"Un miliardo e 50 milioni dallo Stato, spendibili senza lungaggini. La prima emergenza ora \u00e8 il rischio valanghe\\\" - Bellunopress - Dolomiti\",\"isPartOf\":{\"@id\":\"https:\\\/\\\/www.bellunopress.it\\\/#website\"},\"primaryImageOfPage\":{\"@id\":\"https:\\\/\\\/www.bellunopress.it\\\/2019\\\/02\\\/14\\\/maltempo-zaia-un-miliardo-e-50-milioni-dallo-stato-spendibili-senza-lungaggini-la-prima-emergenza-ora-e-il-rischio-valanghe\\\/#primaryimage\"},\"image\":{\"@id\":\"https:\\\/\\\/www.bellunopress.it\\\/2019\\\/02\\\/14\\\/maltempo-zaia-un-miliardo-e-50-milioni-dallo-stato-spendibili-senza-lungaggini-la-prima-emergenza-ora-e-il-rischio-valanghe\\\/#primaryimage\"},\"thumbnailUrl\":\"http:\\\/\\\/www.bellunopress.it\\\/wp-content\\\/uploads\\\/2013\\\/09\\\/zaia.jpg\",\"datePublished\":\"2019-02-14T14:37:18+00:00\",\"breadcrumb\":{\"@id\":\"https:\\\/\\\/www.bellunopress.it\\\/2019\\\/02\\\/14\\\/maltempo-zaia-un-miliardo-e-50-milioni-dallo-stato-spendibili-senza-lungaggini-la-prima-emergenza-ora-e-il-rischio-valanghe\\\/#breadcrumb\"},\"inLanguage\":\"fr-FR\",\"potentialAction\":[{\"@type\":\"ReadAction\",\"target\":[\"https:\\\/\\\/www.bellunopress.it\\\/2019\\\/02\\\/14\\\/maltempo-zaia-un-miliardo-e-50-milioni-dallo-stato-spendibili-senza-lungaggini-la-prima-emergenza-ora-e-il-rischio-valanghe\\\/\"]}]},{\"@type\":\"ImageObject\",\"inLanguage\":\"fr-FR\",\"@id\":\"https:\\\/\\\/www.bellunopress.it\\\/2019\\\/02\\\/14\\\/maltempo-zaia-un-miliardo-e-50-milioni-dallo-stato-spendibili-senza-lungaggini-la-prima-emergenza-ora-e-il-rischio-valanghe\\\/#primaryimage\",\"url\":\"http:\\\/\\\/www.bellunopress.it\\\/wp-content\\\/uploads\\\/2013\\\/09\\\/zaia.jpg\",\"contentUrl\":\"http:\\\/\\\/www.bellunopress.it\\\/wp-content\\\/uploads\\\/2013\\\/09\\\/zaia.jpg\"},{\"@type\":\"BreadcrumbList\",\"@id\":\"https:\\\/\\\/www.bellunopress.it\\\/2019\\\/02\\\/14\\\/maltempo-zaia-un-miliardo-e-50-milioni-dallo-stato-spendibili-senza-lungaggini-la-prima-emergenza-ora-e-il-rischio-valanghe\\\/#breadcrumb\",\"itemListElement\":[{\"@type\":\"ListItem\",\"position\":1,\"name\":\"Home\",\"item\":\"https:\\\/\\\/www.bellunopress.it\\\/\"},{\"@type\":\"ListItem\",\"position\":2,\"name\":\"Maltempo. Zaia: &#8220;Un miliardo e 50 milioni dallo Stato, spendibili senza lungaggini. La prima emergenza ora \u00e8 il rischio valanghe&#8221;\"}]},{\"@type\":\"WebSite\",\"@id\":\"https:\\\/\\\/www.bellunopress.it\\\/#website\",\"url\":\"https:\\\/\\\/www.bellunopress.it\\\/\",\"name\":\"Bellunopress - Dolomiti\",\"description\":\"e-mail: redazione@bellunopress.it\",\"publisher\":{\"@id\":\"https:\\\/\\\/www.bellunopress.it\\\/#organization\"},\"potentialAction\":[{\"@type\":\"SearchAction\",\"target\":{\"@type\":\"EntryPoint\",\"urlTemplate\":\"https:\\\/\\\/www.bellunopress.it\\\/?s={search_term_string}\"},\"query-input\":{\"@type\":\"PropertyValueSpecification\",\"valueRequired\":true,\"valueName\":\"search_term_string\"}}],\"inLanguage\":\"fr-FR\"},{\"@type\":\"Organization\",\"@id\":\"https:\\\/\\\/www.bellunopress.it\\\/#organization\",\"name\":\"Bellunopress\",\"url\":\"https:\\\/\\\/www.bellunopress.it\\\/\",\"logo\":{\"@type\":\"ImageObject\",\"inLanguage\":\"fr-FR\",\"@id\":\"https:\\\/\\\/www.bellunopress.it\\\/#\\\/schema\\\/logo\\\/image\\\/\",\"url\":\"https:\\\/\\\/www.bellunopress.it\\\/wp-content\\\/uploads\\\/2011\\\/05\\\/cropped-logo-bellunopress-.jpg\",\"contentUrl\":\"https:\\\/\\\/www.bellunopress.it\\\/wp-content\\\/uploads\\\/2011\\\/05\\\/cropped-logo-bellunopress-.jpg\",\"width\":512,\"height\":512,\"caption\":\"Bellunopress\"},\"image\":{\"@id\":\"https:\\\/\\\/www.bellunopress.it\\\/#\\\/schema\\\/logo\\\/image\\\/\"},\"sameAs\":[\"https:\\\/\\\/www.facebook.com\\\/profile.php?id=100008943462799\",\"https:\\\/\\\/x.com\\\/bellunopress\",\"https:\\\/\\\/www.linkedin.com\\\/hp\\\/?dnr=JBzUWaJfMUw8vbXJJ2tVW5-I3jZKvC4wsoxE&amp;amp;amp;amp;amp;amp;trk=nav_responsive_tab_home\",\"https:\\\/\\\/www.youtube.com\\\/channel\\\/UCxL0wu1uN0_3_7hGG0306cw\"]},{\"@type\":\"Person\",\"@id\":\"https:\\\/\\\/www.bellunopress.it\\\/#\\\/schema\\\/person\\\/79bb06722b37ece1c03d3e94beb30d73\",\"name\":\"redazione\",\"image\":{\"@type\":\"ImageObject\",\"inLanguage\":\"fr-FR\",\"@id\":\"https:\\\/\\\/secure.gravatar.com\\\/avatar\\\/37d968a2e67a6fd04c169c4bdef102d0bc5d31b2546345219e348575eb80e9a0?s=96&d=mm&r=g\",\"url\":\"https:\\\/\\\/secure.gravatar.com\\\/avatar\\\/37d968a2e67a6fd04c169c4bdef102d0bc5d31b2546345219e348575eb80e9a0?s=96&d=mm&r=g\",\"contentUrl\":\"https:\\\/\\\/secure.gravatar.com\\\/avatar\\\/37d968a2e67a6fd04c169c4bdef102d0bc5d31b2546345219e348575eb80e9a0?s=96&d=mm&r=g\",\"caption\":\"redazione\"},\"sameAs\":[\"http:\\\/\\\/www.bellunopress.it\",\"https:\\\/\\\/x.com\\\/bellunopress\"],\"url\":\"https:\\\/\\\/www.bellunopress.it\\\/fr\\\/author\\\/redazione\\\/\"}]}<\/script>\n<!-- \/ Yoast SEO plugin. -->","yoast_head_json":{"title":"Maltempo. Zaia: \"Un miliardo e 50 milioni dallo Stato, spendibili senza lungaggini. La prima emergenza ora \u00e8 il rischio valanghe\" - Bellunopress - Dolomiti","robots":{"index":"index","follow":"follow","max-snippet":"max-snippet:-1","max-image-preview":"max-image-preview:large","max-video-preview":"max-video-preview:-1"},"canonical":"https:\/\/www.bellunopress.it\/fr\/2019\/02\/14\/maltempo-zaia-un-miliardo-e-50-milioni-dallo-stato-spendibili-senza-lungaggini-la-prima-emergenza-ora-e-il-rischio-valanghe\/","og_locale":"fr_FR","og_type":"article","og_title":"Maltempo. Zaia: \"Un miliardo e 50 milioni dallo Stato, spendibili senza lungaggini. La prima emergenza ora \u00e8 il rischio valanghe\" - Bellunopress - Dolomiti","og_description":"Venezia, 14 febbraio 2019\u00a0 &#8211;\u00a0\u00a0\u201cPer fronteggiare gli enormi danni causati dall\u2019uragano che ha devastato il Veneto a fine ottobre ci sono gi\u00e0 un miliardo e 50 milioni di risorse garantite, che saranno immediatamente spendibili perch\u00e9 affidate alla Protezione civile. Per saldare, quindi, il conto conto totale dei danni mancherebbero 600 milioni\u201d. Il bilancio delle risorse [&hellip;]","og_url":"https:\/\/www.bellunopress.it\/fr\/2019\/02\/14\/maltempo-zaia-un-miliardo-e-50-milioni-dallo-stato-spendibili-senza-lungaggini-la-prima-emergenza-ora-e-il-rischio-valanghe\/","og_site_name":"Bellunopress - Dolomiti","article_publisher":"https:\/\/www.facebook.com\/profile.php?id=100008943462799","article_published_time":"2019-02-14T14:37:18+00:00","og_image":[{"url":"http:\/\/www.bellunopress.it\/wp-content\/uploads\/2013\/09\/zaia.jpg","type":"","width":"","height":""}],"author":"redazione","twitter_card":"summary_large_image","twitter_creator":"@bellunopress","twitter_site":"@bellunopress","twitter_misc":{"\u00c9crit par":"redazione","Dur\u00e9e de lecture estim\u00e9e":"4 minutes"},"schema":{"@context":"https:\/\/schema.org","@graph":[{"@type":"Article","@id":"https:\/\/www.bellunopress.it\/2019\/02\/14\/maltempo-zaia-un-miliardo-e-50-milioni-dallo-stato-spendibili-senza-lungaggini-la-prima-emergenza-ora-e-il-rischio-valanghe\/#article","isPartOf":{"@id":"https:\/\/www.bellunopress.it\/2019\/02\/14\/maltempo-zaia-un-miliardo-e-50-milioni-dallo-stato-spendibili-senza-lungaggini-la-prima-emergenza-ora-e-il-rischio-valanghe\/"},"author":{"name":"redazione","@id":"https:\/\/www.bellunopress.it\/#\/schema\/person\/79bb06722b37ece1c03d3e94beb30d73"},"headline":"Maltempo. Zaia: &#8220;Un miliardo e 50 milioni dallo Stato, spendibili senza lungaggini. La prima emergenza ora \u00e8 il rischio valanghe&#8221;","datePublished":"2019-02-14T14:37:18+00:00","mainEntityOfPage":{"@id":"https:\/\/www.bellunopress.it\/2019\/02\/14\/maltempo-zaia-un-miliardo-e-50-milioni-dallo-stato-spendibili-senza-lungaggini-la-prima-emergenza-ora-e-il-rischio-valanghe\/"},"wordCount":787,"publisher":{"@id":"https:\/\/www.bellunopress.it\/#organization"},"image":{"@id":"https:\/\/www.bellunopress.it\/2019\/02\/14\/maltempo-zaia-un-miliardo-e-50-milioni-dallo-stato-spendibili-senza-lungaggini-la-prima-emergenza-ora-e-il-rischio-valanghe\/#primaryimage"},"thumbnailUrl":"http:\/\/www.bellunopress.it\/wp-content\/uploads\/2013\/09\/zaia.jpg","articleSection":["Cronaca\/Politica","Prima Pagina"],"inLanguage":"fr-FR"},{"@type":"WebPage","@id":"https:\/\/www.bellunopress.it\/2019\/02\/14\/maltempo-zaia-un-miliardo-e-50-milioni-dallo-stato-spendibili-senza-lungaggini-la-prima-emergenza-ora-e-il-rischio-valanghe\/","url":"https:\/\/www.bellunopress.it\/2019\/02\/14\/maltempo-zaia-un-miliardo-e-50-milioni-dallo-stato-spendibili-senza-lungaggini-la-prima-emergenza-ora-e-il-rischio-valanghe\/","name":"Maltempo. Zaia: \"Un miliardo e 50 milioni dallo Stato, spendibili senza lungaggini. La prima emergenza ora \u00e8 il rischio valanghe\" - Bellunopress - Dolomiti","isPartOf":{"@id":"https:\/\/www.bellunopress.it\/#website"},"primaryImageOfPage":{"@id":"https:\/\/www.bellunopress.it\/2019\/02\/14\/maltempo-zaia-un-miliardo-e-50-milioni-dallo-stato-spendibili-senza-lungaggini-la-prima-emergenza-ora-e-il-rischio-valanghe\/#primaryimage"},"image":{"@id":"https:\/\/www.bellunopress.it\/2019\/02\/14\/maltempo-zaia-un-miliardo-e-50-milioni-dallo-stato-spendibili-senza-lungaggini-la-prima-emergenza-ora-e-il-rischio-valanghe\/#primaryimage"},"thumbnailUrl":"http:\/\/www.bellunopress.it\/wp-content\/uploads\/2013\/09\/zaia.jpg","datePublished":"2019-02-14T14:37:18+00:00","breadcrumb":{"@id":"https:\/\/www.bellunopress.it\/2019\/02\/14\/maltempo-zaia-un-miliardo-e-50-milioni-dallo-stato-spendibili-senza-lungaggini-la-prima-emergenza-ora-e-il-rischio-valanghe\/#breadcrumb"},"inLanguage":"fr-FR","potentialAction":[{"@type":"ReadAction","target":["https:\/\/www.bellunopress.it\/2019\/02\/14\/maltempo-zaia-un-miliardo-e-50-milioni-dallo-stato-spendibili-senza-lungaggini-la-prima-emergenza-ora-e-il-rischio-valanghe\/"]}]},{"@type":"ImageObject","inLanguage":"fr-FR","@id":"https:\/\/www.bellunopress.it\/2019\/02\/14\/maltempo-zaia-un-miliardo-e-50-milioni-dallo-stato-spendibili-senza-lungaggini-la-prima-emergenza-ora-e-il-rischio-valanghe\/#primaryimage","url":"http:\/\/www.bellunopress.it\/wp-content\/uploads\/2013\/09\/zaia.jpg","contentUrl":"http:\/\/www.bellunopress.it\/wp-content\/uploads\/2013\/09\/zaia.jpg"},{"@type":"BreadcrumbList","@id":"https:\/\/www.bellunopress.it\/2019\/02\/14\/maltempo-zaia-un-miliardo-e-50-milioni-dallo-stato-spendibili-senza-lungaggini-la-prima-emergenza-ora-e-il-rischio-valanghe\/#breadcrumb","itemListElement":[{"@type":"ListItem","position":1,"name":"Home","item":"https:\/\/www.bellunopress.it\/"},{"@type":"ListItem","position":2,"name":"Maltempo. Zaia: &#8220;Un miliardo e 50 milioni dallo Stato, spendibili senza lungaggini. La prima emergenza ora \u00e8 il rischio valanghe&#8221;"}]},{"@type":"WebSite","@id":"https:\/\/www.bellunopress.it\/#website","url":"https:\/\/www.bellunopress.it\/","name":"Bellunopress - Dolomiti","description":"e-mail: redazione@bellunopress.it","publisher":{"@id":"https:\/\/www.bellunopress.it\/#organization"},"potentialAction":[{"@type":"SearchAction","target":{"@type":"EntryPoint","urlTemplate":"https:\/\/www.bellunopress.it\/?s={search_term_string}"},"query-input":{"@type":"PropertyValueSpecification","valueRequired":true,"valueName":"search_term_string"}}],"inLanguage":"fr-FR"},{"@type":"Organization","@id":"https:\/\/www.bellunopress.it\/#organization","name":"Bellunopress","url":"https:\/\/www.bellunopress.it\/","logo":{"@type":"ImageObject","inLanguage":"fr-FR","@id":"https:\/\/www.bellunopress.it\/#\/schema\/logo\/image\/","url":"https:\/\/www.bellunopress.it\/wp-content\/uploads\/2011\/05\/cropped-logo-bellunopress-.jpg","contentUrl":"https:\/\/www.bellunopress.it\/wp-content\/uploads\/2011\/05\/cropped-logo-bellunopress-.jpg","width":512,"height":512,"caption":"Bellunopress"},"image":{"@id":"https:\/\/www.bellunopress.it\/#\/schema\/logo\/image\/"},"sameAs":["https:\/\/www.facebook.com\/profile.php?id=100008943462799","https:\/\/x.com\/bellunopress","https:\/\/www.linkedin.com\/hp\/?dnr=JBzUWaJfMUw8vbXJJ2tVW5-I3jZKvC4wsoxE&amp;amp;amp;amp;amp;amp;trk=nav_responsive_tab_home","https:\/\/www.youtube.com\/channel\/UCxL0wu1uN0_3_7hGG0306cw"]},{"@type":"Person","@id":"https:\/\/www.bellunopress.it\/#\/schema\/person\/79bb06722b37ece1c03d3e94beb30d73","name":"r\u00e9daction","image":{"@type":"ImageObject","inLanguage":"fr-FR","@id":"https:\/\/secure.gravatar.com\/avatar\/37d968a2e67a6fd04c169c4bdef102d0bc5d31b2546345219e348575eb80e9a0?s=96&d=mm&r=g","url":"https:\/\/secure.gravatar.com\/avatar\/37d968a2e67a6fd04c169c4bdef102d0bc5d31b2546345219e348575eb80e9a0?s=96&d=mm&r=g","contentUrl":"https:\/\/secure.gravatar.com\/avatar\/37d968a2e67a6fd04c169c4bdef102d0bc5d31b2546345219e348575eb80e9a0?s=96&d=mm&r=g","caption":"redazione"},"sameAs":["http:\/\/www.bellunopress.it","https:\/\/x.com\/bellunopress"],"url":"https:\/\/www.bellunopress.it\/fr\/author\/redazione\/"}]}},"_links":{"self":[{"href":"https:\/\/www.bellunopress.it\/fr\/wp-json\/wp\/v2\/posts\/102044","targetHints":{"allow":["GET"]}}],"collection":[{"href":"https:\/\/www.bellunopress.it\/fr\/wp-json\/wp\/v2\/posts"}],"about":[{"href":"https:\/\/www.bellunopress.it\/fr\/wp-json\/wp\/v2\/types\/post"}],"author":[{"embeddable":true,"href":"https:\/\/www.bellunopress.it\/fr\/wp-json\/wp\/v2\/users\/2"}],"replies":[{"embeddable":true,"href":"https:\/\/www.bellunopress.it\/fr\/wp-json\/wp\/v2\/comments?post=102044"}],"version-history":[{"count":1,"href":"https:\/\/www.bellunopress.it\/fr\/wp-json\/wp\/v2\/posts\/102044\/revisions"}],"predecessor-version":[{"id":102045,"href":"https:\/\/www.bellunopress.it\/fr\/wp-json\/wp\/v2\/posts\/102044\/revisions\/102045"}],"wp:attachment":[{"href":"https:\/\/www.bellunopress.it\/fr\/wp-json\/wp\/v2\/media?parent=102044"}],"wp:term":[{"taxonomy":"category","embeddable":true,"href":"https:\/\/www.bellunopress.it\/fr\/wp-json\/wp\/v2\/categories?post=102044"},{"taxonomy":"post_tag","embeddable":true,"href":"https:\/\/www.bellunopress.it\/fr\/wp-json\/wp\/v2\/tags?post=102044"}],"curies":[{"name":"wp","href":"https:\/\/api.w.org\/{rel}","templated":true}]}}