{"id":101905,"date":"2019-02-08T21:01:25","date_gmt":"2019-02-08T20:01:25","guid":{"rendered":"http:\/\/www.bellunopress.it\/?p=101905"},"modified":"2019-02-08T21:04:12","modified_gmt":"2019-02-08T20:04:12","slug":"il-consiglio-nazionale-dei-geologi-e-gli-ordini-regionali-scrivono-allassessore-bottacin-e-alla-regione-veneto","status":"publish","type":"post","link":"https:\/\/www.bellunopress.it\/fr\/2019\/02\/08\/il-consiglio-nazionale-dei-geologi-e-gli-ordini-regionali-scrivono-allassessore-bottacin-e-alla-regione-veneto\/","title":{"rendered":"Il Consiglio nazionale dei geologi e gli Ordini regionali scrivono all&#8217;assessore Bottacin e alla Regione Veneto"},"content":{"rendered":"<p><a href=\"http:\/\/www.bellunopress.it\/fr\/2019\/02\/08\/il-consiglio-nazionale-dei-geologi-e-gli-ordini-regionali-scrivono-allassessore-bottacin-e-alla-regione-veneto\/ordine-dei-geologi-del-veneto\/\" rel=\"attachment wp-att-101906\"><img loading=\"lazy\" decoding=\"async\" class=\"alignleft size-full wp-image-101906\" src=\"http:\/\/www.bellunopress.it\/wp-content\/uploads\/2019\/02\/ordine-dei-geologi-del-veneto.jpg\" alt=\"\" width=\"249\" height=\"247\" \/><\/a>Il Consiglio dell\u2019Ordine dei Geologi del Veneto, unitamente al Consiglio Nazionale dei Geologi e con la condivisione di tutti gli Ordini Regionali dei Geologi, ha sottoscritto una nota, indirizzata all\u2019assessore all\u2019Ambiente e Protezione Civile della Regione del Veneto Gianpaolo Bottacin, al presidente della Regione Luca Zaia in difesa del ruolo e della professione del geologo.<\/p>\n<p>Nella lettera, si evidenzia con rammarico che, ancora una volta, era gi\u00e0 successo nell\u2019agosto 2017, vengono rilasciate dichiarazioni sulla stampa che ledono la professionalit\u00e0 del geologo che svolge il proprio lavoro, con seriet\u00e0 e dedizione.<\/p>\n<p>La lettera nasce dalle dichiarazioni dell\u2019assessore riportate nell\u2019articolo \u201cBries, dopo la grande paura la Regione scende in campo\u201d, pubblicato su Il Gazzettino il 4 febbraio 2019, dove si legge testualmente: \u201cForse non serviva che i privati incaricassero un geologo. Spero che almeno non debbano pagarlo perch\u00e9 a lavorare per loro, 24 ore su 24, ci sono le Istituzioni commissariali e la Regione\u201d.<\/p>\n<p>I privati cui fa riferimento Bottacin sono quei 266 abitanti di Toccol, Prompicai, Parech, Val di Frela, via IV Novembre e via Raffaele Costa che a seguito dell&#8217;<a href=\"http:\/\/www.bellunopress.it\/fr\/2019\/02\/02\/agordo-masso-sfiora-unabitazione-schiaccia-unauto-in-sosta-e-invade-la-strada-nessuna-persona-coinvolta\/\">enorme masso che ha sfiorato di pochi metri un\u2019abitazione a Bries<\/a> (Agordo), finendo in mezzo alla strada regionale 203 fortunatamente senza coinvolgere nessuna persona, hanno commissionato una perizia a un geologo poi inviata agli enti interessati.<\/p>\n<p>&nbsp;<\/p>\n<p>di seguito la lettera del Consiglio nazionale dei geologi, sottoscritta anche da tutti gli Ordini regionali<\/p>\n<p>Egregio Assessore Ing. Gianpaolo Bottacin,<br \/>\nl\u2019Ordine dei Geologi della Regione del Veneto, unitamente al Consiglio Nazionale dei Geologi, e con la condivisione degli altri Ordini Regionali dei Geologi, con molto rammarico legge, ancora una volta, era gi\u00e0 successo nell\u2019agosto 2017, dichiarazioni sulla stampa che potrebbero ledere la professionalit\u00e0 del geologo che svolge il proprio lavoro, con seriet\u00e0 e dedizione, a favore di cittadini che si sono sentiti in pericolo a causa del dissesto idrogeologico nel bellunese e che sono liberi di rivolgersi a professionisti di propria fiducia per ogni valutazione del caso.<\/p>\n<p>Questa l\u2019affermazione testuale che ha colpito di pi\u00f9, pubblicata su Il Gazzettino 4 febbraio 2019, nell\u2019articolo titolato Bries, dopo la grande paura la Regione scende in campo: \u201cForse non serviva che i privati incaricassero un geologo. Spero che almeno non debbano pagarlo perch\u00e9 a lavorare per loro, 24 ore su 24, ci sono le Istituzioni commissariali e la Regione\u201d.<\/p>\n<p>Dichiarare pubblicamente, attraverso la stampa, la non indispensabilit\u00e0 del conferimento di un incarico ad un professionista geologo davanti ad un evento franoso e l\u2019auspicio che il collega incaricato \u201cnon sia pagato\u201d riteniamo risulti poco riguardoso nei confronti di una categoria che ha tra i propri obiettivi di legge la tutela del territorio e, comunque, in contrasto con l\u2019obbligo normativo di riconoscere un adeguato compenso al professionista geologo che sia stato incaricato.<\/p>\n<p>In merito alla sopra riportata dichiarazione ci attendiamo, quindi, una rettifica, anche perch\u00e9 Lei \u00e8 un ingegnere e ci chiediamo quali reazione avrebbero suscitato in Lei equivalenti affermazioni nei confronti della Sua professione.<\/p>\n<p>Evidentemente la necessit\u00e0 del cittadino di \u201caffidarsi\u201d a un tecnico di fiducia scaturisce dalla percezione di insicurezza e dalla legittima necessit\u00e0 di avere risposte in tempi rapidi. Avviene spesso, purtroppo, che le segnalazioni di situazioni di pericolo o di interventi preventivi sul territorio richieste dai cittadini alle Autorit\u00e0 competenti siano disattese.<\/p>\n<p>Nel caso specifico, l\u2019esigenza che geologi dipendenti della Regione o facenti parte delle Istituzioni commissariali e liberi professionisti incaricati dai cittadini operino congiuntamente \u00e8, inoltre, rafforzata dal fatto che l\u2019area di Bries \u00e8 nota da tempo per la sua pericolosit\u00e0 dovuta alla presenza di masse instabili a monte e nel Piano di Assetto Idrogeologico \u00e8 una zona di attenzione a lato di aree a pericolosit\u00e0 P3 e P2.<\/p>\n<p>Operare con visione futura e nell\u2019ottica della prevenzione significa, infatti, pianificare e agire in sinergia, con azioni ad ampio respiro in termini di impegno di risorse economiche e di figure professionali, nella consapevolezza che le \u201cIstituzioni commissariali e la Regione\u201d stanno operando 24 ore su 24, come Lei dichiara, per inseguire l\u2019ennesima situazione di emergenza, ricorrendo anche ai pochissimi tecnici che all\u2019interno dell\u2019amministrazione regionale possiedono adeguate competenze geologiche per operare in casi come quelli che si sono verificati.<\/p>\n<p>Questa volta \u00e8 andata bene, ma bisogna smettere di sfidare la sorte o sperare che quando avvengono questi eventi non ci siano perdite umane (se la traiettoria del masso del volume di ben 14 m3 fosse stata turbata e deviata di pochi metri sulla destra le conseguenze sarebbero potute essere ben diverse per la presenza di una casa \u2026 ).<\/p>\n<p>\u00c8 per questo che \u00e8 necessario avviare azioni di prevenzione e di manutenzione del territorio, censimento cartografico delle zone instabili e di pericolo, progettazione di opere di mitigazione del rischio, azioni costanti e pianificate, coinvolgendo, per tempo e con le dovute risorse economiche, liberi professionisti che abbiano le dovute competenze ed inserendo negli organici della PA figure tecniche specialistiche, come quella del geologo, attualmente estremamente carenti.<\/p>\n<p>In attesa della rettifica sopra indicata, La invitiamo in futuro a valutare meglio certe affermazioni e auspichiamo che la Regione, in primis con i suoi rappresentanti politici, possa correttamente considerare la figura del professionista geologo.<br \/>\nDistinti saluti.<\/p>\n<p><strong>Il Presidente<\/strong><br \/>\n<strong>del Consiglio Nazionale del Geologi<\/strong><br \/>\n<strong>Dott. Geol. Francesco Peduto<\/strong><\/p>\n<p><strong>La Presidente<\/strong><br \/>\n<strong>dell\u2019Ordine dei Geologi Regione del Veneto<\/strong><br \/>\n<strong>Dott.ssa Geol. Tatiana Bartolomei<\/strong><\/p>\n<p><strong>Documento condiviso e sottoscritto dai tutti i Presidenti degli OORR, di seguito elencati:<\/strong><\/p>\n<p>dott. Geol. Nicola Tullo<br \/>\nPresidente Ordine Geologi Regione Abruzzo<\/p>\n<p>dott. Geol. Dino Colangelo<br \/>\nPresidente Ordine Geologi Regione Basilicata<\/p>\n<p>dott. Geol. Alfonso Aliperta<br \/>\nPresidente Ordine Geologi Regione Calabria<\/p>\n<p>dott. Geol. Egidio Grasso<br \/>\nPresidente Ordine Geologi Regione Campania<\/p>\n<p>dott. Geol. Paride Antolini<br \/>\nPresidente Ordine Geologi Regione Emilia Romagna<\/p>\n<p>dott. Geol. Francesco Treu<br \/>\nPresidente Ordine Geologi Regione Friuli V.G.<\/p>\n<p>dott. Geol. Roberto Troncarelli<br \/>\nPresidente Ordine Geologi Regione Lazio<\/p>\n<p>dott. Geol. Carlo Civelli<br \/>\nPresidente Ordine Geologi Regione Liguria<\/p>\n<p>dott. Geol. Gaetano Buttic\u00e8<br \/>\nPresidente Ordine Geologi Regione Lombardia<\/p>\n<p>dott. Geol. Piero Farabollini<br \/>\nPresidente Ordine Geologi Regione Marche<\/p>\n<p>dott. Geol. Giancarlo De Lisio<br \/>\nPresidente Ordine Geologi Regione Molise<\/p>\n<p>dott. Geol. Salvatore Valletta<br \/>\nPresidente Ordine Geologi Regione Puglia<\/p>\n<p>dott. Geol. Giovanni Capulli<br \/>\nPresidente Ordine Geologi Regione Piemonte<\/p>\n<p>dott. Geol. Giancarlo Carboni<br \/>\nPresidente Ordine Geologi Regione Sardegna<\/p>\n<p>dott. Geol. Giuseppe Collura<br \/>\nPresidente Ordine Geologi Regione Sicilia<\/p>\n<p>dott. Geol. Riccardo Martelli<br \/>\nPresidente Ordine Geologi Regione Toscana<\/p>\n<p>dott. Geol. Mirko Demozzi<br \/>\nPresidente Ordine Geologi Regione Trentino A.A.<\/p>\n<p>dott. Geol. Filippo Guidobaldi<br \/>\nPresidente Ordine Geologi Regione Umbria<\/p>\n<p>dott. Geol. Paolo Castello<br \/>\nPresidente Ordine Geologi Regione Valle D\u2019Aosta<\/p>\n<p>&nbsp;<\/p>\n<p><strong>La replica di Bottacin<\/strong><\/p>\n<p>Venezia, 8 gennaio 2019<br \/>\n\u201cHo letto con attenzione quanto scrittomi dai presidenti degli Ordini nazionale e veneto dei geologi e meditavo di rispondere a mia volta alla lettera datata 7 febbraio con una riflessione scritta rivolta direttamente a loro. Essendo peraltro tale nota stata diffusa anche tramite stampa, anticiper\u00f2 \u00a0pubblicamente anch\u2019io il tenore del mio riscontro\u201d. A dichiararlo \u00e8 l\u2019assessore alla Protezione Civile Gianpaolo Bottacin, relazione alle polemiche legate ai danni del maltempo di fine ottobre 2018.<br \/>\n\u201cPremetto da subito che non \u00e8 mia intenzione rettificare alcunch\u00e9 \u2013 aggiunge Bottacin &#8211; di quanto da me affermato poich\u00e9 non vi era alcun intento denigratorio nei confronti della categoria dei geologi, dipendenti o liberi professionisti, anzi se qualcuno avr\u00e0 la bont\u00e0 di rileggere con attenzione le mie pubbliche dichiarazioni del giorno 3 febbraio e anche quelle del 2017, citate nella lettera dei due presidenti, potr\u00e0 ben constatare che ci\u00f2 che loro affermano \u00e8 assolutamente lontano dalla verit\u00e0\u201d.<br \/>\n\u201cLa Regione Veneto, conoscendone il prezioso ruolo, ha al suo interno numerosi geologi \u2013 specifica l\u2019assessore -, ma all\u2019occorrenza si \u00e8 avvalsa, si avvale e continuer\u00e0 ad avvalersi anche di ulteriori tecnici esterni. Basti pensare, per fare un solo nome, al coinvolgimento del prof. Casagli, geologo di fama internazionale, massimo consulente del Dipartimento Nazionale della Protezione Civile e di indiscussa capacit\u00e0, da me personalmente contattato per conto dell\u2019amministrazione regionale anche a seguito dell&#8217;ultima emergenza. Proprio il prof. Casagli nel corso di un sopralluogo in Cadore, avvenuto circa un anno fa, aveva speso parole di elogio nei confronti della Regione Veneto per la gestione di situazioni particolarmente delicate come per esempio la frana di Perarolo&#8221;.<br \/>\n\u201cNelle mie affermazioni prosegue Bottacin &#8211; non vi era pertanto alcuna intromissione verso l\u2019utilizzo dei geologi da parte di un comitato di cittadini, pi\u00f9 semplicemente si voleva rassicurare i medesimi che gli enti competenti, con in testa la Regione, vigilano e operano H24, anche tramite il prezioso lavoro dei geologi, che come dissi pure nel comunicato del giorno 3 febbraio mandiamo in giro dappertutto a fare valutazioni e rilievi, in molte occasioni anche precedentemente al verificarsi di eventi calamitosi e proprio per valutare possibili situazioni di pericolo\u201d.<br \/>\n\u201cProprio un libero professionista come il dott. Salti, per citare un altro tecnico appartenente alla categoria dei geologi fa presente l\u2019Assessore &#8211; in diverse pubbliche occasioni ha sottolineato il fondamentale lavoro posto in essere dalla Regione per la prevenzione. Il dott. Salti ha infatti dichiarato che grazie alle opere di prevenzione realizzate da Regione e Provincia, si sono evitati danni ben peggiori. La Regione infatti da anni si \u00e8 dotata del piano predisposto dal professor ingegner Luigi D\u2019Alpaos per garantire la sicurezza del territorio veneto; un piano da circa 3 miliardi di euro che nasce con l\u2019intento non solo di dare adeguate risposte ad eventi gi\u00e0 accaduti, ma soprattutto prevenirne di nuovi, pur sapendo che il rischio zero non esiste. Un piano gi\u00e0 parzialmente realizzato con opere di mitigazione del valore di quasi un miliardo di euro. E per fare queste opere ci siamo avvalsi anche del preziosissimo apporto di molti geologi dipendenti pubblici, ma non solo\u201d.<br \/>\n\u201cTrovo quindi imbarazzante \u2013 dice ancora &#8211; che gli ordini professionali di categoria sembrino, con la lettera inviatami, creare figli e figliastri all\u2019interno del loro ordine. Sembra che si voglia tutelare solo i liberi professionisti senza riconoscere l&#8217;enorme impegno dei numerosi geologi dipendenti o incaricati dalla Regione e dalle Province, tutti estremamente qualificati. Gli ordini professionali, a uno dei quali sono iscritto anch\u2019io, credo dovrebbero infatti difendere e tutelare tutti i loro iscritti indistintamente&#8221;.<br \/>\n\u201cPer tutte le ragioni esposte respingo categoricamente ogni addebito \u2013 conclude Bottacin &#8211; e sono io invece ad attendere dai due presidenti rettifica su alcuni passaggi della loro nota in cui in maniera impropria si afferma che la Regione Veneto &#8220;inseguirebbe le emergenze&#8221; e avrebbe strutture di geologi &#8220;carenti&#8221;. Dichiarazioni che lasciano semplicemente basiti\u201d.<\/p>\n<p>&nbsp;<\/p>\n<p>&nbsp;<\/p>","protected":false},"excerpt":{"rendered":"<p>Il Consiglio dell\u2019Ordine dei Geologi del Veneto, unitamente al Consiglio Nazionale dei Geologi e con la condivisione di tutti gli Ordini Regionali dei Geologi, ha sottoscritto una nota, indirizzata all\u2019assessore all\u2019Ambiente e Protezione Civile della Regione del Veneto Gianpaolo Bottacin, al presidente della Regione Luca Zaia in difesa del ruolo e della professione del geologo. [&hellip;]<\/p>\n","protected":false},"author":2,"featured_media":0,"comment_status":"closed","ping_status":"open","sticky":false,"template":"","format":"standard","meta":{"footnotes":""},"categories":[5,26],"tags":[],"class_list":["post-101905","post","type-post","status-publish","format-standard","category-cronaca","category-prima-pagina"],"yoast_head":"<!-- This site is optimized with the Yoast SEO plugin v28.4 - https:\/\/yoast.com\/product\/yoast-seo-wordpress\/ -->\n<title>Il Consiglio nazionale dei geologi e gli Ordini regionali scrivono all&#039;assessore Bottacin e alla Regione Veneto - Bellunopress - Dolomiti<\/title>\n<meta name=\"robots\" content=\"index, follow, max-snippet:-1, max-image-preview:large, max-video-preview:-1\" \/>\n<link rel=\"canonical\" href=\"https:\/\/www.bellunopress.it\/fr\/2019\/02\/08\/il-consiglio-nazionale-dei-geologi-e-gli-ordini-regionali-scrivono-allassessore-bottacin-e-alla-regione-veneto\/\" \/>\n<meta property=\"og:locale\" content=\"fr_FR\" \/>\n<meta property=\"og:type\" content=\"article\" \/>\n<meta property=\"og:title\" content=\"Il Consiglio nazionale dei geologi e gli Ordini regionali scrivono all&#039;assessore Bottacin e alla Regione Veneto - Bellunopress - Dolomiti\" \/>\n<meta property=\"og:description\" content=\"Il Consiglio dell\u2019Ordine dei Geologi del Veneto, unitamente al Consiglio Nazionale dei Geologi e con la condivisione di tutti gli Ordini Regionali dei Geologi, ha sottoscritto una nota, indirizzata all\u2019assessore all\u2019Ambiente e Protezione Civile della Regione del Veneto Gianpaolo Bottacin, al presidente della Regione Luca Zaia in difesa del ruolo e della professione del geologo. [&hellip;]\" \/>\n<meta property=\"og:url\" content=\"https:\/\/www.bellunopress.it\/fr\/2019\/02\/08\/il-consiglio-nazionale-dei-geologi-e-gli-ordini-regionali-scrivono-allassessore-bottacin-e-alla-regione-veneto\/\" \/>\n<meta property=\"og:site_name\" content=\"Bellunopress - Dolomiti\" \/>\n<meta property=\"article:publisher\" content=\"https:\/\/www.facebook.com\/profile.php?id=100008943462799\" \/>\n<meta property=\"article:published_time\" content=\"2019-02-08T20:01:25+00:00\" \/>\n<meta property=\"article:modified_time\" content=\"2019-02-08T20:04:12+00:00\" \/>\n<meta property=\"og:image\" content=\"http:\/\/www.bellunopress.it\/wp-content\/uploads\/2019\/02\/ordine-dei-geologi-del-veneto.jpg\" \/>\n<meta name=\"author\" content=\"redazione\" \/>\n<meta name=\"twitter:card\" content=\"summary_large_image\" \/>\n<meta name=\"twitter:creator\" content=\"@bellunopress\" \/>\n<meta name=\"twitter:site\" content=\"@bellunopress\" \/>\n<meta name=\"twitter:label1\" content=\"\u00c9crit par\" \/>\n\t<meta name=\"twitter:data1\" content=\"redazione\" \/>\n\t<meta name=\"twitter:label2\" content=\"Dur\u00e9e de lecture estim\u00e9e\" \/>\n\t<meta name=\"twitter:data2\" content=\"9 minutes\" \/>\n<script type=\"application\/ld+json\" class=\"yoast-schema-graph\">{\"@context\":\"https:\\\/\\\/schema.org\",\"@graph\":[{\"@type\":\"Article\",\"@id\":\"https:\\\/\\\/www.bellunopress.it\\\/2019\\\/02\\\/08\\\/il-consiglio-nazionale-dei-geologi-e-gli-ordini-regionali-scrivono-allassessore-bottacin-e-alla-regione-veneto\\\/#article\",\"isPartOf\":{\"@id\":\"https:\\\/\\\/www.bellunopress.it\\\/2019\\\/02\\\/08\\\/il-consiglio-nazionale-dei-geologi-e-gli-ordini-regionali-scrivono-allassessore-bottacin-e-alla-regione-veneto\\\/\"},\"author\":{\"name\":\"redazione\",\"@id\":\"https:\\\/\\\/www.bellunopress.it\\\/#\\\/schema\\\/person\\\/79bb06722b37ece1c03d3e94beb30d73\"},\"headline\":\"Il Consiglio nazionale dei geologi e gli Ordini regionali scrivono all&#8217;assessore Bottacin e alla Regione Veneto\",\"datePublished\":\"2019-02-08T20:01:25+00:00\",\"dateModified\":\"2019-02-08T20:04:12+00:00\",\"mainEntityOfPage\":{\"@id\":\"https:\\\/\\\/www.bellunopress.it\\\/2019\\\/02\\\/08\\\/il-consiglio-nazionale-dei-geologi-e-gli-ordini-regionali-scrivono-allassessore-bottacin-e-alla-regione-veneto\\\/\"},\"wordCount\":1721,\"publisher\":{\"@id\":\"https:\\\/\\\/www.bellunopress.it\\\/#organization\"},\"image\":{\"@id\":\"https:\\\/\\\/www.bellunopress.it\\\/2019\\\/02\\\/08\\\/il-consiglio-nazionale-dei-geologi-e-gli-ordini-regionali-scrivono-allassessore-bottacin-e-alla-regione-veneto\\\/#primaryimage\"},\"thumbnailUrl\":\"http:\\\/\\\/www.bellunopress.it\\\/wp-content\\\/uploads\\\/2019\\\/02\\\/ordine-dei-geologi-del-veneto.jpg\",\"articleSection\":[\"Cronaca\\\/Politica\",\"Prima Pagina\"],\"inLanguage\":\"fr-FR\"},{\"@type\":\"WebPage\",\"@id\":\"https:\\\/\\\/www.bellunopress.it\\\/2019\\\/02\\\/08\\\/il-consiglio-nazionale-dei-geologi-e-gli-ordini-regionali-scrivono-allassessore-bottacin-e-alla-regione-veneto\\\/\",\"url\":\"https:\\\/\\\/www.bellunopress.it\\\/2019\\\/02\\\/08\\\/il-consiglio-nazionale-dei-geologi-e-gli-ordini-regionali-scrivono-allassessore-bottacin-e-alla-regione-veneto\\\/\",\"name\":\"Il Consiglio nazionale dei geologi e gli Ordini regionali scrivono all'assessore Bottacin e alla Regione Veneto - Bellunopress - Dolomiti\",\"isPartOf\":{\"@id\":\"https:\\\/\\\/www.bellunopress.it\\\/#website\"},\"primaryImageOfPage\":{\"@id\":\"https:\\\/\\\/www.bellunopress.it\\\/2019\\\/02\\\/08\\\/il-consiglio-nazionale-dei-geologi-e-gli-ordini-regionali-scrivono-allassessore-bottacin-e-alla-regione-veneto\\\/#primaryimage\"},\"image\":{\"@id\":\"https:\\\/\\\/www.bellunopress.it\\\/2019\\\/02\\\/08\\\/il-consiglio-nazionale-dei-geologi-e-gli-ordini-regionali-scrivono-allassessore-bottacin-e-alla-regione-veneto\\\/#primaryimage\"},\"thumbnailUrl\":\"http:\\\/\\\/www.bellunopress.it\\\/wp-content\\\/uploads\\\/2019\\\/02\\\/ordine-dei-geologi-del-veneto.jpg\",\"datePublished\":\"2019-02-08T20:01:25+00:00\",\"dateModified\":\"2019-02-08T20:04:12+00:00\",\"breadcrumb\":{\"@id\":\"https:\\\/\\\/www.bellunopress.it\\\/2019\\\/02\\\/08\\\/il-consiglio-nazionale-dei-geologi-e-gli-ordini-regionali-scrivono-allassessore-bottacin-e-alla-regione-veneto\\\/#breadcrumb\"},\"inLanguage\":\"fr-FR\",\"potentialAction\":[{\"@type\":\"ReadAction\",\"target\":[\"https:\\\/\\\/www.bellunopress.it\\\/2019\\\/02\\\/08\\\/il-consiglio-nazionale-dei-geologi-e-gli-ordini-regionali-scrivono-allassessore-bottacin-e-alla-regione-veneto\\\/\"]}]},{\"@type\":\"ImageObject\",\"inLanguage\":\"fr-FR\",\"@id\":\"https:\\\/\\\/www.bellunopress.it\\\/2019\\\/02\\\/08\\\/il-consiglio-nazionale-dei-geologi-e-gli-ordini-regionali-scrivono-allassessore-bottacin-e-alla-regione-veneto\\\/#primaryimage\",\"url\":\"http:\\\/\\\/www.bellunopress.it\\\/wp-content\\\/uploads\\\/2019\\\/02\\\/ordine-dei-geologi-del-veneto.jpg\",\"contentUrl\":\"http:\\\/\\\/www.bellunopress.it\\\/wp-content\\\/uploads\\\/2019\\\/02\\\/ordine-dei-geologi-del-veneto.jpg\"},{\"@type\":\"BreadcrumbList\",\"@id\":\"https:\\\/\\\/www.bellunopress.it\\\/2019\\\/02\\\/08\\\/il-consiglio-nazionale-dei-geologi-e-gli-ordini-regionali-scrivono-allassessore-bottacin-e-alla-regione-veneto\\\/#breadcrumb\",\"itemListElement\":[{\"@type\":\"ListItem\",\"position\":1,\"name\":\"Home\",\"item\":\"https:\\\/\\\/www.bellunopress.it\\\/\"},{\"@type\":\"ListItem\",\"position\":2,\"name\":\"Il Consiglio nazionale dei geologi e gli Ordini regionali scrivono all&#8217;assessore Bottacin e alla Regione Veneto\"}]},{\"@type\":\"WebSite\",\"@id\":\"https:\\\/\\\/www.bellunopress.it\\\/#website\",\"url\":\"https:\\\/\\\/www.bellunopress.it\\\/\",\"name\":\"Bellunopress - Dolomiti\",\"description\":\"e-mail: redazione@bellunopress.it\",\"publisher\":{\"@id\":\"https:\\\/\\\/www.bellunopress.it\\\/#organization\"},\"potentialAction\":[{\"@type\":\"SearchAction\",\"target\":{\"@type\":\"EntryPoint\",\"urlTemplate\":\"https:\\\/\\\/www.bellunopress.it\\\/?s={search_term_string}\"},\"query-input\":{\"@type\":\"PropertyValueSpecification\",\"valueRequired\":true,\"valueName\":\"search_term_string\"}}],\"inLanguage\":\"fr-FR\"},{\"@type\":\"Organization\",\"@id\":\"https:\\\/\\\/www.bellunopress.it\\\/#organization\",\"name\":\"Bellunopress\",\"url\":\"https:\\\/\\\/www.bellunopress.it\\\/\",\"logo\":{\"@type\":\"ImageObject\",\"inLanguage\":\"fr-FR\",\"@id\":\"https:\\\/\\\/www.bellunopress.it\\\/#\\\/schema\\\/logo\\\/image\\\/\",\"url\":\"https:\\\/\\\/www.bellunopress.it\\\/wp-content\\\/uploads\\\/2011\\\/05\\\/cropped-logo-bellunopress-.jpg\",\"contentUrl\":\"https:\\\/\\\/www.bellunopress.it\\\/wp-content\\\/uploads\\\/2011\\\/05\\\/cropped-logo-bellunopress-.jpg\",\"width\":512,\"height\":512,\"caption\":\"Bellunopress\"},\"image\":{\"@id\":\"https:\\\/\\\/www.bellunopress.it\\\/#\\\/schema\\\/logo\\\/image\\\/\"},\"sameAs\":[\"https:\\\/\\\/www.facebook.com\\\/profile.php?id=100008943462799\",\"https:\\\/\\\/x.com\\\/bellunopress\",\"https:\\\/\\\/www.linkedin.com\\\/hp\\\/?dnr=JBzUWaJfMUw8vbXJJ2tVW5-I3jZKvC4wsoxE&amp;amp;amp;amp;amp;amp;trk=nav_responsive_tab_home\",\"https:\\\/\\\/www.youtube.com\\\/channel\\\/UCxL0wu1uN0_3_7hGG0306cw\"]},{\"@type\":\"Person\",\"@id\":\"https:\\\/\\\/www.bellunopress.it\\\/#\\\/schema\\\/person\\\/79bb06722b37ece1c03d3e94beb30d73\",\"name\":\"redazione\",\"image\":{\"@type\":\"ImageObject\",\"inLanguage\":\"fr-FR\",\"@id\":\"https:\\\/\\\/secure.gravatar.com\\\/avatar\\\/37d968a2e67a6fd04c169c4bdef102d0bc5d31b2546345219e348575eb80e9a0?s=96&d=mm&r=g\",\"url\":\"https:\\\/\\\/secure.gravatar.com\\\/avatar\\\/37d968a2e67a6fd04c169c4bdef102d0bc5d31b2546345219e348575eb80e9a0?s=96&d=mm&r=g\",\"contentUrl\":\"https:\\\/\\\/secure.gravatar.com\\\/avatar\\\/37d968a2e67a6fd04c169c4bdef102d0bc5d31b2546345219e348575eb80e9a0?s=96&d=mm&r=g\",\"caption\":\"redazione\"},\"sameAs\":[\"http:\\\/\\\/www.bellunopress.it\",\"https:\\\/\\\/x.com\\\/bellunopress\"],\"url\":\"https:\\\/\\\/www.bellunopress.it\\\/fr\\\/author\\\/redazione\\\/\"}]}<\/script>\n<!-- \/ Yoast SEO plugin. -->","yoast_head_json":{"title":"Il Consiglio nazionale dei geologi e gli Ordini regionali scrivono all'assessore Bottacin e alla Regione Veneto - Bellunopress - Dolomiti","robots":{"index":"index","follow":"follow","max-snippet":"max-snippet:-1","max-image-preview":"max-image-preview:large","max-video-preview":"max-video-preview:-1"},"canonical":"https:\/\/www.bellunopress.it\/fr\/2019\/02\/08\/il-consiglio-nazionale-dei-geologi-e-gli-ordini-regionali-scrivono-allassessore-bottacin-e-alla-regione-veneto\/","og_locale":"fr_FR","og_type":"article","og_title":"Il Consiglio nazionale dei geologi e gli Ordini regionali scrivono all'assessore Bottacin e alla Regione Veneto - Bellunopress - Dolomiti","og_description":"Il Consiglio dell\u2019Ordine dei Geologi del Veneto, unitamente al Consiglio Nazionale dei Geologi e con la condivisione di tutti gli Ordini Regionali dei Geologi, ha sottoscritto una nota, indirizzata all\u2019assessore all\u2019Ambiente e Protezione Civile della Regione del Veneto Gianpaolo Bottacin, al presidente della Regione Luca Zaia in difesa del ruolo e della professione del geologo. [&hellip;]","og_url":"https:\/\/www.bellunopress.it\/fr\/2019\/02\/08\/il-consiglio-nazionale-dei-geologi-e-gli-ordini-regionali-scrivono-allassessore-bottacin-e-alla-regione-veneto\/","og_site_name":"Bellunopress - Dolomiti","article_publisher":"https:\/\/www.facebook.com\/profile.php?id=100008943462799","article_published_time":"2019-02-08T20:01:25+00:00","article_modified_time":"2019-02-08T20:04:12+00:00","og_image":[{"url":"http:\/\/www.bellunopress.it\/wp-content\/uploads\/2019\/02\/ordine-dei-geologi-del-veneto.jpg","type":"","width":"","height":""}],"author":"redazione","twitter_card":"summary_large_image","twitter_creator":"@bellunopress","twitter_site":"@bellunopress","twitter_misc":{"\u00c9crit par":"redazione","Dur\u00e9e de lecture estim\u00e9e":"9 minutes"},"schema":{"@context":"https:\/\/schema.org","@graph":[{"@type":"Article","@id":"https:\/\/www.bellunopress.it\/2019\/02\/08\/il-consiglio-nazionale-dei-geologi-e-gli-ordini-regionali-scrivono-allassessore-bottacin-e-alla-regione-veneto\/#article","isPartOf":{"@id":"https:\/\/www.bellunopress.it\/2019\/02\/08\/il-consiglio-nazionale-dei-geologi-e-gli-ordini-regionali-scrivono-allassessore-bottacin-e-alla-regione-veneto\/"},"author":{"name":"redazione","@id":"https:\/\/www.bellunopress.it\/#\/schema\/person\/79bb06722b37ece1c03d3e94beb30d73"},"headline":"Il Consiglio nazionale dei geologi e gli Ordini regionali scrivono all&#8217;assessore Bottacin e alla Regione Veneto","datePublished":"2019-02-08T20:01:25+00:00","dateModified":"2019-02-08T20:04:12+00:00","mainEntityOfPage":{"@id":"https:\/\/www.bellunopress.it\/2019\/02\/08\/il-consiglio-nazionale-dei-geologi-e-gli-ordini-regionali-scrivono-allassessore-bottacin-e-alla-regione-veneto\/"},"wordCount":1721,"publisher":{"@id":"https:\/\/www.bellunopress.it\/#organization"},"image":{"@id":"https:\/\/www.bellunopress.it\/2019\/02\/08\/il-consiglio-nazionale-dei-geologi-e-gli-ordini-regionali-scrivono-allassessore-bottacin-e-alla-regione-veneto\/#primaryimage"},"thumbnailUrl":"http:\/\/www.bellunopress.it\/wp-content\/uploads\/2019\/02\/ordine-dei-geologi-del-veneto.jpg","articleSection":["Cronaca\/Politica","Prima Pagina"],"inLanguage":"fr-FR"},{"@type":"WebPage","@id":"https:\/\/www.bellunopress.it\/2019\/02\/08\/il-consiglio-nazionale-dei-geologi-e-gli-ordini-regionali-scrivono-allassessore-bottacin-e-alla-regione-veneto\/","url":"https:\/\/www.bellunopress.it\/2019\/02\/08\/il-consiglio-nazionale-dei-geologi-e-gli-ordini-regionali-scrivono-allassessore-bottacin-e-alla-regione-veneto\/","name":"Il Consiglio nazionale dei geologi e gli Ordini regionali scrivono all'assessore Bottacin e alla Regione Veneto - Bellunopress - Dolomiti","isPartOf":{"@id":"https:\/\/www.bellunopress.it\/#website"},"primaryImageOfPage":{"@id":"https:\/\/www.bellunopress.it\/2019\/02\/08\/il-consiglio-nazionale-dei-geologi-e-gli-ordini-regionali-scrivono-allassessore-bottacin-e-alla-regione-veneto\/#primaryimage"},"image":{"@id":"https:\/\/www.bellunopress.it\/2019\/02\/08\/il-consiglio-nazionale-dei-geologi-e-gli-ordini-regionali-scrivono-allassessore-bottacin-e-alla-regione-veneto\/#primaryimage"},"thumbnailUrl":"http:\/\/www.bellunopress.it\/wp-content\/uploads\/2019\/02\/ordine-dei-geologi-del-veneto.jpg","datePublished":"2019-02-08T20:01:25+00:00","dateModified":"2019-02-08T20:04:12+00:00","breadcrumb":{"@id":"https:\/\/www.bellunopress.it\/2019\/02\/08\/il-consiglio-nazionale-dei-geologi-e-gli-ordini-regionali-scrivono-allassessore-bottacin-e-alla-regione-veneto\/#breadcrumb"},"inLanguage":"fr-FR","potentialAction":[{"@type":"ReadAction","target":["https:\/\/www.bellunopress.it\/2019\/02\/08\/il-consiglio-nazionale-dei-geologi-e-gli-ordini-regionali-scrivono-allassessore-bottacin-e-alla-regione-veneto\/"]}]},{"@type":"ImageObject","inLanguage":"fr-FR","@id":"https:\/\/www.bellunopress.it\/2019\/02\/08\/il-consiglio-nazionale-dei-geologi-e-gli-ordini-regionali-scrivono-allassessore-bottacin-e-alla-regione-veneto\/#primaryimage","url":"http:\/\/www.bellunopress.it\/wp-content\/uploads\/2019\/02\/ordine-dei-geologi-del-veneto.jpg","contentUrl":"http:\/\/www.bellunopress.it\/wp-content\/uploads\/2019\/02\/ordine-dei-geologi-del-veneto.jpg"},{"@type":"BreadcrumbList","@id":"https:\/\/www.bellunopress.it\/2019\/02\/08\/il-consiglio-nazionale-dei-geologi-e-gli-ordini-regionali-scrivono-allassessore-bottacin-e-alla-regione-veneto\/#breadcrumb","itemListElement":[{"@type":"ListItem","position":1,"name":"Home","item":"https:\/\/www.bellunopress.it\/"},{"@type":"ListItem","position":2,"name":"Il Consiglio nazionale dei geologi e gli Ordini regionali scrivono all&#8217;assessore Bottacin e alla Regione Veneto"}]},{"@type":"WebSite","@id":"https:\/\/www.bellunopress.it\/#website","url":"https:\/\/www.bellunopress.it\/","name":"Bellunopress - Dolomiti","description":"e-mail: redazione@bellunopress.it","publisher":{"@id":"https:\/\/www.bellunopress.it\/#organization"},"potentialAction":[{"@type":"SearchAction","target":{"@type":"EntryPoint","urlTemplate":"https:\/\/www.bellunopress.it\/?s={search_term_string}"},"query-input":{"@type":"PropertyValueSpecification","valueRequired":true,"valueName":"search_term_string"}}],"inLanguage":"fr-FR"},{"@type":"Organization","@id":"https:\/\/www.bellunopress.it\/#organization","name":"Bellunopress","url":"https:\/\/www.bellunopress.it\/","logo":{"@type":"ImageObject","inLanguage":"fr-FR","@id":"https:\/\/www.bellunopress.it\/#\/schema\/logo\/image\/","url":"https:\/\/www.bellunopress.it\/wp-content\/uploads\/2011\/05\/cropped-logo-bellunopress-.jpg","contentUrl":"https:\/\/www.bellunopress.it\/wp-content\/uploads\/2011\/05\/cropped-logo-bellunopress-.jpg","width":512,"height":512,"caption":"Bellunopress"},"image":{"@id":"https:\/\/www.bellunopress.it\/#\/schema\/logo\/image\/"},"sameAs":["https:\/\/www.facebook.com\/profile.php?id=100008943462799","https:\/\/x.com\/bellunopress","https:\/\/www.linkedin.com\/hp\/?dnr=JBzUWaJfMUw8vbXJJ2tVW5-I3jZKvC4wsoxE&amp;amp;amp;amp;amp;amp;trk=nav_responsive_tab_home","https:\/\/www.youtube.com\/channel\/UCxL0wu1uN0_3_7hGG0306cw"]},{"@type":"Person","@id":"https:\/\/www.bellunopress.it\/#\/schema\/person\/79bb06722b37ece1c03d3e94beb30d73","name":"r\u00e9daction","image":{"@type":"ImageObject","inLanguage":"fr-FR","@id":"https:\/\/secure.gravatar.com\/avatar\/37d968a2e67a6fd04c169c4bdef102d0bc5d31b2546345219e348575eb80e9a0?s=96&d=mm&r=g","url":"https:\/\/secure.gravatar.com\/avatar\/37d968a2e67a6fd04c169c4bdef102d0bc5d31b2546345219e348575eb80e9a0?s=96&d=mm&r=g","contentUrl":"https:\/\/secure.gravatar.com\/avatar\/37d968a2e67a6fd04c169c4bdef102d0bc5d31b2546345219e348575eb80e9a0?s=96&d=mm&r=g","caption":"redazione"},"sameAs":["http:\/\/www.bellunopress.it","https:\/\/x.com\/bellunopress"],"url":"https:\/\/www.bellunopress.it\/fr\/author\/redazione\/"}]}},"_links":{"self":[{"href":"https:\/\/www.bellunopress.it\/fr\/wp-json\/wp\/v2\/posts\/101905","targetHints":{"allow":["GET"]}}],"collection":[{"href":"https:\/\/www.bellunopress.it\/fr\/wp-json\/wp\/v2\/posts"}],"about":[{"href":"https:\/\/www.bellunopress.it\/fr\/wp-json\/wp\/v2\/types\/post"}],"author":[{"embeddable":true,"href":"https:\/\/www.bellunopress.it\/fr\/wp-json\/wp\/v2\/users\/2"}],"replies":[{"embeddable":true,"href":"https:\/\/www.bellunopress.it\/fr\/wp-json\/wp\/v2\/comments?post=101905"}],"version-history":[{"count":3,"href":"https:\/\/www.bellunopress.it\/fr\/wp-json\/wp\/v2\/posts\/101905\/revisions"}],"predecessor-version":[{"id":101909,"href":"https:\/\/www.bellunopress.it\/fr\/wp-json\/wp\/v2\/posts\/101905\/revisions\/101909"}],"wp:attachment":[{"href":"https:\/\/www.bellunopress.it\/fr\/wp-json\/wp\/v2\/media?parent=101905"}],"wp:term":[{"taxonomy":"category","embeddable":true,"href":"https:\/\/www.bellunopress.it\/fr\/wp-json\/wp\/v2\/categories?post=101905"},{"taxonomy":"post_tag","embeddable":true,"href":"https:\/\/www.bellunopress.it\/fr\/wp-json\/wp\/v2\/tags?post=101905"}],"curies":[{"name":"wp","href":"https:\/\/api.w.org\/{rel}","templated":true}]}}