{"id":101901,"date":"2019-02-08T17:02:24","date_gmt":"2019-02-08T16:02:24","guid":{"rendered":"http:\/\/www.bellunopress.it\/?p=101901"},"modified":"2019-02-08T17:02:24","modified_gmt":"2019-02-08T16:02:24","slug":"garda-in-love-e-jesolo-in-love-un-brindisi-allamore-con-il-chiaretto-di-bardolino","status":"publish","type":"post","link":"https:\/\/www.bellunopress.it\/fr\/2019\/02\/08\/garda-in-love-e-jesolo-in-love-un-brindisi-allamore-con-il-chiaretto-di-bardolino\/","title":{"rendered":"Garda in love e Jesolo in love. Un brindisi all&#8217;amore con il Chiaretto di Bardolino"},"content":{"rendered":"<p><a href=\"http:\/\/www.bellunopress.it\/fr\/2019\/02\/08\/garda-in-love-e-jesolo-in-love-un-brindisi-allamore-con-il-chiaretto-di-bardolino\/chiaretto-di-bardolino-in-love\/\" rel=\"attachment wp-att-101902\"><img loading=\"lazy\" decoding=\"async\" class=\"alignleft size-full wp-image-101902\" src=\"http:\/\/www.bellunopress.it\/wp-content\/uploads\/2019\/02\/Chiaretto-di-Bardolino-in-love.jpg\" alt=\"\" width=\"300\" height=\"200\" \/><\/a>Il vino rosa della riviera veneta del Garda \u00e8 il vino ufficiale delle due manifestazioni dedicate agli innamorati. Per l\u2019occasione il Consorzio ha creato una bottiglia di Chiaretto in edizione limitata<\/p>\n<p>Non poteva che essere il Chiaretto di Bardolino il vino ufficiale di Lago di Garda in Love e Jesolo in Love, quattro giorni dedicati agli innamorati in occasione di San Valentino. Da gioved\u00ec 14 a domenica 17 febbraio Garda, Peschiera del Garda, Castelnuovo del Garda, Lazise, Bardolino, Torri del Benaco e Jesolo ospiteranno una serie di eventi dedicati alla celebrazione dell\u2019amore. Per l\u2019occasione il Consorzio di Tutela Chiaretto e Bardolino ha creato una bottiglia speciale con l\u2019etichetta dedicata all\u2019evento.<\/p>\n<p>L\u2019inaugurazione ufficiale di Lago di Garda in Love sar\u00e0 a Bardolino, sul lungolago Lenotti, dove il 14 febbraio alle ore 11.00 si brinder\u00e0 al sentimento pi\u00f9 tenero con il Chiaretto. Sempre a Bardolino, davanti al Parco di Villa Carrara Bottagisio, durante tutti e quattro i giorni della manifestazione ci sar\u00e0 Chiaretto in Love, un angolo tutto dedicato al ros\u00e9 gardesano, aperto dalle 12.00 alle 19.00. Assieme al Chiaretto si potranno assaggiare i nodini d\u2019amore del Pastificio Avesani e le sfogliatine di Villafranca. Sabato 16 febbraio, dalle 15.30 alle 16.30, ci sar\u00e0 invece lo show cooking dedicato al radicchio di Verona IGP, guidato da Vanessa Lorenzetti, chef e terapista alimentare, e dal giornalista enogastronomico Angelo Peretti, che spiegher\u00e0 come abbinare il Chiaretto con i piatti proposti. Alle 18.15 appuntamento con Soffi di Passione&#8230;in rosa, una cascata di coriandoli rosa che cadr\u00e0 su Bardolino: le fortunate coppie che troveranno il coriandolo rosso con la scritta Chiaretto vinceranno la bottiglia appositamente creata per l\u2019evento.<\/p>\n<p>Anche a Garda ci sar\u00e0 uno spazio tutto dedicato ai sapori del luogo: nel padiglione Vela del Cuore, aperto tutti i giorni dalle 12.00 alle 19.00, si potranno degustare assieme al Chiaretto il Risotto del Cuore con il Radicchio di Verona IGP e la Torta Sbrisolona al radicchio. Qui l\u2019appuntamento con lo show cooking \u00e8 per domenica 17 febbraio, quando lo chef Andrea Cesaro e Angelo Peretti spiegheranno come abbinare il Chiaretto al Radicchio di Verona IGP.<br \/>\nIn piazza Calderini di Torri del Benaco, ad Un bacio lungo un minuto, in programma il giorno di San Valentino alle 18.00, gli innamorati potranno scambiarsi un lungo bacio nel cuore rosso allestito per l\u2019occasione. Le prime cento coppie che si registreranno nel sito www.lagodigardainlove.it e che saranno presenti all\u2019evento vinceranno la bottiglia di Chiaretto in edizione limitata.<\/p>\n<p>Durante i quattro giorni di Lago di Garda in Love saranno inoltre messi in palio cento ingressi gratuiti per l\u2019Anteprima del Chiaretto, in programma il 10 e 11 marzo a Lazise: oltre sessanta produttori presenteranno in anteprima l\u2019annata 2018 del Chiaretto prodotto sulle due riviere del Garda, quella veneta e quella lombarda.<br \/>\nIl ros\u00e9 di Bardolino \u00e8 il vino ufficiale anche di Jesolo in Love, evento in programma dal 14 al 17 febbraio nella cittadina affacciata sull\u2019Adriatico. Qui si potr\u00e0 brindare all\u2019amore con il Chiaretto direttamente sulla Terrazza d\u2019Amore, posta su uno degli edifici pi\u00f9 alti di Piazza Mazzini, che per l\u2019evento ospiter\u00e0 un grande cuore rosso.<br \/>\n\u201cSiamo felici \u2013 spiega Franco Cristoforetti, Presidente del Consorzio Tutela del Chiaretto e del Bardolino \u2013 che il nostro ros\u00e9 sia il vino ufficiale di Lago di Garda in Love e Jesolo in Love. Il suo colore e i suoi profumi si adattano perfettamente a questa occasione. Inoltre i sei Comuni che aderiscono a Lago di Garda in Love sono anche parte della zona di produzione del Chiaretto\u201d.<\/p>","protected":false},"excerpt":{"rendered":"<p>Il vino rosa della riviera veneta del Garda \u00e8 il vino ufficiale delle due manifestazioni dedicate agli innamorati. Per l\u2019occasione il Consorzio ha creato una bottiglia di Chiaretto in edizione limitata Non poteva che essere il Chiaretto di Bardolino il vino ufficiale di Lago di Garda in Love e Jesolo in Love, quattro giorni dedicati [&hellip;]<\/p>\n","protected":false},"author":2,"featured_media":0,"comment_status":"closed","ping_status":"open","sticky":false,"template":"","format":"standard","meta":{"footnotes":""},"categories":[3393],"tags":[],"class_list":["post-101901","post","type-post","status-publish","format-standard","category-eventi-enogastronomici"],"yoast_head":"<!-- This site is optimized with the Yoast SEO plugin v28.4 - https:\/\/yoast.com\/product\/yoast-seo-wordpress\/ -->\n<title>Garda in love e Jesolo in love. Un brindisi all&#039;amore con il Chiaretto di Bardolino - Bellunopress - Dolomiti<\/title>\n<meta name=\"robots\" content=\"index, follow, max-snippet:-1, max-image-preview:large, max-video-preview:-1\" \/>\n<link rel=\"canonical\" href=\"https:\/\/www.bellunopress.it\/fr\/2019\/02\/08\/garda-in-love-e-jesolo-in-love-un-brindisi-allamore-con-il-chiaretto-di-bardolino\/\" \/>\n<meta property=\"og:locale\" content=\"fr_FR\" \/>\n<meta property=\"og:type\" content=\"article\" \/>\n<meta property=\"og:title\" content=\"Garda in love e Jesolo in love. Un brindisi all&#039;amore con il Chiaretto di Bardolino - Bellunopress - Dolomiti\" \/>\n<meta property=\"og:description\" content=\"Il vino rosa della riviera veneta del Garda \u00e8 il vino ufficiale delle due manifestazioni dedicate agli innamorati. Per l\u2019occasione il Consorzio ha creato una bottiglia di Chiaretto in edizione limitata Non poteva che essere il Chiaretto di Bardolino il vino ufficiale di Lago di Garda in Love e Jesolo in Love, quattro giorni dedicati [&hellip;]\" \/>\n<meta property=\"og:url\" content=\"https:\/\/www.bellunopress.it\/fr\/2019\/02\/08\/garda-in-love-e-jesolo-in-love-un-brindisi-allamore-con-il-chiaretto-di-bardolino\/\" \/>\n<meta property=\"og:site_name\" content=\"Bellunopress - Dolomiti\" \/>\n<meta property=\"article:publisher\" content=\"https:\/\/www.facebook.com\/profile.php?id=100008943462799\" \/>\n<meta property=\"article:published_time\" content=\"2019-02-08T16:02:24+00:00\" \/>\n<meta property=\"og:image\" content=\"http:\/\/www.bellunopress.it\/wp-content\/uploads\/2019\/02\/Chiaretto-di-Bardolino-in-love.jpg\" \/>\n<meta name=\"author\" content=\"redazione\" \/>\n<meta name=\"twitter:card\" content=\"summary_large_image\" \/>\n<meta name=\"twitter:creator\" content=\"@bellunopress\" \/>\n<meta name=\"twitter:site\" content=\"@bellunopress\" \/>\n<meta name=\"twitter:label1\" content=\"Written by\" \/>\n\t<meta name=\"twitter:data1\" content=\"redazione\" \/>\n\t<meta name=\"twitter:label2\" content=\"Est. reading time\" \/>\n\t<meta name=\"twitter:data2\" content=\"3 minutes\" \/>\n<script type=\"application\/ld+json\" class=\"yoast-schema-graph\">{\"@context\":\"https:\\\/\\\/schema.org\",\"@graph\":[{\"@type\":\"Article\",\"@id\":\"https:\\\/\\\/www.bellunopress.it\\\/2019\\\/02\\\/08\\\/garda-in-love-e-jesolo-in-love-un-brindisi-allamore-con-il-chiaretto-di-bardolino\\\/#article\",\"isPartOf\":{\"@id\":\"https:\\\/\\\/www.bellunopress.it\\\/2019\\\/02\\\/08\\\/garda-in-love-e-jesolo-in-love-un-brindisi-allamore-con-il-chiaretto-di-bardolino\\\/\"},\"author\":{\"name\":\"redazione\",\"@id\":\"https:\\\/\\\/www.bellunopress.it\\\/#\\\/schema\\\/person\\\/79bb06722b37ece1c03d3e94beb30d73\"},\"headline\":\"Garda in love e Jesolo in love. Un brindisi all&#8217;amore con il Chiaretto di Bardolino\",\"datePublished\":\"2019-02-08T16:02:24+00:00\",\"mainEntityOfPage\":{\"@id\":\"https:\\\/\\\/www.bellunopress.it\\\/2019\\\/02\\\/08\\\/garda-in-love-e-jesolo-in-love-un-brindisi-allamore-con-il-chiaretto-di-bardolino\\\/\"},\"wordCount\":593,\"publisher\":{\"@id\":\"https:\\\/\\\/www.bellunopress.it\\\/#organization\"},\"image\":{\"@id\":\"https:\\\/\\\/www.bellunopress.it\\\/2019\\\/02\\\/08\\\/garda-in-love-e-jesolo-in-love-un-brindisi-allamore-con-il-chiaretto-di-bardolino\\\/#primaryimage\"},\"thumbnailUrl\":\"http:\\\/\\\/www.bellunopress.it\\\/wp-content\\\/uploads\\\/2019\\\/02\\\/Chiaretto-di-Bardolino-in-love.jpg\",\"articleSection\":[\"Eventi enogastronomici\"],\"inLanguage\":\"fr-FR\"},{\"@type\":\"WebPage\",\"@id\":\"https:\\\/\\\/www.bellunopress.it\\\/2019\\\/02\\\/08\\\/garda-in-love-e-jesolo-in-love-un-brindisi-allamore-con-il-chiaretto-di-bardolino\\\/\",\"url\":\"https:\\\/\\\/www.bellunopress.it\\\/2019\\\/02\\\/08\\\/garda-in-love-e-jesolo-in-love-un-brindisi-allamore-con-il-chiaretto-di-bardolino\\\/\",\"name\":\"Garda in love e Jesolo in love. Un brindisi all'amore con il Chiaretto di Bardolino - Bellunopress - Dolomiti\",\"isPartOf\":{\"@id\":\"https:\\\/\\\/www.bellunopress.it\\\/#website\"},\"primaryImageOfPage\":{\"@id\":\"https:\\\/\\\/www.bellunopress.it\\\/2019\\\/02\\\/08\\\/garda-in-love-e-jesolo-in-love-un-brindisi-allamore-con-il-chiaretto-di-bardolino\\\/#primaryimage\"},\"image\":{\"@id\":\"https:\\\/\\\/www.bellunopress.it\\\/2019\\\/02\\\/08\\\/garda-in-love-e-jesolo-in-love-un-brindisi-allamore-con-il-chiaretto-di-bardolino\\\/#primaryimage\"},\"thumbnailUrl\":\"http:\\\/\\\/www.bellunopress.it\\\/wp-content\\\/uploads\\\/2019\\\/02\\\/Chiaretto-di-Bardolino-in-love.jpg\",\"datePublished\":\"2019-02-08T16:02:24+00:00\",\"breadcrumb\":{\"@id\":\"https:\\\/\\\/www.bellunopress.it\\\/2019\\\/02\\\/08\\\/garda-in-love-e-jesolo-in-love-un-brindisi-allamore-con-il-chiaretto-di-bardolino\\\/#breadcrumb\"},\"inLanguage\":\"fr-FR\",\"potentialAction\":[{\"@type\":\"ReadAction\",\"target\":[\"https:\\\/\\\/www.bellunopress.it\\\/2019\\\/02\\\/08\\\/garda-in-love-e-jesolo-in-love-un-brindisi-allamore-con-il-chiaretto-di-bardolino\\\/\"]}]},{\"@type\":\"ImageObject\",\"inLanguage\":\"fr-FR\",\"@id\":\"https:\\\/\\\/www.bellunopress.it\\\/2019\\\/02\\\/08\\\/garda-in-love-e-jesolo-in-love-un-brindisi-allamore-con-il-chiaretto-di-bardolino\\\/#primaryimage\",\"url\":\"http:\\\/\\\/www.bellunopress.it\\\/wp-content\\\/uploads\\\/2019\\\/02\\\/Chiaretto-di-Bardolino-in-love.jpg\",\"contentUrl\":\"http:\\\/\\\/www.bellunopress.it\\\/wp-content\\\/uploads\\\/2019\\\/02\\\/Chiaretto-di-Bardolino-in-love.jpg\"},{\"@type\":\"BreadcrumbList\",\"@id\":\"https:\\\/\\\/www.bellunopress.it\\\/2019\\\/02\\\/08\\\/garda-in-love-e-jesolo-in-love-un-brindisi-allamore-con-il-chiaretto-di-bardolino\\\/#breadcrumb\",\"itemListElement\":[{\"@type\":\"ListItem\",\"position\":1,\"name\":\"Home\",\"item\":\"https:\\\/\\\/www.bellunopress.it\\\/\"},{\"@type\":\"ListItem\",\"position\":2,\"name\":\"Garda in love e Jesolo in love. Un brindisi all&#8217;amore con il Chiaretto di Bardolino\"}]},{\"@type\":\"WebSite\",\"@id\":\"https:\\\/\\\/www.bellunopress.it\\\/#website\",\"url\":\"https:\\\/\\\/www.bellunopress.it\\\/\",\"name\":\"Bellunopress - Dolomiti\",\"description\":\"e-mail: redazione@bellunopress.it\",\"publisher\":{\"@id\":\"https:\\\/\\\/www.bellunopress.it\\\/#organization\"},\"potentialAction\":[{\"@type\":\"SearchAction\",\"target\":{\"@type\":\"EntryPoint\",\"urlTemplate\":\"https:\\\/\\\/www.bellunopress.it\\\/?s={search_term_string}\"},\"query-input\":{\"@type\":\"PropertyValueSpecification\",\"valueRequired\":true,\"valueName\":\"search_term_string\"}}],\"inLanguage\":\"fr-FR\"},{\"@type\":\"Organization\",\"@id\":\"https:\\\/\\\/www.bellunopress.it\\\/#organization\",\"name\":\"Bellunopress\",\"url\":\"https:\\\/\\\/www.bellunopress.it\\\/\",\"logo\":{\"@type\":\"ImageObject\",\"inLanguage\":\"fr-FR\",\"@id\":\"https:\\\/\\\/www.bellunopress.it\\\/#\\\/schema\\\/logo\\\/image\\\/\",\"url\":\"https:\\\/\\\/www.bellunopress.it\\\/wp-content\\\/uploads\\\/2011\\\/05\\\/cropped-logo-bellunopress-.jpg\",\"contentUrl\":\"https:\\\/\\\/www.bellunopress.it\\\/wp-content\\\/uploads\\\/2011\\\/05\\\/cropped-logo-bellunopress-.jpg\",\"width\":512,\"height\":512,\"caption\":\"Bellunopress\"},\"image\":{\"@id\":\"https:\\\/\\\/www.bellunopress.it\\\/#\\\/schema\\\/logo\\\/image\\\/\"},\"sameAs\":[\"https:\\\/\\\/www.facebook.com\\\/profile.php?id=100008943462799\",\"https:\\\/\\\/x.com\\\/bellunopress\",\"https:\\\/\\\/www.linkedin.com\\\/hp\\\/?dnr=JBzUWaJfMUw8vbXJJ2tVW5-I3jZKvC4wsoxE&amp;amp;amp;amp;amp;amp;trk=nav_responsive_tab_home\",\"https:\\\/\\\/www.youtube.com\\\/channel\\\/UCxL0wu1uN0_3_7hGG0306cw\"]},{\"@type\":\"Person\",\"@id\":\"https:\\\/\\\/www.bellunopress.it\\\/#\\\/schema\\\/person\\\/79bb06722b37ece1c03d3e94beb30d73\",\"name\":\"redazione\",\"image\":{\"@type\":\"ImageObject\",\"inLanguage\":\"fr-FR\",\"@id\":\"https:\\\/\\\/secure.gravatar.com\\\/avatar\\\/37d968a2e67a6fd04c169c4bdef102d0bc5d31b2546345219e348575eb80e9a0?s=96&d=mm&r=g\",\"url\":\"https:\\\/\\\/secure.gravatar.com\\\/avatar\\\/37d968a2e67a6fd04c169c4bdef102d0bc5d31b2546345219e348575eb80e9a0?s=96&d=mm&r=g\",\"contentUrl\":\"https:\\\/\\\/secure.gravatar.com\\\/avatar\\\/37d968a2e67a6fd04c169c4bdef102d0bc5d31b2546345219e348575eb80e9a0?s=96&d=mm&r=g\",\"caption\":\"redazione\"},\"sameAs\":[\"http:\\\/\\\/www.bellunopress.it\",\"https:\\\/\\\/x.com\\\/bellunopress\"],\"url\":\"https:\\\/\\\/www.bellunopress.it\\\/fr\\\/author\\\/redazione\\\/\"}]}<\/script>\n<!-- \/ Yoast SEO plugin. -->","yoast_head_json":{"title":"Garda in love e Jesolo in love. Un brindisi all'amore con il Chiaretto di Bardolino - Bellunopress - Dolomiti","robots":{"index":"index","follow":"follow","max-snippet":"max-snippet:-1","max-image-preview":"max-image-preview:large","max-video-preview":"max-video-preview:-1"},"canonical":"https:\/\/www.bellunopress.it\/fr\/2019\/02\/08\/garda-in-love-e-jesolo-in-love-un-brindisi-allamore-con-il-chiaretto-di-bardolino\/","og_locale":"fr_FR","og_type":"article","og_title":"Garda in love e Jesolo in love. Un brindisi all'amore con il Chiaretto di Bardolino - Bellunopress - Dolomiti","og_description":"Il vino rosa della riviera veneta del Garda \u00e8 il vino ufficiale delle due manifestazioni dedicate agli innamorati. Per l\u2019occasione il Consorzio ha creato una bottiglia di Chiaretto in edizione limitata Non poteva che essere il Chiaretto di Bardolino il vino ufficiale di Lago di Garda in Love e Jesolo in Love, quattro giorni dedicati [&hellip;]","og_url":"https:\/\/www.bellunopress.it\/fr\/2019\/02\/08\/garda-in-love-e-jesolo-in-love-un-brindisi-allamore-con-il-chiaretto-di-bardolino\/","og_site_name":"Bellunopress - Dolomiti","article_publisher":"https:\/\/www.facebook.com\/profile.php?id=100008943462799","article_published_time":"2019-02-08T16:02:24+00:00","og_image":[{"url":"http:\/\/www.bellunopress.it\/wp-content\/uploads\/2019\/02\/Chiaretto-di-Bardolino-in-love.jpg","type":"","width":"","height":""}],"author":"redazione","twitter_card":"summary_large_image","twitter_creator":"@bellunopress","twitter_site":"@bellunopress","twitter_misc":{"Written by":"redazione","Est. reading time":"3 minutes"},"schema":{"@context":"https:\/\/schema.org","@graph":[{"@type":"Article","@id":"https:\/\/www.bellunopress.it\/2019\/02\/08\/garda-in-love-e-jesolo-in-love-un-brindisi-allamore-con-il-chiaretto-di-bardolino\/#article","isPartOf":{"@id":"https:\/\/www.bellunopress.it\/2019\/02\/08\/garda-in-love-e-jesolo-in-love-un-brindisi-allamore-con-il-chiaretto-di-bardolino\/"},"author":{"name":"redazione","@id":"https:\/\/www.bellunopress.it\/#\/schema\/person\/79bb06722b37ece1c03d3e94beb30d73"},"headline":"Garda in love e Jesolo in love. Un brindisi all&#8217;amore con il Chiaretto di Bardolino","datePublished":"2019-02-08T16:02:24+00:00","mainEntityOfPage":{"@id":"https:\/\/www.bellunopress.it\/2019\/02\/08\/garda-in-love-e-jesolo-in-love-un-brindisi-allamore-con-il-chiaretto-di-bardolino\/"},"wordCount":593,"publisher":{"@id":"https:\/\/www.bellunopress.it\/#organization"},"image":{"@id":"https:\/\/www.bellunopress.it\/2019\/02\/08\/garda-in-love-e-jesolo-in-love-un-brindisi-allamore-con-il-chiaretto-di-bardolino\/#primaryimage"},"thumbnailUrl":"http:\/\/www.bellunopress.it\/wp-content\/uploads\/2019\/02\/Chiaretto-di-Bardolino-in-love.jpg","articleSection":["Eventi enogastronomici"],"inLanguage":"fr-FR"},{"@type":"WebPage","@id":"https:\/\/www.bellunopress.it\/2019\/02\/08\/garda-in-love-e-jesolo-in-love-un-brindisi-allamore-con-il-chiaretto-di-bardolino\/","url":"https:\/\/www.bellunopress.it\/2019\/02\/08\/garda-in-love-e-jesolo-in-love-un-brindisi-allamore-con-il-chiaretto-di-bardolino\/","name":"Garda in love e Jesolo in love. Un brindisi all'amore con il Chiaretto di Bardolino - Bellunopress - Dolomiti","isPartOf":{"@id":"https:\/\/www.bellunopress.it\/#website"},"primaryImageOfPage":{"@id":"https:\/\/www.bellunopress.it\/2019\/02\/08\/garda-in-love-e-jesolo-in-love-un-brindisi-allamore-con-il-chiaretto-di-bardolino\/#primaryimage"},"image":{"@id":"https:\/\/www.bellunopress.it\/2019\/02\/08\/garda-in-love-e-jesolo-in-love-un-brindisi-allamore-con-il-chiaretto-di-bardolino\/#primaryimage"},"thumbnailUrl":"http:\/\/www.bellunopress.it\/wp-content\/uploads\/2019\/02\/Chiaretto-di-Bardolino-in-love.jpg","datePublished":"2019-02-08T16:02:24+00:00","breadcrumb":{"@id":"https:\/\/www.bellunopress.it\/2019\/02\/08\/garda-in-love-e-jesolo-in-love-un-brindisi-allamore-con-il-chiaretto-di-bardolino\/#breadcrumb"},"inLanguage":"fr-FR","potentialAction":[{"@type":"ReadAction","target":["https:\/\/www.bellunopress.it\/2019\/02\/08\/garda-in-love-e-jesolo-in-love-un-brindisi-allamore-con-il-chiaretto-di-bardolino\/"]}]},{"@type":"ImageObject","inLanguage":"fr-FR","@id":"https:\/\/www.bellunopress.it\/2019\/02\/08\/garda-in-love-e-jesolo-in-love-un-brindisi-allamore-con-il-chiaretto-di-bardolino\/#primaryimage","url":"http:\/\/www.bellunopress.it\/wp-content\/uploads\/2019\/02\/Chiaretto-di-Bardolino-in-love.jpg","contentUrl":"http:\/\/www.bellunopress.it\/wp-content\/uploads\/2019\/02\/Chiaretto-di-Bardolino-in-love.jpg"},{"@type":"BreadcrumbList","@id":"https:\/\/www.bellunopress.it\/2019\/02\/08\/garda-in-love-e-jesolo-in-love-un-brindisi-allamore-con-il-chiaretto-di-bardolino\/#breadcrumb","itemListElement":[{"@type":"ListItem","position":1,"name":"Home","item":"https:\/\/www.bellunopress.it\/"},{"@type":"ListItem","position":2,"name":"Garda in love e Jesolo in love. Un brindisi all&#8217;amore con il Chiaretto di Bardolino"}]},{"@type":"WebSite","@id":"https:\/\/www.bellunopress.it\/#website","url":"https:\/\/www.bellunopress.it\/","name":"Bellunopress - Dolomiti","description":"e-mail: redazione@bellunopress.it","publisher":{"@id":"https:\/\/www.bellunopress.it\/#organization"},"potentialAction":[{"@type":"SearchAction","target":{"@type":"EntryPoint","urlTemplate":"https:\/\/www.bellunopress.it\/?s={search_term_string}"},"query-input":{"@type":"PropertyValueSpecification","valueRequired":true,"valueName":"search_term_string"}}],"inLanguage":"fr-FR"},{"@type":"Organization","@id":"https:\/\/www.bellunopress.it\/#organization","name":"Bellunopress","url":"https:\/\/www.bellunopress.it\/","logo":{"@type":"ImageObject","inLanguage":"fr-FR","@id":"https:\/\/www.bellunopress.it\/#\/schema\/logo\/image\/","url":"https:\/\/www.bellunopress.it\/wp-content\/uploads\/2011\/05\/cropped-logo-bellunopress-.jpg","contentUrl":"https:\/\/www.bellunopress.it\/wp-content\/uploads\/2011\/05\/cropped-logo-bellunopress-.jpg","width":512,"height":512,"caption":"Bellunopress"},"image":{"@id":"https:\/\/www.bellunopress.it\/#\/schema\/logo\/image\/"},"sameAs":["https:\/\/www.facebook.com\/profile.php?id=100008943462799","https:\/\/x.com\/bellunopress","https:\/\/www.linkedin.com\/hp\/?dnr=JBzUWaJfMUw8vbXJJ2tVW5-I3jZKvC4wsoxE&amp;amp;amp;amp;amp;amp;trk=nav_responsive_tab_home","https:\/\/www.youtube.com\/channel\/UCxL0wu1uN0_3_7hGG0306cw"]},{"@type":"Person","@id":"https:\/\/www.bellunopress.it\/#\/schema\/person\/79bb06722b37ece1c03d3e94beb30d73","name":"r\u00e9daction","image":{"@type":"ImageObject","inLanguage":"fr-FR","@id":"https:\/\/secure.gravatar.com\/avatar\/37d968a2e67a6fd04c169c4bdef102d0bc5d31b2546345219e348575eb80e9a0?s=96&d=mm&r=g","url":"https:\/\/secure.gravatar.com\/avatar\/37d968a2e67a6fd04c169c4bdef102d0bc5d31b2546345219e348575eb80e9a0?s=96&d=mm&r=g","contentUrl":"https:\/\/secure.gravatar.com\/avatar\/37d968a2e67a6fd04c169c4bdef102d0bc5d31b2546345219e348575eb80e9a0?s=96&d=mm&r=g","caption":"redazione"},"sameAs":["http:\/\/www.bellunopress.it","https:\/\/x.com\/bellunopress"],"url":"https:\/\/www.bellunopress.it\/fr\/author\/redazione\/"}]}},"_links":{"self":[{"href":"https:\/\/www.bellunopress.it\/fr\/wp-json\/wp\/v2\/posts\/101901","targetHints":{"allow":["GET"]}}],"collection":[{"href":"https:\/\/www.bellunopress.it\/fr\/wp-json\/wp\/v2\/posts"}],"about":[{"href":"https:\/\/www.bellunopress.it\/fr\/wp-json\/wp\/v2\/types\/post"}],"author":[{"embeddable":true,"href":"https:\/\/www.bellunopress.it\/fr\/wp-json\/wp\/v2\/users\/2"}],"replies":[{"embeddable":true,"href":"https:\/\/www.bellunopress.it\/fr\/wp-json\/wp\/v2\/comments?post=101901"}],"version-history":[{"count":2,"href":"https:\/\/www.bellunopress.it\/fr\/wp-json\/wp\/v2\/posts\/101901\/revisions"}],"predecessor-version":[{"id":101904,"href":"https:\/\/www.bellunopress.it\/fr\/wp-json\/wp\/v2\/posts\/101901\/revisions\/101904"}],"wp:attachment":[{"href":"https:\/\/www.bellunopress.it\/fr\/wp-json\/wp\/v2\/media?parent=101901"}],"wp:term":[{"taxonomy":"category","embeddable":true,"href":"https:\/\/www.bellunopress.it\/fr\/wp-json\/wp\/v2\/categories?post=101901"},{"taxonomy":"post_tag","embeddable":true,"href":"https:\/\/www.bellunopress.it\/fr\/wp-json\/wp\/v2\/tags?post=101901"}],"curies":[{"name":"wp","href":"https:\/\/api.w.org\/{rel}","templated":true}]}}