{"id":101891,"date":"2019-02-08T16:21:47","date_gmt":"2019-02-08T15:21:47","guid":{"rendered":"http:\/\/www.bellunopress.it\/?p=101891"},"modified":"2019-02-08T16:21:47","modified_gmt":"2019-02-08T15:21:47","slug":"consegnate-600-firme-al-sindaco-per-collegare-il-nevegal-sara-un-bacino-dutenza-reale-o-solo-virtuale","status":"publish","type":"post","link":"https:\/\/www.bellunopress.it\/fr\/2019\/02\/08\/consegnate-600-firme-al-sindaco-per-collegare-il-nevegal-sara-un-bacino-dutenza-reale-o-solo-virtuale\/","title":{"rendered":"Consegnate 600 firme al sindaco per collegare il Nevegal. Sar\u00e0 un bacino d&#8217;utenza reale o solo virtuale?"},"content":{"rendered":"<p><a href=\"http:\/\/www.bellunopress.it\/fr\/2015\/02\/06\/un-altro-sviluppo-e-possibile-nasce-v-v-o-dolomiti-leuregio-non-e-lunica-soluzione-per-il-futuro-del-bellunese\/vivaio-dolomiti\/\" rel=\"attachment wp-att-66269\"><img loading=\"lazy\" decoding=\"async\" class=\"alignleft size-full wp-image-66269\" src=\"http:\/\/www.bellunopress.it\/wp-content\/uploads\/2015\/02\/vivaio-dolomiti.jpg\" alt=\"\" width=\"180\" height=\"142\" \/><\/a>Belluno, 8 febbraio 2019\u00a0 &#8211;\u00a0 L&#8217;Associazione Vivaio Dolomiti insieme al Gruppo Nevegal hanno raccolto oltre 600 firme tra residenti, campeggiatori e proprietari di seconde case per chiedere al sindaco di Belluno di istituire\u00a0 un servizio pubblico di trasporto per il Colle. La documentazione \u00e8 stata consegnata questa mattina negli uffici comunali da Federica Tognon e Daniele Libralon del Gruppo Nevegal-Vivaio Dolomiti.<\/p>\n<p>Il Comune infatti aveva diffuso l&#8217;invito a compilare un questionario online in merito alla possibilit\u00e0 di avere un servizio di trasporto pubblico sul Nevegal, ma riservato solo ai residenti effettivi sul Colle. Moltissimi proprietari di seconde case e campeggiatori dimorano sul Colle per molti mesi all&#8217;anno, pur mantenendo la loro residenza in altra provincia. Per questa ragione si \u00e8 deciso di coinvolgere tutte le persone che vivono sul Nevegal.<\/p>\n<p>Seicento cittadini, dunque, hanno firmato la richiesta per poter utilizzare un servizio di trasporto pubblico che colleghi il Nevegal con Belluno e con Ponte nelle Alpi, attraverso la strada provinciale 31 che di fatto rappresenta una infrastruttura circolare che si potrebbe agilmente sfruttare.<\/p>\n<p>Qualora l&#8217;amministrazione comunale decidesse di dare il via a una sperimentazione del servizio, che evidentemente ha dei costi che gravano sulla collettivit\u00e0, cos\u00ec come proposto dai richiedenti, sar\u00e0 interessante vedere attraverso il monitoraggio che normalmente viene effettuato delle linee, se le 600 persone che hanno firmato corrispondono effettivamente a fruitori del servizio,\u00a0 oppure se si tratta di una firma apposta per amicizia, come i &#8220;mi piace&#8221; sui social, che tanto non costa nulla.<\/p>\n<p>&#8220;Il servizio pubblico attualmente arriva fino a Castion-Sossai-Cirvoi, da una parte, e a Losego-Quantin dall&#8217;altra, per un totale di 50 corse giornaliere, ordinare e continuative di carattere urbano ed extraurbano, che lambiscono una localit\u00e0 turistica senza raggiungerla &#8211; sottolineano i promotori dell&#8217;iniziativa &#8211; . Pensiamo sia giunto il momento di risolvere questa situazione di disagio.<br \/>\nSuggeriamo\u00a0 &#8211; prosegue la nota &#8211; che il servizio si integri e si interfacci con il sistema metropolitano regionale, attuato con servizi di mobilit\u00e0 (treni e bus) provenienti dalla pianura. Ci\u00f2 consentirebbe a tutti i turisti il raggiungimento del Colle servendosi unicamente dei mezzi pubblici. Questa proposta d\u2019azione andrebbe a valorizzare inoltre l\u2019investimento di elettrificazione della ferrovia che sta operando Trenitalia nel Bellunese, il tutto nell\u2019ottica di razionalizzazione, sostenibilit\u00e0 energetica ed ambientale del servizio di trasporto pubblico locale.<\/p>\n<p>Allegati alle firme, inoltre, fa sapere il Gruppo Nevegal Vivaio Dolomiti, sono stati depositati una lettera indirizzata al presidente della Provincia di Belluno, quale ente di governo del trasporto pubblico locale, e una relazione tecnica sulla gestione trasportistica al Comune di Belluno.<\/p>\n<p>Il gruppo Nevegal-Vivaio Dolomiti si \u00e8 inoltre gi\u00e0 attivato per definire un progetto e avere un preventivo con alcuni consulenti del settore trasporto elettrico, sicuro che una strategia con particolare sensibilit\u00e0 all&#8217;ambiente sia la strada giusta per portare un valore aggiunto al Nevegal e un servizio che latita nell&#8217;unica zona turistica del comune capoluogo.<\/p>\n<p>La relazione trasportistica e la lettera sono consultabili sulla pagina facebook dell&#8217;associazione Vivaio Dolomiti.<\/p>","protected":false},"excerpt":{"rendered":"<p>Belluno, 8 febbraio 2019\u00a0 &#8211;\u00a0 L&#8217;Associazione Vivaio Dolomiti insieme al Gruppo Nevegal hanno raccolto oltre 600 firme tra residenti, campeggiatori e proprietari di seconde case per chiedere al sindaco di Belluno di istituire\u00a0 un servizio pubblico di trasporto per il Colle. La documentazione \u00e8 stata consegnata questa mattina negli uffici comunali da Federica Tognon e [&hellip;]<\/p>\n","protected":false},"author":2,"featured_media":0,"comment_status":"closed","ping_status":"open","sticky":false,"template":"","format":"standard","meta":{"footnotes":""},"categories":[5,26,8],"tags":[],"class_list":["post-101891","post","type-post","status-publish","format-standard","category-cronaca","category-prima-pagina","category-societa-istituzioni"],"yoast_head":"<!-- This site is optimized with the Yoast SEO plugin v28.4 - https:\/\/yoast.com\/product\/yoast-seo-wordpress\/ -->\n<title>Consegnate 600 firme al sindaco per collegare il Nevegal. Sar\u00e0 un bacino d&#039;utenza reale o solo virtuale? - Bellunopress - Dolomiti<\/title>\n<meta name=\"robots\" content=\"index, follow, max-snippet:-1, max-image-preview:large, max-video-preview:-1\" \/>\n<link rel=\"canonical\" href=\"https:\/\/www.bellunopress.it\/fr\/2019\/02\/08\/consegnate-600-firme-al-sindaco-per-collegare-il-nevegal-sara-un-bacino-dutenza-reale-o-solo-virtuale\/\" \/>\n<meta property=\"og:locale\" content=\"fr_FR\" \/>\n<meta property=\"og:type\" content=\"article\" \/>\n<meta property=\"og:title\" content=\"Consegnate 600 firme al sindaco per collegare il Nevegal. Sar\u00e0 un bacino d&#039;utenza reale o solo virtuale? - Bellunopress - Dolomiti\" \/>\n<meta property=\"og:description\" content=\"Belluno, 8 febbraio 2019\u00a0 &#8211;\u00a0 L&#8217;Associazione Vivaio Dolomiti insieme al Gruppo Nevegal hanno raccolto oltre 600 firme tra residenti, campeggiatori e proprietari di seconde case per chiedere al sindaco di Belluno di istituire\u00a0 un servizio pubblico di trasporto per il Colle. La documentazione \u00e8 stata consegnata questa mattina negli uffici comunali da Federica Tognon e [&hellip;]\" \/>\n<meta property=\"og:url\" content=\"https:\/\/www.bellunopress.it\/fr\/2019\/02\/08\/consegnate-600-firme-al-sindaco-per-collegare-il-nevegal-sara-un-bacino-dutenza-reale-o-solo-virtuale\/\" \/>\n<meta property=\"og:site_name\" content=\"Bellunopress - Dolomiti\" \/>\n<meta property=\"article:publisher\" content=\"https:\/\/www.facebook.com\/profile.php?id=100008943462799\" \/>\n<meta property=\"article:published_time\" content=\"2019-02-08T15:21:47+00:00\" \/>\n<meta property=\"og:image\" content=\"http:\/\/www.bellunopress.it\/wp-content\/uploads\/2015\/02\/vivaio-dolomiti.jpg\" \/>\n<meta name=\"author\" content=\"redazione\" \/>\n<meta name=\"twitter:card\" content=\"summary_large_image\" \/>\n<meta name=\"twitter:creator\" content=\"@bellunopress\" \/>\n<meta name=\"twitter:site\" content=\"@bellunopress\" \/>\n<meta name=\"twitter:label1\" content=\"\u00c9crit par\" \/>\n\t<meta name=\"twitter:data1\" content=\"redazione\" \/>\n\t<meta name=\"twitter:label2\" content=\"Dur\u00e9e de lecture estim\u00e9e\" \/>\n\t<meta name=\"twitter:data2\" content=\"2 minutes\" \/>\n<script type=\"application\/ld+json\" class=\"yoast-schema-graph\">{\"@context\":\"https:\\\/\\\/schema.org\",\"@graph\":[{\"@type\":\"Article\",\"@id\":\"https:\\\/\\\/www.bellunopress.it\\\/2019\\\/02\\\/08\\\/consegnate-600-firme-al-sindaco-per-collegare-il-nevegal-sara-un-bacino-dutenza-reale-o-solo-virtuale\\\/#article\",\"isPartOf\":{\"@id\":\"https:\\\/\\\/www.bellunopress.it\\\/2019\\\/02\\\/08\\\/consegnate-600-firme-al-sindaco-per-collegare-il-nevegal-sara-un-bacino-dutenza-reale-o-solo-virtuale\\\/\"},\"author\":{\"name\":\"redazione\",\"@id\":\"https:\\\/\\\/www.bellunopress.it\\\/#\\\/schema\\\/person\\\/79bb06722b37ece1c03d3e94beb30d73\"},\"headline\":\"Consegnate 600 firme al sindaco per collegare il Nevegal. Sar\u00e0 un bacino d&#8217;utenza reale o solo virtuale?\",\"datePublished\":\"2019-02-08T15:21:47+00:00\",\"mainEntityOfPage\":{\"@id\":\"https:\\\/\\\/www.bellunopress.it\\\/2019\\\/02\\\/08\\\/consegnate-600-firme-al-sindaco-per-collegare-il-nevegal-sara-un-bacino-dutenza-reale-o-solo-virtuale\\\/\"},\"wordCount\":508,\"publisher\":{\"@id\":\"https:\\\/\\\/www.bellunopress.it\\\/#organization\"},\"image\":{\"@id\":\"https:\\\/\\\/www.bellunopress.it\\\/2019\\\/02\\\/08\\\/consegnate-600-firme-al-sindaco-per-collegare-il-nevegal-sara-un-bacino-dutenza-reale-o-solo-virtuale\\\/#primaryimage\"},\"thumbnailUrl\":\"http:\\\/\\\/www.bellunopress.it\\\/wp-content\\\/uploads\\\/2015\\\/02\\\/vivaio-dolomiti.jpg\",\"articleSection\":[\"Cronaca\\\/Politica\",\"Prima Pagina\",\"Societ\u00e0, Associazioni, Istituzioni\"],\"inLanguage\":\"fr-FR\"},{\"@type\":\"WebPage\",\"@id\":\"https:\\\/\\\/www.bellunopress.it\\\/2019\\\/02\\\/08\\\/consegnate-600-firme-al-sindaco-per-collegare-il-nevegal-sara-un-bacino-dutenza-reale-o-solo-virtuale\\\/\",\"url\":\"https:\\\/\\\/www.bellunopress.it\\\/2019\\\/02\\\/08\\\/consegnate-600-firme-al-sindaco-per-collegare-il-nevegal-sara-un-bacino-dutenza-reale-o-solo-virtuale\\\/\",\"name\":\"Consegnate 600 firme al sindaco per collegare il Nevegal. Sar\u00e0 un bacino d'utenza reale o solo virtuale? - Bellunopress - Dolomiti\",\"isPartOf\":{\"@id\":\"https:\\\/\\\/www.bellunopress.it\\\/#website\"},\"primaryImageOfPage\":{\"@id\":\"https:\\\/\\\/www.bellunopress.it\\\/2019\\\/02\\\/08\\\/consegnate-600-firme-al-sindaco-per-collegare-il-nevegal-sara-un-bacino-dutenza-reale-o-solo-virtuale\\\/#primaryimage\"},\"image\":{\"@id\":\"https:\\\/\\\/www.bellunopress.it\\\/2019\\\/02\\\/08\\\/consegnate-600-firme-al-sindaco-per-collegare-il-nevegal-sara-un-bacino-dutenza-reale-o-solo-virtuale\\\/#primaryimage\"},\"thumbnailUrl\":\"http:\\\/\\\/www.bellunopress.it\\\/wp-content\\\/uploads\\\/2015\\\/02\\\/vivaio-dolomiti.jpg\",\"datePublished\":\"2019-02-08T15:21:47+00:00\",\"breadcrumb\":{\"@id\":\"https:\\\/\\\/www.bellunopress.it\\\/2019\\\/02\\\/08\\\/consegnate-600-firme-al-sindaco-per-collegare-il-nevegal-sara-un-bacino-dutenza-reale-o-solo-virtuale\\\/#breadcrumb\"},\"inLanguage\":\"fr-FR\",\"potentialAction\":[{\"@type\":\"ReadAction\",\"target\":[\"https:\\\/\\\/www.bellunopress.it\\\/2019\\\/02\\\/08\\\/consegnate-600-firme-al-sindaco-per-collegare-il-nevegal-sara-un-bacino-dutenza-reale-o-solo-virtuale\\\/\"]}]},{\"@type\":\"ImageObject\",\"inLanguage\":\"fr-FR\",\"@id\":\"https:\\\/\\\/www.bellunopress.it\\\/2019\\\/02\\\/08\\\/consegnate-600-firme-al-sindaco-per-collegare-il-nevegal-sara-un-bacino-dutenza-reale-o-solo-virtuale\\\/#primaryimage\",\"url\":\"http:\\\/\\\/www.bellunopress.it\\\/wp-content\\\/uploads\\\/2015\\\/02\\\/vivaio-dolomiti.jpg\",\"contentUrl\":\"http:\\\/\\\/www.bellunopress.it\\\/wp-content\\\/uploads\\\/2015\\\/02\\\/vivaio-dolomiti.jpg\"},{\"@type\":\"BreadcrumbList\",\"@id\":\"https:\\\/\\\/www.bellunopress.it\\\/2019\\\/02\\\/08\\\/consegnate-600-firme-al-sindaco-per-collegare-il-nevegal-sara-un-bacino-dutenza-reale-o-solo-virtuale\\\/#breadcrumb\",\"itemListElement\":[{\"@type\":\"ListItem\",\"position\":1,\"name\":\"Home\",\"item\":\"https:\\\/\\\/www.bellunopress.it\\\/\"},{\"@type\":\"ListItem\",\"position\":2,\"name\":\"Consegnate 600 firme al sindaco per collegare il Nevegal. Sar\u00e0 un bacino d&#8217;utenza reale o solo virtuale?\"}]},{\"@type\":\"WebSite\",\"@id\":\"https:\\\/\\\/www.bellunopress.it\\\/#website\",\"url\":\"https:\\\/\\\/www.bellunopress.it\\\/\",\"name\":\"Bellunopress - Dolomiti\",\"description\":\"e-mail: redazione@bellunopress.it\",\"publisher\":{\"@id\":\"https:\\\/\\\/www.bellunopress.it\\\/#organization\"},\"potentialAction\":[{\"@type\":\"SearchAction\",\"target\":{\"@type\":\"EntryPoint\",\"urlTemplate\":\"https:\\\/\\\/www.bellunopress.it\\\/?s={search_term_string}\"},\"query-input\":{\"@type\":\"PropertyValueSpecification\",\"valueRequired\":true,\"valueName\":\"search_term_string\"}}],\"inLanguage\":\"fr-FR\"},{\"@type\":\"Organization\",\"@id\":\"https:\\\/\\\/www.bellunopress.it\\\/#organization\",\"name\":\"Bellunopress\",\"url\":\"https:\\\/\\\/www.bellunopress.it\\\/\",\"logo\":{\"@type\":\"ImageObject\",\"inLanguage\":\"fr-FR\",\"@id\":\"https:\\\/\\\/www.bellunopress.it\\\/#\\\/schema\\\/logo\\\/image\\\/\",\"url\":\"https:\\\/\\\/www.bellunopress.it\\\/wp-content\\\/uploads\\\/2011\\\/05\\\/cropped-logo-bellunopress-.jpg\",\"contentUrl\":\"https:\\\/\\\/www.bellunopress.it\\\/wp-content\\\/uploads\\\/2011\\\/05\\\/cropped-logo-bellunopress-.jpg\",\"width\":512,\"height\":512,\"caption\":\"Bellunopress\"},\"image\":{\"@id\":\"https:\\\/\\\/www.bellunopress.it\\\/#\\\/schema\\\/logo\\\/image\\\/\"},\"sameAs\":[\"https:\\\/\\\/www.facebook.com\\\/profile.php?id=100008943462799\",\"https:\\\/\\\/x.com\\\/bellunopress\",\"https:\\\/\\\/www.linkedin.com\\\/hp\\\/?dnr=JBzUWaJfMUw8vbXJJ2tVW5-I3jZKvC4wsoxE&amp;amp;amp;amp;amp;amp;trk=nav_responsive_tab_home\",\"https:\\\/\\\/www.youtube.com\\\/channel\\\/UCxL0wu1uN0_3_7hGG0306cw\"]},{\"@type\":\"Person\",\"@id\":\"https:\\\/\\\/www.bellunopress.it\\\/#\\\/schema\\\/person\\\/79bb06722b37ece1c03d3e94beb30d73\",\"name\":\"redazione\",\"image\":{\"@type\":\"ImageObject\",\"inLanguage\":\"fr-FR\",\"@id\":\"https:\\\/\\\/secure.gravatar.com\\\/avatar\\\/37d968a2e67a6fd04c169c4bdef102d0bc5d31b2546345219e348575eb80e9a0?s=96&d=mm&r=g\",\"url\":\"https:\\\/\\\/secure.gravatar.com\\\/avatar\\\/37d968a2e67a6fd04c169c4bdef102d0bc5d31b2546345219e348575eb80e9a0?s=96&d=mm&r=g\",\"contentUrl\":\"https:\\\/\\\/secure.gravatar.com\\\/avatar\\\/37d968a2e67a6fd04c169c4bdef102d0bc5d31b2546345219e348575eb80e9a0?s=96&d=mm&r=g\",\"caption\":\"redazione\"},\"sameAs\":[\"http:\\\/\\\/www.bellunopress.it\",\"https:\\\/\\\/x.com\\\/bellunopress\"],\"url\":\"https:\\\/\\\/www.bellunopress.it\\\/fr\\\/author\\\/redazione\\\/\"}]}<\/script>\n<!-- \/ Yoast SEO plugin. -->","yoast_head_json":{"title":"Consegnate 600 firme al sindaco per collegare il Nevegal. Sar\u00e0 un bacino d'utenza reale o solo virtuale? - Bellunopress - Dolomiti","robots":{"index":"index","follow":"follow","max-snippet":"max-snippet:-1","max-image-preview":"max-image-preview:large","max-video-preview":"max-video-preview:-1"},"canonical":"https:\/\/www.bellunopress.it\/fr\/2019\/02\/08\/consegnate-600-firme-al-sindaco-per-collegare-il-nevegal-sara-un-bacino-dutenza-reale-o-solo-virtuale\/","og_locale":"fr_FR","og_type":"article","og_title":"Consegnate 600 firme al sindaco per collegare il Nevegal. Sar\u00e0 un bacino d'utenza reale o solo virtuale? - Bellunopress - Dolomiti","og_description":"Belluno, 8 febbraio 2019\u00a0 &#8211;\u00a0 L&#8217;Associazione Vivaio Dolomiti insieme al Gruppo Nevegal hanno raccolto oltre 600 firme tra residenti, campeggiatori e proprietari di seconde case per chiedere al sindaco di Belluno di istituire\u00a0 un servizio pubblico di trasporto per il Colle. La documentazione \u00e8 stata consegnata questa mattina negli uffici comunali da Federica Tognon e [&hellip;]","og_url":"https:\/\/www.bellunopress.it\/fr\/2019\/02\/08\/consegnate-600-firme-al-sindaco-per-collegare-il-nevegal-sara-un-bacino-dutenza-reale-o-solo-virtuale\/","og_site_name":"Bellunopress - Dolomiti","article_publisher":"https:\/\/www.facebook.com\/profile.php?id=100008943462799","article_published_time":"2019-02-08T15:21:47+00:00","og_image":[{"url":"http:\/\/www.bellunopress.it\/wp-content\/uploads\/2015\/02\/vivaio-dolomiti.jpg","type":"","width":"","height":""}],"author":"redazione","twitter_card":"summary_large_image","twitter_creator":"@bellunopress","twitter_site":"@bellunopress","twitter_misc":{"\u00c9crit par":"redazione","Dur\u00e9e de lecture estim\u00e9e":"2 minutes"},"schema":{"@context":"https:\/\/schema.org","@graph":[{"@type":"Article","@id":"https:\/\/www.bellunopress.it\/2019\/02\/08\/consegnate-600-firme-al-sindaco-per-collegare-il-nevegal-sara-un-bacino-dutenza-reale-o-solo-virtuale\/#article","isPartOf":{"@id":"https:\/\/www.bellunopress.it\/2019\/02\/08\/consegnate-600-firme-al-sindaco-per-collegare-il-nevegal-sara-un-bacino-dutenza-reale-o-solo-virtuale\/"},"author":{"name":"redazione","@id":"https:\/\/www.bellunopress.it\/#\/schema\/person\/79bb06722b37ece1c03d3e94beb30d73"},"headline":"Consegnate 600 firme al sindaco per collegare il Nevegal. Sar\u00e0 un bacino d&#8217;utenza reale o solo virtuale?","datePublished":"2019-02-08T15:21:47+00:00","mainEntityOfPage":{"@id":"https:\/\/www.bellunopress.it\/2019\/02\/08\/consegnate-600-firme-al-sindaco-per-collegare-il-nevegal-sara-un-bacino-dutenza-reale-o-solo-virtuale\/"},"wordCount":508,"publisher":{"@id":"https:\/\/www.bellunopress.it\/#organization"},"image":{"@id":"https:\/\/www.bellunopress.it\/2019\/02\/08\/consegnate-600-firme-al-sindaco-per-collegare-il-nevegal-sara-un-bacino-dutenza-reale-o-solo-virtuale\/#primaryimage"},"thumbnailUrl":"http:\/\/www.bellunopress.it\/wp-content\/uploads\/2015\/02\/vivaio-dolomiti.jpg","articleSection":["Cronaca\/Politica","Prima Pagina","Societ\u00e0, Associazioni, Istituzioni"],"inLanguage":"fr-FR"},{"@type":"WebPage","@id":"https:\/\/www.bellunopress.it\/2019\/02\/08\/consegnate-600-firme-al-sindaco-per-collegare-il-nevegal-sara-un-bacino-dutenza-reale-o-solo-virtuale\/","url":"https:\/\/www.bellunopress.it\/2019\/02\/08\/consegnate-600-firme-al-sindaco-per-collegare-il-nevegal-sara-un-bacino-dutenza-reale-o-solo-virtuale\/","name":"Consegnate 600 firme al sindaco per collegare il Nevegal. Sar\u00e0 un bacino d'utenza reale o solo virtuale? - Bellunopress - Dolomiti","isPartOf":{"@id":"https:\/\/www.bellunopress.it\/#website"},"primaryImageOfPage":{"@id":"https:\/\/www.bellunopress.it\/2019\/02\/08\/consegnate-600-firme-al-sindaco-per-collegare-il-nevegal-sara-un-bacino-dutenza-reale-o-solo-virtuale\/#primaryimage"},"image":{"@id":"https:\/\/www.bellunopress.it\/2019\/02\/08\/consegnate-600-firme-al-sindaco-per-collegare-il-nevegal-sara-un-bacino-dutenza-reale-o-solo-virtuale\/#primaryimage"},"thumbnailUrl":"http:\/\/www.bellunopress.it\/wp-content\/uploads\/2015\/02\/vivaio-dolomiti.jpg","datePublished":"2019-02-08T15:21:47+00:00","breadcrumb":{"@id":"https:\/\/www.bellunopress.it\/2019\/02\/08\/consegnate-600-firme-al-sindaco-per-collegare-il-nevegal-sara-un-bacino-dutenza-reale-o-solo-virtuale\/#breadcrumb"},"inLanguage":"fr-FR","potentialAction":[{"@type":"ReadAction","target":["https:\/\/www.bellunopress.it\/2019\/02\/08\/consegnate-600-firme-al-sindaco-per-collegare-il-nevegal-sara-un-bacino-dutenza-reale-o-solo-virtuale\/"]}]},{"@type":"ImageObject","inLanguage":"fr-FR","@id":"https:\/\/www.bellunopress.it\/2019\/02\/08\/consegnate-600-firme-al-sindaco-per-collegare-il-nevegal-sara-un-bacino-dutenza-reale-o-solo-virtuale\/#primaryimage","url":"http:\/\/www.bellunopress.it\/wp-content\/uploads\/2015\/02\/vivaio-dolomiti.jpg","contentUrl":"http:\/\/www.bellunopress.it\/wp-content\/uploads\/2015\/02\/vivaio-dolomiti.jpg"},{"@type":"BreadcrumbList","@id":"https:\/\/www.bellunopress.it\/2019\/02\/08\/consegnate-600-firme-al-sindaco-per-collegare-il-nevegal-sara-un-bacino-dutenza-reale-o-solo-virtuale\/#breadcrumb","itemListElement":[{"@type":"ListItem","position":1,"name":"Home","item":"https:\/\/www.bellunopress.it\/"},{"@type":"ListItem","position":2,"name":"Consegnate 600 firme al sindaco per collegare il Nevegal. Sar\u00e0 un bacino d&#8217;utenza reale o solo virtuale?"}]},{"@type":"WebSite","@id":"https:\/\/www.bellunopress.it\/#website","url":"https:\/\/www.bellunopress.it\/","name":"Bellunopress - Dolomiti","description":"e-mail: redazione@bellunopress.it","publisher":{"@id":"https:\/\/www.bellunopress.it\/#organization"},"potentialAction":[{"@type":"SearchAction","target":{"@type":"EntryPoint","urlTemplate":"https:\/\/www.bellunopress.it\/?s={search_term_string}"},"query-input":{"@type":"PropertyValueSpecification","valueRequired":true,"valueName":"search_term_string"}}],"inLanguage":"fr-FR"},{"@type":"Organization","@id":"https:\/\/www.bellunopress.it\/#organization","name":"Bellunopress","url":"https:\/\/www.bellunopress.it\/","logo":{"@type":"ImageObject","inLanguage":"fr-FR","@id":"https:\/\/www.bellunopress.it\/#\/schema\/logo\/image\/","url":"https:\/\/www.bellunopress.it\/wp-content\/uploads\/2011\/05\/cropped-logo-bellunopress-.jpg","contentUrl":"https:\/\/www.bellunopress.it\/wp-content\/uploads\/2011\/05\/cropped-logo-bellunopress-.jpg","width":512,"height":512,"caption":"Bellunopress"},"image":{"@id":"https:\/\/www.bellunopress.it\/#\/schema\/logo\/image\/"},"sameAs":["https:\/\/www.facebook.com\/profile.php?id=100008943462799","https:\/\/x.com\/bellunopress","https:\/\/www.linkedin.com\/hp\/?dnr=JBzUWaJfMUw8vbXJJ2tVW5-I3jZKvC4wsoxE&amp;amp;amp;amp;amp;amp;trk=nav_responsive_tab_home","https:\/\/www.youtube.com\/channel\/UCxL0wu1uN0_3_7hGG0306cw"]},{"@type":"Person","@id":"https:\/\/www.bellunopress.it\/#\/schema\/person\/79bb06722b37ece1c03d3e94beb30d73","name":"r\u00e9daction","image":{"@type":"ImageObject","inLanguage":"fr-FR","@id":"https:\/\/secure.gravatar.com\/avatar\/37d968a2e67a6fd04c169c4bdef102d0bc5d31b2546345219e348575eb80e9a0?s=96&d=mm&r=g","url":"https:\/\/secure.gravatar.com\/avatar\/37d968a2e67a6fd04c169c4bdef102d0bc5d31b2546345219e348575eb80e9a0?s=96&d=mm&r=g","contentUrl":"https:\/\/secure.gravatar.com\/avatar\/37d968a2e67a6fd04c169c4bdef102d0bc5d31b2546345219e348575eb80e9a0?s=96&d=mm&r=g","caption":"redazione"},"sameAs":["http:\/\/www.bellunopress.it","https:\/\/x.com\/bellunopress"],"url":"https:\/\/www.bellunopress.it\/fr\/author\/redazione\/"}]}},"_links":{"self":[{"href":"https:\/\/www.bellunopress.it\/fr\/wp-json\/wp\/v2\/posts\/101891","targetHints":{"allow":["GET"]}}],"collection":[{"href":"https:\/\/www.bellunopress.it\/fr\/wp-json\/wp\/v2\/posts"}],"about":[{"href":"https:\/\/www.bellunopress.it\/fr\/wp-json\/wp\/v2\/types\/post"}],"author":[{"embeddable":true,"href":"https:\/\/www.bellunopress.it\/fr\/wp-json\/wp\/v2\/users\/2"}],"replies":[{"embeddable":true,"href":"https:\/\/www.bellunopress.it\/fr\/wp-json\/wp\/v2\/comments?post=101891"}],"version-history":[{"count":1,"href":"https:\/\/www.bellunopress.it\/fr\/wp-json\/wp\/v2\/posts\/101891\/revisions"}],"predecessor-version":[{"id":101892,"href":"https:\/\/www.bellunopress.it\/fr\/wp-json\/wp\/v2\/posts\/101891\/revisions\/101892"}],"wp:attachment":[{"href":"https:\/\/www.bellunopress.it\/fr\/wp-json\/wp\/v2\/media?parent=101891"}],"wp:term":[{"taxonomy":"category","embeddable":true,"href":"https:\/\/www.bellunopress.it\/fr\/wp-json\/wp\/v2\/categories?post=101891"},{"taxonomy":"post_tag","embeddable":true,"href":"https:\/\/www.bellunopress.it\/fr\/wp-json\/wp\/v2\/tags?post=101891"}],"curies":[{"name":"wp","href":"https:\/\/api.w.org\/{rel}","templated":true}]}}