{"id":101884,"date":"2019-02-08T08:31:34","date_gmt":"2019-02-08T07:31:34","guid":{"rendered":"http:\/\/www.bellunopress.it\/?p=101884"},"modified":"2019-02-08T08:31:34","modified_gmt":"2019-02-08T07:31:34","slug":"treviso-dal-i-marzo-al-9-giugno-alla-casa-dei-carraresi-le-foto-di-inge-morath","status":"publish","type":"post","link":"https:\/\/www.bellunopress.it\/fr\/2019\/02\/08\/treviso-dal-i-marzo-al-9-giugno-alla-casa-dei-carraresi-le-foto-di-inge-morath\/","title":{"rendered":"Treviso, dal I\u00b0 marzo al 9 giugno alla Casa dei Carraresi le foto di Inge Morath"},"content":{"rendered":"<p>Casa dei Carraresi di Treviso accoglie, dopo il successo della mostra su Elliott Erwitt ed i suoi cani, la prima grande retrospettiva italiana di Inge Morath, la prima donna ad essere inserita nel cenacolo, all&#8217;epoca tutto maschile, della celebre agenzia fotografica Magnum Photos.<\/p>\n<p><a href=\"http:\/\/www.bellunopress.it\/fr\/2019\/02\/08\/treviso-dal-i-marzo-al-9-giugno-alla-casa-dei-carraresi-le-foto-di-inge-morath\/inge-morath\/\" rel=\"attachment wp-att-101885\"><img loading=\"lazy\" decoding=\"async\" class=\"alignleft size-full wp-image-101885\" src=\"http:\/\/www.bellunopress.it\/wp-content\/uploads\/2019\/02\/Inge-Morath.jpg\" alt=\"\" width=\"274\" height=\"250\" \/><\/a>Impropriamente nota alle cronache pi\u00f9 per aver sostituito la mitica Marilyn Monroe nel cuore dello scrittore Arthur Miller, divenendone moglie e compagna di vita, \u00e8 stata in realt\u00e0 soprattutto una straordinaria fotografa ed una fine intellettuale. Il suo rapporto con la fotografia \u00e8 stato un crescendo graduale: dopo aver lavorato come traduttrice e scrittrice in Austria, inizia a scattare nel 1952, e dall&#8217;anno successivo, grazie ad Ernst Haas inizia a lavorare per Magnum Photos a Parigi.<\/p>\n<p>Limitarsi a considerarla una fotografa di questa celebre agenzia \u00e8 riduttivo. Le celebri fotografie realizzate durante i suoi viaggi, o gli intensi ritratti in grado di catturare le intimit\u00e0 pi\u00f9 profonde dei suoi soggetti, si accompagnano ad una brillante attivit\u00e0 intellettuale che si alimentava di amicizie con celebri scrittori, artisti, grafici e musicisti.<\/p>\n<p>Che si trattasse di raccontare paesaggi e Paesi, persone o situazioni, le sue foto erano sempre caratterizzate da una visione personale e da specifica sensibilit\u00e0, in grado di arricchire la percezione del mondo che la circondava. Come Inge Morath era solita dire: \u0093Ti fidi dei tuoi occhi e non puoi fare a meno di mettere a nudo la tua anima\u0094.<\/p>\n<p>Ogni reportage di viaggio ed ogni incontro veniva da lei preparato con cura maniacale. La sua conoscenza di diverse lingue straniere le permetteva di analizzare in profondit\u00e0 ogni situazione e di entrare in contatto diretto e profondo con la gente.<\/p>\n<p>Per questa ampia retrospettiva a Casa dei Carraresi \u0096 una selezione di oltre 150 fotografie e decine di documenti riferiti al lavoro di Inge Morath \u0096 i curatori hanno dato vita ad un percorso che analizzer\u00e0 tutte le principali fasi del lavoro della Morath, ma al contempo cercher\u00e0 di far emergere l\u0092umanit\u00e0 che incarna tutta la sua produzione. Una sensibilit\u00e0 segnata dell\u0092esperienza tragica della seconda guerra mondiale, che con gli anni si rafforzer\u00e0 e diventer\u00e0 documentazione della resistenza dello spirito umano alle estreme difficolt\u00e0 e consapevolezza del valore della vita.<\/p>\n<p>La mostra ripercorre tutti i principali reportage realizzati dalla fotografa austriaca: da quello dedicato alla citt\u00e0 di Venezia a quello sul fiume Danubio; dalla Spagna alla Russia, dall\u0092Iran alla Cina, alla Romania, agli Stati Uniti d\u0092America passando per la nativa Austria.<\/p>\n<p>Contemporaneamente il percorso espositivo dar\u00e0 spazio ai suoi celebri ritratti di scrittori, pittori, poeti, tra cui lo stesso Arthur Miller, oltre ad Alberto Giacometti, Pablo Picasso e Alexander Calder: quest\u0092ultimo suo vicino di casa a Roxbury, nel Connecticut, dove Inge Morath visse con il marito Premio Pulitzer per tutta la vita.<\/p>\n<p>Ci sar\u00e0 poi spazio anche per il mondo del cinema. Nel 1960 Inge Morath viene infatti inviata dall\u0092agenzia Magnum nel set della pellicola hollywoodiana \u0093The Misfits\u0094, un\u0092enorme produzione cinematografica con alla regia John Houston, alla sceneggiatura Arthur Miller, ed attori del calibro di Clark Gable e Marilyn Monroe. All\u0092epoca Miller e la Monroe erano sposati, ma la loro relazione era gi\u00e0 in difficolt\u00e0. Proprio sul set del film, la Morath ebbe modo di conoscere lo scrittore, che sarebbe diventato poi suo marito.<\/p>\n<p>Come dichiara Marco Minuz: \u0093E\u0092 un progetto espositivo che vuole descrivere, nel dettaglio e per la prima volta in Italia, la straordinaria vita di questa fotografa; una donna dalle scelte coraggiose, emancipata, che ha saputo nella fotografia inserirci la sua sensibilit\u00e0 verso l\u0092essere umano\u0094.<\/p>\n<p>Questa prima retrospettiva italiana \u00e8 prodotta da Suazes con Fotohof di Salisburgo, con la collaborazione di Fondazione Cassamarca, Inge Morath Foundation e Magnum Photos.<\/p>","protected":false},"excerpt":{"rendered":"<p>Casa dei Carraresi di Treviso accoglie, dopo il successo della mostra su Elliott Erwitt ed i suoi cani, la prima grande retrospettiva italiana di Inge Morath, la prima donna ad essere inserita nel cenacolo, all&#8217;epoca tutto maschile, della celebre agenzia fotografica Magnum Photos. Impropriamente nota alle cronache pi\u00f9 per aver sostituito la mitica Marilyn Monroe [&hellip;]<\/p>\n","protected":false},"author":2,"featured_media":0,"comment_status":"closed","ping_status":"open","sticky":false,"template":"","format":"standard","meta":{"footnotes":""},"categories":[3394],"tags":[],"class_list":["post-101884","post","type-post","status-publish","format-standard","category-cultura-e-spettacoli-fuori-provincia"],"yoast_head":"<!-- This site is optimized with the Yoast SEO plugin v28.4 - https:\/\/yoast.com\/product\/yoast-seo-wordpress\/ -->\n<title>Treviso, dal I\u00b0 marzo al 9 giugno alla Casa dei Carraresi le foto di Inge Morath - Bellunopress - Dolomiti<\/title>\n<meta name=\"robots\" content=\"index, follow, max-snippet:-1, max-image-preview:large, max-video-preview:-1\" \/>\n<link rel=\"canonical\" href=\"https:\/\/www.bellunopress.it\/fr\/2019\/02\/08\/treviso-dal-i-marzo-al-9-giugno-alla-casa-dei-carraresi-le-foto-di-inge-morath\/\" \/>\n<meta property=\"og:locale\" content=\"fr_FR\" \/>\n<meta property=\"og:type\" content=\"article\" \/>\n<meta property=\"og:title\" content=\"Treviso, dal I\u00b0 marzo al 9 giugno alla Casa dei Carraresi le foto di Inge Morath - Bellunopress - Dolomiti\" \/>\n<meta property=\"og:description\" content=\"Casa dei Carraresi di Treviso accoglie, dopo il successo della mostra su Elliott Erwitt ed i suoi cani, la prima grande retrospettiva italiana di Inge Morath, la prima donna ad essere inserita nel cenacolo, all&#8217;epoca tutto maschile, della celebre agenzia fotografica Magnum Photos. Impropriamente nota alle cronache pi\u00f9 per aver sostituito la mitica Marilyn Monroe [&hellip;]\" \/>\n<meta property=\"og:url\" content=\"https:\/\/www.bellunopress.it\/fr\/2019\/02\/08\/treviso-dal-i-marzo-al-9-giugno-alla-casa-dei-carraresi-le-foto-di-inge-morath\/\" \/>\n<meta property=\"og:site_name\" content=\"Bellunopress - Dolomiti\" \/>\n<meta property=\"article:publisher\" content=\"https:\/\/www.facebook.com\/profile.php?id=100008943462799\" \/>\n<meta property=\"article:published_time\" content=\"2019-02-08T07:31:34+00:00\" \/>\n<meta property=\"og:image\" content=\"http:\/\/www.bellunopress.it\/wp-content\/uploads\/2019\/02\/Inge-Morath.jpg\" \/>\n<meta name=\"author\" content=\"redazione\" \/>\n<meta name=\"twitter:card\" content=\"summary_large_image\" \/>\n<meta name=\"twitter:creator\" content=\"@bellunopress\" \/>\n<meta name=\"twitter:site\" content=\"@bellunopress\" \/>\n<meta name=\"twitter:label1\" content=\"\u00c9crit par\" \/>\n\t<meta name=\"twitter:data1\" content=\"redazione\" \/>\n\t<meta name=\"twitter:label2\" content=\"Dur\u00e9e de lecture estim\u00e9e\" \/>\n\t<meta name=\"twitter:data2\" content=\"3 minutes\" \/>\n<script type=\"application\/ld+json\" class=\"yoast-schema-graph\">{\"@context\":\"https:\\\/\\\/schema.org\",\"@graph\":[{\"@type\":\"Article\",\"@id\":\"https:\\\/\\\/www.bellunopress.it\\\/2019\\\/02\\\/08\\\/treviso-dal-i-marzo-al-9-giugno-alla-casa-dei-carraresi-le-foto-di-inge-morath\\\/#article\",\"isPartOf\":{\"@id\":\"https:\\\/\\\/www.bellunopress.it\\\/2019\\\/02\\\/08\\\/treviso-dal-i-marzo-al-9-giugno-alla-casa-dei-carraresi-le-foto-di-inge-morath\\\/\"},\"author\":{\"name\":\"redazione\",\"@id\":\"https:\\\/\\\/www.bellunopress.it\\\/#\\\/schema\\\/person\\\/79bb06722b37ece1c03d3e94beb30d73\"},\"headline\":\"Treviso, dal I\u00b0 marzo al 9 giugno alla Casa dei Carraresi le foto di Inge Morath\",\"datePublished\":\"2019-02-08T07:31:34+00:00\",\"mainEntityOfPage\":{\"@id\":\"https:\\\/\\\/www.bellunopress.it\\\/2019\\\/02\\\/08\\\/treviso-dal-i-marzo-al-9-giugno-alla-casa-dei-carraresi-le-foto-di-inge-morath\\\/\"},\"wordCount\":621,\"publisher\":{\"@id\":\"https:\\\/\\\/www.bellunopress.it\\\/#organization\"},\"image\":{\"@id\":\"https:\\\/\\\/www.bellunopress.it\\\/2019\\\/02\\\/08\\\/treviso-dal-i-marzo-al-9-giugno-alla-casa-dei-carraresi-le-foto-di-inge-morath\\\/#primaryimage\"},\"thumbnailUrl\":\"http:\\\/\\\/www.bellunopress.it\\\/wp-content\\\/uploads\\\/2019\\\/02\\\/Inge-Morath.jpg\",\"articleSection\":[\"Cultura e spettacoli, tempo libero, benessere, fuori provincia\"],\"inLanguage\":\"fr-FR\"},{\"@type\":\"WebPage\",\"@id\":\"https:\\\/\\\/www.bellunopress.it\\\/2019\\\/02\\\/08\\\/treviso-dal-i-marzo-al-9-giugno-alla-casa-dei-carraresi-le-foto-di-inge-morath\\\/\",\"url\":\"https:\\\/\\\/www.bellunopress.it\\\/2019\\\/02\\\/08\\\/treviso-dal-i-marzo-al-9-giugno-alla-casa-dei-carraresi-le-foto-di-inge-morath\\\/\",\"name\":\"Treviso, dal I\u00b0 marzo al 9 giugno alla Casa dei Carraresi le foto di Inge Morath - Bellunopress - Dolomiti\",\"isPartOf\":{\"@id\":\"https:\\\/\\\/www.bellunopress.it\\\/#website\"},\"primaryImageOfPage\":{\"@id\":\"https:\\\/\\\/www.bellunopress.it\\\/2019\\\/02\\\/08\\\/treviso-dal-i-marzo-al-9-giugno-alla-casa-dei-carraresi-le-foto-di-inge-morath\\\/#primaryimage\"},\"image\":{\"@id\":\"https:\\\/\\\/www.bellunopress.it\\\/2019\\\/02\\\/08\\\/treviso-dal-i-marzo-al-9-giugno-alla-casa-dei-carraresi-le-foto-di-inge-morath\\\/#primaryimage\"},\"thumbnailUrl\":\"http:\\\/\\\/www.bellunopress.it\\\/wp-content\\\/uploads\\\/2019\\\/02\\\/Inge-Morath.jpg\",\"datePublished\":\"2019-02-08T07:31:34+00:00\",\"breadcrumb\":{\"@id\":\"https:\\\/\\\/www.bellunopress.it\\\/2019\\\/02\\\/08\\\/treviso-dal-i-marzo-al-9-giugno-alla-casa-dei-carraresi-le-foto-di-inge-morath\\\/#breadcrumb\"},\"inLanguage\":\"fr-FR\",\"potentialAction\":[{\"@type\":\"ReadAction\",\"target\":[\"https:\\\/\\\/www.bellunopress.it\\\/2019\\\/02\\\/08\\\/treviso-dal-i-marzo-al-9-giugno-alla-casa-dei-carraresi-le-foto-di-inge-morath\\\/\"]}]},{\"@type\":\"ImageObject\",\"inLanguage\":\"fr-FR\",\"@id\":\"https:\\\/\\\/www.bellunopress.it\\\/2019\\\/02\\\/08\\\/treviso-dal-i-marzo-al-9-giugno-alla-casa-dei-carraresi-le-foto-di-inge-morath\\\/#primaryimage\",\"url\":\"http:\\\/\\\/www.bellunopress.it\\\/wp-content\\\/uploads\\\/2019\\\/02\\\/Inge-Morath.jpg\",\"contentUrl\":\"http:\\\/\\\/www.bellunopress.it\\\/wp-content\\\/uploads\\\/2019\\\/02\\\/Inge-Morath.jpg\"},{\"@type\":\"BreadcrumbList\",\"@id\":\"https:\\\/\\\/www.bellunopress.it\\\/2019\\\/02\\\/08\\\/treviso-dal-i-marzo-al-9-giugno-alla-casa-dei-carraresi-le-foto-di-inge-morath\\\/#breadcrumb\",\"itemListElement\":[{\"@type\":\"ListItem\",\"position\":1,\"name\":\"Home\",\"item\":\"https:\\\/\\\/www.bellunopress.it\\\/\"},{\"@type\":\"ListItem\",\"position\":2,\"name\":\"Treviso, dal I\u00b0 marzo al 9 giugno alla Casa dei Carraresi le foto di Inge Morath\"}]},{\"@type\":\"WebSite\",\"@id\":\"https:\\\/\\\/www.bellunopress.it\\\/#website\",\"url\":\"https:\\\/\\\/www.bellunopress.it\\\/\",\"name\":\"Bellunopress - Dolomiti\",\"description\":\"e-mail: redazione@bellunopress.it\",\"publisher\":{\"@id\":\"https:\\\/\\\/www.bellunopress.it\\\/#organization\"},\"potentialAction\":[{\"@type\":\"SearchAction\",\"target\":{\"@type\":\"EntryPoint\",\"urlTemplate\":\"https:\\\/\\\/www.bellunopress.it\\\/?s={search_term_string}\"},\"query-input\":{\"@type\":\"PropertyValueSpecification\",\"valueRequired\":true,\"valueName\":\"search_term_string\"}}],\"inLanguage\":\"fr-FR\"},{\"@type\":\"Organization\",\"@id\":\"https:\\\/\\\/www.bellunopress.it\\\/#organization\",\"name\":\"Bellunopress\",\"url\":\"https:\\\/\\\/www.bellunopress.it\\\/\",\"logo\":{\"@type\":\"ImageObject\",\"inLanguage\":\"fr-FR\",\"@id\":\"https:\\\/\\\/www.bellunopress.it\\\/#\\\/schema\\\/logo\\\/image\\\/\",\"url\":\"https:\\\/\\\/www.bellunopress.it\\\/wp-content\\\/uploads\\\/2011\\\/05\\\/cropped-logo-bellunopress-.jpg\",\"contentUrl\":\"https:\\\/\\\/www.bellunopress.it\\\/wp-content\\\/uploads\\\/2011\\\/05\\\/cropped-logo-bellunopress-.jpg\",\"width\":512,\"height\":512,\"caption\":\"Bellunopress\"},\"image\":{\"@id\":\"https:\\\/\\\/www.bellunopress.it\\\/#\\\/schema\\\/logo\\\/image\\\/\"},\"sameAs\":[\"https:\\\/\\\/www.facebook.com\\\/profile.php?id=100008943462799\",\"https:\\\/\\\/x.com\\\/bellunopress\",\"https:\\\/\\\/www.linkedin.com\\\/hp\\\/?dnr=JBzUWaJfMUw8vbXJJ2tVW5-I3jZKvC4wsoxE&amp;amp;amp;amp;amp;amp;trk=nav_responsive_tab_home\",\"https:\\\/\\\/www.youtube.com\\\/channel\\\/UCxL0wu1uN0_3_7hGG0306cw\"]},{\"@type\":\"Person\",\"@id\":\"https:\\\/\\\/www.bellunopress.it\\\/#\\\/schema\\\/person\\\/79bb06722b37ece1c03d3e94beb30d73\",\"name\":\"redazione\",\"image\":{\"@type\":\"ImageObject\",\"inLanguage\":\"fr-FR\",\"@id\":\"https:\\\/\\\/secure.gravatar.com\\\/avatar\\\/37d968a2e67a6fd04c169c4bdef102d0bc5d31b2546345219e348575eb80e9a0?s=96&d=mm&r=g\",\"url\":\"https:\\\/\\\/secure.gravatar.com\\\/avatar\\\/37d968a2e67a6fd04c169c4bdef102d0bc5d31b2546345219e348575eb80e9a0?s=96&d=mm&r=g\",\"contentUrl\":\"https:\\\/\\\/secure.gravatar.com\\\/avatar\\\/37d968a2e67a6fd04c169c4bdef102d0bc5d31b2546345219e348575eb80e9a0?s=96&d=mm&r=g\",\"caption\":\"redazione\"},\"sameAs\":[\"http:\\\/\\\/www.bellunopress.it\",\"https:\\\/\\\/x.com\\\/bellunopress\"],\"url\":\"https:\\\/\\\/www.bellunopress.it\\\/fr\\\/author\\\/redazione\\\/\"}]}<\/script>\n<!-- \/ Yoast SEO plugin. -->","yoast_head_json":{"title":"Treviso, dal I\u00b0 marzo al 9 giugno alla Casa dei Carraresi le foto di Inge Morath - Bellunopress - Dolomiti","robots":{"index":"index","follow":"follow","max-snippet":"max-snippet:-1","max-image-preview":"max-image-preview:large","max-video-preview":"max-video-preview:-1"},"canonical":"https:\/\/www.bellunopress.it\/fr\/2019\/02\/08\/treviso-dal-i-marzo-al-9-giugno-alla-casa-dei-carraresi-le-foto-di-inge-morath\/","og_locale":"fr_FR","og_type":"article","og_title":"Treviso, dal I\u00b0 marzo al 9 giugno alla Casa dei Carraresi le foto di Inge Morath - Bellunopress - Dolomiti","og_description":"Casa dei Carraresi di Treviso accoglie, dopo il successo della mostra su Elliott Erwitt ed i suoi cani, la prima grande retrospettiva italiana di Inge Morath, la prima donna ad essere inserita nel cenacolo, all&#8217;epoca tutto maschile, della celebre agenzia fotografica Magnum Photos. Impropriamente nota alle cronache pi\u00f9 per aver sostituito la mitica Marilyn Monroe [&hellip;]","og_url":"https:\/\/www.bellunopress.it\/fr\/2019\/02\/08\/treviso-dal-i-marzo-al-9-giugno-alla-casa-dei-carraresi-le-foto-di-inge-morath\/","og_site_name":"Bellunopress - Dolomiti","article_publisher":"https:\/\/www.facebook.com\/profile.php?id=100008943462799","article_published_time":"2019-02-08T07:31:34+00:00","og_image":[{"url":"http:\/\/www.bellunopress.it\/wp-content\/uploads\/2019\/02\/Inge-Morath.jpg","type":"","width":"","height":""}],"author":"redazione","twitter_card":"summary_large_image","twitter_creator":"@bellunopress","twitter_site":"@bellunopress","twitter_misc":{"\u00c9crit par":"redazione","Dur\u00e9e de lecture estim\u00e9e":"3 minutes"},"schema":{"@context":"https:\/\/schema.org","@graph":[{"@type":"Article","@id":"https:\/\/www.bellunopress.it\/2019\/02\/08\/treviso-dal-i-marzo-al-9-giugno-alla-casa-dei-carraresi-le-foto-di-inge-morath\/#article","isPartOf":{"@id":"https:\/\/www.bellunopress.it\/2019\/02\/08\/treviso-dal-i-marzo-al-9-giugno-alla-casa-dei-carraresi-le-foto-di-inge-morath\/"},"author":{"name":"redazione","@id":"https:\/\/www.bellunopress.it\/#\/schema\/person\/79bb06722b37ece1c03d3e94beb30d73"},"headline":"Treviso, dal I\u00b0 marzo al 9 giugno alla Casa dei Carraresi le foto di Inge Morath","datePublished":"2019-02-08T07:31:34+00:00","mainEntityOfPage":{"@id":"https:\/\/www.bellunopress.it\/2019\/02\/08\/treviso-dal-i-marzo-al-9-giugno-alla-casa-dei-carraresi-le-foto-di-inge-morath\/"},"wordCount":621,"publisher":{"@id":"https:\/\/www.bellunopress.it\/#organization"},"image":{"@id":"https:\/\/www.bellunopress.it\/2019\/02\/08\/treviso-dal-i-marzo-al-9-giugno-alla-casa-dei-carraresi-le-foto-di-inge-morath\/#primaryimage"},"thumbnailUrl":"http:\/\/www.bellunopress.it\/wp-content\/uploads\/2019\/02\/Inge-Morath.jpg","articleSection":["Cultura e spettacoli, tempo libero, benessere, fuori provincia"],"inLanguage":"fr-FR"},{"@type":"WebPage","@id":"https:\/\/www.bellunopress.it\/2019\/02\/08\/treviso-dal-i-marzo-al-9-giugno-alla-casa-dei-carraresi-le-foto-di-inge-morath\/","url":"https:\/\/www.bellunopress.it\/2019\/02\/08\/treviso-dal-i-marzo-al-9-giugno-alla-casa-dei-carraresi-le-foto-di-inge-morath\/","name":"Treviso, dal I\u00b0 marzo al 9 giugno alla Casa dei Carraresi le foto di Inge Morath - Bellunopress - Dolomiti","isPartOf":{"@id":"https:\/\/www.bellunopress.it\/#website"},"primaryImageOfPage":{"@id":"https:\/\/www.bellunopress.it\/2019\/02\/08\/treviso-dal-i-marzo-al-9-giugno-alla-casa-dei-carraresi-le-foto-di-inge-morath\/#primaryimage"},"image":{"@id":"https:\/\/www.bellunopress.it\/2019\/02\/08\/treviso-dal-i-marzo-al-9-giugno-alla-casa-dei-carraresi-le-foto-di-inge-morath\/#primaryimage"},"thumbnailUrl":"http:\/\/www.bellunopress.it\/wp-content\/uploads\/2019\/02\/Inge-Morath.jpg","datePublished":"2019-02-08T07:31:34+00:00","breadcrumb":{"@id":"https:\/\/www.bellunopress.it\/2019\/02\/08\/treviso-dal-i-marzo-al-9-giugno-alla-casa-dei-carraresi-le-foto-di-inge-morath\/#breadcrumb"},"inLanguage":"fr-FR","potentialAction":[{"@type":"ReadAction","target":["https:\/\/www.bellunopress.it\/2019\/02\/08\/treviso-dal-i-marzo-al-9-giugno-alla-casa-dei-carraresi-le-foto-di-inge-morath\/"]}]},{"@type":"ImageObject","inLanguage":"fr-FR","@id":"https:\/\/www.bellunopress.it\/2019\/02\/08\/treviso-dal-i-marzo-al-9-giugno-alla-casa-dei-carraresi-le-foto-di-inge-morath\/#primaryimage","url":"http:\/\/www.bellunopress.it\/wp-content\/uploads\/2019\/02\/Inge-Morath.jpg","contentUrl":"http:\/\/www.bellunopress.it\/wp-content\/uploads\/2019\/02\/Inge-Morath.jpg"},{"@type":"BreadcrumbList","@id":"https:\/\/www.bellunopress.it\/2019\/02\/08\/treviso-dal-i-marzo-al-9-giugno-alla-casa-dei-carraresi-le-foto-di-inge-morath\/#breadcrumb","itemListElement":[{"@type":"ListItem","position":1,"name":"Home","item":"https:\/\/www.bellunopress.it\/"},{"@type":"ListItem","position":2,"name":"Treviso, dal I\u00b0 marzo al 9 giugno alla Casa dei Carraresi le foto di Inge Morath"}]},{"@type":"WebSite","@id":"https:\/\/www.bellunopress.it\/#website","url":"https:\/\/www.bellunopress.it\/","name":"Bellunopress - Dolomiti","description":"e-mail: redazione@bellunopress.it","publisher":{"@id":"https:\/\/www.bellunopress.it\/#organization"},"potentialAction":[{"@type":"SearchAction","target":{"@type":"EntryPoint","urlTemplate":"https:\/\/www.bellunopress.it\/?s={search_term_string}"},"query-input":{"@type":"PropertyValueSpecification","valueRequired":true,"valueName":"search_term_string"}}],"inLanguage":"fr-FR"},{"@type":"Organization","@id":"https:\/\/www.bellunopress.it\/#organization","name":"Bellunopress","url":"https:\/\/www.bellunopress.it\/","logo":{"@type":"ImageObject","inLanguage":"fr-FR","@id":"https:\/\/www.bellunopress.it\/#\/schema\/logo\/image\/","url":"https:\/\/www.bellunopress.it\/wp-content\/uploads\/2011\/05\/cropped-logo-bellunopress-.jpg","contentUrl":"https:\/\/www.bellunopress.it\/wp-content\/uploads\/2011\/05\/cropped-logo-bellunopress-.jpg","width":512,"height":512,"caption":"Bellunopress"},"image":{"@id":"https:\/\/www.bellunopress.it\/#\/schema\/logo\/image\/"},"sameAs":["https:\/\/www.facebook.com\/profile.php?id=100008943462799","https:\/\/x.com\/bellunopress","https:\/\/www.linkedin.com\/hp\/?dnr=JBzUWaJfMUw8vbXJJ2tVW5-I3jZKvC4wsoxE&amp;amp;amp;amp;amp;amp;trk=nav_responsive_tab_home","https:\/\/www.youtube.com\/channel\/UCxL0wu1uN0_3_7hGG0306cw"]},{"@type":"Person","@id":"https:\/\/www.bellunopress.it\/#\/schema\/person\/79bb06722b37ece1c03d3e94beb30d73","name":"r\u00e9daction","image":{"@type":"ImageObject","inLanguage":"fr-FR","@id":"https:\/\/secure.gravatar.com\/avatar\/37d968a2e67a6fd04c169c4bdef102d0bc5d31b2546345219e348575eb80e9a0?s=96&d=mm&r=g","url":"https:\/\/secure.gravatar.com\/avatar\/37d968a2e67a6fd04c169c4bdef102d0bc5d31b2546345219e348575eb80e9a0?s=96&d=mm&r=g","contentUrl":"https:\/\/secure.gravatar.com\/avatar\/37d968a2e67a6fd04c169c4bdef102d0bc5d31b2546345219e348575eb80e9a0?s=96&d=mm&r=g","caption":"redazione"},"sameAs":["http:\/\/www.bellunopress.it","https:\/\/x.com\/bellunopress"],"url":"https:\/\/www.bellunopress.it\/fr\/author\/redazione\/"}]}},"_links":{"self":[{"href":"https:\/\/www.bellunopress.it\/fr\/wp-json\/wp\/v2\/posts\/101884","targetHints":{"allow":["GET"]}}],"collection":[{"href":"https:\/\/www.bellunopress.it\/fr\/wp-json\/wp\/v2\/posts"}],"about":[{"href":"https:\/\/www.bellunopress.it\/fr\/wp-json\/wp\/v2\/types\/post"}],"author":[{"embeddable":true,"href":"https:\/\/www.bellunopress.it\/fr\/wp-json\/wp\/v2\/users\/2"}],"replies":[{"embeddable":true,"href":"https:\/\/www.bellunopress.it\/fr\/wp-json\/wp\/v2\/comments?post=101884"}],"version-history":[{"count":2,"href":"https:\/\/www.bellunopress.it\/fr\/wp-json\/wp\/v2\/posts\/101884\/revisions"}],"predecessor-version":[{"id":101887,"href":"https:\/\/www.bellunopress.it\/fr\/wp-json\/wp\/v2\/posts\/101884\/revisions\/101887"}],"wp:attachment":[{"href":"https:\/\/www.bellunopress.it\/fr\/wp-json\/wp\/v2\/media?parent=101884"}],"wp:term":[{"taxonomy":"category","embeddable":true,"href":"https:\/\/www.bellunopress.it\/fr\/wp-json\/wp\/v2\/categories?post=101884"},{"taxonomy":"post_tag","embeddable":true,"href":"https:\/\/www.bellunopress.it\/fr\/wp-json\/wp\/v2\/tags?post=101884"}],"curies":[{"name":"wp","href":"https:\/\/api.w.org\/{rel}","templated":true}]}}