{"id":101856,"date":"2019-02-07T16:32:26","date_gmt":"2019-02-07T15:32:26","guid":{"rendered":"http:\/\/www.bellunopress.it\/?p=101856"},"modified":"2019-02-07T16:32:26","modified_gmt":"2019-02-07T15:32:26","slug":"xxii-scufoneda-2019-telemark-e-freeride-13-17-marzo-2019-moena-lusia-passo-san-pellegrino-val-di-fassa-dolomiti","status":"publish","type":"post","link":"https:\/\/www.bellunopress.it\/fr\/2019\/02\/07\/xxii-scufoneda-2019-telemark-e-freeride-13-17-marzo-2019-moena-lusia-passo-san-pellegrino-val-di-fassa-dolomiti\/","title":{"rendered":"XXII Scufoneda 2019 Telemark e freeride 13-17 marzo 2019 Moena-Lusia-Passo San Pellegrino Val di Fassa \u2013 Dolomiti"},"content":{"rendered":"<p><a href=\"http:\/\/www.bellunopress.it\/fr\/2019\/02\/07\/xxii-scufoneda-2019-telemark-e-freeride-13-17-marzo-2019-moena-lusia-passo-san-pellegrino-val-di-fassa-dolomiti\/val-di-fassa-scufoneda\/\" rel=\"attachment wp-att-101857\"><img loading=\"lazy\" decoding=\"async\" class=\"alignleft size-full wp-image-101857\" src=\"http:\/\/www.bellunopress.it\/wp-content\/uploads\/2019\/02\/Val-di-Fassa-Scufoneda-.jpg\" alt=\"\" width=\"300\" height=\"170\" \/><\/a>&#8220;Grandi emozioni firmate Dolomiti, tra escursioni ed esclusivi tramonti in quota. Molto telemark e freeride conditi con l&#8217; inconfondibile voglia di divertimento degli Scufons&#8221;<br \/>\nMoena, febbraio 2019. Nell&#8217;inverno finalmente splendidamente bianco e denso di grandi appuntamenti sportivi della Val di Fassa, arriva anche la XXII edizione della Scufoneda, dal 13 al 17 marzo prossimi, con base a Moena e comprensori sciistici limitrofi. Bando alla scaramanzia, vista la data di quest&#8217;anno, come recita il motto dell&#8217;evento organizzato dai mitici Scufons del Cogo, l&#8217;appuntamento ormai classico dedicato al telemark ed al freeride si preannuncia con un mix di ingredienti assolutamente imperdibili come ogni anno. La Scufoneda ad ogni edizione coinvolge sempre di pi\u00f9 il suo pubblico diventando unica ed inimitabile come esito e stile. Saranno anche quest&#8217;anno, cinque intense giornate dedicate soprattutto all&#8217;esplorazione dei luoghi e comprensori sciistici pi\u00f9 belli delle Dolomiti affrontati sciando nell&#8217;affascinate tecnica a tallone libero del telemark che richiama a Moena appassionati praticanti da tutto il mondo. Quest&#8217;anno a Moena, Perla Alpina, sono annunciati in arrivo gruppi di sciatori americani, dalla Norvegia tempio del telemark, anche dalla Grecia ed un po&#8217;a macchia di leopardo da tutta Europa. Un mix di persone veramente globale, che rende assolutamente unico l&#8217;atmosfera di questa manifestazione.<\/p>\n<p>La Scufoneda ancora una volta ha un programma molto denso incentrato sullo sci a telemark e freeride, ambiente e sicurezza con le escursioni guidate dalle Guide Alpine, benessere, snow yoga, ciaspole, telemark per ragazzi e principianti nonch\u00e9 una carrellata di feste ed happening imperdibili soprattutto per dove si svolgeranno.<\/p>\n<p>Novit\u00e0 assoluta di quest&#8217;edizione il party &#8220;360\u00b0 Tramonto sulle Dolomiti&#8221; che si terr\u00e0 al Rifugio Maria al Sass Pordoi, gioved\u00ec 14 marzo 2019, con apertura esclusiva della funivia che sale dal passo. Questo permetter\u00e0 di accedere all&#8217;imbrunire ad un luogo unico, che offre con una prospettiva unica sull&#8217;incantato mondo delle Dolomiti Patrimonio UNESCO. Gli Scufons sono da sempre divulgatori della bellezza di questi luoghi, attraverso gli ski tour in pista e fuori pista che caratterizzano da sempre le varie giornate del programma fino a domenica. Quest&#8217;anno la Scufoneda, uscir\u00e0 anche dalla Val di Fassa per quella che si annuncia una ski experience unica nel suo genere sia in pista che fuori, e porter\u00e0 i pi\u00f9 esperti fino al rifugio Torre di Pisa, nel cuore del selvaggio gruppo del Latemar, e attraverso il comprensorio sciistico Pampeago \u2013 Obereggen.<\/p>\n<p>Telemark, freeride ogni giorno in grandi dosi, addolciti con lo snow yoga, che regala all&#8217;evento la sua dimensione olistica di connubio con l&#8217;ambiente poi altrettanto divertimento anima imprescindibile di quella compagine colorata, divertente e densa di amicizia che sono gli Scufons da ormai pi\u00f9 di vent&#8217;anni.<\/p>\n<p>Sabato 16 e domenica 17 marzo, l&#8217;evento si raccoglie nel Villaggio Scufons che verr\u00e0 allestito al Passo San Pellegrino dove le maggiori aziende dello scenario internazionale del telemark e freeride saranno presenti con le loro novit\u00e0 in fatto di attrezzatura e materiali da testare.<\/p>\n<p>Dal Villaggio Scufons si partir\u00e0 anche per le escursioni guidate con le ciaspole, per i corsi base gratuiti di telemark curati dalla Scuola Sci Dolomiti di Moena, per lo snow yoga ma con un occhio puntato sull&#8217;oasi del benessere, dove si potr\u00e0 essere massaggiati per ritemprarsi dalle fatiche dell&#8217;evento. Quest&#8217;anno una mostra fotografica dedicata a viaggi in terre lontane con gli sci ai piedi curata dal telemarker di Parma, Cristian Mercadanti, arricchir\u00e0 la Scufoneda nell&#8217;area espositiva al Passo San Pellegrino. Cinque intense giornate dove gli ski tour in pista e fuori pista la faranno da padroni fino a sfinire letteralmente i partecipanti. Telemark e freeride in quel mix tra antichit\u00e0 del gesto tecnico dei pionieri dello sci e quella modernit\u00e0 colorata fatta da abbigliamento ed attrezzatura super tecnica e moderna.<\/p>\n<p>Di tutto un po&#8217;, non mancheranno come ogni anno gli splendidi amanti del telemark vintage, che rimangono l&#8217;espressione pi\u00f9 poetica di questa disciplina, nata appunto nella contea di Telemark in Norvegia. La Scufoneda \u00e8 un evento con modalit\u00e0 vantaggiose per le registrazioni online.<\/p>\n<p>Tutte le informazioni su: https:\/\/www.scufons.com<\/p>","protected":false},"excerpt":{"rendered":"<p>&#8220;Grandi emozioni firmate Dolomiti, tra escursioni ed esclusivi tramonti in quota. Molto telemark e freeride conditi con l&#8217; inconfondibile voglia di divertimento degli Scufons&#8221; Moena, febbraio 2019. Nell&#8217;inverno finalmente splendidamente bianco e denso di grandi appuntamenti sportivi della Val di Fassa, arriva anche la XXII edizione della Scufoneda, dal 13 al 17 marzo prossimi, con [&hellip;]<\/p>\n","protected":false},"author":2,"featured_media":0,"comment_status":"closed","ping_status":"open","sticky":false,"template":"","format":"standard","meta":{"footnotes":""},"categories":[3394],"tags":[],"class_list":["post-101856","post","type-post","status-publish","format-standard","category-cultura-e-spettacoli-fuori-provincia"],"yoast_head":"<!-- This site is optimized with the Yoast SEO plugin v28.4 - https:\/\/yoast.com\/product\/yoast-seo-wordpress\/ -->\n<title>XXII Scufoneda 2019 Telemark e freeride 13-17 marzo 2019 Moena-Lusia-Passo San Pellegrino Val di Fassa \u2013 Dolomiti - Bellunopress - Dolomiti<\/title>\n<meta name=\"robots\" content=\"index, follow, max-snippet:-1, max-image-preview:large, max-video-preview:-1\" \/>\n<link rel=\"canonical\" href=\"https:\/\/www.bellunopress.it\/fr\/2019\/02\/07\/xxii-scufoneda-2019-telemark-e-freeride-13-17-marzo-2019-moena-lusia-passo-san-pellegrino-val-di-fassa-dolomiti\/\" \/>\n<meta property=\"og:locale\" content=\"fr_FR\" \/>\n<meta property=\"og:type\" content=\"article\" \/>\n<meta property=\"og:title\" content=\"XXII Scufoneda 2019 Telemark e freeride 13-17 marzo 2019 Moena-Lusia-Passo San Pellegrino Val di Fassa \u2013 Dolomiti - Bellunopress - Dolomiti\" \/>\n<meta property=\"og:description\" content=\"&#8220;Grandi emozioni firmate Dolomiti, tra escursioni ed esclusivi tramonti in quota. Molto telemark e freeride conditi con l&#8217; inconfondibile voglia di divertimento degli Scufons&#8221; Moena, febbraio 2019. Nell&#8217;inverno finalmente splendidamente bianco e denso di grandi appuntamenti sportivi della Val di Fassa, arriva anche la XXII edizione della Scufoneda, dal 13 al 17 marzo prossimi, con [&hellip;]\" \/>\n<meta property=\"og:url\" content=\"https:\/\/www.bellunopress.it\/fr\/2019\/02\/07\/xxii-scufoneda-2019-telemark-e-freeride-13-17-marzo-2019-moena-lusia-passo-san-pellegrino-val-di-fassa-dolomiti\/\" \/>\n<meta property=\"og:site_name\" content=\"Bellunopress - Dolomiti\" \/>\n<meta property=\"article:publisher\" content=\"https:\/\/www.facebook.com\/profile.php?id=100008943462799\" \/>\n<meta property=\"article:published_time\" content=\"2019-02-07T15:32:26+00:00\" \/>\n<meta property=\"og:image\" content=\"http:\/\/www.bellunopress.it\/wp-content\/uploads\/2019\/02\/Val-di-Fassa-Scufoneda-.jpg\" \/>\n<meta name=\"author\" content=\"redazione\" \/>\n<meta name=\"twitter:card\" content=\"summary_large_image\" \/>\n<meta name=\"twitter:creator\" content=\"@bellunopress\" \/>\n<meta name=\"twitter:site\" content=\"@bellunopress\" \/>\n<meta name=\"twitter:label1\" content=\"\u00c9crit par\" \/>\n\t<meta name=\"twitter:data1\" content=\"redazione\" \/>\n\t<meta name=\"twitter:label2\" content=\"Dur\u00e9e de lecture estim\u00e9e\" \/>\n\t<meta name=\"twitter:data2\" content=\"3 minutes\" \/>\n<script type=\"application\/ld+json\" class=\"yoast-schema-graph\">{\"@context\":\"https:\\\/\\\/schema.org\",\"@graph\":[{\"@type\":\"Article\",\"@id\":\"https:\\\/\\\/www.bellunopress.it\\\/2019\\\/02\\\/07\\\/xxii-scufoneda-2019-telemark-e-freeride-13-17-marzo-2019-moena-lusia-passo-san-pellegrino-val-di-fassa-dolomiti\\\/#article\",\"isPartOf\":{\"@id\":\"https:\\\/\\\/www.bellunopress.it\\\/2019\\\/02\\\/07\\\/xxii-scufoneda-2019-telemark-e-freeride-13-17-marzo-2019-moena-lusia-passo-san-pellegrino-val-di-fassa-dolomiti\\\/\"},\"author\":{\"name\":\"redazione\",\"@id\":\"https:\\\/\\\/www.bellunopress.it\\\/#\\\/schema\\\/person\\\/79bb06722b37ece1c03d3e94beb30d73\"},\"headline\":\"XXII Scufoneda 2019 Telemark e freeride 13-17 marzo 2019 Moena-Lusia-Passo San Pellegrino Val di Fassa \u2013 Dolomiti\",\"datePublished\":\"2019-02-07T15:32:26+00:00\",\"mainEntityOfPage\":{\"@id\":\"https:\\\/\\\/www.bellunopress.it\\\/2019\\\/02\\\/07\\\/xxii-scufoneda-2019-telemark-e-freeride-13-17-marzo-2019-moena-lusia-passo-san-pellegrino-val-di-fassa-dolomiti\\\/\"},\"wordCount\":687,\"publisher\":{\"@id\":\"https:\\\/\\\/www.bellunopress.it\\\/#organization\"},\"image\":{\"@id\":\"https:\\\/\\\/www.bellunopress.it\\\/2019\\\/02\\\/07\\\/xxii-scufoneda-2019-telemark-e-freeride-13-17-marzo-2019-moena-lusia-passo-san-pellegrino-val-di-fassa-dolomiti\\\/#primaryimage\"},\"thumbnailUrl\":\"http:\\\/\\\/www.bellunopress.it\\\/wp-content\\\/uploads\\\/2019\\\/02\\\/Val-di-Fassa-Scufoneda-.jpg\",\"articleSection\":[\"Cultura e spettacoli, tempo libero, benessere, fuori provincia\"],\"inLanguage\":\"fr-FR\"},{\"@type\":\"WebPage\",\"@id\":\"https:\\\/\\\/www.bellunopress.it\\\/2019\\\/02\\\/07\\\/xxii-scufoneda-2019-telemark-e-freeride-13-17-marzo-2019-moena-lusia-passo-san-pellegrino-val-di-fassa-dolomiti\\\/\",\"url\":\"https:\\\/\\\/www.bellunopress.it\\\/2019\\\/02\\\/07\\\/xxii-scufoneda-2019-telemark-e-freeride-13-17-marzo-2019-moena-lusia-passo-san-pellegrino-val-di-fassa-dolomiti\\\/\",\"name\":\"XXII Scufoneda 2019 Telemark e freeride 13-17 marzo 2019 Moena-Lusia-Passo San Pellegrino Val di Fassa \u2013 Dolomiti - Bellunopress - Dolomiti\",\"isPartOf\":{\"@id\":\"https:\\\/\\\/www.bellunopress.it\\\/#website\"},\"primaryImageOfPage\":{\"@id\":\"https:\\\/\\\/www.bellunopress.it\\\/2019\\\/02\\\/07\\\/xxii-scufoneda-2019-telemark-e-freeride-13-17-marzo-2019-moena-lusia-passo-san-pellegrino-val-di-fassa-dolomiti\\\/#primaryimage\"},\"image\":{\"@id\":\"https:\\\/\\\/www.bellunopress.it\\\/2019\\\/02\\\/07\\\/xxii-scufoneda-2019-telemark-e-freeride-13-17-marzo-2019-moena-lusia-passo-san-pellegrino-val-di-fassa-dolomiti\\\/#primaryimage\"},\"thumbnailUrl\":\"http:\\\/\\\/www.bellunopress.it\\\/wp-content\\\/uploads\\\/2019\\\/02\\\/Val-di-Fassa-Scufoneda-.jpg\",\"datePublished\":\"2019-02-07T15:32:26+00:00\",\"breadcrumb\":{\"@id\":\"https:\\\/\\\/www.bellunopress.it\\\/2019\\\/02\\\/07\\\/xxii-scufoneda-2019-telemark-e-freeride-13-17-marzo-2019-moena-lusia-passo-san-pellegrino-val-di-fassa-dolomiti\\\/#breadcrumb\"},\"inLanguage\":\"fr-FR\",\"potentialAction\":[{\"@type\":\"ReadAction\",\"target\":[\"https:\\\/\\\/www.bellunopress.it\\\/2019\\\/02\\\/07\\\/xxii-scufoneda-2019-telemark-e-freeride-13-17-marzo-2019-moena-lusia-passo-san-pellegrino-val-di-fassa-dolomiti\\\/\"]}]},{\"@type\":\"ImageObject\",\"inLanguage\":\"fr-FR\",\"@id\":\"https:\\\/\\\/www.bellunopress.it\\\/2019\\\/02\\\/07\\\/xxii-scufoneda-2019-telemark-e-freeride-13-17-marzo-2019-moena-lusia-passo-san-pellegrino-val-di-fassa-dolomiti\\\/#primaryimage\",\"url\":\"http:\\\/\\\/www.bellunopress.it\\\/wp-content\\\/uploads\\\/2019\\\/02\\\/Val-di-Fassa-Scufoneda-.jpg\",\"contentUrl\":\"http:\\\/\\\/www.bellunopress.it\\\/wp-content\\\/uploads\\\/2019\\\/02\\\/Val-di-Fassa-Scufoneda-.jpg\"},{\"@type\":\"BreadcrumbList\",\"@id\":\"https:\\\/\\\/www.bellunopress.it\\\/2019\\\/02\\\/07\\\/xxii-scufoneda-2019-telemark-e-freeride-13-17-marzo-2019-moena-lusia-passo-san-pellegrino-val-di-fassa-dolomiti\\\/#breadcrumb\",\"itemListElement\":[{\"@type\":\"ListItem\",\"position\":1,\"name\":\"Home\",\"item\":\"https:\\\/\\\/www.bellunopress.it\\\/\"},{\"@type\":\"ListItem\",\"position\":2,\"name\":\"XXII Scufoneda 2019 Telemark e freeride 13-17 marzo 2019 Moena-Lusia-Passo San Pellegrino Val di Fassa \u2013 Dolomiti\"}]},{\"@type\":\"WebSite\",\"@id\":\"https:\\\/\\\/www.bellunopress.it\\\/#website\",\"url\":\"https:\\\/\\\/www.bellunopress.it\\\/\",\"name\":\"Bellunopress - Dolomiti\",\"description\":\"e-mail: redazione@bellunopress.it\",\"publisher\":{\"@id\":\"https:\\\/\\\/www.bellunopress.it\\\/#organization\"},\"potentialAction\":[{\"@type\":\"SearchAction\",\"target\":{\"@type\":\"EntryPoint\",\"urlTemplate\":\"https:\\\/\\\/www.bellunopress.it\\\/?s={search_term_string}\"},\"query-input\":{\"@type\":\"PropertyValueSpecification\",\"valueRequired\":true,\"valueName\":\"search_term_string\"}}],\"inLanguage\":\"fr-FR\"},{\"@type\":\"Organization\",\"@id\":\"https:\\\/\\\/www.bellunopress.it\\\/#organization\",\"name\":\"Bellunopress\",\"url\":\"https:\\\/\\\/www.bellunopress.it\\\/\",\"logo\":{\"@type\":\"ImageObject\",\"inLanguage\":\"fr-FR\",\"@id\":\"https:\\\/\\\/www.bellunopress.it\\\/#\\\/schema\\\/logo\\\/image\\\/\",\"url\":\"https:\\\/\\\/www.bellunopress.it\\\/wp-content\\\/uploads\\\/2011\\\/05\\\/cropped-logo-bellunopress-.jpg\",\"contentUrl\":\"https:\\\/\\\/www.bellunopress.it\\\/wp-content\\\/uploads\\\/2011\\\/05\\\/cropped-logo-bellunopress-.jpg\",\"width\":512,\"height\":512,\"caption\":\"Bellunopress\"},\"image\":{\"@id\":\"https:\\\/\\\/www.bellunopress.it\\\/#\\\/schema\\\/logo\\\/image\\\/\"},\"sameAs\":[\"https:\\\/\\\/www.facebook.com\\\/profile.php?id=100008943462799\",\"https:\\\/\\\/x.com\\\/bellunopress\",\"https:\\\/\\\/www.linkedin.com\\\/hp\\\/?dnr=JBzUWaJfMUw8vbXJJ2tVW5-I3jZKvC4wsoxE&amp;amp;amp;amp;amp;amp;trk=nav_responsive_tab_home\",\"https:\\\/\\\/www.youtube.com\\\/channel\\\/UCxL0wu1uN0_3_7hGG0306cw\"]},{\"@type\":\"Person\",\"@id\":\"https:\\\/\\\/www.bellunopress.it\\\/#\\\/schema\\\/person\\\/79bb06722b37ece1c03d3e94beb30d73\",\"name\":\"redazione\",\"image\":{\"@type\":\"ImageObject\",\"inLanguage\":\"fr-FR\",\"@id\":\"https:\\\/\\\/secure.gravatar.com\\\/avatar\\\/37d968a2e67a6fd04c169c4bdef102d0bc5d31b2546345219e348575eb80e9a0?s=96&d=mm&r=g\",\"url\":\"https:\\\/\\\/secure.gravatar.com\\\/avatar\\\/37d968a2e67a6fd04c169c4bdef102d0bc5d31b2546345219e348575eb80e9a0?s=96&d=mm&r=g\",\"contentUrl\":\"https:\\\/\\\/secure.gravatar.com\\\/avatar\\\/37d968a2e67a6fd04c169c4bdef102d0bc5d31b2546345219e348575eb80e9a0?s=96&d=mm&r=g\",\"caption\":\"redazione\"},\"sameAs\":[\"http:\\\/\\\/www.bellunopress.it\",\"https:\\\/\\\/x.com\\\/bellunopress\"],\"url\":\"https:\\\/\\\/www.bellunopress.it\\\/fr\\\/author\\\/redazione\\\/\"}]}<\/script>\n<!-- \/ Yoast SEO plugin. -->","yoast_head_json":{"title":"XXII Scufoneda 2019 Telemark e freeride 13-17 marzo 2019 Moena-Lusia-Passo San Pellegrino Val di Fassa \u2013 Dolomiti - Bellunopress - Dolomiti","robots":{"index":"index","follow":"follow","max-snippet":"max-snippet:-1","max-image-preview":"max-image-preview:large","max-video-preview":"max-video-preview:-1"},"canonical":"https:\/\/www.bellunopress.it\/fr\/2019\/02\/07\/xxii-scufoneda-2019-telemark-e-freeride-13-17-marzo-2019-moena-lusia-passo-san-pellegrino-val-di-fassa-dolomiti\/","og_locale":"fr_FR","og_type":"article","og_title":"XXII Scufoneda 2019 Telemark e freeride 13-17 marzo 2019 Moena-Lusia-Passo San Pellegrino Val di Fassa \u2013 Dolomiti - Bellunopress - Dolomiti","og_description":"&#8220;Grandi emozioni firmate Dolomiti, tra escursioni ed esclusivi tramonti in quota. Molto telemark e freeride conditi con l&#8217; inconfondibile voglia di divertimento degli Scufons&#8221; Moena, febbraio 2019. Nell&#8217;inverno finalmente splendidamente bianco e denso di grandi appuntamenti sportivi della Val di Fassa, arriva anche la XXII edizione della Scufoneda, dal 13 al 17 marzo prossimi, con [&hellip;]","og_url":"https:\/\/www.bellunopress.it\/fr\/2019\/02\/07\/xxii-scufoneda-2019-telemark-e-freeride-13-17-marzo-2019-moena-lusia-passo-san-pellegrino-val-di-fassa-dolomiti\/","og_site_name":"Bellunopress - Dolomiti","article_publisher":"https:\/\/www.facebook.com\/profile.php?id=100008943462799","article_published_time":"2019-02-07T15:32:26+00:00","og_image":[{"url":"http:\/\/www.bellunopress.it\/wp-content\/uploads\/2019\/02\/Val-di-Fassa-Scufoneda-.jpg","type":"","width":"","height":""}],"author":"redazione","twitter_card":"summary_large_image","twitter_creator":"@bellunopress","twitter_site":"@bellunopress","twitter_misc":{"\u00c9crit par":"redazione","Dur\u00e9e de lecture estim\u00e9e":"3 minutes"},"schema":{"@context":"https:\/\/schema.org","@graph":[{"@type":"Article","@id":"https:\/\/www.bellunopress.it\/2019\/02\/07\/xxii-scufoneda-2019-telemark-e-freeride-13-17-marzo-2019-moena-lusia-passo-san-pellegrino-val-di-fassa-dolomiti\/#article","isPartOf":{"@id":"https:\/\/www.bellunopress.it\/2019\/02\/07\/xxii-scufoneda-2019-telemark-e-freeride-13-17-marzo-2019-moena-lusia-passo-san-pellegrino-val-di-fassa-dolomiti\/"},"author":{"name":"redazione","@id":"https:\/\/www.bellunopress.it\/#\/schema\/person\/79bb06722b37ece1c03d3e94beb30d73"},"headline":"XXII Scufoneda 2019 Telemark e freeride 13-17 marzo 2019 Moena-Lusia-Passo San Pellegrino Val di Fassa \u2013 Dolomiti","datePublished":"2019-02-07T15:32:26+00:00","mainEntityOfPage":{"@id":"https:\/\/www.bellunopress.it\/2019\/02\/07\/xxii-scufoneda-2019-telemark-e-freeride-13-17-marzo-2019-moena-lusia-passo-san-pellegrino-val-di-fassa-dolomiti\/"},"wordCount":687,"publisher":{"@id":"https:\/\/www.bellunopress.it\/#organization"},"image":{"@id":"https:\/\/www.bellunopress.it\/2019\/02\/07\/xxii-scufoneda-2019-telemark-e-freeride-13-17-marzo-2019-moena-lusia-passo-san-pellegrino-val-di-fassa-dolomiti\/#primaryimage"},"thumbnailUrl":"http:\/\/www.bellunopress.it\/wp-content\/uploads\/2019\/02\/Val-di-Fassa-Scufoneda-.jpg","articleSection":["Cultura e spettacoli, tempo libero, benessere, fuori provincia"],"inLanguage":"fr-FR"},{"@type":"WebPage","@id":"https:\/\/www.bellunopress.it\/2019\/02\/07\/xxii-scufoneda-2019-telemark-e-freeride-13-17-marzo-2019-moena-lusia-passo-san-pellegrino-val-di-fassa-dolomiti\/","url":"https:\/\/www.bellunopress.it\/2019\/02\/07\/xxii-scufoneda-2019-telemark-e-freeride-13-17-marzo-2019-moena-lusia-passo-san-pellegrino-val-di-fassa-dolomiti\/","name":"XXII Scufoneda 2019 Telemark e freeride 13-17 marzo 2019 Moena-Lusia-Passo San Pellegrino Val di Fassa \u2013 Dolomiti - Bellunopress - Dolomiti","isPartOf":{"@id":"https:\/\/www.bellunopress.it\/#website"},"primaryImageOfPage":{"@id":"https:\/\/www.bellunopress.it\/2019\/02\/07\/xxii-scufoneda-2019-telemark-e-freeride-13-17-marzo-2019-moena-lusia-passo-san-pellegrino-val-di-fassa-dolomiti\/#primaryimage"},"image":{"@id":"https:\/\/www.bellunopress.it\/2019\/02\/07\/xxii-scufoneda-2019-telemark-e-freeride-13-17-marzo-2019-moena-lusia-passo-san-pellegrino-val-di-fassa-dolomiti\/#primaryimage"},"thumbnailUrl":"http:\/\/www.bellunopress.it\/wp-content\/uploads\/2019\/02\/Val-di-Fassa-Scufoneda-.jpg","datePublished":"2019-02-07T15:32:26+00:00","breadcrumb":{"@id":"https:\/\/www.bellunopress.it\/2019\/02\/07\/xxii-scufoneda-2019-telemark-e-freeride-13-17-marzo-2019-moena-lusia-passo-san-pellegrino-val-di-fassa-dolomiti\/#breadcrumb"},"inLanguage":"fr-FR","potentialAction":[{"@type":"ReadAction","target":["https:\/\/www.bellunopress.it\/2019\/02\/07\/xxii-scufoneda-2019-telemark-e-freeride-13-17-marzo-2019-moena-lusia-passo-san-pellegrino-val-di-fassa-dolomiti\/"]}]},{"@type":"ImageObject","inLanguage":"fr-FR","@id":"https:\/\/www.bellunopress.it\/2019\/02\/07\/xxii-scufoneda-2019-telemark-e-freeride-13-17-marzo-2019-moena-lusia-passo-san-pellegrino-val-di-fassa-dolomiti\/#primaryimage","url":"http:\/\/www.bellunopress.it\/wp-content\/uploads\/2019\/02\/Val-di-Fassa-Scufoneda-.jpg","contentUrl":"http:\/\/www.bellunopress.it\/wp-content\/uploads\/2019\/02\/Val-di-Fassa-Scufoneda-.jpg"},{"@type":"BreadcrumbList","@id":"https:\/\/www.bellunopress.it\/2019\/02\/07\/xxii-scufoneda-2019-telemark-e-freeride-13-17-marzo-2019-moena-lusia-passo-san-pellegrino-val-di-fassa-dolomiti\/#breadcrumb","itemListElement":[{"@type":"ListItem","position":1,"name":"Home","item":"https:\/\/www.bellunopress.it\/"},{"@type":"ListItem","position":2,"name":"XXII Scufoneda 2019 Telemark e freeride 13-17 marzo 2019 Moena-Lusia-Passo San Pellegrino Val di Fassa \u2013 Dolomiti"}]},{"@type":"WebSite","@id":"https:\/\/www.bellunopress.it\/#website","url":"https:\/\/www.bellunopress.it\/","name":"Bellunopress - Dolomiti","description":"e-mail: redazione@bellunopress.it","publisher":{"@id":"https:\/\/www.bellunopress.it\/#organization"},"potentialAction":[{"@type":"SearchAction","target":{"@type":"EntryPoint","urlTemplate":"https:\/\/www.bellunopress.it\/?s={search_term_string}"},"query-input":{"@type":"PropertyValueSpecification","valueRequired":true,"valueName":"search_term_string"}}],"inLanguage":"fr-FR"},{"@type":"Organization","@id":"https:\/\/www.bellunopress.it\/#organization","name":"Bellunopress","url":"https:\/\/www.bellunopress.it\/","logo":{"@type":"ImageObject","inLanguage":"fr-FR","@id":"https:\/\/www.bellunopress.it\/#\/schema\/logo\/image\/","url":"https:\/\/www.bellunopress.it\/wp-content\/uploads\/2011\/05\/cropped-logo-bellunopress-.jpg","contentUrl":"https:\/\/www.bellunopress.it\/wp-content\/uploads\/2011\/05\/cropped-logo-bellunopress-.jpg","width":512,"height":512,"caption":"Bellunopress"},"image":{"@id":"https:\/\/www.bellunopress.it\/#\/schema\/logo\/image\/"},"sameAs":["https:\/\/www.facebook.com\/profile.php?id=100008943462799","https:\/\/x.com\/bellunopress","https:\/\/www.linkedin.com\/hp\/?dnr=JBzUWaJfMUw8vbXJJ2tVW5-I3jZKvC4wsoxE&amp;amp;amp;amp;amp;amp;trk=nav_responsive_tab_home","https:\/\/www.youtube.com\/channel\/UCxL0wu1uN0_3_7hGG0306cw"]},{"@type":"Person","@id":"https:\/\/www.bellunopress.it\/#\/schema\/person\/79bb06722b37ece1c03d3e94beb30d73","name":"r\u00e9daction","image":{"@type":"ImageObject","inLanguage":"fr-FR","@id":"https:\/\/secure.gravatar.com\/avatar\/37d968a2e67a6fd04c169c4bdef102d0bc5d31b2546345219e348575eb80e9a0?s=96&d=mm&r=g","url":"https:\/\/secure.gravatar.com\/avatar\/37d968a2e67a6fd04c169c4bdef102d0bc5d31b2546345219e348575eb80e9a0?s=96&d=mm&r=g","contentUrl":"https:\/\/secure.gravatar.com\/avatar\/37d968a2e67a6fd04c169c4bdef102d0bc5d31b2546345219e348575eb80e9a0?s=96&d=mm&r=g","caption":"redazione"},"sameAs":["http:\/\/www.bellunopress.it","https:\/\/x.com\/bellunopress"],"url":"https:\/\/www.bellunopress.it\/fr\/author\/redazione\/"}]}},"_links":{"self":[{"href":"https:\/\/www.bellunopress.it\/fr\/wp-json\/wp\/v2\/posts\/101856","targetHints":{"allow":["GET"]}}],"collection":[{"href":"https:\/\/www.bellunopress.it\/fr\/wp-json\/wp\/v2\/posts"}],"about":[{"href":"https:\/\/www.bellunopress.it\/fr\/wp-json\/wp\/v2\/types\/post"}],"author":[{"embeddable":true,"href":"https:\/\/www.bellunopress.it\/fr\/wp-json\/wp\/v2\/users\/2"}],"replies":[{"embeddable":true,"href":"https:\/\/www.bellunopress.it\/fr\/wp-json\/wp\/v2\/comments?post=101856"}],"version-history":[{"count":2,"href":"https:\/\/www.bellunopress.it\/fr\/wp-json\/wp\/v2\/posts\/101856\/revisions"}],"predecessor-version":[{"id":101859,"href":"https:\/\/www.bellunopress.it\/fr\/wp-json\/wp\/v2\/posts\/101856\/revisions\/101859"}],"wp:attachment":[{"href":"https:\/\/www.bellunopress.it\/fr\/wp-json\/wp\/v2\/media?parent=101856"}],"wp:term":[{"taxonomy":"category","embeddable":true,"href":"https:\/\/www.bellunopress.it\/fr\/wp-json\/wp\/v2\/categories?post=101856"},{"taxonomy":"post_tag","embeddable":true,"href":"https:\/\/www.bellunopress.it\/fr\/wp-json\/wp\/v2\/tags?post=101856"}],"curies":[{"name":"wp","href":"https:\/\/api.w.org\/{rel}","templated":true}]}}