{"id":101810,"date":"2019-02-06T13:04:55","date_gmt":"2019-02-06T12:04:55","guid":{"rendered":"http:\/\/www.bellunopress.it\/?p=101810"},"modified":"2019-02-06T13:04:55","modified_gmt":"2019-02-06T12:04:55","slug":"alto-adige-e-lago-di-garda-location-deccellenza-dei-quellenhof-luxury-resorts","status":"publish","type":"post","link":"https:\/\/www.bellunopress.it\/fr\/2019\/02\/06\/alto-adige-e-lago-di-garda-location-deccellenza-dei-quellenhof-luxury-resorts\/","title":{"rendered":"Alto Adige e Lago di Garda, location d\u2019eccellenza dei Quellenhof Luxury Resorts"},"content":{"rendered":"<p><strong>Con l\u2019inaugurazione del Quellenhof Luxury Resort Lazise a Verona, i Quellenhof Resorts variegano l\u2019offerta gi\u00e0 affermata nel prestigioso hotel in Alto Adige. La famiglia Dorfer, proprietaria del 5 stelle in Val Passiria, porta nel 2019 la propria esperienza sul Lago di Garda. Sempre nel segno dell\u2019eccellenza, come conferma Heinrich Dorfer: \u00abQuellenhof significa qualit\u00e0 e con questa garanzia vogliamo proseguire anche a Lazise\u00bb.<\/strong><\/p>\n<p><a href=\"http:\/\/www.bellunopress.it\/fr\/2019\/02\/06\/alto-adige-e-lago-di-garda-location-deccellenza-dei-quellenhof-luxury-resorts\/garda-resort-lazise\/\" rel=\"attachment wp-att-101812\"><img loading=\"lazy\" decoding=\"async\" class=\"alignleft size-full wp-image-101812\" src=\"http:\/\/www.bellunopress.it\/wp-content\/uploads\/2019\/02\/Garda-Resort-Lazise.jpg\" alt=\"\" width=\"300\" height=\"198\" \/><\/a>\u00abLa \u201cQ\u201d del nostro logo ha un doppio significato: oltre ovviamente a Quellenhof, sta anche per \u201cqualit\u00e0\u201d ed \u00e8 questo che l\u2019ospite pu\u00f2 trovare sia nel resort in Val Passiria che nel nuovo resort sul Lago di Garda. Abbiamo infatti scelto di utilizzare questo nome anche per il nuovo hotel perch\u00e9 da sempre Quellenhof significa qualit\u00e1 per i nostri ospiti e con questa garanzia vogliamo proseguire anche a Lazise\u00bb cos\u00ec dice Heinrich Dorfer, proprietario e direttore del Quellenhof Resort in Val Passiria \u00abEra un mio sogno inaugurare una struttura a Lazise, luogo che da anni frequentiamo durante le nostre vacanze. Ho avuto l\u2019occasione di comprare un terreno affacciato sul Lago di Garda e non me la sono lasciata sfuggire: da subito siamo partiti con i lavori di progettazione e siamo pronti per aprire il nuovo Quellenhof in primavera 2019\u00bb. Il progetto degli architetti Marx &amp; Ladurner riqualifica un\u2019area di circa 12mila mq prima occupata da serre dismesse e crea una struttura ben armonizzata con il territorio circostante: gli elementi massicci in pietra sono alleggeriti da ampie vetrate che portano l\u2019occhio all\u2019alto, dove la sky pool e il ristorante panoramico dominano il boschetto di ulivi e la flora locale, sullo sfondo di uno dei pi\u00f9 bei laghi italiani.<\/p>\n<p>Il marchio Quellenhof Luxury Resorts \u00e8 garanzia di qualit\u00e0 al massimo livello e ha una lunga storia, che comincia nel 1923 con l\u2019acquisizione da parte dei nonni dell\u2019attuale direttore Heinrich Dorfer dell\u2019antica locanda Quellenhof, importante punto d\u2019incontro lungo l\u2019unica strada che percorreva la Val Passiria. Grazie alle capacit\u00e0 prima della madre Luise e poi dello stesso Heinrich, il Quellenhof Luxury Resort Passeier si \u00e8 progressivamente ampliato specializzandosi in \u201csport e wellness\u201d e diventando il pi\u00f9 grande hotel di attivit\u00e0 sportiva delle Alpi. Questa lunga esperienza nell\u2019ospitalit\u00e0 d\u00e0 alla famiglia Dorfer la sicurezza per intraprendere la nuova sfida: affermarsi anche a Lazise, territorio cos\u00ec diverso dall\u2019Alto Adige luogo natale del Quellenhof. La formula non cambia: cercare l\u2019eccellenza guardando al futuro e restando sempre fedeli alle proprie radici.<\/p>\n<p>www.quellenhof.it\/it\/<br \/>\nwww.quellenhof-lazise.it\/it\/<\/p>","protected":false},"excerpt":{"rendered":"<p>Con l\u2019inaugurazione del Quellenhof Luxury Resort Lazise a Verona, i Quellenhof Resorts variegano l\u2019offerta gi\u00e0 affermata nel prestigioso hotel in Alto Adige. La famiglia Dorfer, proprietaria del 5 stelle in Val Passiria, porta nel 2019 la propria esperienza sul Lago di Garda. Sempre nel segno dell\u2019eccellenza, come conferma Heinrich Dorfer: \u00abQuellenhof significa qualit\u00e0 e con [&hellip;]<\/p>\n","protected":false},"author":2,"featured_media":0,"comment_status":"closed","ping_status":"open","sticky":false,"template":"","format":"standard","meta":{"footnotes":""},"categories":[3394],"tags":[],"class_list":["post-101810","post","type-post","status-publish","format-standard","category-cultura-e-spettacoli-fuori-provincia"],"yoast_head":"<!-- This site is optimized with the Yoast SEO plugin v28.4 - https:\/\/yoast.com\/product\/yoast-seo-wordpress\/ -->\n<title>Alto Adige e Lago di Garda, location d\u2019eccellenza dei Quellenhof Luxury Resorts - Bellunopress - Dolomiti<\/title>\n<meta name=\"robots\" content=\"index, follow, max-snippet:-1, max-image-preview:large, max-video-preview:-1\" \/>\n<link rel=\"canonical\" href=\"https:\/\/www.bellunopress.it\/fr\/2019\/02\/06\/alto-adige-e-lago-di-garda-location-deccellenza-dei-quellenhof-luxury-resorts\/\" \/>\n<meta property=\"og:locale\" content=\"fr_FR\" \/>\n<meta property=\"og:type\" content=\"article\" \/>\n<meta property=\"og:title\" content=\"Alto Adige e Lago di Garda, location d\u2019eccellenza dei Quellenhof Luxury Resorts - Bellunopress - Dolomiti\" \/>\n<meta property=\"og:description\" content=\"Con l\u2019inaugurazione del Quellenhof Luxury Resort Lazise a Verona, i Quellenhof Resorts variegano l\u2019offerta gi\u00e0 affermata nel prestigioso hotel in Alto Adige. La famiglia Dorfer, proprietaria del 5 stelle in Val Passiria, porta nel 2019 la propria esperienza sul Lago di Garda. Sempre nel segno dell\u2019eccellenza, come conferma Heinrich Dorfer: \u00abQuellenhof significa qualit\u00e0 e con [&hellip;]\" \/>\n<meta property=\"og:url\" content=\"https:\/\/www.bellunopress.it\/fr\/2019\/02\/06\/alto-adige-e-lago-di-garda-location-deccellenza-dei-quellenhof-luxury-resorts\/\" \/>\n<meta property=\"og:site_name\" content=\"Bellunopress - Dolomiti\" \/>\n<meta property=\"article:publisher\" content=\"https:\/\/www.facebook.com\/profile.php?id=100008943462799\" \/>\n<meta property=\"article:published_time\" content=\"2019-02-06T12:04:55+00:00\" \/>\n<meta property=\"og:image\" content=\"http:\/\/www.bellunopress.it\/wp-content\/uploads\/2019\/02\/Garda-Resort-Lazise.jpg\" \/>\n<meta name=\"author\" content=\"redazione\" \/>\n<meta name=\"twitter:card\" content=\"summary_large_image\" \/>\n<meta name=\"twitter:creator\" content=\"@bellunopress\" \/>\n<meta name=\"twitter:site\" content=\"@bellunopress\" \/>\n<meta name=\"twitter:label1\" content=\"\u00c9crit par\" \/>\n\t<meta name=\"twitter:data1\" content=\"redazione\" \/>\n\t<meta name=\"twitter:label2\" content=\"Dur\u00e9e de lecture estim\u00e9e\" \/>\n\t<meta name=\"twitter:data2\" content=\"2 minutes\" \/>\n<script type=\"application\/ld+json\" class=\"yoast-schema-graph\">{\"@context\":\"https:\\\/\\\/schema.org\",\"@graph\":[{\"@type\":\"Article\",\"@id\":\"https:\\\/\\\/www.bellunopress.it\\\/2019\\\/02\\\/06\\\/alto-adige-e-lago-di-garda-location-deccellenza-dei-quellenhof-luxury-resorts\\\/#article\",\"isPartOf\":{\"@id\":\"https:\\\/\\\/www.bellunopress.it\\\/2019\\\/02\\\/06\\\/alto-adige-e-lago-di-garda-location-deccellenza-dei-quellenhof-luxury-resorts\\\/\"},\"author\":{\"name\":\"redazione\",\"@id\":\"https:\\\/\\\/www.bellunopress.it\\\/#\\\/schema\\\/person\\\/79bb06722b37ece1c03d3e94beb30d73\"},\"headline\":\"Alto Adige e Lago di Garda, location d\u2019eccellenza dei Quellenhof Luxury Resorts\",\"datePublished\":\"2019-02-06T12:04:55+00:00\",\"mainEntityOfPage\":{\"@id\":\"https:\\\/\\\/www.bellunopress.it\\\/2019\\\/02\\\/06\\\/alto-adige-e-lago-di-garda-location-deccellenza-dei-quellenhof-luxury-resorts\\\/\"},\"wordCount\":425,\"publisher\":{\"@id\":\"https:\\\/\\\/www.bellunopress.it\\\/#organization\"},\"image\":{\"@id\":\"https:\\\/\\\/www.bellunopress.it\\\/2019\\\/02\\\/06\\\/alto-adige-e-lago-di-garda-location-deccellenza-dei-quellenhof-luxury-resorts\\\/#primaryimage\"},\"thumbnailUrl\":\"http:\\\/\\\/www.bellunopress.it\\\/wp-content\\\/uploads\\\/2019\\\/02\\\/Garda-Resort-Lazise.jpg\",\"articleSection\":[\"Cultura e spettacoli, tempo libero, benessere, fuori provincia\"],\"inLanguage\":\"fr-FR\"},{\"@type\":\"WebPage\",\"@id\":\"https:\\\/\\\/www.bellunopress.it\\\/2019\\\/02\\\/06\\\/alto-adige-e-lago-di-garda-location-deccellenza-dei-quellenhof-luxury-resorts\\\/\",\"url\":\"https:\\\/\\\/www.bellunopress.it\\\/2019\\\/02\\\/06\\\/alto-adige-e-lago-di-garda-location-deccellenza-dei-quellenhof-luxury-resorts\\\/\",\"name\":\"Alto Adige e Lago di Garda, location d\u2019eccellenza dei Quellenhof Luxury Resorts - Bellunopress - Dolomiti\",\"isPartOf\":{\"@id\":\"https:\\\/\\\/www.bellunopress.it\\\/#website\"},\"primaryImageOfPage\":{\"@id\":\"https:\\\/\\\/www.bellunopress.it\\\/2019\\\/02\\\/06\\\/alto-adige-e-lago-di-garda-location-deccellenza-dei-quellenhof-luxury-resorts\\\/#primaryimage\"},\"image\":{\"@id\":\"https:\\\/\\\/www.bellunopress.it\\\/2019\\\/02\\\/06\\\/alto-adige-e-lago-di-garda-location-deccellenza-dei-quellenhof-luxury-resorts\\\/#primaryimage\"},\"thumbnailUrl\":\"http:\\\/\\\/www.bellunopress.it\\\/wp-content\\\/uploads\\\/2019\\\/02\\\/Garda-Resort-Lazise.jpg\",\"datePublished\":\"2019-02-06T12:04:55+00:00\",\"breadcrumb\":{\"@id\":\"https:\\\/\\\/www.bellunopress.it\\\/2019\\\/02\\\/06\\\/alto-adige-e-lago-di-garda-location-deccellenza-dei-quellenhof-luxury-resorts\\\/#breadcrumb\"},\"inLanguage\":\"fr-FR\",\"potentialAction\":[{\"@type\":\"ReadAction\",\"target\":[\"https:\\\/\\\/www.bellunopress.it\\\/2019\\\/02\\\/06\\\/alto-adige-e-lago-di-garda-location-deccellenza-dei-quellenhof-luxury-resorts\\\/\"]}]},{\"@type\":\"ImageObject\",\"inLanguage\":\"fr-FR\",\"@id\":\"https:\\\/\\\/www.bellunopress.it\\\/2019\\\/02\\\/06\\\/alto-adige-e-lago-di-garda-location-deccellenza-dei-quellenhof-luxury-resorts\\\/#primaryimage\",\"url\":\"http:\\\/\\\/www.bellunopress.it\\\/wp-content\\\/uploads\\\/2019\\\/02\\\/Garda-Resort-Lazise.jpg\",\"contentUrl\":\"http:\\\/\\\/www.bellunopress.it\\\/wp-content\\\/uploads\\\/2019\\\/02\\\/Garda-Resort-Lazise.jpg\"},{\"@type\":\"BreadcrumbList\",\"@id\":\"https:\\\/\\\/www.bellunopress.it\\\/2019\\\/02\\\/06\\\/alto-adige-e-lago-di-garda-location-deccellenza-dei-quellenhof-luxury-resorts\\\/#breadcrumb\",\"itemListElement\":[{\"@type\":\"ListItem\",\"position\":1,\"name\":\"Home\",\"item\":\"https:\\\/\\\/www.bellunopress.it\\\/\"},{\"@type\":\"ListItem\",\"position\":2,\"name\":\"Alto Adige e Lago di Garda, location d\u2019eccellenza dei Quellenhof Luxury Resorts\"}]},{\"@type\":\"WebSite\",\"@id\":\"https:\\\/\\\/www.bellunopress.it\\\/#website\",\"url\":\"https:\\\/\\\/www.bellunopress.it\\\/\",\"name\":\"Bellunopress - Dolomiti\",\"description\":\"e-mail: redazione@bellunopress.it\",\"publisher\":{\"@id\":\"https:\\\/\\\/www.bellunopress.it\\\/#organization\"},\"potentialAction\":[{\"@type\":\"SearchAction\",\"target\":{\"@type\":\"EntryPoint\",\"urlTemplate\":\"https:\\\/\\\/www.bellunopress.it\\\/?s={search_term_string}\"},\"query-input\":{\"@type\":\"PropertyValueSpecification\",\"valueRequired\":true,\"valueName\":\"search_term_string\"}}],\"inLanguage\":\"fr-FR\"},{\"@type\":\"Organization\",\"@id\":\"https:\\\/\\\/www.bellunopress.it\\\/#organization\",\"name\":\"Bellunopress\",\"url\":\"https:\\\/\\\/www.bellunopress.it\\\/\",\"logo\":{\"@type\":\"ImageObject\",\"inLanguage\":\"fr-FR\",\"@id\":\"https:\\\/\\\/www.bellunopress.it\\\/#\\\/schema\\\/logo\\\/image\\\/\",\"url\":\"https:\\\/\\\/www.bellunopress.it\\\/wp-content\\\/uploads\\\/2011\\\/05\\\/cropped-logo-bellunopress-.jpg\",\"contentUrl\":\"https:\\\/\\\/www.bellunopress.it\\\/wp-content\\\/uploads\\\/2011\\\/05\\\/cropped-logo-bellunopress-.jpg\",\"width\":512,\"height\":512,\"caption\":\"Bellunopress\"},\"image\":{\"@id\":\"https:\\\/\\\/www.bellunopress.it\\\/#\\\/schema\\\/logo\\\/image\\\/\"},\"sameAs\":[\"https:\\\/\\\/www.facebook.com\\\/profile.php?id=100008943462799\",\"https:\\\/\\\/x.com\\\/bellunopress\",\"https:\\\/\\\/www.linkedin.com\\\/hp\\\/?dnr=JBzUWaJfMUw8vbXJJ2tVW5-I3jZKvC4wsoxE&amp;amp;amp;amp;amp;amp;trk=nav_responsive_tab_home\",\"https:\\\/\\\/www.youtube.com\\\/channel\\\/UCxL0wu1uN0_3_7hGG0306cw\"]},{\"@type\":\"Person\",\"@id\":\"https:\\\/\\\/www.bellunopress.it\\\/#\\\/schema\\\/person\\\/79bb06722b37ece1c03d3e94beb30d73\",\"name\":\"redazione\",\"image\":{\"@type\":\"ImageObject\",\"inLanguage\":\"fr-FR\",\"@id\":\"https:\\\/\\\/secure.gravatar.com\\\/avatar\\\/37d968a2e67a6fd04c169c4bdef102d0bc5d31b2546345219e348575eb80e9a0?s=96&d=mm&r=g\",\"url\":\"https:\\\/\\\/secure.gravatar.com\\\/avatar\\\/37d968a2e67a6fd04c169c4bdef102d0bc5d31b2546345219e348575eb80e9a0?s=96&d=mm&r=g\",\"contentUrl\":\"https:\\\/\\\/secure.gravatar.com\\\/avatar\\\/37d968a2e67a6fd04c169c4bdef102d0bc5d31b2546345219e348575eb80e9a0?s=96&d=mm&r=g\",\"caption\":\"redazione\"},\"sameAs\":[\"http:\\\/\\\/www.bellunopress.it\",\"https:\\\/\\\/x.com\\\/bellunopress\"],\"url\":\"https:\\\/\\\/www.bellunopress.it\\\/fr\\\/author\\\/redazione\\\/\"}]}<\/script>\n<!-- \/ Yoast SEO plugin. -->","yoast_head_json":{"title":"Alto Adige e Lago di Garda, location d\u2019eccellenza dei Quellenhof Luxury Resorts - Bellunopress - Dolomiti","robots":{"index":"index","follow":"follow","max-snippet":"max-snippet:-1","max-image-preview":"max-image-preview:large","max-video-preview":"max-video-preview:-1"},"canonical":"https:\/\/www.bellunopress.it\/fr\/2019\/02\/06\/alto-adige-e-lago-di-garda-location-deccellenza-dei-quellenhof-luxury-resorts\/","og_locale":"fr_FR","og_type":"article","og_title":"Alto Adige e Lago di Garda, location d\u2019eccellenza dei Quellenhof Luxury Resorts - Bellunopress - Dolomiti","og_description":"Con l\u2019inaugurazione del Quellenhof Luxury Resort Lazise a Verona, i Quellenhof Resorts variegano l\u2019offerta gi\u00e0 affermata nel prestigioso hotel in Alto Adige. La famiglia Dorfer, proprietaria del 5 stelle in Val Passiria, porta nel 2019 la propria esperienza sul Lago di Garda. Sempre nel segno dell\u2019eccellenza, come conferma Heinrich Dorfer: \u00abQuellenhof significa qualit\u00e0 e con [&hellip;]","og_url":"https:\/\/www.bellunopress.it\/fr\/2019\/02\/06\/alto-adige-e-lago-di-garda-location-deccellenza-dei-quellenhof-luxury-resorts\/","og_site_name":"Bellunopress - Dolomiti","article_publisher":"https:\/\/www.facebook.com\/profile.php?id=100008943462799","article_published_time":"2019-02-06T12:04:55+00:00","og_image":[{"url":"http:\/\/www.bellunopress.it\/wp-content\/uploads\/2019\/02\/Garda-Resort-Lazise.jpg","type":"","width":"","height":""}],"author":"redazione","twitter_card":"summary_large_image","twitter_creator":"@bellunopress","twitter_site":"@bellunopress","twitter_misc":{"\u00c9crit par":"redazione","Dur\u00e9e de lecture estim\u00e9e":"2 minutes"},"schema":{"@context":"https:\/\/schema.org","@graph":[{"@type":"Article","@id":"https:\/\/www.bellunopress.it\/2019\/02\/06\/alto-adige-e-lago-di-garda-location-deccellenza-dei-quellenhof-luxury-resorts\/#article","isPartOf":{"@id":"https:\/\/www.bellunopress.it\/2019\/02\/06\/alto-adige-e-lago-di-garda-location-deccellenza-dei-quellenhof-luxury-resorts\/"},"author":{"name":"redazione","@id":"https:\/\/www.bellunopress.it\/#\/schema\/person\/79bb06722b37ece1c03d3e94beb30d73"},"headline":"Alto Adige e Lago di Garda, location d\u2019eccellenza dei Quellenhof Luxury Resorts","datePublished":"2019-02-06T12:04:55+00:00","mainEntityOfPage":{"@id":"https:\/\/www.bellunopress.it\/2019\/02\/06\/alto-adige-e-lago-di-garda-location-deccellenza-dei-quellenhof-luxury-resorts\/"},"wordCount":425,"publisher":{"@id":"https:\/\/www.bellunopress.it\/#organization"},"image":{"@id":"https:\/\/www.bellunopress.it\/2019\/02\/06\/alto-adige-e-lago-di-garda-location-deccellenza-dei-quellenhof-luxury-resorts\/#primaryimage"},"thumbnailUrl":"http:\/\/www.bellunopress.it\/wp-content\/uploads\/2019\/02\/Garda-Resort-Lazise.jpg","articleSection":["Cultura e spettacoli, tempo libero, benessere, fuori provincia"],"inLanguage":"fr-FR"},{"@type":"WebPage","@id":"https:\/\/www.bellunopress.it\/2019\/02\/06\/alto-adige-e-lago-di-garda-location-deccellenza-dei-quellenhof-luxury-resorts\/","url":"https:\/\/www.bellunopress.it\/2019\/02\/06\/alto-adige-e-lago-di-garda-location-deccellenza-dei-quellenhof-luxury-resorts\/","name":"Alto Adige e Lago di Garda, location d\u2019eccellenza dei Quellenhof Luxury Resorts - Bellunopress - Dolomiti","isPartOf":{"@id":"https:\/\/www.bellunopress.it\/#website"},"primaryImageOfPage":{"@id":"https:\/\/www.bellunopress.it\/2019\/02\/06\/alto-adige-e-lago-di-garda-location-deccellenza-dei-quellenhof-luxury-resorts\/#primaryimage"},"image":{"@id":"https:\/\/www.bellunopress.it\/2019\/02\/06\/alto-adige-e-lago-di-garda-location-deccellenza-dei-quellenhof-luxury-resorts\/#primaryimage"},"thumbnailUrl":"http:\/\/www.bellunopress.it\/wp-content\/uploads\/2019\/02\/Garda-Resort-Lazise.jpg","datePublished":"2019-02-06T12:04:55+00:00","breadcrumb":{"@id":"https:\/\/www.bellunopress.it\/2019\/02\/06\/alto-adige-e-lago-di-garda-location-deccellenza-dei-quellenhof-luxury-resorts\/#breadcrumb"},"inLanguage":"fr-FR","potentialAction":[{"@type":"ReadAction","target":["https:\/\/www.bellunopress.it\/2019\/02\/06\/alto-adige-e-lago-di-garda-location-deccellenza-dei-quellenhof-luxury-resorts\/"]}]},{"@type":"ImageObject","inLanguage":"fr-FR","@id":"https:\/\/www.bellunopress.it\/2019\/02\/06\/alto-adige-e-lago-di-garda-location-deccellenza-dei-quellenhof-luxury-resorts\/#primaryimage","url":"http:\/\/www.bellunopress.it\/wp-content\/uploads\/2019\/02\/Garda-Resort-Lazise.jpg","contentUrl":"http:\/\/www.bellunopress.it\/wp-content\/uploads\/2019\/02\/Garda-Resort-Lazise.jpg"},{"@type":"BreadcrumbList","@id":"https:\/\/www.bellunopress.it\/2019\/02\/06\/alto-adige-e-lago-di-garda-location-deccellenza-dei-quellenhof-luxury-resorts\/#breadcrumb","itemListElement":[{"@type":"ListItem","position":1,"name":"Home","item":"https:\/\/www.bellunopress.it\/"},{"@type":"ListItem","position":2,"name":"Alto Adige e Lago di Garda, location d\u2019eccellenza dei Quellenhof Luxury Resorts"}]},{"@type":"WebSite","@id":"https:\/\/www.bellunopress.it\/#website","url":"https:\/\/www.bellunopress.it\/","name":"Bellunopress - Dolomiti","description":"e-mail: redazione@bellunopress.it","publisher":{"@id":"https:\/\/www.bellunopress.it\/#organization"},"potentialAction":[{"@type":"SearchAction","target":{"@type":"EntryPoint","urlTemplate":"https:\/\/www.bellunopress.it\/?s={search_term_string}"},"query-input":{"@type":"PropertyValueSpecification","valueRequired":true,"valueName":"search_term_string"}}],"inLanguage":"fr-FR"},{"@type":"Organization","@id":"https:\/\/www.bellunopress.it\/#organization","name":"Bellunopress","url":"https:\/\/www.bellunopress.it\/","logo":{"@type":"ImageObject","inLanguage":"fr-FR","@id":"https:\/\/www.bellunopress.it\/#\/schema\/logo\/image\/","url":"https:\/\/www.bellunopress.it\/wp-content\/uploads\/2011\/05\/cropped-logo-bellunopress-.jpg","contentUrl":"https:\/\/www.bellunopress.it\/wp-content\/uploads\/2011\/05\/cropped-logo-bellunopress-.jpg","width":512,"height":512,"caption":"Bellunopress"},"image":{"@id":"https:\/\/www.bellunopress.it\/#\/schema\/logo\/image\/"},"sameAs":["https:\/\/www.facebook.com\/profile.php?id=100008943462799","https:\/\/x.com\/bellunopress","https:\/\/www.linkedin.com\/hp\/?dnr=JBzUWaJfMUw8vbXJJ2tVW5-I3jZKvC4wsoxE&amp;amp;amp;amp;amp;amp;trk=nav_responsive_tab_home","https:\/\/www.youtube.com\/channel\/UCxL0wu1uN0_3_7hGG0306cw"]},{"@type":"Person","@id":"https:\/\/www.bellunopress.it\/#\/schema\/person\/79bb06722b37ece1c03d3e94beb30d73","name":"r\u00e9daction","image":{"@type":"ImageObject","inLanguage":"fr-FR","@id":"https:\/\/secure.gravatar.com\/avatar\/37d968a2e67a6fd04c169c4bdef102d0bc5d31b2546345219e348575eb80e9a0?s=96&d=mm&r=g","url":"https:\/\/secure.gravatar.com\/avatar\/37d968a2e67a6fd04c169c4bdef102d0bc5d31b2546345219e348575eb80e9a0?s=96&d=mm&r=g","contentUrl":"https:\/\/secure.gravatar.com\/avatar\/37d968a2e67a6fd04c169c4bdef102d0bc5d31b2546345219e348575eb80e9a0?s=96&d=mm&r=g","caption":"redazione"},"sameAs":["http:\/\/www.bellunopress.it","https:\/\/x.com\/bellunopress"],"url":"https:\/\/www.bellunopress.it\/fr\/author\/redazione\/"}]}},"_links":{"self":[{"href":"https:\/\/www.bellunopress.it\/fr\/wp-json\/wp\/v2\/posts\/101810","targetHints":{"allow":["GET"]}}],"collection":[{"href":"https:\/\/www.bellunopress.it\/fr\/wp-json\/wp\/v2\/posts"}],"about":[{"href":"https:\/\/www.bellunopress.it\/fr\/wp-json\/wp\/v2\/types\/post"}],"author":[{"embeddable":true,"href":"https:\/\/www.bellunopress.it\/fr\/wp-json\/wp\/v2\/users\/2"}],"replies":[{"embeddable":true,"href":"https:\/\/www.bellunopress.it\/fr\/wp-json\/wp\/v2\/comments?post=101810"}],"version-history":[{"count":2,"href":"https:\/\/www.bellunopress.it\/fr\/wp-json\/wp\/v2\/posts\/101810\/revisions"}],"predecessor-version":[{"id":101814,"href":"https:\/\/www.bellunopress.it\/fr\/wp-json\/wp\/v2\/posts\/101810\/revisions\/101814"}],"wp:attachment":[{"href":"https:\/\/www.bellunopress.it\/fr\/wp-json\/wp\/v2\/media?parent=101810"}],"wp:term":[{"taxonomy":"category","embeddable":true,"href":"https:\/\/www.bellunopress.it\/fr\/wp-json\/wp\/v2\/categories?post=101810"},{"taxonomy":"post_tag","embeddable":true,"href":"https:\/\/www.bellunopress.it\/fr\/wp-json\/wp\/v2\/tags?post=101810"}],"curies":[{"name":"wp","href":"https:\/\/api.w.org\/{rel}","templated":true}]}}