{"id":101770,"date":"2019-02-05T11:55:20","date_gmt":"2019-02-05T10:55:20","guid":{"rendered":"http:\/\/www.bellunopress.it\/?p=101770"},"modified":"2019-02-05T17:41:47","modified_gmt":"2019-02-05T16:41:47","slug":"burri-la-pittura-irriducibile-presenza-a-venezia-isola-di-san-giorgio-maggiore-dal-10-maggio-al-28-luglio-2019","status":"publish","type":"post","link":"https:\/\/www.bellunopress.it\/fr\/2019\/02\/05\/burri-la-pittura-irriducibile-presenza-a-venezia-isola-di-san-giorgio-maggiore-dal-10-maggio-al-28-luglio-2019\/","title":{"rendered":"Burri la pittura, irriducibile presenza. A Venezia, Isola di San Giorgio Maggiore dal 10 maggio al 28 luglio 2019"},"content":{"rendered":"<p>L&#8217;isola di San Giorgio Maggiore a Venezia presenter\u00e0 dal 10 maggio al 28 luglio 2019 Burri la pittura, irriducibile presenza, ampia e importante retrospettiva antologica dedicata ad Alberto Burri, a coronamento di una stagione di grande celebrazione dell&#8217;artista umbro sia in Italia che all&#8217;estero.<\/p>\n<p><a href=\"http:\/\/www.bellunopress.it\/fr\/2019\/02\/05\/burri-la-pittura-irriducibile-presenza-a-venezia-isola-di-san-giorgio-maggiore-dal-10-maggio-al-28-luglio-2019\/burri\/\" rel=\"attachment wp-att-101771\"><img loading=\"lazy\" decoding=\"async\" class=\"alignleft size-full wp-image-101771\" src=\"http:\/\/www.bellunopress.it\/wp-content\/uploads\/2019\/02\/Burri.jpg\" alt=\"\" width=\"300\" height=\"189\" \/><\/a>La mostra, curata da Bruno Cor\u00e0, presidente della Fondazione Burri, e organizzata dalla Fondazione Giorgio Cini e dalla Fondazione Burri in collaborazione con Tornabuoni Art e Paola Sapone MCIA, \u00e8 un progetto concepito appositamente per Venezia che ripercorre cronologicamente le pi\u00f9 significative tappe del percorso del Maestro della &#8216;materia&#8217; attraverso molti dei suoi pi\u00f9 importanti capolavori. Dai rarissimi Catrami (1948) agli ultimi e monumentali Cellotex (1994), Burri la pittura, irriducibile presenza con circa 50 opere provenienti da importanti musei italiani e stranieri, dalla Fondazione Burri e da prestigiose collezioni private, ricostruisce nella sua interezza la parabola storica di uno dei pi\u00f9 grandi protagonisti dell&#8217;arte italiana ed europea del XX secolo e riporta Burri a Venezia dopo la memorabile personale che nel 1983 vide protagoniste 18 opere del ciclo Sestante nel suggestivo edificio degli ex Cantieri Navali alla Giudecca, segnando una tappa fondamentale nella carriera dell&#8217;artista.<\/p>\n<p>Il percorso espositivo offrir\u00e0 al visitatore l\u0092opportunit\u00e0 unica di ammirare una selezione inedita di opere che rappresentano tutti i pi\u00f9 famosi cicli realizzati da Burri: dai primi e rari Catrami (1948) e dalle Muffe (1948), presentati in stretto confronto con gli iconici Sacchi (1949-50), ai Gobbi (1950), per arrivare alle affascinanti Combustioni (1953), i Legni (1955), i Ferri (1958), le contorte Plastiche (1960) e l\u0092evoluzione straordinaria dei Cretti (1970), divenuti uno dei temi di ricerca pi\u00f9 iconici di Burri, fino ai grandi Cellotex, realizzati fino a met\u00e0 degli anni Novanta. La mostra veneziana &#8211; il cui titolo si rif\u00e0 alla celebre definizione data dallo stesso artista alla sua opera, e alla difficolt\u00e0 di tradurla in parole &#8211; offrir\u00e0 cos\u00ec una lettura penetrante del modo in cui questo pioniere della nuova pittura del secondo Novecento ha affrontato il tema centrale del suo tempo: quello dell\u0092utilizzo e della trasformazione della materia in opera d\u0092arte.<\/p>\n<p>\u0093Dopo un quarto di secolo dalla sua scomparsa, avvenuta nel 1995, la mostra pone in evidenza la trasformazione recata da Burri nell&#8217;arte del XX secolo &#8211; spiega Cor\u00e0 &#8211; Non \u00e8 improprio paragonare l&#8217;innovazione linguistica introdotta da Burri con la &#8216;presentazione&#8217; sistematica della materia reale al posto della mimesi rappresentativa, alla rivoluzione giottesca compiuta nel sostituire ai cieli d&#8217;oro della pittura medioevale il celeste che si poteva osservare in natura. In entrambe le innovazioni veniva introdotto il &#8216;vero&#8217; nella pittura al posto della finzione imitativa di esso. Lo shock prodotto da Burri negli anni dell&#8217;immediato dopoguerra &#8211; continua il curatore &#8211; si pu\u00f2 misurare solo con l&#8217;effetto ottenuto in tutto l&#8217;arco di esperienze artistiche da lui influenzate: dal New Dada di Rauschenberg, Jonhs e Dine, al Nouveau R\u00e9alisme di Klein, C\u00e9sar, Arman e Rotella, dall&#8217;Arte Povera di Pistoletto, Kounellis, Pascali e Calzolari all&#8217;arte processuale e fino al neominimalismo a base monocroma\u0094.<\/p>\n<p>Nella mostra alla Fondazione Cini saranno ricostruiti alcuni fondamentali passaggi della pittura di Burri quale caposcuola della pittura materica: verranno ad esempio riuniti per l\u0092occasione tre grandi Sacchi del 1952, larghi 2,5 metri ciascuno, che Rauschenberg ebbe l\u0092occasione di osservare l\u0092anno successivo durante la preparazione della propria mostra alla Galleria dell&#8217;Obelisco di Gaspero Dal Corso e Irene Brin dal titolo Scatole e feticci, in occasione di una visita compiuta nello studio di Burri, e che lo impressionarono cos\u00ec fortemente da indurlo a cambiare lavoro, giungendo nel 1954 a dipingere i Combine Paintings sotto l&#8217;evidente influsso burriano. In esposizione ci sar\u00e0 anche un nucleo rilevante di Plastiche e un monumentale Cellotex del 1979 di quasi 3 metri per 4.<\/p>\n<p>Burri la pittura, irriducibile presenza porta inoltre a compimento un percorso di riconoscimenti internazionali che negli ultimi anni ha ulteriormente affermato la grande attualit\u00e0 dell\u0092opera di Alberto Burri, confermandolo tra i grandi maestri dell&#8217;arte italiana del Novecento: nel 2015 in occasione delle celebrazioni del Centenario della nascita dell\u0092artista il Solomon R. Guggenheim Museum di New York ha dedicato a Burri una retrospettiva antologica, cos\u00ec come la Kunstsammlung Nordrhein-Westfalen K21 St\u00e4ndehaus di D\u00fcsseldorf, a cui si sono aggiunte manifestazioni in numerose istituzioni italiane, tra cui la grande mostra nella sede della Fondazione Burri a Citt\u00e0 di Castello (Perugia) a fine 2016.<\/p>\n<p>La lettura della carriera di Burri sar\u00e0 resa organica dalla presenza di una sezione documentaria multimediale dell&#8217;intera attivit\u00e0 dell&#8217;artista, in cui sar\u00e0 possibile vedere anche alcuni rari film che lo ritraggono in azione. Il catalogo bilingue (italiano-inglese), introdotto da un saggio critico del curatore Bruno Cor\u00e0, Presidente della Fondazione Burri, e di Luca Massimo Barbero, Direttore dell&#8217;\u0092Istituto di Storia dell\u0092Arte della Fondazione Giorgio Cini, conterr\u00e0 il repertorio di tutte le immagini delle opere e offrir\u00e0 cos\u00ec rinnovati strumenti di conoscenza del lavoro e del profilo dell&#8217;artista stesso, anche grazie a una sezione bibliografica interamente aggiornata. L\u0092&#8217;allestimento \u00e8 realizzato da Archea Associati.<\/p>","protected":false},"excerpt":{"rendered":"<p>L&#8217;isola di San Giorgio Maggiore a Venezia presenter\u00e0 dal 10 maggio al 28 luglio 2019 Burri la pittura, irriducibile presenza, ampia e importante retrospettiva antologica dedicata ad Alberto Burri, a coronamento di una stagione di grande celebrazione dell&#8217;artista umbro sia in Italia che all&#8217;estero. La mostra, curata da Bruno Cor\u00e0, presidente della Fondazione Burri, e [&hellip;]<\/p>\n","protected":false},"author":2,"featured_media":0,"comment_status":"closed","ping_status":"open","sticky":false,"template":"","format":"standard","meta":{"footnotes":""},"categories":[3394,25],"tags":[],"class_list":["post-101770","post","type-post","status-publish","format-standard","category-cultura-e-spettacoli-fuori-provincia","category-pausa-caffe"],"yoast_head":"<!-- This site is optimized with the Yoast SEO plugin v28.4 - https:\/\/yoast.com\/product\/yoast-seo-wordpress\/ -->\n<title>Burri la pittura, irriducibile presenza. A Venezia, Isola di San Giorgio Maggiore dal 10 maggio al 28 luglio 2019 - Bellunopress - Dolomiti<\/title>\n<meta name=\"robots\" content=\"index, follow, max-snippet:-1, max-image-preview:large, max-video-preview:-1\" \/>\n<link rel=\"canonical\" href=\"https:\/\/www.bellunopress.it\/fr\/2019\/02\/05\/burri-la-pittura-irriducibile-presenza-a-venezia-isola-di-san-giorgio-maggiore-dal-10-maggio-al-28-luglio-2019\/\" \/>\n<meta property=\"og:locale\" content=\"fr_FR\" \/>\n<meta property=\"og:type\" content=\"article\" \/>\n<meta property=\"og:title\" content=\"Burri la pittura, irriducibile presenza. A Venezia, Isola di San Giorgio Maggiore dal 10 maggio al 28 luglio 2019 - Bellunopress - Dolomiti\" \/>\n<meta property=\"og:description\" content=\"L&#8217;isola di San Giorgio Maggiore a Venezia presenter\u00e0 dal 10 maggio al 28 luglio 2019 Burri la pittura, irriducibile presenza, ampia e importante retrospettiva antologica dedicata ad Alberto Burri, a coronamento di una stagione di grande celebrazione dell&#8217;artista umbro sia in Italia che all&#8217;estero. La mostra, curata da Bruno Cor\u00e0, presidente della Fondazione Burri, e [&hellip;]\" \/>\n<meta property=\"og:url\" content=\"https:\/\/www.bellunopress.it\/fr\/2019\/02\/05\/burri-la-pittura-irriducibile-presenza-a-venezia-isola-di-san-giorgio-maggiore-dal-10-maggio-al-28-luglio-2019\/\" \/>\n<meta property=\"og:site_name\" content=\"Bellunopress - Dolomiti\" \/>\n<meta property=\"article:publisher\" content=\"https:\/\/www.facebook.com\/profile.php?id=100008943462799\" \/>\n<meta property=\"article:published_time\" content=\"2019-02-05T10:55:20+00:00\" \/>\n<meta property=\"article:modified_time\" content=\"2019-02-05T16:41:47+00:00\" \/>\n<meta property=\"og:image\" content=\"http:\/\/www.bellunopress.it\/wp-content\/uploads\/2019\/02\/Burri.jpg\" \/>\n<meta name=\"author\" content=\"redazione\" \/>\n<meta name=\"twitter:card\" content=\"summary_large_image\" \/>\n<meta name=\"twitter:creator\" content=\"@bellunopress\" \/>\n<meta name=\"twitter:site\" content=\"@bellunopress\" \/>\n<meta name=\"twitter:label1\" content=\"\u00c9crit par\" \/>\n\t<meta name=\"twitter:data1\" content=\"redazione\" \/>\n\t<meta name=\"twitter:label2\" content=\"Dur\u00e9e de lecture estim\u00e9e\" \/>\n\t<meta name=\"twitter:data2\" content=\"4 minutes\" \/>\n<script type=\"application\/ld+json\" class=\"yoast-schema-graph\">{\"@context\":\"https:\\\/\\\/schema.org\",\"@graph\":[{\"@type\":\"Article\",\"@id\":\"https:\\\/\\\/www.bellunopress.it\\\/2019\\\/02\\\/05\\\/burri-la-pittura-irriducibile-presenza-a-venezia-isola-di-san-giorgio-maggiore-dal-10-maggio-al-28-luglio-2019\\\/#article\",\"isPartOf\":{\"@id\":\"https:\\\/\\\/www.bellunopress.it\\\/2019\\\/02\\\/05\\\/burri-la-pittura-irriducibile-presenza-a-venezia-isola-di-san-giorgio-maggiore-dal-10-maggio-al-28-luglio-2019\\\/\"},\"author\":{\"name\":\"redazione\",\"@id\":\"https:\\\/\\\/www.bellunopress.it\\\/#\\\/schema\\\/person\\\/79bb06722b37ece1c03d3e94beb30d73\"},\"headline\":\"Burri la pittura, irriducibile presenza. A Venezia, Isola di San Giorgio Maggiore dal 10 maggio al 28 luglio 2019\",\"datePublished\":\"2019-02-05T10:55:20+00:00\",\"dateModified\":\"2019-02-05T16:41:47+00:00\",\"mainEntityOfPage\":{\"@id\":\"https:\\\/\\\/www.bellunopress.it\\\/2019\\\/02\\\/05\\\/burri-la-pittura-irriducibile-presenza-a-venezia-isola-di-san-giorgio-maggiore-dal-10-maggio-al-28-luglio-2019\\\/\"},\"wordCount\":834,\"publisher\":{\"@id\":\"https:\\\/\\\/www.bellunopress.it\\\/#organization\"},\"image\":{\"@id\":\"https:\\\/\\\/www.bellunopress.it\\\/2019\\\/02\\\/05\\\/burri-la-pittura-irriducibile-presenza-a-venezia-isola-di-san-giorgio-maggiore-dal-10-maggio-al-28-luglio-2019\\\/#primaryimage\"},\"thumbnailUrl\":\"http:\\\/\\\/www.bellunopress.it\\\/wp-content\\\/uploads\\\/2019\\\/02\\\/Burri.jpg\",\"articleSection\":[\"Cultura e spettacoli, tempo libero, benessere, fuori provincia\",\"Pausa Caff\u00e8\"],\"inLanguage\":\"fr-FR\"},{\"@type\":\"WebPage\",\"@id\":\"https:\\\/\\\/www.bellunopress.it\\\/2019\\\/02\\\/05\\\/burri-la-pittura-irriducibile-presenza-a-venezia-isola-di-san-giorgio-maggiore-dal-10-maggio-al-28-luglio-2019\\\/\",\"url\":\"https:\\\/\\\/www.bellunopress.it\\\/2019\\\/02\\\/05\\\/burri-la-pittura-irriducibile-presenza-a-venezia-isola-di-san-giorgio-maggiore-dal-10-maggio-al-28-luglio-2019\\\/\",\"name\":\"Burri la pittura, irriducibile presenza. A Venezia, Isola di San Giorgio Maggiore dal 10 maggio al 28 luglio 2019 - Bellunopress - Dolomiti\",\"isPartOf\":{\"@id\":\"https:\\\/\\\/www.bellunopress.it\\\/#website\"},\"primaryImageOfPage\":{\"@id\":\"https:\\\/\\\/www.bellunopress.it\\\/2019\\\/02\\\/05\\\/burri-la-pittura-irriducibile-presenza-a-venezia-isola-di-san-giorgio-maggiore-dal-10-maggio-al-28-luglio-2019\\\/#primaryimage\"},\"image\":{\"@id\":\"https:\\\/\\\/www.bellunopress.it\\\/2019\\\/02\\\/05\\\/burri-la-pittura-irriducibile-presenza-a-venezia-isola-di-san-giorgio-maggiore-dal-10-maggio-al-28-luglio-2019\\\/#primaryimage\"},\"thumbnailUrl\":\"http:\\\/\\\/www.bellunopress.it\\\/wp-content\\\/uploads\\\/2019\\\/02\\\/Burri.jpg\",\"datePublished\":\"2019-02-05T10:55:20+00:00\",\"dateModified\":\"2019-02-05T16:41:47+00:00\",\"breadcrumb\":{\"@id\":\"https:\\\/\\\/www.bellunopress.it\\\/2019\\\/02\\\/05\\\/burri-la-pittura-irriducibile-presenza-a-venezia-isola-di-san-giorgio-maggiore-dal-10-maggio-al-28-luglio-2019\\\/#breadcrumb\"},\"inLanguage\":\"fr-FR\",\"potentialAction\":[{\"@type\":\"ReadAction\",\"target\":[\"https:\\\/\\\/www.bellunopress.it\\\/2019\\\/02\\\/05\\\/burri-la-pittura-irriducibile-presenza-a-venezia-isola-di-san-giorgio-maggiore-dal-10-maggio-al-28-luglio-2019\\\/\"]}]},{\"@type\":\"ImageObject\",\"inLanguage\":\"fr-FR\",\"@id\":\"https:\\\/\\\/www.bellunopress.it\\\/2019\\\/02\\\/05\\\/burri-la-pittura-irriducibile-presenza-a-venezia-isola-di-san-giorgio-maggiore-dal-10-maggio-al-28-luglio-2019\\\/#primaryimage\",\"url\":\"http:\\\/\\\/www.bellunopress.it\\\/wp-content\\\/uploads\\\/2019\\\/02\\\/Burri.jpg\",\"contentUrl\":\"http:\\\/\\\/www.bellunopress.it\\\/wp-content\\\/uploads\\\/2019\\\/02\\\/Burri.jpg\"},{\"@type\":\"BreadcrumbList\",\"@id\":\"https:\\\/\\\/www.bellunopress.it\\\/2019\\\/02\\\/05\\\/burri-la-pittura-irriducibile-presenza-a-venezia-isola-di-san-giorgio-maggiore-dal-10-maggio-al-28-luglio-2019\\\/#breadcrumb\",\"itemListElement\":[{\"@type\":\"ListItem\",\"position\":1,\"name\":\"Home\",\"item\":\"https:\\\/\\\/www.bellunopress.it\\\/\"},{\"@type\":\"ListItem\",\"position\":2,\"name\":\"Burri la pittura, irriducibile presenza. A Venezia, Isola di San Giorgio Maggiore dal 10 maggio al 28 luglio 2019\"}]},{\"@type\":\"WebSite\",\"@id\":\"https:\\\/\\\/www.bellunopress.it\\\/#website\",\"url\":\"https:\\\/\\\/www.bellunopress.it\\\/\",\"name\":\"Bellunopress - Dolomiti\",\"description\":\"e-mail: redazione@bellunopress.it\",\"publisher\":{\"@id\":\"https:\\\/\\\/www.bellunopress.it\\\/#organization\"},\"potentialAction\":[{\"@type\":\"SearchAction\",\"target\":{\"@type\":\"EntryPoint\",\"urlTemplate\":\"https:\\\/\\\/www.bellunopress.it\\\/?s={search_term_string}\"},\"query-input\":{\"@type\":\"PropertyValueSpecification\",\"valueRequired\":true,\"valueName\":\"search_term_string\"}}],\"inLanguage\":\"fr-FR\"},{\"@type\":\"Organization\",\"@id\":\"https:\\\/\\\/www.bellunopress.it\\\/#organization\",\"name\":\"Bellunopress\",\"url\":\"https:\\\/\\\/www.bellunopress.it\\\/\",\"logo\":{\"@type\":\"ImageObject\",\"inLanguage\":\"fr-FR\",\"@id\":\"https:\\\/\\\/www.bellunopress.it\\\/#\\\/schema\\\/logo\\\/image\\\/\",\"url\":\"https:\\\/\\\/www.bellunopress.it\\\/wp-content\\\/uploads\\\/2011\\\/05\\\/cropped-logo-bellunopress-.jpg\",\"contentUrl\":\"https:\\\/\\\/www.bellunopress.it\\\/wp-content\\\/uploads\\\/2011\\\/05\\\/cropped-logo-bellunopress-.jpg\",\"width\":512,\"height\":512,\"caption\":\"Bellunopress\"},\"image\":{\"@id\":\"https:\\\/\\\/www.bellunopress.it\\\/#\\\/schema\\\/logo\\\/image\\\/\"},\"sameAs\":[\"https:\\\/\\\/www.facebook.com\\\/profile.php?id=100008943462799\",\"https:\\\/\\\/x.com\\\/bellunopress\",\"https:\\\/\\\/www.linkedin.com\\\/hp\\\/?dnr=JBzUWaJfMUw8vbXJJ2tVW5-I3jZKvC4wsoxE&amp;amp;amp;amp;amp;amp;trk=nav_responsive_tab_home\",\"https:\\\/\\\/www.youtube.com\\\/channel\\\/UCxL0wu1uN0_3_7hGG0306cw\"]},{\"@type\":\"Person\",\"@id\":\"https:\\\/\\\/www.bellunopress.it\\\/#\\\/schema\\\/person\\\/79bb06722b37ece1c03d3e94beb30d73\",\"name\":\"redazione\",\"image\":{\"@type\":\"ImageObject\",\"inLanguage\":\"fr-FR\",\"@id\":\"https:\\\/\\\/secure.gravatar.com\\\/avatar\\\/37d968a2e67a6fd04c169c4bdef102d0bc5d31b2546345219e348575eb80e9a0?s=96&d=mm&r=g\",\"url\":\"https:\\\/\\\/secure.gravatar.com\\\/avatar\\\/37d968a2e67a6fd04c169c4bdef102d0bc5d31b2546345219e348575eb80e9a0?s=96&d=mm&r=g\",\"contentUrl\":\"https:\\\/\\\/secure.gravatar.com\\\/avatar\\\/37d968a2e67a6fd04c169c4bdef102d0bc5d31b2546345219e348575eb80e9a0?s=96&d=mm&r=g\",\"caption\":\"redazione\"},\"sameAs\":[\"http:\\\/\\\/www.bellunopress.it\",\"https:\\\/\\\/x.com\\\/bellunopress\"],\"url\":\"https:\\\/\\\/www.bellunopress.it\\\/fr\\\/author\\\/redazione\\\/\"}]}<\/script>\n<!-- \/ Yoast SEO plugin. -->","yoast_head_json":{"title":"Burri la pittura, irriducibile presenza. A Venezia, Isola di San Giorgio Maggiore dal 10 maggio al 28 luglio 2019 - Bellunopress - Dolomiti","robots":{"index":"index","follow":"follow","max-snippet":"max-snippet:-1","max-image-preview":"max-image-preview:large","max-video-preview":"max-video-preview:-1"},"canonical":"https:\/\/www.bellunopress.it\/fr\/2019\/02\/05\/burri-la-pittura-irriducibile-presenza-a-venezia-isola-di-san-giorgio-maggiore-dal-10-maggio-al-28-luglio-2019\/","og_locale":"fr_FR","og_type":"article","og_title":"Burri la pittura, irriducibile presenza. A Venezia, Isola di San Giorgio Maggiore dal 10 maggio al 28 luglio 2019 - Bellunopress - Dolomiti","og_description":"L&#8217;isola di San Giorgio Maggiore a Venezia presenter\u00e0 dal 10 maggio al 28 luglio 2019 Burri la pittura, irriducibile presenza, ampia e importante retrospettiva antologica dedicata ad Alberto Burri, a coronamento di una stagione di grande celebrazione dell&#8217;artista umbro sia in Italia che all&#8217;estero. La mostra, curata da Bruno Cor\u00e0, presidente della Fondazione Burri, e [&hellip;]","og_url":"https:\/\/www.bellunopress.it\/fr\/2019\/02\/05\/burri-la-pittura-irriducibile-presenza-a-venezia-isola-di-san-giorgio-maggiore-dal-10-maggio-al-28-luglio-2019\/","og_site_name":"Bellunopress - Dolomiti","article_publisher":"https:\/\/www.facebook.com\/profile.php?id=100008943462799","article_published_time":"2019-02-05T10:55:20+00:00","article_modified_time":"2019-02-05T16:41:47+00:00","og_image":[{"url":"http:\/\/www.bellunopress.it\/wp-content\/uploads\/2019\/02\/Burri.jpg","type":"","width":"","height":""}],"author":"redazione","twitter_card":"summary_large_image","twitter_creator":"@bellunopress","twitter_site":"@bellunopress","twitter_misc":{"\u00c9crit par":"redazione","Dur\u00e9e de lecture estim\u00e9e":"4 minutes"},"schema":{"@context":"https:\/\/schema.org","@graph":[{"@type":"Article","@id":"https:\/\/www.bellunopress.it\/2019\/02\/05\/burri-la-pittura-irriducibile-presenza-a-venezia-isola-di-san-giorgio-maggiore-dal-10-maggio-al-28-luglio-2019\/#article","isPartOf":{"@id":"https:\/\/www.bellunopress.it\/2019\/02\/05\/burri-la-pittura-irriducibile-presenza-a-venezia-isola-di-san-giorgio-maggiore-dal-10-maggio-al-28-luglio-2019\/"},"author":{"name":"redazione","@id":"https:\/\/www.bellunopress.it\/#\/schema\/person\/79bb06722b37ece1c03d3e94beb30d73"},"headline":"Burri la pittura, irriducibile presenza. A Venezia, Isola di San Giorgio Maggiore dal 10 maggio al 28 luglio 2019","datePublished":"2019-02-05T10:55:20+00:00","dateModified":"2019-02-05T16:41:47+00:00","mainEntityOfPage":{"@id":"https:\/\/www.bellunopress.it\/2019\/02\/05\/burri-la-pittura-irriducibile-presenza-a-venezia-isola-di-san-giorgio-maggiore-dal-10-maggio-al-28-luglio-2019\/"},"wordCount":834,"publisher":{"@id":"https:\/\/www.bellunopress.it\/#organization"},"image":{"@id":"https:\/\/www.bellunopress.it\/2019\/02\/05\/burri-la-pittura-irriducibile-presenza-a-venezia-isola-di-san-giorgio-maggiore-dal-10-maggio-al-28-luglio-2019\/#primaryimage"},"thumbnailUrl":"http:\/\/www.bellunopress.it\/wp-content\/uploads\/2019\/02\/Burri.jpg","articleSection":["Cultura e spettacoli, tempo libero, benessere, fuori provincia","Pausa Caff\u00e8"],"inLanguage":"fr-FR"},{"@type":"WebPage","@id":"https:\/\/www.bellunopress.it\/2019\/02\/05\/burri-la-pittura-irriducibile-presenza-a-venezia-isola-di-san-giorgio-maggiore-dal-10-maggio-al-28-luglio-2019\/","url":"https:\/\/www.bellunopress.it\/2019\/02\/05\/burri-la-pittura-irriducibile-presenza-a-venezia-isola-di-san-giorgio-maggiore-dal-10-maggio-al-28-luglio-2019\/","name":"Burri la pittura, irriducibile presenza. A Venezia, Isola di San Giorgio Maggiore dal 10 maggio al 28 luglio 2019 - Bellunopress - Dolomiti","isPartOf":{"@id":"https:\/\/www.bellunopress.it\/#website"},"primaryImageOfPage":{"@id":"https:\/\/www.bellunopress.it\/2019\/02\/05\/burri-la-pittura-irriducibile-presenza-a-venezia-isola-di-san-giorgio-maggiore-dal-10-maggio-al-28-luglio-2019\/#primaryimage"},"image":{"@id":"https:\/\/www.bellunopress.it\/2019\/02\/05\/burri-la-pittura-irriducibile-presenza-a-venezia-isola-di-san-giorgio-maggiore-dal-10-maggio-al-28-luglio-2019\/#primaryimage"},"thumbnailUrl":"http:\/\/www.bellunopress.it\/wp-content\/uploads\/2019\/02\/Burri.jpg","datePublished":"2019-02-05T10:55:20+00:00","dateModified":"2019-02-05T16:41:47+00:00","breadcrumb":{"@id":"https:\/\/www.bellunopress.it\/2019\/02\/05\/burri-la-pittura-irriducibile-presenza-a-venezia-isola-di-san-giorgio-maggiore-dal-10-maggio-al-28-luglio-2019\/#breadcrumb"},"inLanguage":"fr-FR","potentialAction":[{"@type":"ReadAction","target":["https:\/\/www.bellunopress.it\/2019\/02\/05\/burri-la-pittura-irriducibile-presenza-a-venezia-isola-di-san-giorgio-maggiore-dal-10-maggio-al-28-luglio-2019\/"]}]},{"@type":"ImageObject","inLanguage":"fr-FR","@id":"https:\/\/www.bellunopress.it\/2019\/02\/05\/burri-la-pittura-irriducibile-presenza-a-venezia-isola-di-san-giorgio-maggiore-dal-10-maggio-al-28-luglio-2019\/#primaryimage","url":"http:\/\/www.bellunopress.it\/wp-content\/uploads\/2019\/02\/Burri.jpg","contentUrl":"http:\/\/www.bellunopress.it\/wp-content\/uploads\/2019\/02\/Burri.jpg"},{"@type":"BreadcrumbList","@id":"https:\/\/www.bellunopress.it\/2019\/02\/05\/burri-la-pittura-irriducibile-presenza-a-venezia-isola-di-san-giorgio-maggiore-dal-10-maggio-al-28-luglio-2019\/#breadcrumb","itemListElement":[{"@type":"ListItem","position":1,"name":"Home","item":"https:\/\/www.bellunopress.it\/"},{"@type":"ListItem","position":2,"name":"Burri la pittura, irriducibile presenza. A Venezia, Isola di San Giorgio Maggiore dal 10 maggio al 28 luglio 2019"}]},{"@type":"WebSite","@id":"https:\/\/www.bellunopress.it\/#website","url":"https:\/\/www.bellunopress.it\/","name":"Bellunopress - Dolomiti","description":"e-mail: redazione@bellunopress.it","publisher":{"@id":"https:\/\/www.bellunopress.it\/#organization"},"potentialAction":[{"@type":"SearchAction","target":{"@type":"EntryPoint","urlTemplate":"https:\/\/www.bellunopress.it\/?s={search_term_string}"},"query-input":{"@type":"PropertyValueSpecification","valueRequired":true,"valueName":"search_term_string"}}],"inLanguage":"fr-FR"},{"@type":"Organization","@id":"https:\/\/www.bellunopress.it\/#organization","name":"Bellunopress","url":"https:\/\/www.bellunopress.it\/","logo":{"@type":"ImageObject","inLanguage":"fr-FR","@id":"https:\/\/www.bellunopress.it\/#\/schema\/logo\/image\/","url":"https:\/\/www.bellunopress.it\/wp-content\/uploads\/2011\/05\/cropped-logo-bellunopress-.jpg","contentUrl":"https:\/\/www.bellunopress.it\/wp-content\/uploads\/2011\/05\/cropped-logo-bellunopress-.jpg","width":512,"height":512,"caption":"Bellunopress"},"image":{"@id":"https:\/\/www.bellunopress.it\/#\/schema\/logo\/image\/"},"sameAs":["https:\/\/www.facebook.com\/profile.php?id=100008943462799","https:\/\/x.com\/bellunopress","https:\/\/www.linkedin.com\/hp\/?dnr=JBzUWaJfMUw8vbXJJ2tVW5-I3jZKvC4wsoxE&amp;amp;amp;amp;amp;amp;trk=nav_responsive_tab_home","https:\/\/www.youtube.com\/channel\/UCxL0wu1uN0_3_7hGG0306cw"]},{"@type":"Person","@id":"https:\/\/www.bellunopress.it\/#\/schema\/person\/79bb06722b37ece1c03d3e94beb30d73","name":"r\u00e9daction","image":{"@type":"ImageObject","inLanguage":"fr-FR","@id":"https:\/\/secure.gravatar.com\/avatar\/37d968a2e67a6fd04c169c4bdef102d0bc5d31b2546345219e348575eb80e9a0?s=96&d=mm&r=g","url":"https:\/\/secure.gravatar.com\/avatar\/37d968a2e67a6fd04c169c4bdef102d0bc5d31b2546345219e348575eb80e9a0?s=96&d=mm&r=g","contentUrl":"https:\/\/secure.gravatar.com\/avatar\/37d968a2e67a6fd04c169c4bdef102d0bc5d31b2546345219e348575eb80e9a0?s=96&d=mm&r=g","caption":"redazione"},"sameAs":["http:\/\/www.bellunopress.it","https:\/\/x.com\/bellunopress"],"url":"https:\/\/www.bellunopress.it\/fr\/author\/redazione\/"}]}},"_links":{"self":[{"href":"https:\/\/www.bellunopress.it\/fr\/wp-json\/wp\/v2\/posts\/101770","targetHints":{"allow":["GET"]}}],"collection":[{"href":"https:\/\/www.bellunopress.it\/fr\/wp-json\/wp\/v2\/posts"}],"about":[{"href":"https:\/\/www.bellunopress.it\/fr\/wp-json\/wp\/v2\/types\/post"}],"author":[{"embeddable":true,"href":"https:\/\/www.bellunopress.it\/fr\/wp-json\/wp\/v2\/users\/2"}],"replies":[{"embeddable":true,"href":"https:\/\/www.bellunopress.it\/fr\/wp-json\/wp\/v2\/comments?post=101770"}],"version-history":[{"count":4,"href":"https:\/\/www.bellunopress.it\/fr\/wp-json\/wp\/v2\/posts\/101770\/revisions"}],"predecessor-version":[{"id":101788,"href":"https:\/\/www.bellunopress.it\/fr\/wp-json\/wp\/v2\/posts\/101770\/revisions\/101788"}],"wp:attachment":[{"href":"https:\/\/www.bellunopress.it\/fr\/wp-json\/wp\/v2\/media?parent=101770"}],"wp:term":[{"taxonomy":"category","embeddable":true,"href":"https:\/\/www.bellunopress.it\/fr\/wp-json\/wp\/v2\/categories?post=101770"},{"taxonomy":"post_tag","embeddable":true,"href":"https:\/\/www.bellunopress.it\/fr\/wp-json\/wp\/v2\/tags?post=101770"}],"curies":[{"name":"wp","href":"https:\/\/api.w.org\/{rel}","templated":true}]}}