{"id":101765,"date":"2019-02-05T10:34:02","date_gmt":"2019-02-05T09:34:02","guid":{"rendered":"http:\/\/www.bellunopress.it\/?p=101765"},"modified":"2019-02-05T10:34:03","modified_gmt":"2019-02-05T09:34:03","slug":"padova-la-meraviglia-del-colore-le-grandi-mostre-2020-2022","status":"publish","type":"post","link":"https:\/\/www.bellunopress.it\/fr\/2019\/02\/05\/padova-la-meraviglia-del-colore-le-grandi-mostre-2020-2022\/","title":{"rendered":"Padova: la meraviglia del colore. Le grandi mostre 2020 &#8211; 2022"},"content":{"rendered":"<p>Prima Van Gogh e poi la suggestione dei cieli dipinti. Sono i due temi del grandioso progetto Padova. La meraviglia del colore che l\u0092&#8217;Assessorato alla Cultura del Comune di Padova e Linea d&#8217;\u0092ombra hanno messo a punto, sottoscrivendo un rapporto di collaborazione destinato a svilupparsi tra il 2020 e il 2022.<\/p>\n<p><a href=\"http:\/\/www.bellunopress.it\/fr\/2019\/02\/05\/padova-la-meraviglia-del-colore-le-grandi-mostre-2020-2022\/van-gogh\/\" rel=\"attachment wp-att-101766\"><img loading=\"lazy\" decoding=\"async\" class=\"alignleft size-full wp-image-101766\" src=\"http:\/\/www.bellunopress.it\/wp-content\/uploads\/2019\/02\/van-gogh.jpg\" alt=\"\" width=\"300\" height=\"249\" \/><\/a>Lo hanno annunciato il sindaco della citt\u00e0, Sergio Giordani e l\u0092&#8217;assessore alla cultura Andrea Colasio, con Marco Goldin ideatore e curatore del progetto che organizzer\u00e0 con la sua Linea d\u0092&#8217;ombra. Ad accompagnare il ciclo biennale di mostre sar\u00e0, in veste di main sponsor, il Gruppo Baccini.<br \/>\nSergio Giordani, nel presentare l\u0092&#8217;accordo, ha voluto ribadire che \u0093Investire in cultura, a partire dalla tutela e dalla valorizzazione del nostro patrimonio, significa scommettere sulle potenzialit\u00e0 di Padova come grande realt\u00e0 metropolitana, in grado di svolgere una vera e propria funzione di magnete, di attrattore di energie creative. Significa pensare Padova come luogo dell&#8217;innovazione e della ricerca, ma anche della sperimentazione dei linguaggi artistici e dell&#8217;inclusione sociale\u0094.<br \/>\nDa parte sua, l&#8217;assessore alla Cultura Andrea Colasio ha scelto di richiamarsi ad \u0093Andr\u00e9 Malraux, ministro francese della cultura nel 1959, che intu\u00ec come, per poter avvicinare alla cultura gruppi di popolazione estranei ai ridotti circuiti della fruizione scientifica, fosse necessario generare dei processi inediti e ricorrere alla &#8220;meraviglia&#8221; che la bellezza pu\u00f2 generare\u0094. \u0093Nel definire il palinsesto degli eventi &#8211; aggiunge l&#8217;assessore Colasio &#8211; si \u00e8 lavorato con Marco Goldin per ancorare le mostre all&#8217;\u0092eccezionalit\u00e0 e all&#8217;\u0092unicit\u00e0 del percorso che ha visto Padova ottenere la candidatura italiana Unesco per il 2020. Con queste mostre si apre pertanto un dialogo serrato tra l\u0092identit\u00e0 profonda della citt\u00e0 e gli eventi da essa ospitati. Un percorso e un progetto, questo della Urbs picta, incentrato proprio sulla meraviglia del colore suscitata, sin dal Trecento, dall\u0092&#8217;opera di Giotto e dei grandi artisti che ne hanno seguito le orme nella citt\u00e0 antenorea: una eccezionalit\u00e0 del ciclo pittorico gi\u00e0 sottolineata nelle cronache dell\u0092epoca che rappresentavano la citt\u00e0 come maravejosa\u0094.<\/p>\n<p>Nel corso della presentazione, la presidente del Gruppo Baccini, Elisa Baccini, ha voluto sottolineare che \u0093Quello che vogliamo immaginare, all\u0092&#8217;inizio di questa bella storia realizzata anche con il nostro sforzo economico e imprenditoriale, \u00e8 che tanto di noi e della bellezza rester\u00e0 vivo nel tempo e nelle memorie. Questa dimensione distesa del tempo \u00e8 quanto ci muove, come Famiglia, a investire nella bellezza e nella cultura\u0094.<\/p>\n<p>Il primo appuntamento di Padova. La meraviglia del colore, al Centro Altinate San Gaetano, sar\u00e0 dal 10 ottobre del 2020 all\u009211 aprile del 2021, con protagonista Vincent van Gogh, grazie alla grande mostra Van Gogh. I colori della vita.<\/p>\n<p>Il \u0093sodalizio\u0094 tra Goldin e Van Gogh \u00e8 di quelli ben consolidati. Libri, spettacoli, film e soprattutto una serie di esposizioni che hanno &#8211; a Treviso, Brescia, Genova, Vicenza &#8211; affascinato un pubblico vastissimo. Pi\u00f9 di 2 milioni e mezzo di persone. Questa si pu\u00f2 tranquillamente definire come una rassegna colma di capolavori. Riunisce infatti un centinaio di opere dell\u0092olandese, tra dipinti e disegni, con prestiti di assoluta eccezione da molti musei europei e americani e in modo particolare dal Van Gogh Museum di Amsterdam e dal Kr\u00f6ller-M\u00fcller Museum di Otterlo, vale a dire i due templi del culto di Van Gogh nel mondo.<\/p>\n<p>Questa e la successiva sono mostre appositamente pensate per rappresentare il traguardo dei 25 anni di attivit\u00e0 di Linea d\u0092ombra. Ancora il Sindaco, Sergio Giordani: \u0093Un&#8217;occasione che poggia anche su uno specifico anniversario: i 25 anni di Linea d&#8217;ombra, nel 2021, e che la nostra Citt\u00e0 \u00e8 ben lieta di celebrare con l&#8217;organizzazione di queste mostre, che si inscrivono a pieno titolo in quel percorso fortemente innovativo che ha contraddistinto la storia di Marco Goldin sin dagli esordi. Goldin, in tutti questi anni, ha dimostrato di saper coniugare, con la sua grande professionalit\u00e0, la curatela e l&#8217;organizzazione di grandi mostre, la cui cifra non \u00e8 solo quella del rigore scientifico, ma anche quella di fungere da attrattore di un grande pubblico, affascinato dall&#8217;originalit\u00e0 e dalla &#8220;magia&#8221; dei suoi eventi\u0094.<\/p>\n<p>Ancora al Centro Altinate San Gaetano, dal 30 ottobre 2021 al primo maggio 2022, i riflettori saranno puntati su Storia dei cieli da Canaletto a Monet. L\u0092incanto dell\u0092azzurro e altri colori dai vedutisti agli impressionisti, un\u0092ampia rassegna storica, di carattere tematico, che ben rappresenta uno dei filoni entro i quali si \u00e8 sviluppata l\u0092attivit\u00e0 di Linea d\u0092ombra soprattutto nell\u0092ultimo decennio. Ma soprattutto una mostra che, dato il suo argomento, non pu\u00f2 che farsi a Padova e per la citt\u00e0 di Padova espressamente pensata.<br \/>\nInfatti due giganti, Giotto con la Cappella degli Scrovegni e Galileo con i suoi studi e con l\u0092utilizzo del cannocchiale, fanno da sfondo, segnandone idealmente l\u0092incipit, a questo magnifico viaggio nella profondit\u00e0 dei cieli. Dipinti, e vissuti, con sensibilit\u00e0 diversissime da molti grandi artisti. La mostra si sofferma sugli ultimi tre secoli, a partire dal racconto documentario del Vedutismo veneziano, ma con l\u0092anticipazione, nel prologo, dettata dal pi\u00f9 grande pittore di cieli del XVII secolo, l\u0092olandese Jacob van Ruisdael. E\u0092 il momento in cui il cielo e la natura si consegnano finalmente alla verit\u00e0 del vedere. Poi saranno i capolavori tra gli altri di Canaletto, Bellotto e Guardi accanto a quelli di Turner, Friedrich e Constable. Quindi Corot, l\u0092ingresso in scena della fotografia con Le Gray, i nuovissimi cieli impressionisti e soprattutto quelli del pi\u00f9 grande tra tutti, Claude Monet, presente con 15 dipinti. L\u0092epilogo si insinua nel pieno Novecento, come nel prologo con un\u0092unica presenza. Quando il cielo, con Nicolas de Sta\u00ebl, non \u00e8 pi\u00f9 quanto sovrasta ma quello che \u00e8 dentro ciascuno. Lui il pi\u00f9 straziato pittore di cieli della storia pittorica del Novecento.<\/p>\n<p>Saranno molteplici gli eventi collaterali legati alle due grandi esposizioni, che avranno spesso quale sede deputata il bellissimo auditorium sito all&#8217;\u0092interno del Centro Altinate San Gaetano. Il primo tra questi \u00e8 gi\u00e0 in programma e si svolger\u00e0 tra gennaio e aprile 2020. Un ciclo di cinque lezioni, tenute da Marco Goldin, per anticipare la mostra dedicata a Van Gogh, in modo da approfondirne la conoscenza. Il corso &#8211; appunto cinque lezioni della durata di 90 minuti ciascuna &#8211; avr\u00e0 come titolo Van Gogh dal principio alla fine e vedr\u00e0 affrontati i diversi periodi della vita dell\u0092artista di Zundert: il tempo olandese, gli anni parigini, la permanenza ad Arles, i dodici mesi vissuti a Saint-R\u00e9my e infine i settanta giorni finali a Auvers-sur-Oise. La vita, le lettere al fratello Th\u00e9o e agli amici pittori da Gauguin a Bernard, la pittura e il disegno saranno al centro di queste lezioni.<br \/>\n\u0093Con Padova. La meraviglia del colore, scegliamo di porci quale citt\u00e0 di riferimento nel mondo dell\u0092arte &#8211; dichiara Sergio Giordani, il sindaco. Come citt\u00e0 ci proponiamo di offrire ai visitatori di queste due bellissime mostre, la migliore accoglienza. Sia per gli stessi padovani sia per coloro che in questa occasione raggiungeranno Padova \u0094.<br \/>\n\u0093Sar\u00e0 per molti \u0096 assicura l\u0092Assessore Andrea Colasio \u0096 l\u0092occasione per scoprire, o riscoprire, una citt\u00e0 tra le pi\u00f9 culturalmente vivaci, che offre testimonianze di architettura e d\u0092arte realmente uniche al mondo\u0094.<\/p>","protected":false},"excerpt":{"rendered":"<p>Prima Van Gogh e poi la suggestione dei cieli dipinti. Sono i due temi del grandioso progetto Padova. La meraviglia del colore che l\u0092&#8217;Assessorato alla Cultura del Comune di Padova e Linea d&#8217;\u0092ombra hanno messo a punto, sottoscrivendo un rapporto di collaborazione destinato a svilupparsi tra il 2020 e il 2022. Lo hanno annunciato il [&hellip;]<\/p>\n","protected":false},"author":2,"featured_media":0,"comment_status":"closed","ping_status":"open","sticky":false,"template":"","format":"standard","meta":{"footnotes":""},"categories":[3394],"tags":[],"class_list":["post-101765","post","type-post","status-publish","format-standard","category-cultura-e-spettacoli-fuori-provincia"],"yoast_head":"<!-- This site is optimized with the Yoast SEO plugin v28.4 - https:\/\/yoast.com\/product\/yoast-seo-wordpress\/ -->\n<title>Padova: la meraviglia del colore. Le grandi mostre 2020 - 2022 - Bellunopress - Dolomiti<\/title>\n<meta name=\"robots\" content=\"index, follow, max-snippet:-1, max-image-preview:large, max-video-preview:-1\" \/>\n<link rel=\"canonical\" href=\"https:\/\/www.bellunopress.it\/fr\/2019\/02\/05\/padova-la-meraviglia-del-colore-le-grandi-mostre-2020-2022\/\" \/>\n<meta property=\"og:locale\" content=\"fr_FR\" \/>\n<meta property=\"og:type\" content=\"article\" \/>\n<meta property=\"og:title\" content=\"Padova: la meraviglia del colore. Le grandi mostre 2020 - 2022 - Bellunopress - Dolomiti\" \/>\n<meta property=\"og:description\" content=\"Prima Van Gogh e poi la suggestione dei cieli dipinti. Sono i due temi del grandioso progetto Padova. La meraviglia del colore che l\u0092&#8217;Assessorato alla Cultura del Comune di Padova e Linea d&#8217;\u0092ombra hanno messo a punto, sottoscrivendo un rapporto di collaborazione destinato a svilupparsi tra il 2020 e il 2022. Lo hanno annunciato il [&hellip;]\" \/>\n<meta property=\"og:url\" content=\"https:\/\/www.bellunopress.it\/fr\/2019\/02\/05\/padova-la-meraviglia-del-colore-le-grandi-mostre-2020-2022\/\" \/>\n<meta property=\"og:site_name\" content=\"Bellunopress - Dolomiti\" \/>\n<meta property=\"article:publisher\" content=\"https:\/\/www.facebook.com\/profile.php?id=100008943462799\" \/>\n<meta property=\"article:published_time\" content=\"2019-02-05T09:34:02+00:00\" \/>\n<meta property=\"article:modified_time\" content=\"2019-02-05T09:34:03+00:00\" \/>\n<meta property=\"og:image\" content=\"http:\/\/www.bellunopress.it\/wp-content\/uploads\/2019\/02\/van-gogh.jpg\" \/>\n<meta name=\"author\" content=\"redazione\" \/>\n<meta name=\"twitter:card\" content=\"summary_large_image\" \/>\n<meta name=\"twitter:creator\" content=\"@bellunopress\" \/>\n<meta name=\"twitter:site\" content=\"@bellunopress\" \/>\n<meta name=\"twitter:label1\" content=\"\u00c9crit par\" \/>\n\t<meta name=\"twitter:data1\" content=\"redazione\" \/>\n\t<meta name=\"twitter:label2\" content=\"Dur\u00e9e de lecture estim\u00e9e\" \/>\n\t<meta name=\"twitter:data2\" content=\"6 minutes\" \/>\n<script type=\"application\/ld+json\" class=\"yoast-schema-graph\">{\"@context\":\"https:\\\/\\\/schema.org\",\"@graph\":[{\"@type\":\"Article\",\"@id\":\"https:\\\/\\\/www.bellunopress.it\\\/2019\\\/02\\\/05\\\/padova-la-meraviglia-del-colore-le-grandi-mostre-2020-2022\\\/#article\",\"isPartOf\":{\"@id\":\"https:\\\/\\\/www.bellunopress.it\\\/2019\\\/02\\\/05\\\/padova-la-meraviglia-del-colore-le-grandi-mostre-2020-2022\\\/\"},\"author\":{\"name\":\"redazione\",\"@id\":\"https:\\\/\\\/www.bellunopress.it\\\/#\\\/schema\\\/person\\\/79bb06722b37ece1c03d3e94beb30d73\"},\"headline\":\"Padova: la meraviglia del colore. Le grandi mostre 2020 &#8211; 2022\",\"datePublished\":\"2019-02-05T09:34:02+00:00\",\"dateModified\":\"2019-02-05T09:34:03+00:00\",\"mainEntityOfPage\":{\"@id\":\"https:\\\/\\\/www.bellunopress.it\\\/2019\\\/02\\\/05\\\/padova-la-meraviglia-del-colore-le-grandi-mostre-2020-2022\\\/\"},\"wordCount\":1192,\"publisher\":{\"@id\":\"https:\\\/\\\/www.bellunopress.it\\\/#organization\"},\"image\":{\"@id\":\"https:\\\/\\\/www.bellunopress.it\\\/2019\\\/02\\\/05\\\/padova-la-meraviglia-del-colore-le-grandi-mostre-2020-2022\\\/#primaryimage\"},\"thumbnailUrl\":\"http:\\\/\\\/www.bellunopress.it\\\/wp-content\\\/uploads\\\/2019\\\/02\\\/van-gogh.jpg\",\"articleSection\":[\"Cultura e spettacoli, tempo libero, benessere, fuori provincia\"],\"inLanguage\":\"fr-FR\"},{\"@type\":\"WebPage\",\"@id\":\"https:\\\/\\\/www.bellunopress.it\\\/2019\\\/02\\\/05\\\/padova-la-meraviglia-del-colore-le-grandi-mostre-2020-2022\\\/\",\"url\":\"https:\\\/\\\/www.bellunopress.it\\\/2019\\\/02\\\/05\\\/padova-la-meraviglia-del-colore-le-grandi-mostre-2020-2022\\\/\",\"name\":\"Padova: la meraviglia del colore. Le grandi mostre 2020 - 2022 - Bellunopress - Dolomiti\",\"isPartOf\":{\"@id\":\"https:\\\/\\\/www.bellunopress.it\\\/#website\"},\"primaryImageOfPage\":{\"@id\":\"https:\\\/\\\/www.bellunopress.it\\\/2019\\\/02\\\/05\\\/padova-la-meraviglia-del-colore-le-grandi-mostre-2020-2022\\\/#primaryimage\"},\"image\":{\"@id\":\"https:\\\/\\\/www.bellunopress.it\\\/2019\\\/02\\\/05\\\/padova-la-meraviglia-del-colore-le-grandi-mostre-2020-2022\\\/#primaryimage\"},\"thumbnailUrl\":\"http:\\\/\\\/www.bellunopress.it\\\/wp-content\\\/uploads\\\/2019\\\/02\\\/van-gogh.jpg\",\"datePublished\":\"2019-02-05T09:34:02+00:00\",\"dateModified\":\"2019-02-05T09:34:03+00:00\",\"breadcrumb\":{\"@id\":\"https:\\\/\\\/www.bellunopress.it\\\/2019\\\/02\\\/05\\\/padova-la-meraviglia-del-colore-le-grandi-mostre-2020-2022\\\/#breadcrumb\"},\"inLanguage\":\"fr-FR\",\"potentialAction\":[{\"@type\":\"ReadAction\",\"target\":[\"https:\\\/\\\/www.bellunopress.it\\\/2019\\\/02\\\/05\\\/padova-la-meraviglia-del-colore-le-grandi-mostre-2020-2022\\\/\"]}]},{\"@type\":\"ImageObject\",\"inLanguage\":\"fr-FR\",\"@id\":\"https:\\\/\\\/www.bellunopress.it\\\/2019\\\/02\\\/05\\\/padova-la-meraviglia-del-colore-le-grandi-mostre-2020-2022\\\/#primaryimage\",\"url\":\"http:\\\/\\\/www.bellunopress.it\\\/wp-content\\\/uploads\\\/2019\\\/02\\\/van-gogh.jpg\",\"contentUrl\":\"http:\\\/\\\/www.bellunopress.it\\\/wp-content\\\/uploads\\\/2019\\\/02\\\/van-gogh.jpg\"},{\"@type\":\"BreadcrumbList\",\"@id\":\"https:\\\/\\\/www.bellunopress.it\\\/2019\\\/02\\\/05\\\/padova-la-meraviglia-del-colore-le-grandi-mostre-2020-2022\\\/#breadcrumb\",\"itemListElement\":[{\"@type\":\"ListItem\",\"position\":1,\"name\":\"Home\",\"item\":\"https:\\\/\\\/www.bellunopress.it\\\/\"},{\"@type\":\"ListItem\",\"position\":2,\"name\":\"Padova: la meraviglia del colore. Le grandi mostre 2020 &#8211; 2022\"}]},{\"@type\":\"WebSite\",\"@id\":\"https:\\\/\\\/www.bellunopress.it\\\/#website\",\"url\":\"https:\\\/\\\/www.bellunopress.it\\\/\",\"name\":\"Bellunopress - Dolomiti\",\"description\":\"e-mail: redazione@bellunopress.it\",\"publisher\":{\"@id\":\"https:\\\/\\\/www.bellunopress.it\\\/#organization\"},\"potentialAction\":[{\"@type\":\"SearchAction\",\"target\":{\"@type\":\"EntryPoint\",\"urlTemplate\":\"https:\\\/\\\/www.bellunopress.it\\\/?s={search_term_string}\"},\"query-input\":{\"@type\":\"PropertyValueSpecification\",\"valueRequired\":true,\"valueName\":\"search_term_string\"}}],\"inLanguage\":\"fr-FR\"},{\"@type\":\"Organization\",\"@id\":\"https:\\\/\\\/www.bellunopress.it\\\/#organization\",\"name\":\"Bellunopress\",\"url\":\"https:\\\/\\\/www.bellunopress.it\\\/\",\"logo\":{\"@type\":\"ImageObject\",\"inLanguage\":\"fr-FR\",\"@id\":\"https:\\\/\\\/www.bellunopress.it\\\/#\\\/schema\\\/logo\\\/image\\\/\",\"url\":\"https:\\\/\\\/www.bellunopress.it\\\/wp-content\\\/uploads\\\/2011\\\/05\\\/cropped-logo-bellunopress-.jpg\",\"contentUrl\":\"https:\\\/\\\/www.bellunopress.it\\\/wp-content\\\/uploads\\\/2011\\\/05\\\/cropped-logo-bellunopress-.jpg\",\"width\":512,\"height\":512,\"caption\":\"Bellunopress\"},\"image\":{\"@id\":\"https:\\\/\\\/www.bellunopress.it\\\/#\\\/schema\\\/logo\\\/image\\\/\"},\"sameAs\":[\"https:\\\/\\\/www.facebook.com\\\/profile.php?id=100008943462799\",\"https:\\\/\\\/x.com\\\/bellunopress\",\"https:\\\/\\\/www.linkedin.com\\\/hp\\\/?dnr=JBzUWaJfMUw8vbXJJ2tVW5-I3jZKvC4wsoxE&amp;amp;amp;amp;amp;amp;trk=nav_responsive_tab_home\",\"https:\\\/\\\/www.youtube.com\\\/channel\\\/UCxL0wu1uN0_3_7hGG0306cw\"]},{\"@type\":\"Person\",\"@id\":\"https:\\\/\\\/www.bellunopress.it\\\/#\\\/schema\\\/person\\\/79bb06722b37ece1c03d3e94beb30d73\",\"name\":\"redazione\",\"image\":{\"@type\":\"ImageObject\",\"inLanguage\":\"fr-FR\",\"@id\":\"https:\\\/\\\/secure.gravatar.com\\\/avatar\\\/37d968a2e67a6fd04c169c4bdef102d0bc5d31b2546345219e348575eb80e9a0?s=96&d=mm&r=g\",\"url\":\"https:\\\/\\\/secure.gravatar.com\\\/avatar\\\/37d968a2e67a6fd04c169c4bdef102d0bc5d31b2546345219e348575eb80e9a0?s=96&d=mm&r=g\",\"contentUrl\":\"https:\\\/\\\/secure.gravatar.com\\\/avatar\\\/37d968a2e67a6fd04c169c4bdef102d0bc5d31b2546345219e348575eb80e9a0?s=96&d=mm&r=g\",\"caption\":\"redazione\"},\"sameAs\":[\"http:\\\/\\\/www.bellunopress.it\",\"https:\\\/\\\/x.com\\\/bellunopress\"],\"url\":\"https:\\\/\\\/www.bellunopress.it\\\/fr\\\/author\\\/redazione\\\/\"}]}<\/script>\n<!-- \/ Yoast SEO plugin. -->","yoast_head_json":{"title":"Padova: la meraviglia del colore. Le grandi mostre 2020 - 2022 - Bellunopress - Dolomiti","robots":{"index":"index","follow":"follow","max-snippet":"max-snippet:-1","max-image-preview":"max-image-preview:large","max-video-preview":"max-video-preview:-1"},"canonical":"https:\/\/www.bellunopress.it\/fr\/2019\/02\/05\/padova-la-meraviglia-del-colore-le-grandi-mostre-2020-2022\/","og_locale":"fr_FR","og_type":"article","og_title":"Padova: la meraviglia del colore. Le grandi mostre 2020 - 2022 - Bellunopress - Dolomiti","og_description":"Prima Van Gogh e poi la suggestione dei cieli dipinti. Sono i due temi del grandioso progetto Padova. La meraviglia del colore che l\u0092&#8217;Assessorato alla Cultura del Comune di Padova e Linea d&#8217;\u0092ombra hanno messo a punto, sottoscrivendo un rapporto di collaborazione destinato a svilupparsi tra il 2020 e il 2022. Lo hanno annunciato il [&hellip;]","og_url":"https:\/\/www.bellunopress.it\/fr\/2019\/02\/05\/padova-la-meraviglia-del-colore-le-grandi-mostre-2020-2022\/","og_site_name":"Bellunopress - Dolomiti","article_publisher":"https:\/\/www.facebook.com\/profile.php?id=100008943462799","article_published_time":"2019-02-05T09:34:02+00:00","article_modified_time":"2019-02-05T09:34:03+00:00","og_image":[{"url":"http:\/\/www.bellunopress.it\/wp-content\/uploads\/2019\/02\/van-gogh.jpg","type":"","width":"","height":""}],"author":"redazione","twitter_card":"summary_large_image","twitter_creator":"@bellunopress","twitter_site":"@bellunopress","twitter_misc":{"\u00c9crit par":"redazione","Dur\u00e9e de lecture estim\u00e9e":"6 minutes"},"schema":{"@context":"https:\/\/schema.org","@graph":[{"@type":"Article","@id":"https:\/\/www.bellunopress.it\/2019\/02\/05\/padova-la-meraviglia-del-colore-le-grandi-mostre-2020-2022\/#article","isPartOf":{"@id":"https:\/\/www.bellunopress.it\/2019\/02\/05\/padova-la-meraviglia-del-colore-le-grandi-mostre-2020-2022\/"},"author":{"name":"redazione","@id":"https:\/\/www.bellunopress.it\/#\/schema\/person\/79bb06722b37ece1c03d3e94beb30d73"},"headline":"Padova: la meraviglia del colore. Le grandi mostre 2020 &#8211; 2022","datePublished":"2019-02-05T09:34:02+00:00","dateModified":"2019-02-05T09:34:03+00:00","mainEntityOfPage":{"@id":"https:\/\/www.bellunopress.it\/2019\/02\/05\/padova-la-meraviglia-del-colore-le-grandi-mostre-2020-2022\/"},"wordCount":1192,"publisher":{"@id":"https:\/\/www.bellunopress.it\/#organization"},"image":{"@id":"https:\/\/www.bellunopress.it\/2019\/02\/05\/padova-la-meraviglia-del-colore-le-grandi-mostre-2020-2022\/#primaryimage"},"thumbnailUrl":"http:\/\/www.bellunopress.it\/wp-content\/uploads\/2019\/02\/van-gogh.jpg","articleSection":["Cultura e spettacoli, tempo libero, benessere, fuori provincia"],"inLanguage":"fr-FR"},{"@type":"WebPage","@id":"https:\/\/www.bellunopress.it\/2019\/02\/05\/padova-la-meraviglia-del-colore-le-grandi-mostre-2020-2022\/","url":"https:\/\/www.bellunopress.it\/2019\/02\/05\/padova-la-meraviglia-del-colore-le-grandi-mostre-2020-2022\/","name":"Padova: la meraviglia del colore. Le grandi mostre 2020 - 2022 - Bellunopress - Dolomiti","isPartOf":{"@id":"https:\/\/www.bellunopress.it\/#website"},"primaryImageOfPage":{"@id":"https:\/\/www.bellunopress.it\/2019\/02\/05\/padova-la-meraviglia-del-colore-le-grandi-mostre-2020-2022\/#primaryimage"},"image":{"@id":"https:\/\/www.bellunopress.it\/2019\/02\/05\/padova-la-meraviglia-del-colore-le-grandi-mostre-2020-2022\/#primaryimage"},"thumbnailUrl":"http:\/\/www.bellunopress.it\/wp-content\/uploads\/2019\/02\/van-gogh.jpg","datePublished":"2019-02-05T09:34:02+00:00","dateModified":"2019-02-05T09:34:03+00:00","breadcrumb":{"@id":"https:\/\/www.bellunopress.it\/2019\/02\/05\/padova-la-meraviglia-del-colore-le-grandi-mostre-2020-2022\/#breadcrumb"},"inLanguage":"fr-FR","potentialAction":[{"@type":"ReadAction","target":["https:\/\/www.bellunopress.it\/2019\/02\/05\/padova-la-meraviglia-del-colore-le-grandi-mostre-2020-2022\/"]}]},{"@type":"ImageObject","inLanguage":"fr-FR","@id":"https:\/\/www.bellunopress.it\/2019\/02\/05\/padova-la-meraviglia-del-colore-le-grandi-mostre-2020-2022\/#primaryimage","url":"http:\/\/www.bellunopress.it\/wp-content\/uploads\/2019\/02\/van-gogh.jpg","contentUrl":"http:\/\/www.bellunopress.it\/wp-content\/uploads\/2019\/02\/van-gogh.jpg"},{"@type":"BreadcrumbList","@id":"https:\/\/www.bellunopress.it\/2019\/02\/05\/padova-la-meraviglia-del-colore-le-grandi-mostre-2020-2022\/#breadcrumb","itemListElement":[{"@type":"ListItem","position":1,"name":"Home","item":"https:\/\/www.bellunopress.it\/"},{"@type":"ListItem","position":2,"name":"Padova: la meraviglia del colore. Le grandi mostre 2020 &#8211; 2022"}]},{"@type":"WebSite","@id":"https:\/\/www.bellunopress.it\/#website","url":"https:\/\/www.bellunopress.it\/","name":"Bellunopress - Dolomiti","description":"e-mail: redazione@bellunopress.it","publisher":{"@id":"https:\/\/www.bellunopress.it\/#organization"},"potentialAction":[{"@type":"SearchAction","target":{"@type":"EntryPoint","urlTemplate":"https:\/\/www.bellunopress.it\/?s={search_term_string}"},"query-input":{"@type":"PropertyValueSpecification","valueRequired":true,"valueName":"search_term_string"}}],"inLanguage":"fr-FR"},{"@type":"Organization","@id":"https:\/\/www.bellunopress.it\/#organization","name":"Bellunopress","url":"https:\/\/www.bellunopress.it\/","logo":{"@type":"ImageObject","inLanguage":"fr-FR","@id":"https:\/\/www.bellunopress.it\/#\/schema\/logo\/image\/","url":"https:\/\/www.bellunopress.it\/wp-content\/uploads\/2011\/05\/cropped-logo-bellunopress-.jpg","contentUrl":"https:\/\/www.bellunopress.it\/wp-content\/uploads\/2011\/05\/cropped-logo-bellunopress-.jpg","width":512,"height":512,"caption":"Bellunopress"},"image":{"@id":"https:\/\/www.bellunopress.it\/#\/schema\/logo\/image\/"},"sameAs":["https:\/\/www.facebook.com\/profile.php?id=100008943462799","https:\/\/x.com\/bellunopress","https:\/\/www.linkedin.com\/hp\/?dnr=JBzUWaJfMUw8vbXJJ2tVW5-I3jZKvC4wsoxE&amp;amp;amp;amp;amp;amp;trk=nav_responsive_tab_home","https:\/\/www.youtube.com\/channel\/UCxL0wu1uN0_3_7hGG0306cw"]},{"@type":"Person","@id":"https:\/\/www.bellunopress.it\/#\/schema\/person\/79bb06722b37ece1c03d3e94beb30d73","name":"r\u00e9daction","image":{"@type":"ImageObject","inLanguage":"fr-FR","@id":"https:\/\/secure.gravatar.com\/avatar\/37d968a2e67a6fd04c169c4bdef102d0bc5d31b2546345219e348575eb80e9a0?s=96&d=mm&r=g","url":"https:\/\/secure.gravatar.com\/avatar\/37d968a2e67a6fd04c169c4bdef102d0bc5d31b2546345219e348575eb80e9a0?s=96&d=mm&r=g","contentUrl":"https:\/\/secure.gravatar.com\/avatar\/37d968a2e67a6fd04c169c4bdef102d0bc5d31b2546345219e348575eb80e9a0?s=96&d=mm&r=g","caption":"redazione"},"sameAs":["http:\/\/www.bellunopress.it","https:\/\/x.com\/bellunopress"],"url":"https:\/\/www.bellunopress.it\/fr\/author\/redazione\/"}]}},"_links":{"self":[{"href":"https:\/\/www.bellunopress.it\/fr\/wp-json\/wp\/v2\/posts\/101765","targetHints":{"allow":["GET"]}}],"collection":[{"href":"https:\/\/www.bellunopress.it\/fr\/wp-json\/wp\/v2\/posts"}],"about":[{"href":"https:\/\/www.bellunopress.it\/fr\/wp-json\/wp\/v2\/types\/post"}],"author":[{"embeddable":true,"href":"https:\/\/www.bellunopress.it\/fr\/wp-json\/wp\/v2\/users\/2"}],"replies":[{"embeddable":true,"href":"https:\/\/www.bellunopress.it\/fr\/wp-json\/wp\/v2\/comments?post=101765"}],"version-history":[{"count":2,"href":"https:\/\/www.bellunopress.it\/fr\/wp-json\/wp\/v2\/posts\/101765\/revisions"}],"predecessor-version":[{"id":101768,"href":"https:\/\/www.bellunopress.it\/fr\/wp-json\/wp\/v2\/posts\/101765\/revisions\/101768"}],"wp:attachment":[{"href":"https:\/\/www.bellunopress.it\/fr\/wp-json\/wp\/v2\/media?parent=101765"}],"wp:term":[{"taxonomy":"category","embeddable":true,"href":"https:\/\/www.bellunopress.it\/fr\/wp-json\/wp\/v2\/categories?post=101765"},{"taxonomy":"post_tag","embeddable":true,"href":"https:\/\/www.bellunopress.it\/fr\/wp-json\/wp\/v2\/tags?post=101765"}],"curies":[{"name":"wp","href":"https:\/\/api.w.org\/{rel}","templated":true}]}}