{"id":101699,"date":"2019-02-03T15:58:51","date_gmt":"2019-02-03T14:58:51","guid":{"rendered":"http:\/\/www.bellunopress.it\/?p=101699"},"modified":"2019-02-03T15:58:51","modified_gmt":"2019-02-03T14:58:51","slug":"chiaretto-di-bardolino-il-vino-rosa-del-garda-vola-verso-parigi-e-stati-uniti-damerica","status":"publish","type":"post","link":"https:\/\/www.bellunopress.it\/fr\/2019\/02\/03\/chiaretto-di-bardolino-il-vino-rosa-del-garda-vola-verso-parigi-e-stati-uniti-damerica\/","title":{"rendered":"Chiaretto di Bardolino, il vino rosa del Garda vola verso Parigi e Stati Uniti d&#8217;America"},"content":{"rendered":"<p>Un tour internazionale porter\u00e0 il Chiaretto di Bardolino prima a Wine Paris e poi negli USA. Ultima tappa: l\u2019<a href=\"http:\/\/www.anteprimachiaretto.it\/\">Anteprima del Chiaretto<\/a> il 10 e 11 marzo a Lazise<\/p>\n<p><a href=\"http:\/\/www.bellunopress.it\/fr\/2018\/09\/06\/domenica-30-settembre-a-verona-la-rassegna-bardolino-cru-con-una-quarantina-di-vini-provenienti-da-14-cantine\/bardolino\/\" rel=\"attachment wp-att-97737\"><img loading=\"lazy\" decoding=\"async\" class=\"alignleft size-full wp-image-97737\" src=\"http:\/\/www.bellunopress.it\/wp-content\/uploads\/2018\/09\/Bardolino.jpg\" alt=\"\" width=\"300\" height=\"219\" \/><\/a>Il Chiaretto di Bardolino diventa sempre pi\u00f9 internazionale: a partire da febbraio il Consorzio di Tutela del Chiaretto e del Bardolino dar\u00e0 il via ad una serie di appuntamenti oltre confine con l\u2019obiettivo di far conoscere il vino rosa della riviera veneta del lago di Garda ad un pubblico sempre pi\u00f9 vasto. Il tour di presentazione della nuova annata del Chiaretto far\u00e0 tappa prima a Wine Paris, in programma dall\u201911 al 13 febbraio nella capitale francese e poi a marzo far\u00e0 rotta verso gli Stati Uniti con il tour di Slow Wine, toccando le citt\u00e0 di San Francisco, Portland, Denver, New York e Boston. Successivamente si torna in Italia con l\u2019Anteprima del Chiaretto in programma il 10 e 11 marzo a Lazise. La quota destinata alle esportazioni della denominazione si aggira attorno al 60 per cento, la produzione di Chiaretto \u00e8 intorno ai 10 milioni di bottiglie, un dato che posiziona il ros\u00e9 gardesano al vertice assoluto nel panorama italiano dei rosati.<\/p>\n<p>\u201cWine Paris si prospetta come un nuovo fondamentale appuntamento dell\u2019establishment vinicolo mondiale &#8211; spiega Franco Cristoforetti, presidente del Consorzio di Tutela del Chiaretto e del Bardolino -, per questo abbiamo voluto aprire le presentazioni del Chiaretto 2018 in Francia, la patria dei ros\u00e9, primo produttore al mondo ma anche primo importatore assoluto della tipologia in rosa, che rappresenta circa il 30% dei consumi interni, contro appena il 6% dell\u2019Italia. Consideriamo poi che gi\u00e0 ora quello francese \u00e8 il secondo mercato di esportazione del Chiaretto dopo quello tedesco. Quello statunitense, invece, \u00e8 il mercato estero che sta crescendo pi\u00f9 velocemente. L\u2019opera di promozione internazionale del Consorzio degli ultimi due anni ha dato i suoi frutti: ora \u00e8 tempo di essere presenti anche direttamente e dunque ci presenteremo in ben cinque citt\u00e0 americane\u201d.<\/p>\n<p>L\u2019ultimo appuntamento nel fitto calendario di eventi legati al Chiaretto di Bardolino della nuova annata 2018 \u00e8 l\u2019undicesima edizione dell\u2019Anteprima del Chiaretto, in programma alla Dogana Veneta di Lazise e organizzata in collaborazione con il Consorzio Valt\u00e8nesi e il Comune di Lazise. In degustazione ci saranno oltre 120 vini provenienti dalle Doc \u201cin rosa\u201d della riviera veronese e bresciana del lago. Il banco d\u2019assaggio accoglier\u00e0 60 produttori e sar\u00e0 aperto al pubblico dalle 10 alle 18 di domenica, mentre il luned\u00ec sar\u00e0 unicamente dedicato agli operatori di settore dalle 14 alle 20.<\/p>\n<p>Il costo del calice \u00e8 di \u20ac 15 per l&#8217;intero e di \u20ac 10 per il ridotto, riservato a coloro che prenoteranno online tramite il sito <a href=\"http:\/\/www.anteprimachiaretto.it\/\">www.anteprimachiaretto.it<\/a> e per i soci Ais, Onav, Fis, Slow Food, Fisar. Ulteriori agevolazioni sono previste per i residenti nel Comune di Lazise e l\u2019ingresso sar\u00e0 gratuito per gli operatori luned\u00ec 11 marzo.<\/p>","protected":false},"excerpt":{"rendered":"<p>Un tour internazionale porter\u00e0 il Chiaretto di Bardolino prima a Wine Paris e poi negli USA. Ultima tappa: l\u2019Anteprima del Chiaretto il 10 e 11 marzo a Lazise Il Chiaretto di Bardolino diventa sempre pi\u00f9 internazionale: a partire da febbraio il Consorzio di Tutela del Chiaretto e del Bardolino dar\u00e0 il via ad una serie [&hellip;]<\/p>\n","protected":false},"author":2,"featured_media":0,"comment_status":"closed","ping_status":"open","sticky":false,"template":"","format":"standard","meta":{"footnotes":""},"categories":[3393],"tags":[],"class_list":["post-101699","post","type-post","status-publish","format-standard","category-eventi-enogastronomici"],"yoast_head":"<!-- This site is optimized with the Yoast SEO plugin v28.4 - https:\/\/yoast.com\/product\/yoast-seo-wordpress\/ -->\n<title>Chiaretto di Bardolino, il vino rosa del Garda vola verso Parigi e Stati Uniti d&#039;America - Bellunopress - Dolomiti<\/title>\n<meta name=\"robots\" content=\"index, follow, max-snippet:-1, max-image-preview:large, max-video-preview:-1\" \/>\n<link rel=\"canonical\" href=\"https:\/\/www.bellunopress.it\/fr\/2019\/02\/03\/chiaretto-di-bardolino-il-vino-rosa-del-garda-vola-verso-parigi-e-stati-uniti-damerica\/\" \/>\n<meta property=\"og:locale\" content=\"fr_FR\" \/>\n<meta property=\"og:type\" content=\"article\" \/>\n<meta property=\"og:title\" content=\"Chiaretto di Bardolino, il vino rosa del Garda vola verso Parigi e Stati Uniti d&#039;America - Bellunopress - Dolomiti\" \/>\n<meta property=\"og:description\" content=\"Un tour internazionale porter\u00e0 il Chiaretto di Bardolino prima a Wine Paris e poi negli USA. Ultima tappa: l\u2019Anteprima del Chiaretto il 10 e 11 marzo a Lazise Il Chiaretto di Bardolino diventa sempre pi\u00f9 internazionale: a partire da febbraio il Consorzio di Tutela del Chiaretto e del Bardolino dar\u00e0 il via ad una serie [&hellip;]\" \/>\n<meta property=\"og:url\" content=\"https:\/\/www.bellunopress.it\/fr\/2019\/02\/03\/chiaretto-di-bardolino-il-vino-rosa-del-garda-vola-verso-parigi-e-stati-uniti-damerica\/\" \/>\n<meta property=\"og:site_name\" content=\"Bellunopress - Dolomiti\" \/>\n<meta property=\"article:publisher\" content=\"https:\/\/www.facebook.com\/profile.php?id=100008943462799\" \/>\n<meta property=\"article:published_time\" content=\"2019-02-03T14:58:51+00:00\" \/>\n<meta property=\"og:image\" content=\"http:\/\/www.bellunopress.it\/wp-content\/uploads\/2018\/09\/Bardolino.jpg\" \/>\n<meta name=\"author\" content=\"redazione\" \/>\n<meta name=\"twitter:card\" content=\"summary_large_image\" \/>\n<meta name=\"twitter:creator\" content=\"@bellunopress\" \/>\n<meta name=\"twitter:site\" content=\"@bellunopress\" \/>\n<meta name=\"twitter:label1\" content=\"\u00c9crit par\" \/>\n\t<meta name=\"twitter:data1\" content=\"redazione\" \/>\n\t<meta name=\"twitter:label2\" content=\"Dur\u00e9e de lecture estim\u00e9e\" \/>\n\t<meta name=\"twitter:data2\" content=\"2 minutes\" \/>\n<script type=\"application\/ld+json\" class=\"yoast-schema-graph\">{\"@context\":\"https:\\\/\\\/schema.org\",\"@graph\":[{\"@type\":\"Article\",\"@id\":\"https:\\\/\\\/www.bellunopress.it\\\/2019\\\/02\\\/03\\\/chiaretto-di-bardolino-il-vino-rosa-del-garda-vola-verso-parigi-e-stati-uniti-damerica\\\/#article\",\"isPartOf\":{\"@id\":\"https:\\\/\\\/www.bellunopress.it\\\/2019\\\/02\\\/03\\\/chiaretto-di-bardolino-il-vino-rosa-del-garda-vola-verso-parigi-e-stati-uniti-damerica\\\/\"},\"author\":{\"name\":\"redazione\",\"@id\":\"https:\\\/\\\/www.bellunopress.it\\\/#\\\/schema\\\/person\\\/79bb06722b37ece1c03d3e94beb30d73\"},\"headline\":\"Chiaretto di Bardolino, il vino rosa del Garda vola verso Parigi e Stati Uniti d&#8217;America\",\"datePublished\":\"2019-02-03T14:58:51+00:00\",\"mainEntityOfPage\":{\"@id\":\"https:\\\/\\\/www.bellunopress.it\\\/2019\\\/02\\\/03\\\/chiaretto-di-bardolino-il-vino-rosa-del-garda-vola-verso-parigi-e-stati-uniti-damerica\\\/\"},\"wordCount\":474,\"publisher\":{\"@id\":\"https:\\\/\\\/www.bellunopress.it\\\/#organization\"},\"image\":{\"@id\":\"https:\\\/\\\/www.bellunopress.it\\\/2019\\\/02\\\/03\\\/chiaretto-di-bardolino-il-vino-rosa-del-garda-vola-verso-parigi-e-stati-uniti-damerica\\\/#primaryimage\"},\"thumbnailUrl\":\"http:\\\/\\\/www.bellunopress.it\\\/wp-content\\\/uploads\\\/2018\\\/09\\\/Bardolino.jpg\",\"articleSection\":[\"Eventi enogastronomici\"],\"inLanguage\":\"fr-FR\"},{\"@type\":\"WebPage\",\"@id\":\"https:\\\/\\\/www.bellunopress.it\\\/2019\\\/02\\\/03\\\/chiaretto-di-bardolino-il-vino-rosa-del-garda-vola-verso-parigi-e-stati-uniti-damerica\\\/\",\"url\":\"https:\\\/\\\/www.bellunopress.it\\\/2019\\\/02\\\/03\\\/chiaretto-di-bardolino-il-vino-rosa-del-garda-vola-verso-parigi-e-stati-uniti-damerica\\\/\",\"name\":\"Chiaretto di Bardolino, il vino rosa del Garda vola verso Parigi e Stati Uniti d'America - Bellunopress - Dolomiti\",\"isPartOf\":{\"@id\":\"https:\\\/\\\/www.bellunopress.it\\\/#website\"},\"primaryImageOfPage\":{\"@id\":\"https:\\\/\\\/www.bellunopress.it\\\/2019\\\/02\\\/03\\\/chiaretto-di-bardolino-il-vino-rosa-del-garda-vola-verso-parigi-e-stati-uniti-damerica\\\/#primaryimage\"},\"image\":{\"@id\":\"https:\\\/\\\/www.bellunopress.it\\\/2019\\\/02\\\/03\\\/chiaretto-di-bardolino-il-vino-rosa-del-garda-vola-verso-parigi-e-stati-uniti-damerica\\\/#primaryimage\"},\"thumbnailUrl\":\"http:\\\/\\\/www.bellunopress.it\\\/wp-content\\\/uploads\\\/2018\\\/09\\\/Bardolino.jpg\",\"datePublished\":\"2019-02-03T14:58:51+00:00\",\"breadcrumb\":{\"@id\":\"https:\\\/\\\/www.bellunopress.it\\\/2019\\\/02\\\/03\\\/chiaretto-di-bardolino-il-vino-rosa-del-garda-vola-verso-parigi-e-stati-uniti-damerica\\\/#breadcrumb\"},\"inLanguage\":\"fr-FR\",\"potentialAction\":[{\"@type\":\"ReadAction\",\"target\":[\"https:\\\/\\\/www.bellunopress.it\\\/2019\\\/02\\\/03\\\/chiaretto-di-bardolino-il-vino-rosa-del-garda-vola-verso-parigi-e-stati-uniti-damerica\\\/\"]}]},{\"@type\":\"ImageObject\",\"inLanguage\":\"fr-FR\",\"@id\":\"https:\\\/\\\/www.bellunopress.it\\\/2019\\\/02\\\/03\\\/chiaretto-di-bardolino-il-vino-rosa-del-garda-vola-verso-parigi-e-stati-uniti-damerica\\\/#primaryimage\",\"url\":\"http:\\\/\\\/www.bellunopress.it\\\/wp-content\\\/uploads\\\/2018\\\/09\\\/Bardolino.jpg\",\"contentUrl\":\"http:\\\/\\\/www.bellunopress.it\\\/wp-content\\\/uploads\\\/2018\\\/09\\\/Bardolino.jpg\"},{\"@type\":\"BreadcrumbList\",\"@id\":\"https:\\\/\\\/www.bellunopress.it\\\/2019\\\/02\\\/03\\\/chiaretto-di-bardolino-il-vino-rosa-del-garda-vola-verso-parigi-e-stati-uniti-damerica\\\/#breadcrumb\",\"itemListElement\":[{\"@type\":\"ListItem\",\"position\":1,\"name\":\"Home\",\"item\":\"https:\\\/\\\/www.bellunopress.it\\\/\"},{\"@type\":\"ListItem\",\"position\":2,\"name\":\"Chiaretto di Bardolino, il vino rosa del Garda vola verso Parigi e Stati Uniti d&#8217;America\"}]},{\"@type\":\"WebSite\",\"@id\":\"https:\\\/\\\/www.bellunopress.it\\\/#website\",\"url\":\"https:\\\/\\\/www.bellunopress.it\\\/\",\"name\":\"Bellunopress - Dolomiti\",\"description\":\"e-mail: redazione@bellunopress.it\",\"publisher\":{\"@id\":\"https:\\\/\\\/www.bellunopress.it\\\/#organization\"},\"potentialAction\":[{\"@type\":\"SearchAction\",\"target\":{\"@type\":\"EntryPoint\",\"urlTemplate\":\"https:\\\/\\\/www.bellunopress.it\\\/?s={search_term_string}\"},\"query-input\":{\"@type\":\"PropertyValueSpecification\",\"valueRequired\":true,\"valueName\":\"search_term_string\"}}],\"inLanguage\":\"fr-FR\"},{\"@type\":\"Organization\",\"@id\":\"https:\\\/\\\/www.bellunopress.it\\\/#organization\",\"name\":\"Bellunopress\",\"url\":\"https:\\\/\\\/www.bellunopress.it\\\/\",\"logo\":{\"@type\":\"ImageObject\",\"inLanguage\":\"fr-FR\",\"@id\":\"https:\\\/\\\/www.bellunopress.it\\\/#\\\/schema\\\/logo\\\/image\\\/\",\"url\":\"https:\\\/\\\/www.bellunopress.it\\\/wp-content\\\/uploads\\\/2011\\\/05\\\/cropped-logo-bellunopress-.jpg\",\"contentUrl\":\"https:\\\/\\\/www.bellunopress.it\\\/wp-content\\\/uploads\\\/2011\\\/05\\\/cropped-logo-bellunopress-.jpg\",\"width\":512,\"height\":512,\"caption\":\"Bellunopress\"},\"image\":{\"@id\":\"https:\\\/\\\/www.bellunopress.it\\\/#\\\/schema\\\/logo\\\/image\\\/\"},\"sameAs\":[\"https:\\\/\\\/www.facebook.com\\\/profile.php?id=100008943462799\",\"https:\\\/\\\/x.com\\\/bellunopress\",\"https:\\\/\\\/www.linkedin.com\\\/hp\\\/?dnr=JBzUWaJfMUw8vbXJJ2tVW5-I3jZKvC4wsoxE&amp;amp;amp;amp;amp;amp;trk=nav_responsive_tab_home\",\"https:\\\/\\\/www.youtube.com\\\/channel\\\/UCxL0wu1uN0_3_7hGG0306cw\"]},{\"@type\":\"Person\",\"@id\":\"https:\\\/\\\/www.bellunopress.it\\\/#\\\/schema\\\/person\\\/79bb06722b37ece1c03d3e94beb30d73\",\"name\":\"redazione\",\"image\":{\"@type\":\"ImageObject\",\"inLanguage\":\"fr-FR\",\"@id\":\"https:\\\/\\\/secure.gravatar.com\\\/avatar\\\/37d968a2e67a6fd04c169c4bdef102d0bc5d31b2546345219e348575eb80e9a0?s=96&d=mm&r=g\",\"url\":\"https:\\\/\\\/secure.gravatar.com\\\/avatar\\\/37d968a2e67a6fd04c169c4bdef102d0bc5d31b2546345219e348575eb80e9a0?s=96&d=mm&r=g\",\"contentUrl\":\"https:\\\/\\\/secure.gravatar.com\\\/avatar\\\/37d968a2e67a6fd04c169c4bdef102d0bc5d31b2546345219e348575eb80e9a0?s=96&d=mm&r=g\",\"caption\":\"redazione\"},\"sameAs\":[\"http:\\\/\\\/www.bellunopress.it\",\"https:\\\/\\\/x.com\\\/bellunopress\"],\"url\":\"https:\\\/\\\/www.bellunopress.it\\\/fr\\\/author\\\/redazione\\\/\"}]}<\/script>\n<!-- \/ Yoast SEO plugin. -->","yoast_head_json":{"title":"Chiaretto di Bardolino, il vino rosa del Garda vola verso Parigi e Stati Uniti d'America - Bellunopress - Dolomiti","robots":{"index":"index","follow":"follow","max-snippet":"max-snippet:-1","max-image-preview":"max-image-preview:large","max-video-preview":"max-video-preview:-1"},"canonical":"https:\/\/www.bellunopress.it\/fr\/2019\/02\/03\/chiaretto-di-bardolino-il-vino-rosa-del-garda-vola-verso-parigi-e-stati-uniti-damerica\/","og_locale":"fr_FR","og_type":"article","og_title":"Chiaretto di Bardolino, il vino rosa del Garda vola verso Parigi e Stati Uniti d'America - Bellunopress - Dolomiti","og_description":"Un tour internazionale porter\u00e0 il Chiaretto di Bardolino prima a Wine Paris e poi negli USA. Ultima tappa: l\u2019Anteprima del Chiaretto il 10 e 11 marzo a Lazise Il Chiaretto di Bardolino diventa sempre pi\u00f9 internazionale: a partire da febbraio il Consorzio di Tutela del Chiaretto e del Bardolino dar\u00e0 il via ad una serie [&hellip;]","og_url":"https:\/\/www.bellunopress.it\/fr\/2019\/02\/03\/chiaretto-di-bardolino-il-vino-rosa-del-garda-vola-verso-parigi-e-stati-uniti-damerica\/","og_site_name":"Bellunopress - Dolomiti","article_publisher":"https:\/\/www.facebook.com\/profile.php?id=100008943462799","article_published_time":"2019-02-03T14:58:51+00:00","og_image":[{"url":"http:\/\/www.bellunopress.it\/wp-content\/uploads\/2018\/09\/Bardolino.jpg","type":"","width":"","height":""}],"author":"redazione","twitter_card":"summary_large_image","twitter_creator":"@bellunopress","twitter_site":"@bellunopress","twitter_misc":{"\u00c9crit par":"redazione","Dur\u00e9e de lecture estim\u00e9e":"2 minutes"},"schema":{"@context":"https:\/\/schema.org","@graph":[{"@type":"Article","@id":"https:\/\/www.bellunopress.it\/2019\/02\/03\/chiaretto-di-bardolino-il-vino-rosa-del-garda-vola-verso-parigi-e-stati-uniti-damerica\/#article","isPartOf":{"@id":"https:\/\/www.bellunopress.it\/2019\/02\/03\/chiaretto-di-bardolino-il-vino-rosa-del-garda-vola-verso-parigi-e-stati-uniti-damerica\/"},"author":{"name":"redazione","@id":"https:\/\/www.bellunopress.it\/#\/schema\/person\/79bb06722b37ece1c03d3e94beb30d73"},"headline":"Chiaretto di Bardolino, il vino rosa del Garda vola verso Parigi e Stati Uniti d&#8217;America","datePublished":"2019-02-03T14:58:51+00:00","mainEntityOfPage":{"@id":"https:\/\/www.bellunopress.it\/2019\/02\/03\/chiaretto-di-bardolino-il-vino-rosa-del-garda-vola-verso-parigi-e-stati-uniti-damerica\/"},"wordCount":474,"publisher":{"@id":"https:\/\/www.bellunopress.it\/#organization"},"image":{"@id":"https:\/\/www.bellunopress.it\/2019\/02\/03\/chiaretto-di-bardolino-il-vino-rosa-del-garda-vola-verso-parigi-e-stati-uniti-damerica\/#primaryimage"},"thumbnailUrl":"http:\/\/www.bellunopress.it\/wp-content\/uploads\/2018\/09\/Bardolino.jpg","articleSection":["Eventi enogastronomici"],"inLanguage":"fr-FR"},{"@type":"WebPage","@id":"https:\/\/www.bellunopress.it\/2019\/02\/03\/chiaretto-di-bardolino-il-vino-rosa-del-garda-vola-verso-parigi-e-stati-uniti-damerica\/","url":"https:\/\/www.bellunopress.it\/2019\/02\/03\/chiaretto-di-bardolino-il-vino-rosa-del-garda-vola-verso-parigi-e-stati-uniti-damerica\/","name":"Chiaretto di Bardolino, il vino rosa del Garda vola verso Parigi e Stati Uniti d'America - Bellunopress - Dolomiti","isPartOf":{"@id":"https:\/\/www.bellunopress.it\/#website"},"primaryImageOfPage":{"@id":"https:\/\/www.bellunopress.it\/2019\/02\/03\/chiaretto-di-bardolino-il-vino-rosa-del-garda-vola-verso-parigi-e-stati-uniti-damerica\/#primaryimage"},"image":{"@id":"https:\/\/www.bellunopress.it\/2019\/02\/03\/chiaretto-di-bardolino-il-vino-rosa-del-garda-vola-verso-parigi-e-stati-uniti-damerica\/#primaryimage"},"thumbnailUrl":"http:\/\/www.bellunopress.it\/wp-content\/uploads\/2018\/09\/Bardolino.jpg","datePublished":"2019-02-03T14:58:51+00:00","breadcrumb":{"@id":"https:\/\/www.bellunopress.it\/2019\/02\/03\/chiaretto-di-bardolino-il-vino-rosa-del-garda-vola-verso-parigi-e-stati-uniti-damerica\/#breadcrumb"},"inLanguage":"fr-FR","potentialAction":[{"@type":"ReadAction","target":["https:\/\/www.bellunopress.it\/2019\/02\/03\/chiaretto-di-bardolino-il-vino-rosa-del-garda-vola-verso-parigi-e-stati-uniti-damerica\/"]}]},{"@type":"ImageObject","inLanguage":"fr-FR","@id":"https:\/\/www.bellunopress.it\/2019\/02\/03\/chiaretto-di-bardolino-il-vino-rosa-del-garda-vola-verso-parigi-e-stati-uniti-damerica\/#primaryimage","url":"http:\/\/www.bellunopress.it\/wp-content\/uploads\/2018\/09\/Bardolino.jpg","contentUrl":"http:\/\/www.bellunopress.it\/wp-content\/uploads\/2018\/09\/Bardolino.jpg"},{"@type":"BreadcrumbList","@id":"https:\/\/www.bellunopress.it\/2019\/02\/03\/chiaretto-di-bardolino-il-vino-rosa-del-garda-vola-verso-parigi-e-stati-uniti-damerica\/#breadcrumb","itemListElement":[{"@type":"ListItem","position":1,"name":"Home","item":"https:\/\/www.bellunopress.it\/"},{"@type":"ListItem","position":2,"name":"Chiaretto di Bardolino, il vino rosa del Garda vola verso Parigi e Stati Uniti d&#8217;America"}]},{"@type":"WebSite","@id":"https:\/\/www.bellunopress.it\/#website","url":"https:\/\/www.bellunopress.it\/","name":"Bellunopress - Dolomiti","description":"e-mail: redazione@bellunopress.it","publisher":{"@id":"https:\/\/www.bellunopress.it\/#organization"},"potentialAction":[{"@type":"SearchAction","target":{"@type":"EntryPoint","urlTemplate":"https:\/\/www.bellunopress.it\/?s={search_term_string}"},"query-input":{"@type":"PropertyValueSpecification","valueRequired":true,"valueName":"search_term_string"}}],"inLanguage":"fr-FR"},{"@type":"Organization","@id":"https:\/\/www.bellunopress.it\/#organization","name":"Bellunopress","url":"https:\/\/www.bellunopress.it\/","logo":{"@type":"ImageObject","inLanguage":"fr-FR","@id":"https:\/\/www.bellunopress.it\/#\/schema\/logo\/image\/","url":"https:\/\/www.bellunopress.it\/wp-content\/uploads\/2011\/05\/cropped-logo-bellunopress-.jpg","contentUrl":"https:\/\/www.bellunopress.it\/wp-content\/uploads\/2011\/05\/cropped-logo-bellunopress-.jpg","width":512,"height":512,"caption":"Bellunopress"},"image":{"@id":"https:\/\/www.bellunopress.it\/#\/schema\/logo\/image\/"},"sameAs":["https:\/\/www.facebook.com\/profile.php?id=100008943462799","https:\/\/x.com\/bellunopress","https:\/\/www.linkedin.com\/hp\/?dnr=JBzUWaJfMUw8vbXJJ2tVW5-I3jZKvC4wsoxE&amp;amp;amp;amp;amp;amp;trk=nav_responsive_tab_home","https:\/\/www.youtube.com\/channel\/UCxL0wu1uN0_3_7hGG0306cw"]},{"@type":"Person","@id":"https:\/\/www.bellunopress.it\/#\/schema\/person\/79bb06722b37ece1c03d3e94beb30d73","name":"r\u00e9daction","image":{"@type":"ImageObject","inLanguage":"fr-FR","@id":"https:\/\/secure.gravatar.com\/avatar\/37d968a2e67a6fd04c169c4bdef102d0bc5d31b2546345219e348575eb80e9a0?s=96&d=mm&r=g","url":"https:\/\/secure.gravatar.com\/avatar\/37d968a2e67a6fd04c169c4bdef102d0bc5d31b2546345219e348575eb80e9a0?s=96&d=mm&r=g","contentUrl":"https:\/\/secure.gravatar.com\/avatar\/37d968a2e67a6fd04c169c4bdef102d0bc5d31b2546345219e348575eb80e9a0?s=96&d=mm&r=g","caption":"redazione"},"sameAs":["http:\/\/www.bellunopress.it","https:\/\/x.com\/bellunopress"],"url":"https:\/\/www.bellunopress.it\/fr\/author\/redazione\/"}]}},"_links":{"self":[{"href":"https:\/\/www.bellunopress.it\/fr\/wp-json\/wp\/v2\/posts\/101699","targetHints":{"allow":["GET"]}}],"collection":[{"href":"https:\/\/www.bellunopress.it\/fr\/wp-json\/wp\/v2\/posts"}],"about":[{"href":"https:\/\/www.bellunopress.it\/fr\/wp-json\/wp\/v2\/types\/post"}],"author":[{"embeddable":true,"href":"https:\/\/www.bellunopress.it\/fr\/wp-json\/wp\/v2\/users\/2"}],"replies":[{"embeddable":true,"href":"https:\/\/www.bellunopress.it\/fr\/wp-json\/wp\/v2\/comments?post=101699"}],"version-history":[{"count":1,"href":"https:\/\/www.bellunopress.it\/fr\/wp-json\/wp\/v2\/posts\/101699\/revisions"}],"predecessor-version":[{"id":101700,"href":"https:\/\/www.bellunopress.it\/fr\/wp-json\/wp\/v2\/posts\/101699\/revisions\/101700"}],"wp:attachment":[{"href":"https:\/\/www.bellunopress.it\/fr\/wp-json\/wp\/v2\/media?parent=101699"}],"wp:term":[{"taxonomy":"category","embeddable":true,"href":"https:\/\/www.bellunopress.it\/fr\/wp-json\/wp\/v2\/categories?post=101699"},{"taxonomy":"post_tag","embeddable":true,"href":"https:\/\/www.bellunopress.it\/fr\/wp-json\/wp\/v2\/tags?post=101699"}],"curies":[{"name":"wp","href":"https:\/\/api.w.org\/{rel}","templated":true}]}}