{"id":101648,"date":"2019-02-02T11:33:03","date_gmt":"2019-02-02T10:33:03","guid":{"rendered":"http:\/\/www.bellunopress.it\/?p=101648"},"modified":"2019-02-02T14:39:34","modified_gmt":"2019-02-02T13:39:34","slug":"la-gara-classica-della-granfondo-dobbiaco-cortina-e-annullata-a-causa-forza-maggiore","status":"publish","type":"post","link":"https:\/\/www.bellunopress.it\/fr\/2019\/02\/02\/la-gara-classica-della-granfondo-dobbiaco-cortina-e-annullata-a-causa-forza-maggiore\/","title":{"rendered":"La gara classica della Granfondo Dobbiaco-Cortina \u00e8 annullata a causa forza maggiore"},"content":{"rendered":"<p><a href=\"http:\/\/www.bellunopress.it\/fr\/2018\/02\/03\/41%e1%b5%83-granfondo-dobbiaco-cortina-visma-ski-classics-tord-asle-gjerdalen-fa-tris-britta-johansson-norgren-vince-sempre-su-smutna-chernousov-squalificato-ustiugov-terzo-e-nygaard-sec\/cortina-dobbiaco\/\" rel=\"attachment wp-att-92585\"><img loading=\"lazy\" decoding=\"async\" class=\"alignleft size-full wp-image-92585\" src=\"http:\/\/www.bellunopress.it\/wp-content\/uploads\/2018\/02\/cortina-dobbiaco.jpg\" alt=\"\" width=\"300\" height=\"212\" \/><\/a><\/p>\n<p>Aggiornamenti Dobbiaco &#8211; Cortina. Gara di domenica cancellata.<\/p>\n<p>Purtroppo le autorit\u00e0 non autorizzano neanche lo svolgimento della gara di domenica, per motivi di sicurezza collegati all&#8217;alto rischio di valanghe in tutta la zona.<\/p>\n<p>Restituzione dei chip<\/p>\n<p>Si prega di restituire il proprio timing transponder (chip) all&#8217;ufficio gara presso Grand Hotel di Dobbiaco o all&#8217;ufficio C.O. Dobbiaco-Cortina, in Via del Campi 8\/A Cortina d&#8217;Ampezzo. Orari di apertura: sabato 07.00-17.00 e domenica 08.00-12.00.<\/p>\n<p>Quota di partecipazione.<\/p>\n<p>Gli iscritti riceveranno info in merito direttamente dall&#8217;organizzazione.<\/p>\n<p>Pasta Party di sabato.<\/p>\n<p>Il Pasta Party si svolger\u00e0 oggi dalle 11.00 alle 14.00 presso la Palestra Revis di Cortina d&#8217;Ampezzo.<\/p>\n<p>Vi preghiamo di portare il voucher che \u00e8 inserito nella busta che avete ritirato all&#8217;ufficio gara. Non ci saranno i bus navetta, a causa dello stato delle strade.<\/p>\n<p>Indirizzo: Via dei Campi 1, Cortina d&#8217;Ampezzo<\/p>\n<p style=\"font-weight: 400;\"><u>Per maggiori informazioni:<\/u><\/p>\n<p>Ufficio Segreteria | C. O. Dobbiaco\/Toblach \u2013 Cortina<\/p>\n<p>Tel. +39 3292417437\u00a0<a href=\"mailto:info@dobbiacocortina.org\">info@dobbiacocortina.org<\/a>\u00a0\u2013\u00a0<a href=\"http:\/\/www.dobbiacocortina.org\/\">www.dobbiacocortina.org<\/a><\/p>\n<p>La Protezione Civile e la Commissione Valanghe del Comune di Dobbiaco, dopo aver sentito gli organi preposti della Provincia di Bolzano ha diramato un comunicato nel quale afferma che le condizioni di sicurezza per lo svolgimento della gara non sono garantite a causa di forte rischio di valanghe e quindi la gara di domani Sabato 02.02. \u00e8 interdetta.<br \/>\nPer la gara di Domenica 03.02. verr\u00e0 presa una decisione in riunione della giuria domani, Sabato alle ore 12.00. In caso di svolgimento della gara a skating ci sar\u00e0 anche la possibilit\u00e0 di trasferire l&#8217;iscrizione.<\/p>\n<p>Attualmente si sta svolgendo una riunione tra le Forze dell&#8217;Ordine e la Commissione Valanghe per decidere se anche la strada statale Cortina-Dobbiaco deve essere chiusa.<\/p>\n<p>Queste sono le parole del presidente del Comitato Organizzatore:<br \/>\n&#8220;E&#8217; un momento triste per tutti noi, visto il numero record di iscrizioni, per\u00f2 la sicurezza dei partecipanti ha priorit\u00e0 assoluta!&#8221;<\/p>\n<p>Restituzione dei chip:<br \/>\nSabato 07.00 \u2013 17.00<br \/>\nal Grandhotel di Dobbiaco<\/p>\n<p>Per ogni informazione siamo disponibili al numero +39 329 2417437<\/p>","protected":false},"excerpt":{"rendered":"<p>Aggiornamenti Dobbiaco &#8211; Cortina. Gara di domenica cancellata. Purtroppo le autorit\u00e0 non autorizzano neanche lo svolgimento della gara di domenica, per motivi di sicurezza collegati all&#8217;alto rischio di valanghe in tutta la zona. Restituzione dei chip Si prega di restituire il proprio timing transponder (chip) all&#8217;ufficio gara presso Grand Hotel di Dobbiaco o all&#8217;ufficio C.O. [&hellip;]<\/p>\n","protected":false},"author":2,"featured_media":0,"comment_status":"closed","ping_status":"open","sticky":false,"template":"","format":"standard","meta":{"footnotes":""},"categories":[27,26,4],"tags":[],"class_list":["post-101648","post","type-post","status-publish","format-standard","category-appuntamenti","category-prima-pagina","category-sport"],"yoast_head":"<!-- This site is optimized with the Yoast SEO plugin v28.4 - https:\/\/yoast.com\/product\/yoast-seo-wordpress\/ -->\n<title>La gara classica della Granfondo Dobbiaco-Cortina \u00e8 annullata a causa forza maggiore - Bellunopress - Dolomiti<\/title>\n<meta name=\"robots\" content=\"index, follow, max-snippet:-1, max-image-preview:large, max-video-preview:-1\" \/>\n<link rel=\"canonical\" href=\"https:\/\/www.bellunopress.it\/fr\/2019\/02\/02\/la-gara-classica-della-granfondo-dobbiaco-cortina-e-annullata-a-causa-forza-maggiore\/\" \/>\n<meta property=\"og:locale\" content=\"fr_FR\" \/>\n<meta property=\"og:type\" content=\"article\" \/>\n<meta property=\"og:title\" content=\"La gara classica della Granfondo Dobbiaco-Cortina \u00e8 annullata a causa forza maggiore - Bellunopress - Dolomiti\" \/>\n<meta property=\"og:description\" content=\"Aggiornamenti Dobbiaco &#8211; Cortina. Gara di domenica cancellata. Purtroppo le autorit\u00e0 non autorizzano neanche lo svolgimento della gara di domenica, per motivi di sicurezza collegati all&#8217;alto rischio di valanghe in tutta la zona. Restituzione dei chip Si prega di restituire il proprio timing transponder (chip) all&#8217;ufficio gara presso Grand Hotel di Dobbiaco o all&#8217;ufficio C.O. [&hellip;]\" \/>\n<meta property=\"og:url\" content=\"https:\/\/www.bellunopress.it\/fr\/2019\/02\/02\/la-gara-classica-della-granfondo-dobbiaco-cortina-e-annullata-a-causa-forza-maggiore\/\" \/>\n<meta property=\"og:site_name\" content=\"Bellunopress - Dolomiti\" \/>\n<meta property=\"article:publisher\" content=\"https:\/\/www.facebook.com\/profile.php?id=100008943462799\" \/>\n<meta property=\"article:published_time\" content=\"2019-02-02T10:33:03+00:00\" \/>\n<meta property=\"article:modified_time\" content=\"2019-02-02T13:39:34+00:00\" \/>\n<meta property=\"og:image\" content=\"http:\/\/www.bellunopress.it\/wp-content\/uploads\/2018\/02\/cortina-dobbiaco.jpg\" \/>\n<meta name=\"author\" content=\"redazione\" \/>\n<meta name=\"twitter:card\" content=\"summary_large_image\" \/>\n<meta name=\"twitter:creator\" content=\"@bellunopress\" \/>\n<meta name=\"twitter:site\" content=\"@bellunopress\" \/>\n<meta name=\"twitter:label1\" content=\"\u00c9crit par\" \/>\n\t<meta name=\"twitter:data1\" content=\"redazione\" \/>\n\t<meta name=\"twitter:label2\" content=\"Dur\u00e9e de lecture estim\u00e9e\" \/>\n\t<meta name=\"twitter:data2\" content=\"2 minutes\" \/>\n<script type=\"application\/ld+json\" class=\"yoast-schema-graph\">{\"@context\":\"https:\\\/\\\/schema.org\",\"@graph\":[{\"@type\":\"Article\",\"@id\":\"https:\\\/\\\/www.bellunopress.it\\\/2019\\\/02\\\/02\\\/la-gara-classica-della-granfondo-dobbiaco-cortina-e-annullata-a-causa-forza-maggiore\\\/#article\",\"isPartOf\":{\"@id\":\"https:\\\/\\\/www.bellunopress.it\\\/2019\\\/02\\\/02\\\/la-gara-classica-della-granfondo-dobbiaco-cortina-e-annullata-a-causa-forza-maggiore\\\/\"},\"author\":{\"name\":\"redazione\",\"@id\":\"https:\\\/\\\/www.bellunopress.it\\\/#\\\/schema\\\/person\\\/79bb06722b37ece1c03d3e94beb30d73\"},\"headline\":\"La gara classica della Granfondo Dobbiaco-Cortina \u00e8 annullata a causa forza maggiore\",\"datePublished\":\"2019-02-02T10:33:03+00:00\",\"dateModified\":\"2019-02-02T13:39:34+00:00\",\"mainEntityOfPage\":{\"@id\":\"https:\\\/\\\/www.bellunopress.it\\\/2019\\\/02\\\/02\\\/la-gara-classica-della-granfondo-dobbiaco-cortina-e-annullata-a-causa-forza-maggiore\\\/\"},\"wordCount\":332,\"publisher\":{\"@id\":\"https:\\\/\\\/www.bellunopress.it\\\/#organization\"},\"image\":{\"@id\":\"https:\\\/\\\/www.bellunopress.it\\\/2019\\\/02\\\/02\\\/la-gara-classica-della-granfondo-dobbiaco-cortina-e-annullata-a-causa-forza-maggiore\\\/#primaryimage\"},\"thumbnailUrl\":\"http:\\\/\\\/www.bellunopress.it\\\/wp-content\\\/uploads\\\/2018\\\/02\\\/cortina-dobbiaco.jpg\",\"articleSection\":[\"Appuntamenti, Eventi\",\"Prima Pagina\",\"Sport, tempo libero\"],\"inLanguage\":\"fr-FR\"},{\"@type\":\"WebPage\",\"@id\":\"https:\\\/\\\/www.bellunopress.it\\\/2019\\\/02\\\/02\\\/la-gara-classica-della-granfondo-dobbiaco-cortina-e-annullata-a-causa-forza-maggiore\\\/\",\"url\":\"https:\\\/\\\/www.bellunopress.it\\\/2019\\\/02\\\/02\\\/la-gara-classica-della-granfondo-dobbiaco-cortina-e-annullata-a-causa-forza-maggiore\\\/\",\"name\":\"La gara classica della Granfondo Dobbiaco-Cortina \u00e8 annullata a causa forza maggiore - Bellunopress - Dolomiti\",\"isPartOf\":{\"@id\":\"https:\\\/\\\/www.bellunopress.it\\\/#website\"},\"primaryImageOfPage\":{\"@id\":\"https:\\\/\\\/www.bellunopress.it\\\/2019\\\/02\\\/02\\\/la-gara-classica-della-granfondo-dobbiaco-cortina-e-annullata-a-causa-forza-maggiore\\\/#primaryimage\"},\"image\":{\"@id\":\"https:\\\/\\\/www.bellunopress.it\\\/2019\\\/02\\\/02\\\/la-gara-classica-della-granfondo-dobbiaco-cortina-e-annullata-a-causa-forza-maggiore\\\/#primaryimage\"},\"thumbnailUrl\":\"http:\\\/\\\/www.bellunopress.it\\\/wp-content\\\/uploads\\\/2018\\\/02\\\/cortina-dobbiaco.jpg\",\"datePublished\":\"2019-02-02T10:33:03+00:00\",\"dateModified\":\"2019-02-02T13:39:34+00:00\",\"breadcrumb\":{\"@id\":\"https:\\\/\\\/www.bellunopress.it\\\/2019\\\/02\\\/02\\\/la-gara-classica-della-granfondo-dobbiaco-cortina-e-annullata-a-causa-forza-maggiore\\\/#breadcrumb\"},\"inLanguage\":\"fr-FR\",\"potentialAction\":[{\"@type\":\"ReadAction\",\"target\":[\"https:\\\/\\\/www.bellunopress.it\\\/2019\\\/02\\\/02\\\/la-gara-classica-della-granfondo-dobbiaco-cortina-e-annullata-a-causa-forza-maggiore\\\/\"]}]},{\"@type\":\"ImageObject\",\"inLanguage\":\"fr-FR\",\"@id\":\"https:\\\/\\\/www.bellunopress.it\\\/2019\\\/02\\\/02\\\/la-gara-classica-della-granfondo-dobbiaco-cortina-e-annullata-a-causa-forza-maggiore\\\/#primaryimage\",\"url\":\"http:\\\/\\\/www.bellunopress.it\\\/wp-content\\\/uploads\\\/2018\\\/02\\\/cortina-dobbiaco.jpg\",\"contentUrl\":\"http:\\\/\\\/www.bellunopress.it\\\/wp-content\\\/uploads\\\/2018\\\/02\\\/cortina-dobbiaco.jpg\"},{\"@type\":\"BreadcrumbList\",\"@id\":\"https:\\\/\\\/www.bellunopress.it\\\/2019\\\/02\\\/02\\\/la-gara-classica-della-granfondo-dobbiaco-cortina-e-annullata-a-causa-forza-maggiore\\\/#breadcrumb\",\"itemListElement\":[{\"@type\":\"ListItem\",\"position\":1,\"name\":\"Home\",\"item\":\"https:\\\/\\\/www.bellunopress.it\\\/\"},{\"@type\":\"ListItem\",\"position\":2,\"name\":\"La gara classica della Granfondo Dobbiaco-Cortina \u00e8 annullata a causa forza maggiore\"}]},{\"@type\":\"WebSite\",\"@id\":\"https:\\\/\\\/www.bellunopress.it\\\/#website\",\"url\":\"https:\\\/\\\/www.bellunopress.it\\\/\",\"name\":\"Bellunopress - Dolomiti\",\"description\":\"e-mail: redazione@bellunopress.it\",\"publisher\":{\"@id\":\"https:\\\/\\\/www.bellunopress.it\\\/#organization\"},\"potentialAction\":[{\"@type\":\"SearchAction\",\"target\":{\"@type\":\"EntryPoint\",\"urlTemplate\":\"https:\\\/\\\/www.bellunopress.it\\\/?s={search_term_string}\"},\"query-input\":{\"@type\":\"PropertyValueSpecification\",\"valueRequired\":true,\"valueName\":\"search_term_string\"}}],\"inLanguage\":\"fr-FR\"},{\"@type\":\"Organization\",\"@id\":\"https:\\\/\\\/www.bellunopress.it\\\/#organization\",\"name\":\"Bellunopress\",\"url\":\"https:\\\/\\\/www.bellunopress.it\\\/\",\"logo\":{\"@type\":\"ImageObject\",\"inLanguage\":\"fr-FR\",\"@id\":\"https:\\\/\\\/www.bellunopress.it\\\/#\\\/schema\\\/logo\\\/image\\\/\",\"url\":\"https:\\\/\\\/www.bellunopress.it\\\/wp-content\\\/uploads\\\/2011\\\/05\\\/cropped-logo-bellunopress-.jpg\",\"contentUrl\":\"https:\\\/\\\/www.bellunopress.it\\\/wp-content\\\/uploads\\\/2011\\\/05\\\/cropped-logo-bellunopress-.jpg\",\"width\":512,\"height\":512,\"caption\":\"Bellunopress\"},\"image\":{\"@id\":\"https:\\\/\\\/www.bellunopress.it\\\/#\\\/schema\\\/logo\\\/image\\\/\"},\"sameAs\":[\"https:\\\/\\\/www.facebook.com\\\/profile.php?id=100008943462799\",\"https:\\\/\\\/x.com\\\/bellunopress\",\"https:\\\/\\\/www.linkedin.com\\\/hp\\\/?dnr=JBzUWaJfMUw8vbXJJ2tVW5-I3jZKvC4wsoxE&amp;amp;amp;amp;amp;amp;trk=nav_responsive_tab_home\",\"https:\\\/\\\/www.youtube.com\\\/channel\\\/UCxL0wu1uN0_3_7hGG0306cw\"]},{\"@type\":\"Person\",\"@id\":\"https:\\\/\\\/www.bellunopress.it\\\/#\\\/schema\\\/person\\\/79bb06722b37ece1c03d3e94beb30d73\",\"name\":\"redazione\",\"image\":{\"@type\":\"ImageObject\",\"inLanguage\":\"fr-FR\",\"@id\":\"https:\\\/\\\/secure.gravatar.com\\\/avatar\\\/37d968a2e67a6fd04c169c4bdef102d0bc5d31b2546345219e348575eb80e9a0?s=96&d=mm&r=g\",\"url\":\"https:\\\/\\\/secure.gravatar.com\\\/avatar\\\/37d968a2e67a6fd04c169c4bdef102d0bc5d31b2546345219e348575eb80e9a0?s=96&d=mm&r=g\",\"contentUrl\":\"https:\\\/\\\/secure.gravatar.com\\\/avatar\\\/37d968a2e67a6fd04c169c4bdef102d0bc5d31b2546345219e348575eb80e9a0?s=96&d=mm&r=g\",\"caption\":\"redazione\"},\"sameAs\":[\"http:\\\/\\\/www.bellunopress.it\",\"https:\\\/\\\/x.com\\\/bellunopress\"],\"url\":\"https:\\\/\\\/www.bellunopress.it\\\/fr\\\/author\\\/redazione\\\/\"}]}<\/script>\n<!-- \/ Yoast SEO plugin. -->","yoast_head_json":{"title":"La gara classica della Granfondo Dobbiaco-Cortina \u00e8 annullata a causa forza maggiore - Bellunopress - Dolomiti","robots":{"index":"index","follow":"follow","max-snippet":"max-snippet:-1","max-image-preview":"max-image-preview:large","max-video-preview":"max-video-preview:-1"},"canonical":"https:\/\/www.bellunopress.it\/fr\/2019\/02\/02\/la-gara-classica-della-granfondo-dobbiaco-cortina-e-annullata-a-causa-forza-maggiore\/","og_locale":"fr_FR","og_type":"article","og_title":"La gara classica della Granfondo Dobbiaco-Cortina \u00e8 annullata a causa forza maggiore - Bellunopress - Dolomiti","og_description":"Aggiornamenti Dobbiaco &#8211; Cortina. Gara di domenica cancellata. Purtroppo le autorit\u00e0 non autorizzano neanche lo svolgimento della gara di domenica, per motivi di sicurezza collegati all&#8217;alto rischio di valanghe in tutta la zona. Restituzione dei chip Si prega di restituire il proprio timing transponder (chip) all&#8217;ufficio gara presso Grand Hotel di Dobbiaco o all&#8217;ufficio C.O. [&hellip;]","og_url":"https:\/\/www.bellunopress.it\/fr\/2019\/02\/02\/la-gara-classica-della-granfondo-dobbiaco-cortina-e-annullata-a-causa-forza-maggiore\/","og_site_name":"Bellunopress - Dolomiti","article_publisher":"https:\/\/www.facebook.com\/profile.php?id=100008943462799","article_published_time":"2019-02-02T10:33:03+00:00","article_modified_time":"2019-02-02T13:39:34+00:00","og_image":[{"url":"http:\/\/www.bellunopress.it\/wp-content\/uploads\/2018\/02\/cortina-dobbiaco.jpg","type":"","width":"","height":""}],"author":"redazione","twitter_card":"summary_large_image","twitter_creator":"@bellunopress","twitter_site":"@bellunopress","twitter_misc":{"\u00c9crit par":"redazione","Dur\u00e9e de lecture estim\u00e9e":"2 minutes"},"schema":{"@context":"https:\/\/schema.org","@graph":[{"@type":"Article","@id":"https:\/\/www.bellunopress.it\/2019\/02\/02\/la-gara-classica-della-granfondo-dobbiaco-cortina-e-annullata-a-causa-forza-maggiore\/#article","isPartOf":{"@id":"https:\/\/www.bellunopress.it\/2019\/02\/02\/la-gara-classica-della-granfondo-dobbiaco-cortina-e-annullata-a-causa-forza-maggiore\/"},"author":{"name":"redazione","@id":"https:\/\/www.bellunopress.it\/#\/schema\/person\/79bb06722b37ece1c03d3e94beb30d73"},"headline":"La gara classica della Granfondo Dobbiaco-Cortina \u00e8 annullata a causa forza maggiore","datePublished":"2019-02-02T10:33:03+00:00","dateModified":"2019-02-02T13:39:34+00:00","mainEntityOfPage":{"@id":"https:\/\/www.bellunopress.it\/2019\/02\/02\/la-gara-classica-della-granfondo-dobbiaco-cortina-e-annullata-a-causa-forza-maggiore\/"},"wordCount":332,"publisher":{"@id":"https:\/\/www.bellunopress.it\/#organization"},"image":{"@id":"https:\/\/www.bellunopress.it\/2019\/02\/02\/la-gara-classica-della-granfondo-dobbiaco-cortina-e-annullata-a-causa-forza-maggiore\/#primaryimage"},"thumbnailUrl":"http:\/\/www.bellunopress.it\/wp-content\/uploads\/2018\/02\/cortina-dobbiaco.jpg","articleSection":["Appuntamenti, Eventi","Prima Pagina","Sport, tempo libero"],"inLanguage":"fr-FR"},{"@type":"WebPage","@id":"https:\/\/www.bellunopress.it\/2019\/02\/02\/la-gara-classica-della-granfondo-dobbiaco-cortina-e-annullata-a-causa-forza-maggiore\/","url":"https:\/\/www.bellunopress.it\/2019\/02\/02\/la-gara-classica-della-granfondo-dobbiaco-cortina-e-annullata-a-causa-forza-maggiore\/","name":"La gara classica della Granfondo Dobbiaco-Cortina \u00e8 annullata a causa forza maggiore - Bellunopress - Dolomiti","isPartOf":{"@id":"https:\/\/www.bellunopress.it\/#website"},"primaryImageOfPage":{"@id":"https:\/\/www.bellunopress.it\/2019\/02\/02\/la-gara-classica-della-granfondo-dobbiaco-cortina-e-annullata-a-causa-forza-maggiore\/#primaryimage"},"image":{"@id":"https:\/\/www.bellunopress.it\/2019\/02\/02\/la-gara-classica-della-granfondo-dobbiaco-cortina-e-annullata-a-causa-forza-maggiore\/#primaryimage"},"thumbnailUrl":"http:\/\/www.bellunopress.it\/wp-content\/uploads\/2018\/02\/cortina-dobbiaco.jpg","datePublished":"2019-02-02T10:33:03+00:00","dateModified":"2019-02-02T13:39:34+00:00","breadcrumb":{"@id":"https:\/\/www.bellunopress.it\/2019\/02\/02\/la-gara-classica-della-granfondo-dobbiaco-cortina-e-annullata-a-causa-forza-maggiore\/#breadcrumb"},"inLanguage":"fr-FR","potentialAction":[{"@type":"ReadAction","target":["https:\/\/www.bellunopress.it\/2019\/02\/02\/la-gara-classica-della-granfondo-dobbiaco-cortina-e-annullata-a-causa-forza-maggiore\/"]}]},{"@type":"ImageObject","inLanguage":"fr-FR","@id":"https:\/\/www.bellunopress.it\/2019\/02\/02\/la-gara-classica-della-granfondo-dobbiaco-cortina-e-annullata-a-causa-forza-maggiore\/#primaryimage","url":"http:\/\/www.bellunopress.it\/wp-content\/uploads\/2018\/02\/cortina-dobbiaco.jpg","contentUrl":"http:\/\/www.bellunopress.it\/wp-content\/uploads\/2018\/02\/cortina-dobbiaco.jpg"},{"@type":"BreadcrumbList","@id":"https:\/\/www.bellunopress.it\/2019\/02\/02\/la-gara-classica-della-granfondo-dobbiaco-cortina-e-annullata-a-causa-forza-maggiore\/#breadcrumb","itemListElement":[{"@type":"ListItem","position":1,"name":"Home","item":"https:\/\/www.bellunopress.it\/"},{"@type":"ListItem","position":2,"name":"La gara classica della Granfondo Dobbiaco-Cortina \u00e8 annullata a causa forza maggiore"}]},{"@type":"WebSite","@id":"https:\/\/www.bellunopress.it\/#website","url":"https:\/\/www.bellunopress.it\/","name":"Bellunopress - Dolomiti","description":"e-mail: redazione@bellunopress.it","publisher":{"@id":"https:\/\/www.bellunopress.it\/#organization"},"potentialAction":[{"@type":"SearchAction","target":{"@type":"EntryPoint","urlTemplate":"https:\/\/www.bellunopress.it\/?s={search_term_string}"},"query-input":{"@type":"PropertyValueSpecification","valueRequired":true,"valueName":"search_term_string"}}],"inLanguage":"fr-FR"},{"@type":"Organization","@id":"https:\/\/www.bellunopress.it\/#organization","name":"Bellunopress","url":"https:\/\/www.bellunopress.it\/","logo":{"@type":"ImageObject","inLanguage":"fr-FR","@id":"https:\/\/www.bellunopress.it\/#\/schema\/logo\/image\/","url":"https:\/\/www.bellunopress.it\/wp-content\/uploads\/2011\/05\/cropped-logo-bellunopress-.jpg","contentUrl":"https:\/\/www.bellunopress.it\/wp-content\/uploads\/2011\/05\/cropped-logo-bellunopress-.jpg","width":512,"height":512,"caption":"Bellunopress"},"image":{"@id":"https:\/\/www.bellunopress.it\/#\/schema\/logo\/image\/"},"sameAs":["https:\/\/www.facebook.com\/profile.php?id=100008943462799","https:\/\/x.com\/bellunopress","https:\/\/www.linkedin.com\/hp\/?dnr=JBzUWaJfMUw8vbXJJ2tVW5-I3jZKvC4wsoxE&amp;amp;amp;amp;amp;amp;trk=nav_responsive_tab_home","https:\/\/www.youtube.com\/channel\/UCxL0wu1uN0_3_7hGG0306cw"]},{"@type":"Person","@id":"https:\/\/www.bellunopress.it\/#\/schema\/person\/79bb06722b37ece1c03d3e94beb30d73","name":"r\u00e9daction","image":{"@type":"ImageObject","inLanguage":"fr-FR","@id":"https:\/\/secure.gravatar.com\/avatar\/37d968a2e67a6fd04c169c4bdef102d0bc5d31b2546345219e348575eb80e9a0?s=96&d=mm&r=g","url":"https:\/\/secure.gravatar.com\/avatar\/37d968a2e67a6fd04c169c4bdef102d0bc5d31b2546345219e348575eb80e9a0?s=96&d=mm&r=g","contentUrl":"https:\/\/secure.gravatar.com\/avatar\/37d968a2e67a6fd04c169c4bdef102d0bc5d31b2546345219e348575eb80e9a0?s=96&d=mm&r=g","caption":"redazione"},"sameAs":["http:\/\/www.bellunopress.it","https:\/\/x.com\/bellunopress"],"url":"https:\/\/www.bellunopress.it\/fr\/author\/redazione\/"}]}},"_links":{"self":[{"href":"https:\/\/www.bellunopress.it\/fr\/wp-json\/wp\/v2\/posts\/101648","targetHints":{"allow":["GET"]}}],"collection":[{"href":"https:\/\/www.bellunopress.it\/fr\/wp-json\/wp\/v2\/posts"}],"about":[{"href":"https:\/\/www.bellunopress.it\/fr\/wp-json\/wp\/v2\/types\/post"}],"author":[{"embeddable":true,"href":"https:\/\/www.bellunopress.it\/fr\/wp-json\/wp\/v2\/users\/2"}],"replies":[{"embeddable":true,"href":"https:\/\/www.bellunopress.it\/fr\/wp-json\/wp\/v2\/comments?post=101648"}],"version-history":[{"count":3,"href":"https:\/\/www.bellunopress.it\/fr\/wp-json\/wp\/v2\/posts\/101648\/revisions"}],"predecessor-version":[{"id":101657,"href":"https:\/\/www.bellunopress.it\/fr\/wp-json\/wp\/v2\/posts\/101648\/revisions\/101657"}],"wp:attachment":[{"href":"https:\/\/www.bellunopress.it\/fr\/wp-json\/wp\/v2\/media?parent=101648"}],"wp:term":[{"taxonomy":"category","embeddable":true,"href":"https:\/\/www.bellunopress.it\/fr\/wp-json\/wp\/v2\/categories?post=101648"},{"taxonomy":"post_tag","embeddable":true,"href":"https:\/\/www.bellunopress.it\/fr\/wp-json\/wp\/v2\/tags?post=101648"}],"curies":[{"name":"wp","href":"https:\/\/api.w.org\/{rel}","templated":true}]}}