{"id":101613,"date":"2019-02-01T06:54:21","date_gmt":"2019-02-01T05:54:21","guid":{"rendered":"http:\/\/www.bellunopress.it\/?p=101613"},"modified":"2019-02-01T07:44:30","modified_gmt":"2019-02-01T06:44:30","slug":"rischio-valanghe-in-montagna-stato-di-preallarme-il-prefetto-convoca-lunita-di-coordinamento","status":"publish","type":"post","link":"https:\/\/www.bellunopress.it\/fr\/2019\/02\/01\/rischio-valanghe-in-montagna-stato-di-preallarme-il-prefetto-convoca-lunita-di-coordinamento\/","title":{"rendered":"Rischio valanghe in montagna. Stato di preallarme. Il prefetto convoca l&#8217;Unit\u00e0 di coordinamento"},"content":{"rendered":"<p><a href=\"http:\/\/www.bellunopress.it\/fr\/2015\/08\/08\/ancora-chiusa-la-statale-51-per-cortina-dampezzo\/prefettura-riunione-viabilita\/\" rel=\"attachment wp-att-70762\"><img loading=\"lazy\" decoding=\"async\" class=\"alignleft size-full wp-image-70762\" src=\"http:\/\/www.bellunopress.it\/wp-content\/uploads\/2015\/08\/prefettura-riunione-viabilit\u00e0.jpg\" alt=\"\" width=\"300\" height=\"169\" \/><\/a>Alla luce dell\u2019avviso di criticit\u00e0 per rischio valanghe diramato in data 31 gennaio 2019 dal Centro Funzionale Decentrato della Regione Veneto, con il quale viene dichiarato lo stato di preallarme per rischio valanghe su tutta la montagna bellunese a partire dalle ore 00.00 del 2 febbraio, il prefetto ha convocato per oggi alle ore 12, una riunione dell\u2019unit\u00e0 di coordinamento per una valutazione aggiornata delle misure da adottare a tutela della pubblica incolumit\u00e0 nonch\u00e9 sull\u2019esigenza di attivare il sistema provinciale di protezione civile per fare fronte a possibili criticit\u00e0.<\/p>\n<p>All\u2019incontro sono stati invitati a partecipare i rappresentanti di: Provincia, Regione Veneto, Forze di Polizia, Vigili del Fuoco, ANAS, Veneto Strade, E-Distribuzione, Terna.<\/p>\n<p>&nbsp;<\/p>\n<p><strong>Due consigli utili dalla Prefettura per circolare in sicurezza anche durante le nevicate: guida con prudenza e controlla l\u2019efficienza del veicolo! Su strade innevate si pu\u00f2 transitare solo con pneumatici da neve in buono stato o con catene montate.<\/strong><\/p>\n<p>Nelle prossime ore la provincia di Belluno sar\u00e0 interessata da una perturbazione per nevicate dalle ore 21 del 31 gennaio fino alle ore 00 del 3 febbraio.<br \/>\nIn particolare, sono previste tra venerd\u00ec 1 e sabato 2 febbraio copiose nevicate sulle zone montane, soprattutto in quota. Inizialmente la neve arriver\u00e0 fino ai fondovalle prealpini, dove fino alla mattinata di venerd\u00ec si potranno avere accumuli al suolo variabili da 5-10 cm a 10-20 nelle zone pi\u00f9 riparate dai venti meridionali; dalla tarda mattinata\/primo pomeriggio la neve si tramuter\u00e0 in pioggia. In generale il limite della neve si innalzer\u00e0 sulle Prealpi anche fino a 1600-1800 m per poi abbassarsi nel corso di sabato fino a 1000-1300 m nel pomeriggio. Sulle Dolomiti la neve potr\u00e0 continuare a cadere fino a fondovalle nelle zone pi\u00f9 chiuse e meno esposte ai flussi meridionali, mentre tender\u00e0 nelle vallate delle Dolomiti meridionali pi\u00f9 aperte. Oltre i 1800 m di quota sono previste nevicate dell\u2019ordine di un metro.<br \/>\nIn vista del maltempo, si \u00e8 riunito oggi, in Prefettura, il Comitato Operativo Viabilit\u00e0, con la presenza di Polizia Stradale, Carabinieri, Guardia di Finanza, Vigili del Fuoco, ANAS, Veneto Strade e con il supporto dell\u2019ARPAV per l\u2019aggiornamento del quadro previsionale.<br \/>\nL\u2019incontro \u00e8 stato l\u2019occasione per verificare la funzionalit\u00e0 del sistema e, in particolare, dei servizi di sgombero neve curati da ANAS e Veneto Strade.<br \/>\nTenuto conto delle abbondanti precipitazioni che sono previste, si \u00e8 stabilito di procedere, sin dalle prime ore di domani e per tutta la durata dell\u2019evento nevoso, all\u2019attivazione di sistemi di filtraggio dei veicoli, da parte delle Forze di Polizia e del personale ANAS con funzioni di polizia stradale, presso le piazzole individuate dal piano neve provinciale, di cui \u00e8 stata disposta l\u2019attivazione.<br \/>\nLa decisione mira ad evitare la circolazione \u2013 peraltro vietata su tutto il territorio provinciale \u2013 di mezzi sprovvisti di catene o gomme da neve che, non essendo attrezzati, potrebbero costituire un pericolo per la sicurezza stradale.<br \/>\nAl riguardo, prima di mettersi in viaggio, si raccomanda di verificare l\u2019efficienza del proprio veicolo e, in particolare, la piena funzionalit\u00e0 degli pneumatici da neve che \u2013 se usurati \u2013 devono essere sostituiti.<br \/>\nE\u2019 bene inoltre, per coloro che sono in possesso di catene, verificarne la rispondenza al modello di pneumatico e provarne la montatura, tenendo conto che la stessa potrebbe essere resa pi\u00f9 difficile dalla condizioni meteorologiche in cui dovr\u00e0 eventualmente avvenire.<br \/>\nSui siti internet degli enti gestori delle strade www.venetostrade.it e www.stradeanas.it , che si invita a consultare, e sui pannelli a messaggio variabili presenti lungo la rete stradale, saranno disponibili informazioni sulla percorribilit\u00e0 delle strade interessate dalla precipitazioni.<br \/>\nAl riguardo, si informa che, dalla serata di venerd\u00ec 1 febbraio, fatte salve eventuali circostanze che richiedano di anticipare la misura, \u00e8 prevista la chiusura al transito dei passi dolomitici in gestione a Veneto Strade, la cui riapertura avverr\u00e0 \u2013 salvo controindicazioni \u2013 nella mattinata di sabato.<br \/>\nNella giornata di domani, alle ore 11, \u00e8 in programma in Prefettura una nuova riunione del Comitato Operativo Viabilit\u00e0.<\/p>","protected":false},"excerpt":{"rendered":"<p>Alla luce dell\u2019avviso di criticit\u00e0 per rischio valanghe diramato in data 31 gennaio 2019 dal Centro Funzionale Decentrato della Regione Veneto, con il quale viene dichiarato lo stato di preallarme per rischio valanghe su tutta la montagna bellunese a partire dalle ore 00.00 del 2 febbraio, il prefetto ha convocato per oggi alle ore 12, [&hellip;]<\/p>\n","protected":false},"author":2,"featured_media":0,"comment_status":"closed","ping_status":"open","sticky":false,"template":"","format":"standard","meta":{"footnotes":""},"categories":[38,26,8],"tags":[],"class_list":["post-101613","post","type-post","status-publish","format-standard","category-natura-ambiente","category-prima-pagina","category-societa-istituzioni"],"yoast_head":"<!-- This site is optimized with the Yoast SEO plugin v28.4 - https:\/\/yoast.com\/product\/yoast-seo-wordpress\/ -->\n<title>Rischio valanghe in montagna. Stato di preallarme. Il prefetto convoca l&#039;Unit\u00e0 di coordinamento - Bellunopress - Dolomiti<\/title>\n<meta name=\"robots\" content=\"index, follow, max-snippet:-1, max-image-preview:large, max-video-preview:-1\" \/>\n<link rel=\"canonical\" href=\"https:\/\/www.bellunopress.it\/fr\/2019\/02\/01\/rischio-valanghe-in-montagna-stato-di-preallarme-il-prefetto-convoca-lunita-di-coordinamento\/\" \/>\n<meta property=\"og:locale\" content=\"fr_FR\" \/>\n<meta property=\"og:type\" content=\"article\" \/>\n<meta property=\"og:title\" content=\"Rischio valanghe in montagna. Stato di preallarme. Il prefetto convoca l&#039;Unit\u00e0 di coordinamento - Bellunopress - Dolomiti\" \/>\n<meta property=\"og:description\" content=\"Alla luce dell\u2019avviso di criticit\u00e0 per rischio valanghe diramato in data 31 gennaio 2019 dal Centro Funzionale Decentrato della Regione Veneto, con il quale viene dichiarato lo stato di preallarme per rischio valanghe su tutta la montagna bellunese a partire dalle ore 00.00 del 2 febbraio, il prefetto ha convocato per oggi alle ore 12, [&hellip;]\" \/>\n<meta property=\"og:url\" content=\"https:\/\/www.bellunopress.it\/fr\/2019\/02\/01\/rischio-valanghe-in-montagna-stato-di-preallarme-il-prefetto-convoca-lunita-di-coordinamento\/\" \/>\n<meta property=\"og:site_name\" content=\"Bellunopress - Dolomiti\" \/>\n<meta property=\"article:publisher\" content=\"https:\/\/www.facebook.com\/profile.php?id=100008943462799\" \/>\n<meta property=\"article:published_time\" content=\"2019-02-01T05:54:21+00:00\" \/>\n<meta property=\"article:modified_time\" content=\"2019-02-01T06:44:30+00:00\" \/>\n<meta property=\"og:image\" content=\"http:\/\/www.bellunopress.it\/wp-content\/uploads\/2015\/08\/prefettura-riunione-viabilit\u00e0.jpg\" \/>\n<meta name=\"author\" content=\"redazione\" \/>\n<meta name=\"twitter:card\" content=\"summary_large_image\" \/>\n<meta name=\"twitter:creator\" content=\"@bellunopress\" \/>\n<meta name=\"twitter:site\" content=\"@bellunopress\" \/>\n<meta name=\"twitter:label1\" content=\"\u00c9crit par\" \/>\n\t<meta name=\"twitter:data1\" content=\"redazione\" \/>\n\t<meta name=\"twitter:label2\" content=\"Dur\u00e9e de lecture estim\u00e9e\" \/>\n\t<meta name=\"twitter:data2\" content=\"3 minutes\" \/>\n<script type=\"application\/ld+json\" class=\"yoast-schema-graph\">{\"@context\":\"https:\\\/\\\/schema.org\",\"@graph\":[{\"@type\":\"Article\",\"@id\":\"https:\\\/\\\/www.bellunopress.it\\\/2019\\\/02\\\/01\\\/rischio-valanghe-in-montagna-stato-di-preallarme-il-prefetto-convoca-lunita-di-coordinamento\\\/#article\",\"isPartOf\":{\"@id\":\"https:\\\/\\\/www.bellunopress.it\\\/2019\\\/02\\\/01\\\/rischio-valanghe-in-montagna-stato-di-preallarme-il-prefetto-convoca-lunita-di-coordinamento\\\/\"},\"author\":{\"name\":\"redazione\",\"@id\":\"https:\\\/\\\/www.bellunopress.it\\\/#\\\/schema\\\/person\\\/79bb06722b37ece1c03d3e94beb30d73\"},\"headline\":\"Rischio valanghe in montagna. Stato di preallarme. Il prefetto convoca l&#8217;Unit\u00e0 di coordinamento\",\"datePublished\":\"2019-02-01T05:54:21+00:00\",\"dateModified\":\"2019-02-01T06:44:30+00:00\",\"mainEntityOfPage\":{\"@id\":\"https:\\\/\\\/www.bellunopress.it\\\/2019\\\/02\\\/01\\\/rischio-valanghe-in-montagna-stato-di-preallarme-il-prefetto-convoca-lunita-di-coordinamento\\\/\"},\"wordCount\":658,\"publisher\":{\"@id\":\"https:\\\/\\\/www.bellunopress.it\\\/#organization\"},\"articleSection\":[\"Meteo, natura, ambiente, animali\",\"Prima Pagina\",\"Societ\u00e0, Associazioni, Istituzioni\"],\"inLanguage\":\"fr-FR\"},{\"@type\":\"WebPage\",\"@id\":\"https:\\\/\\\/www.bellunopress.it\\\/2019\\\/02\\\/01\\\/rischio-valanghe-in-montagna-stato-di-preallarme-il-prefetto-convoca-lunita-di-coordinamento\\\/\",\"url\":\"https:\\\/\\\/www.bellunopress.it\\\/2019\\\/02\\\/01\\\/rischio-valanghe-in-montagna-stato-di-preallarme-il-prefetto-convoca-lunita-di-coordinamento\\\/\",\"name\":\"Rischio valanghe in montagna. Stato di preallarme. Il prefetto convoca l'Unit\u00e0 di coordinamento - Bellunopress - Dolomiti\",\"isPartOf\":{\"@id\":\"https:\\\/\\\/www.bellunopress.it\\\/#website\"},\"datePublished\":\"2019-02-01T05:54:21+00:00\",\"dateModified\":\"2019-02-01T06:44:30+00:00\",\"breadcrumb\":{\"@id\":\"https:\\\/\\\/www.bellunopress.it\\\/2019\\\/02\\\/01\\\/rischio-valanghe-in-montagna-stato-di-preallarme-il-prefetto-convoca-lunita-di-coordinamento\\\/#breadcrumb\"},\"inLanguage\":\"fr-FR\",\"potentialAction\":[{\"@type\":\"ReadAction\",\"target\":[\"https:\\\/\\\/www.bellunopress.it\\\/2019\\\/02\\\/01\\\/rischio-valanghe-in-montagna-stato-di-preallarme-il-prefetto-convoca-lunita-di-coordinamento\\\/\"]}]},{\"@type\":\"BreadcrumbList\",\"@id\":\"https:\\\/\\\/www.bellunopress.it\\\/2019\\\/02\\\/01\\\/rischio-valanghe-in-montagna-stato-di-preallarme-il-prefetto-convoca-lunita-di-coordinamento\\\/#breadcrumb\",\"itemListElement\":[{\"@type\":\"ListItem\",\"position\":1,\"name\":\"Home\",\"item\":\"https:\\\/\\\/www.bellunopress.it\\\/\"},{\"@type\":\"ListItem\",\"position\":2,\"name\":\"Rischio valanghe in montagna. Stato di preallarme. Il prefetto convoca l&#8217;Unit\u00e0 di coordinamento\"}]},{\"@type\":\"WebSite\",\"@id\":\"https:\\\/\\\/www.bellunopress.it\\\/#website\",\"url\":\"https:\\\/\\\/www.bellunopress.it\\\/\",\"name\":\"Bellunopress - Dolomiti\",\"description\":\"e-mail: redazione@bellunopress.it\",\"publisher\":{\"@id\":\"https:\\\/\\\/www.bellunopress.it\\\/#organization\"},\"potentialAction\":[{\"@type\":\"SearchAction\",\"target\":{\"@type\":\"EntryPoint\",\"urlTemplate\":\"https:\\\/\\\/www.bellunopress.it\\\/?s={search_term_string}\"},\"query-input\":{\"@type\":\"PropertyValueSpecification\",\"valueRequired\":true,\"valueName\":\"search_term_string\"}}],\"inLanguage\":\"fr-FR\"},{\"@type\":\"Organization\",\"@id\":\"https:\\\/\\\/www.bellunopress.it\\\/#organization\",\"name\":\"Bellunopress\",\"url\":\"https:\\\/\\\/www.bellunopress.it\\\/\",\"logo\":{\"@type\":\"ImageObject\",\"inLanguage\":\"fr-FR\",\"@id\":\"https:\\\/\\\/www.bellunopress.it\\\/#\\\/schema\\\/logo\\\/image\\\/\",\"url\":\"https:\\\/\\\/www.bellunopress.it\\\/wp-content\\\/uploads\\\/2011\\\/05\\\/cropped-logo-bellunopress-.jpg\",\"contentUrl\":\"https:\\\/\\\/www.bellunopress.it\\\/wp-content\\\/uploads\\\/2011\\\/05\\\/cropped-logo-bellunopress-.jpg\",\"width\":512,\"height\":512,\"caption\":\"Bellunopress\"},\"image\":{\"@id\":\"https:\\\/\\\/www.bellunopress.it\\\/#\\\/schema\\\/logo\\\/image\\\/\"},\"sameAs\":[\"https:\\\/\\\/www.facebook.com\\\/profile.php?id=100008943462799\",\"https:\\\/\\\/x.com\\\/bellunopress\",\"https:\\\/\\\/www.linkedin.com\\\/hp\\\/?dnr=JBzUWaJfMUw8vbXJJ2tVW5-I3jZKvC4wsoxE&amp;amp;amp;amp;amp;amp;trk=nav_responsive_tab_home\",\"https:\\\/\\\/www.youtube.com\\\/channel\\\/UCxL0wu1uN0_3_7hGG0306cw\"]},{\"@type\":\"Person\",\"@id\":\"https:\\\/\\\/www.bellunopress.it\\\/#\\\/schema\\\/person\\\/79bb06722b37ece1c03d3e94beb30d73\",\"name\":\"redazione\",\"image\":{\"@type\":\"ImageObject\",\"inLanguage\":\"fr-FR\",\"@id\":\"https:\\\/\\\/secure.gravatar.com\\\/avatar\\\/37d968a2e67a6fd04c169c4bdef102d0bc5d31b2546345219e348575eb80e9a0?s=96&d=mm&r=g\",\"url\":\"https:\\\/\\\/secure.gravatar.com\\\/avatar\\\/37d968a2e67a6fd04c169c4bdef102d0bc5d31b2546345219e348575eb80e9a0?s=96&d=mm&r=g\",\"contentUrl\":\"https:\\\/\\\/secure.gravatar.com\\\/avatar\\\/37d968a2e67a6fd04c169c4bdef102d0bc5d31b2546345219e348575eb80e9a0?s=96&d=mm&r=g\",\"caption\":\"redazione\"},\"sameAs\":[\"http:\\\/\\\/www.bellunopress.it\",\"https:\\\/\\\/x.com\\\/bellunopress\"],\"url\":\"https:\\\/\\\/www.bellunopress.it\\\/fr\\\/author\\\/redazione\\\/\"}]}<\/script>\n<!-- \/ Yoast SEO plugin. -->","yoast_head_json":{"title":"Rischio valanghe in montagna. Stato di preallarme. Il prefetto convoca l'Unit\u00e0 di coordinamento - Bellunopress - Dolomiti","robots":{"index":"index","follow":"follow","max-snippet":"max-snippet:-1","max-image-preview":"max-image-preview:large","max-video-preview":"max-video-preview:-1"},"canonical":"https:\/\/www.bellunopress.it\/fr\/2019\/02\/01\/rischio-valanghe-in-montagna-stato-di-preallarme-il-prefetto-convoca-lunita-di-coordinamento\/","og_locale":"fr_FR","og_type":"article","og_title":"Rischio valanghe in montagna. Stato di preallarme. Il prefetto convoca l'Unit\u00e0 di coordinamento - Bellunopress - Dolomiti","og_description":"Alla luce dell\u2019avviso di criticit\u00e0 per rischio valanghe diramato in data 31 gennaio 2019 dal Centro Funzionale Decentrato della Regione Veneto, con il quale viene dichiarato lo stato di preallarme per rischio valanghe su tutta la montagna bellunese a partire dalle ore 00.00 del 2 febbraio, il prefetto ha convocato per oggi alle ore 12, [&hellip;]","og_url":"https:\/\/www.bellunopress.it\/fr\/2019\/02\/01\/rischio-valanghe-in-montagna-stato-di-preallarme-il-prefetto-convoca-lunita-di-coordinamento\/","og_site_name":"Bellunopress - Dolomiti","article_publisher":"https:\/\/www.facebook.com\/profile.php?id=100008943462799","article_published_time":"2019-02-01T05:54:21+00:00","article_modified_time":"2019-02-01T06:44:30+00:00","og_image":[{"url":"http:\/\/www.bellunopress.it\/wp-content\/uploads\/2015\/08\/prefettura-riunione-viabilit\u00e0.jpg","type":"","width":"","height":""}],"author":"redazione","twitter_card":"summary_large_image","twitter_creator":"@bellunopress","twitter_site":"@bellunopress","twitter_misc":{"\u00c9crit par":"redazione","Dur\u00e9e de lecture estim\u00e9e":"3 minutes"},"schema":{"@context":"https:\/\/schema.org","@graph":[{"@type":"Article","@id":"https:\/\/www.bellunopress.it\/2019\/02\/01\/rischio-valanghe-in-montagna-stato-di-preallarme-il-prefetto-convoca-lunita-di-coordinamento\/#article","isPartOf":{"@id":"https:\/\/www.bellunopress.it\/2019\/02\/01\/rischio-valanghe-in-montagna-stato-di-preallarme-il-prefetto-convoca-lunita-di-coordinamento\/"},"author":{"name":"redazione","@id":"https:\/\/www.bellunopress.it\/#\/schema\/person\/79bb06722b37ece1c03d3e94beb30d73"},"headline":"Rischio valanghe in montagna. Stato di preallarme. Il prefetto convoca l&#8217;Unit\u00e0 di coordinamento","datePublished":"2019-02-01T05:54:21+00:00","dateModified":"2019-02-01T06:44:30+00:00","mainEntityOfPage":{"@id":"https:\/\/www.bellunopress.it\/2019\/02\/01\/rischio-valanghe-in-montagna-stato-di-preallarme-il-prefetto-convoca-lunita-di-coordinamento\/"},"wordCount":658,"publisher":{"@id":"https:\/\/www.bellunopress.it\/#organization"},"articleSection":["Meteo, natura, ambiente, animali","Prima Pagina","Societ\u00e0, Associazioni, Istituzioni"],"inLanguage":"fr-FR"},{"@type":"WebPage","@id":"https:\/\/www.bellunopress.it\/2019\/02\/01\/rischio-valanghe-in-montagna-stato-di-preallarme-il-prefetto-convoca-lunita-di-coordinamento\/","url":"https:\/\/www.bellunopress.it\/2019\/02\/01\/rischio-valanghe-in-montagna-stato-di-preallarme-il-prefetto-convoca-lunita-di-coordinamento\/","name":"Rischio valanghe in montagna. Stato di preallarme. Il prefetto convoca l'Unit\u00e0 di coordinamento - Bellunopress - Dolomiti","isPartOf":{"@id":"https:\/\/www.bellunopress.it\/#website"},"datePublished":"2019-02-01T05:54:21+00:00","dateModified":"2019-02-01T06:44:30+00:00","breadcrumb":{"@id":"https:\/\/www.bellunopress.it\/2019\/02\/01\/rischio-valanghe-in-montagna-stato-di-preallarme-il-prefetto-convoca-lunita-di-coordinamento\/#breadcrumb"},"inLanguage":"fr-FR","potentialAction":[{"@type":"ReadAction","target":["https:\/\/www.bellunopress.it\/2019\/02\/01\/rischio-valanghe-in-montagna-stato-di-preallarme-il-prefetto-convoca-lunita-di-coordinamento\/"]}]},{"@type":"BreadcrumbList","@id":"https:\/\/www.bellunopress.it\/2019\/02\/01\/rischio-valanghe-in-montagna-stato-di-preallarme-il-prefetto-convoca-lunita-di-coordinamento\/#breadcrumb","itemListElement":[{"@type":"ListItem","position":1,"name":"Home","item":"https:\/\/www.bellunopress.it\/"},{"@type":"ListItem","position":2,"name":"Rischio valanghe in montagna. Stato di preallarme. Il prefetto convoca l&#8217;Unit\u00e0 di coordinamento"}]},{"@type":"WebSite","@id":"https:\/\/www.bellunopress.it\/#website","url":"https:\/\/www.bellunopress.it\/","name":"Bellunopress - Dolomiti","description":"e-mail: redazione@bellunopress.it","publisher":{"@id":"https:\/\/www.bellunopress.it\/#organization"},"potentialAction":[{"@type":"SearchAction","target":{"@type":"EntryPoint","urlTemplate":"https:\/\/www.bellunopress.it\/?s={search_term_string}"},"query-input":{"@type":"PropertyValueSpecification","valueRequired":true,"valueName":"search_term_string"}}],"inLanguage":"fr-FR"},{"@type":"Organization","@id":"https:\/\/www.bellunopress.it\/#organization","name":"Bellunopress","url":"https:\/\/www.bellunopress.it\/","logo":{"@type":"ImageObject","inLanguage":"fr-FR","@id":"https:\/\/www.bellunopress.it\/#\/schema\/logo\/image\/","url":"https:\/\/www.bellunopress.it\/wp-content\/uploads\/2011\/05\/cropped-logo-bellunopress-.jpg","contentUrl":"https:\/\/www.bellunopress.it\/wp-content\/uploads\/2011\/05\/cropped-logo-bellunopress-.jpg","width":512,"height":512,"caption":"Bellunopress"},"image":{"@id":"https:\/\/www.bellunopress.it\/#\/schema\/logo\/image\/"},"sameAs":["https:\/\/www.facebook.com\/profile.php?id=100008943462799","https:\/\/x.com\/bellunopress","https:\/\/www.linkedin.com\/hp\/?dnr=JBzUWaJfMUw8vbXJJ2tVW5-I3jZKvC4wsoxE&amp;amp;amp;amp;amp;amp;trk=nav_responsive_tab_home","https:\/\/www.youtube.com\/channel\/UCxL0wu1uN0_3_7hGG0306cw"]},{"@type":"Person","@id":"https:\/\/www.bellunopress.it\/#\/schema\/person\/79bb06722b37ece1c03d3e94beb30d73","name":"r\u00e9daction","image":{"@type":"ImageObject","inLanguage":"fr-FR","@id":"https:\/\/secure.gravatar.com\/avatar\/37d968a2e67a6fd04c169c4bdef102d0bc5d31b2546345219e348575eb80e9a0?s=96&d=mm&r=g","url":"https:\/\/secure.gravatar.com\/avatar\/37d968a2e67a6fd04c169c4bdef102d0bc5d31b2546345219e348575eb80e9a0?s=96&d=mm&r=g","contentUrl":"https:\/\/secure.gravatar.com\/avatar\/37d968a2e67a6fd04c169c4bdef102d0bc5d31b2546345219e348575eb80e9a0?s=96&d=mm&r=g","caption":"redazione"},"sameAs":["http:\/\/www.bellunopress.it","https:\/\/x.com\/bellunopress"],"url":"https:\/\/www.bellunopress.it\/fr\/author\/redazione\/"}]}},"_links":{"self":[{"href":"https:\/\/www.bellunopress.it\/fr\/wp-json\/wp\/v2\/posts\/101613","targetHints":{"allow":["GET"]}}],"collection":[{"href":"https:\/\/www.bellunopress.it\/fr\/wp-json\/wp\/v2\/posts"}],"about":[{"href":"https:\/\/www.bellunopress.it\/fr\/wp-json\/wp\/v2\/types\/post"}],"author":[{"embeddable":true,"href":"https:\/\/www.bellunopress.it\/fr\/wp-json\/wp\/v2\/users\/2"}],"replies":[{"embeddable":true,"href":"https:\/\/www.bellunopress.it\/fr\/wp-json\/wp\/v2\/comments?post=101613"}],"version-history":[{"count":2,"href":"https:\/\/www.bellunopress.it\/fr\/wp-json\/wp\/v2\/posts\/101613\/revisions"}],"predecessor-version":[{"id":101617,"href":"https:\/\/www.bellunopress.it\/fr\/wp-json\/wp\/v2\/posts\/101613\/revisions\/101617"}],"wp:attachment":[{"href":"https:\/\/www.bellunopress.it\/fr\/wp-json\/wp\/v2\/media?parent=101613"}],"wp:term":[{"taxonomy":"category","embeddable":true,"href":"https:\/\/www.bellunopress.it\/fr\/wp-json\/wp\/v2\/categories?post=101613"},{"taxonomy":"post_tag","embeddable":true,"href":"https:\/\/www.bellunopress.it\/fr\/wp-json\/wp\/v2\/tags?post=101613"}],"curies":[{"name":"wp","href":"https:\/\/api.w.org\/{rel}","templated":true}]}}