{"id":101609,"date":"2019-01-31T16:08:14","date_gmt":"2019-01-31T15:08:14","guid":{"rendered":"http:\/\/www.bellunopress.it\/?p=101609"},"modified":"2019-01-31T16:08:14","modified_gmt":"2019-01-31T15:08:14","slug":"zaia-scende-in-campo-contro-la-stampa-estera-nella-difesa-del-prosecco-manca-solo-che-lo-accusino-di-mangiare-i-bambini","status":"publish","type":"post","link":"https:\/\/www.bellunopress.it\/fr\/2019\/01\/31\/zaia-scende-in-campo-contro-la-stampa-estera-nella-difesa-del-prosecco-manca-solo-che-lo-accusino-di-mangiare-i-bambini\/","title":{"rendered":"Zaia scende in campo contro la stampa estera nella difesa del prosecco: &#8220;Manca solo che lo accusino di mangiare i bambini&#8221;"},"content":{"rendered":"<figure id=\"attachment_80873\" aria-describedby=\"caption-attachment-80873\" style=\"width: 350px\" class=\"wp-caption alignleft\"><a href=\"http:\/\/www.bellunopress.it\/fr\/2016\/09\/22\/le-colline-del-prosecco-verso-il-riconoscimento-di-patrimonio-dellumanita-lunedi-a-venezia-la-firma-tra-28-comuni-della-marca\/colline-prosecco\/\" rel=\"attachment wp-att-80873\"><img loading=\"lazy\" decoding=\"async\" class=\"size-full wp-image-80873\" src=\"http:\/\/www.bellunopress.it\/wp-content\/uploads\/2016\/09\/colline-prosecco.jpg\" alt=\"\" width=\"350\" height=\"169\" \/><\/a><figcaption id=\"caption-attachment-80873\" class=\"wp-caption-text\">Colline del Prosecco<\/figcaption><\/figure>\n<p>Venezia, 31 gennaio 2019 \u00a0&#8211; \u00a0\u201cIl successo mondiale del prosecco suscita evidentemente cos\u00ec tanti malumori negli avversari internazionali al punto che il prodotto di punta dell\u2019enologia del Veneto (quarta regione esportatrice mondiale di vini) viene oramai accusato praticamente di tutto. Il prosecco provoca la carie e fa male ai denti. Il prosecco fa venire le alluvioni. Il prosecco \u2013 \u00e8 di due giorni fa \u2013 erode le storiche colline che noi vogliamo diventino patrimonio universale Unesco. Sono attacchi d\u2019invidia, barzellette che non fanno ridere\u201d.<\/p>\n<p>Lo dice il presidente della Regione del Veneto, Luca Zaia, commentando gli estemporanei attacchi al Prosecco che provengono da alcune testate della stampa anglosassone ed estera.<\/p>\n<p>\u201cIn attesa che la stampa internazionale accusi il Prosecco anche di mangiare i bambini \u2013 prosegue Zaia \u2013 ricordiamo a tutti questi soloni che il Veneto ha s\u00ec novemila frane, ma nessuna dove si coltivano i vigneti, bens\u00ec dove il terreno e i pendii sono abbandonati\u201d.<\/p>\n<p>\u201cCi\u00f2 perch\u00e9 \u2013 conclude il governatore \u2013 dove ci sono i vigneti, la cura della terra \u00e8 addirittura maniacale. Ricordiamo tra l\u2019altro che questi vigneti sono l\u00ec da centinaia di anni. Ci\u00f2 che ne evidenzia l\u2019unicit\u00e0\u201d.<\/p>","protected":false},"excerpt":{"rendered":"<p>Venezia, 31 gennaio 2019 \u00a0&#8211; \u00a0\u201cIl successo mondiale del prosecco suscita evidentemente cos\u00ec tanti malumori negli avversari internazionali al punto che il prodotto di punta dell\u2019enologia del Veneto (quarta regione esportatrice mondiale di vini) viene oramai accusato praticamente di tutto. Il prosecco provoca la carie e fa male ai denti. Il prosecco fa venire le [&hellip;]<\/p>\n","protected":false},"author":2,"featured_media":0,"comment_status":"closed","ping_status":"open","sticky":false,"template":"","format":"standard","meta":{"footnotes":""},"categories":[5,26],"tags":[],"class_list":["post-101609","post","type-post","status-publish","format-standard","category-cronaca","category-prima-pagina"],"yoast_head":"<!-- This site is optimized with the Yoast SEO plugin v28.4 - https:\/\/yoast.com\/product\/yoast-seo-wordpress\/ -->\n<title>Zaia scende in campo contro la stampa estera nella difesa del prosecco: &quot;Manca solo che lo accusino di mangiare i bambini&quot; - Bellunopress - Dolomiti<\/title>\n<meta name=\"robots\" content=\"index, follow, max-snippet:-1, max-image-preview:large, max-video-preview:-1\" \/>\n<link rel=\"canonical\" href=\"https:\/\/www.bellunopress.it\/fr\/2019\/01\/31\/zaia-scende-in-campo-contro-la-stampa-estera-nella-difesa-del-prosecco-manca-solo-che-lo-accusino-di-mangiare-i-bambini\/\" \/>\n<meta property=\"og:locale\" content=\"fr_FR\" \/>\n<meta property=\"og:type\" content=\"article\" \/>\n<meta property=\"og:title\" content=\"Zaia scende in campo contro la stampa estera nella difesa del prosecco: &quot;Manca solo che lo accusino di mangiare i bambini&quot; - Bellunopress - Dolomiti\" \/>\n<meta property=\"og:description\" content=\"Venezia, 31 gennaio 2019 \u00a0&#8211; \u00a0\u201cIl successo mondiale del prosecco suscita evidentemente cos\u00ec tanti malumori negli avversari internazionali al punto che il prodotto di punta dell\u2019enologia del Veneto (quarta regione esportatrice mondiale di vini) viene oramai accusato praticamente di tutto. Il prosecco provoca la carie e fa male ai denti. Il prosecco fa venire le [&hellip;]\" \/>\n<meta property=\"og:url\" content=\"https:\/\/www.bellunopress.it\/fr\/2019\/01\/31\/zaia-scende-in-campo-contro-la-stampa-estera-nella-difesa-del-prosecco-manca-solo-che-lo-accusino-di-mangiare-i-bambini\/\" \/>\n<meta property=\"og:site_name\" content=\"Bellunopress - Dolomiti\" \/>\n<meta property=\"article:publisher\" content=\"https:\/\/www.facebook.com\/profile.php?id=100008943462799\" \/>\n<meta property=\"article:published_time\" content=\"2019-01-31T15:08:14+00:00\" \/>\n<meta property=\"og:image\" content=\"http:\/\/www.bellunopress.it\/wp-content\/uploads\/2016\/09\/colline-prosecco.jpg\" \/>\n<meta name=\"author\" content=\"redazione\" \/>\n<meta name=\"twitter:card\" content=\"summary_large_image\" \/>\n<meta name=\"twitter:creator\" content=\"@bellunopress\" \/>\n<meta name=\"twitter:site\" content=\"@bellunopress\" \/>\n<meta name=\"twitter:label1\" content=\"\u00c9crit par\" \/>\n\t<meta name=\"twitter:data1\" content=\"redazione\" \/>\n\t<meta name=\"twitter:label2\" content=\"Dur\u00e9e de lecture estim\u00e9e\" \/>\n\t<meta name=\"twitter:data2\" content=\"1 minute\" \/>\n<script type=\"application\/ld+json\" class=\"yoast-schema-graph\">{\"@context\":\"https:\\\/\\\/schema.org\",\"@graph\":[{\"@type\":\"Article\",\"@id\":\"https:\\\/\\\/www.bellunopress.it\\\/2019\\\/01\\\/31\\\/zaia-scende-in-campo-contro-la-stampa-estera-nella-difesa-del-prosecco-manca-solo-che-lo-accusino-di-mangiare-i-bambini\\\/#article\",\"isPartOf\":{\"@id\":\"https:\\\/\\\/www.bellunopress.it\\\/2019\\\/01\\\/31\\\/zaia-scende-in-campo-contro-la-stampa-estera-nella-difesa-del-prosecco-manca-solo-che-lo-accusino-di-mangiare-i-bambini\\\/\"},\"author\":{\"name\":\"redazione\",\"@id\":\"https:\\\/\\\/www.bellunopress.it\\\/#\\\/schema\\\/person\\\/79bb06722b37ece1c03d3e94beb30d73\"},\"headline\":\"Zaia scende in campo contro la stampa estera nella difesa del prosecco: &#8220;Manca solo che lo accusino di mangiare i bambini&#8221;\",\"datePublished\":\"2019-01-31T15:08:14+00:00\",\"mainEntityOfPage\":{\"@id\":\"https:\\\/\\\/www.bellunopress.it\\\/2019\\\/01\\\/31\\\/zaia-scende-in-campo-contro-la-stampa-estera-nella-difesa-del-prosecco-manca-solo-che-lo-accusino-di-mangiare-i-bambini\\\/\"},\"wordCount\":217,\"publisher\":{\"@id\":\"https:\\\/\\\/www.bellunopress.it\\\/#organization\"},\"image\":{\"@id\":\"https:\\\/\\\/www.bellunopress.it\\\/2019\\\/01\\\/31\\\/zaia-scende-in-campo-contro-la-stampa-estera-nella-difesa-del-prosecco-manca-solo-che-lo-accusino-di-mangiare-i-bambini\\\/#primaryimage\"},\"thumbnailUrl\":\"http:\\\/\\\/www.bellunopress.it\\\/wp-content\\\/uploads\\\/2016\\\/09\\\/colline-prosecco.jpg\",\"articleSection\":[\"Cronaca\\\/Politica\",\"Prima Pagina\"],\"inLanguage\":\"fr-FR\"},{\"@type\":\"WebPage\",\"@id\":\"https:\\\/\\\/www.bellunopress.it\\\/2019\\\/01\\\/31\\\/zaia-scende-in-campo-contro-la-stampa-estera-nella-difesa-del-prosecco-manca-solo-che-lo-accusino-di-mangiare-i-bambini\\\/\",\"url\":\"https:\\\/\\\/www.bellunopress.it\\\/2019\\\/01\\\/31\\\/zaia-scende-in-campo-contro-la-stampa-estera-nella-difesa-del-prosecco-manca-solo-che-lo-accusino-di-mangiare-i-bambini\\\/\",\"name\":\"Zaia scende in campo contro la stampa estera nella difesa del prosecco: \\\"Manca solo che lo accusino di mangiare i bambini\\\" - Bellunopress - Dolomiti\",\"isPartOf\":{\"@id\":\"https:\\\/\\\/www.bellunopress.it\\\/#website\"},\"primaryImageOfPage\":{\"@id\":\"https:\\\/\\\/www.bellunopress.it\\\/2019\\\/01\\\/31\\\/zaia-scende-in-campo-contro-la-stampa-estera-nella-difesa-del-prosecco-manca-solo-che-lo-accusino-di-mangiare-i-bambini\\\/#primaryimage\"},\"image\":{\"@id\":\"https:\\\/\\\/www.bellunopress.it\\\/2019\\\/01\\\/31\\\/zaia-scende-in-campo-contro-la-stampa-estera-nella-difesa-del-prosecco-manca-solo-che-lo-accusino-di-mangiare-i-bambini\\\/#primaryimage\"},\"thumbnailUrl\":\"http:\\\/\\\/www.bellunopress.it\\\/wp-content\\\/uploads\\\/2016\\\/09\\\/colline-prosecco.jpg\",\"datePublished\":\"2019-01-31T15:08:14+00:00\",\"breadcrumb\":{\"@id\":\"https:\\\/\\\/www.bellunopress.it\\\/2019\\\/01\\\/31\\\/zaia-scende-in-campo-contro-la-stampa-estera-nella-difesa-del-prosecco-manca-solo-che-lo-accusino-di-mangiare-i-bambini\\\/#breadcrumb\"},\"inLanguage\":\"fr-FR\",\"potentialAction\":[{\"@type\":\"ReadAction\",\"target\":[\"https:\\\/\\\/www.bellunopress.it\\\/2019\\\/01\\\/31\\\/zaia-scende-in-campo-contro-la-stampa-estera-nella-difesa-del-prosecco-manca-solo-che-lo-accusino-di-mangiare-i-bambini\\\/\"]}]},{\"@type\":\"ImageObject\",\"inLanguage\":\"fr-FR\",\"@id\":\"https:\\\/\\\/www.bellunopress.it\\\/2019\\\/01\\\/31\\\/zaia-scende-in-campo-contro-la-stampa-estera-nella-difesa-del-prosecco-manca-solo-che-lo-accusino-di-mangiare-i-bambini\\\/#primaryimage\",\"url\":\"http:\\\/\\\/www.bellunopress.it\\\/wp-content\\\/uploads\\\/2016\\\/09\\\/colline-prosecco.jpg\",\"contentUrl\":\"http:\\\/\\\/www.bellunopress.it\\\/wp-content\\\/uploads\\\/2016\\\/09\\\/colline-prosecco.jpg\"},{\"@type\":\"BreadcrumbList\",\"@id\":\"https:\\\/\\\/www.bellunopress.it\\\/2019\\\/01\\\/31\\\/zaia-scende-in-campo-contro-la-stampa-estera-nella-difesa-del-prosecco-manca-solo-che-lo-accusino-di-mangiare-i-bambini\\\/#breadcrumb\",\"itemListElement\":[{\"@type\":\"ListItem\",\"position\":1,\"name\":\"Home\",\"item\":\"https:\\\/\\\/www.bellunopress.it\\\/\"},{\"@type\":\"ListItem\",\"position\":2,\"name\":\"Zaia scende in campo contro la stampa estera nella difesa del prosecco: &#8220;Manca solo che lo accusino di mangiare i bambini&#8221;\"}]},{\"@type\":\"WebSite\",\"@id\":\"https:\\\/\\\/www.bellunopress.it\\\/#website\",\"url\":\"https:\\\/\\\/www.bellunopress.it\\\/\",\"name\":\"Bellunopress - Dolomiti\",\"description\":\"e-mail: redazione@bellunopress.it\",\"publisher\":{\"@id\":\"https:\\\/\\\/www.bellunopress.it\\\/#organization\"},\"potentialAction\":[{\"@type\":\"SearchAction\",\"target\":{\"@type\":\"EntryPoint\",\"urlTemplate\":\"https:\\\/\\\/www.bellunopress.it\\\/?s={search_term_string}\"},\"query-input\":{\"@type\":\"PropertyValueSpecification\",\"valueRequired\":true,\"valueName\":\"search_term_string\"}}],\"inLanguage\":\"fr-FR\"},{\"@type\":\"Organization\",\"@id\":\"https:\\\/\\\/www.bellunopress.it\\\/#organization\",\"name\":\"Bellunopress\",\"url\":\"https:\\\/\\\/www.bellunopress.it\\\/\",\"logo\":{\"@type\":\"ImageObject\",\"inLanguage\":\"fr-FR\",\"@id\":\"https:\\\/\\\/www.bellunopress.it\\\/#\\\/schema\\\/logo\\\/image\\\/\",\"url\":\"https:\\\/\\\/www.bellunopress.it\\\/wp-content\\\/uploads\\\/2011\\\/05\\\/cropped-logo-bellunopress-.jpg\",\"contentUrl\":\"https:\\\/\\\/www.bellunopress.it\\\/wp-content\\\/uploads\\\/2011\\\/05\\\/cropped-logo-bellunopress-.jpg\",\"width\":512,\"height\":512,\"caption\":\"Bellunopress\"},\"image\":{\"@id\":\"https:\\\/\\\/www.bellunopress.it\\\/#\\\/schema\\\/logo\\\/image\\\/\"},\"sameAs\":[\"https:\\\/\\\/www.facebook.com\\\/profile.php?id=100008943462799\",\"https:\\\/\\\/x.com\\\/bellunopress\",\"https:\\\/\\\/www.linkedin.com\\\/hp\\\/?dnr=JBzUWaJfMUw8vbXJJ2tVW5-I3jZKvC4wsoxE&amp;amp;amp;amp;amp;amp;trk=nav_responsive_tab_home\",\"https:\\\/\\\/www.youtube.com\\\/channel\\\/UCxL0wu1uN0_3_7hGG0306cw\"]},{\"@type\":\"Person\",\"@id\":\"https:\\\/\\\/www.bellunopress.it\\\/#\\\/schema\\\/person\\\/79bb06722b37ece1c03d3e94beb30d73\",\"name\":\"redazione\",\"image\":{\"@type\":\"ImageObject\",\"inLanguage\":\"fr-FR\",\"@id\":\"https:\\\/\\\/secure.gravatar.com\\\/avatar\\\/37d968a2e67a6fd04c169c4bdef102d0bc5d31b2546345219e348575eb80e9a0?s=96&d=mm&r=g\",\"url\":\"https:\\\/\\\/secure.gravatar.com\\\/avatar\\\/37d968a2e67a6fd04c169c4bdef102d0bc5d31b2546345219e348575eb80e9a0?s=96&d=mm&r=g\",\"contentUrl\":\"https:\\\/\\\/secure.gravatar.com\\\/avatar\\\/37d968a2e67a6fd04c169c4bdef102d0bc5d31b2546345219e348575eb80e9a0?s=96&d=mm&r=g\",\"caption\":\"redazione\"},\"sameAs\":[\"http:\\\/\\\/www.bellunopress.it\",\"https:\\\/\\\/x.com\\\/bellunopress\"],\"url\":\"https:\\\/\\\/www.bellunopress.it\\\/fr\\\/author\\\/redazione\\\/\"}]}<\/script>\n<!-- \/ Yoast SEO plugin. -->","yoast_head_json":{"title":"Zaia scende in campo contro la stampa estera nella difesa del prosecco: \"Manca solo che lo accusino di mangiare i bambini\" - Bellunopress - Dolomiti","robots":{"index":"index","follow":"follow","max-snippet":"max-snippet:-1","max-image-preview":"max-image-preview:large","max-video-preview":"max-video-preview:-1"},"canonical":"https:\/\/www.bellunopress.it\/fr\/2019\/01\/31\/zaia-scende-in-campo-contro-la-stampa-estera-nella-difesa-del-prosecco-manca-solo-che-lo-accusino-di-mangiare-i-bambini\/","og_locale":"fr_FR","og_type":"article","og_title":"Zaia scende in campo contro la stampa estera nella difesa del prosecco: \"Manca solo che lo accusino di mangiare i bambini\" - Bellunopress - Dolomiti","og_description":"Venezia, 31 gennaio 2019 \u00a0&#8211; \u00a0\u201cIl successo mondiale del prosecco suscita evidentemente cos\u00ec tanti malumori negli avversari internazionali al punto che il prodotto di punta dell\u2019enologia del Veneto (quarta regione esportatrice mondiale di vini) viene oramai accusato praticamente di tutto. Il prosecco provoca la carie e fa male ai denti. Il prosecco fa venire le [&hellip;]","og_url":"https:\/\/www.bellunopress.it\/fr\/2019\/01\/31\/zaia-scende-in-campo-contro-la-stampa-estera-nella-difesa-del-prosecco-manca-solo-che-lo-accusino-di-mangiare-i-bambini\/","og_site_name":"Bellunopress - Dolomiti","article_publisher":"https:\/\/www.facebook.com\/profile.php?id=100008943462799","article_published_time":"2019-01-31T15:08:14+00:00","og_image":[{"url":"http:\/\/www.bellunopress.it\/wp-content\/uploads\/2016\/09\/colline-prosecco.jpg","type":"","width":"","height":""}],"author":"redazione","twitter_card":"summary_large_image","twitter_creator":"@bellunopress","twitter_site":"@bellunopress","twitter_misc":{"\u00c9crit par":"redazione","Dur\u00e9e de lecture estim\u00e9e":"1 minute"},"schema":{"@context":"https:\/\/schema.org","@graph":[{"@type":"Article","@id":"https:\/\/www.bellunopress.it\/2019\/01\/31\/zaia-scende-in-campo-contro-la-stampa-estera-nella-difesa-del-prosecco-manca-solo-che-lo-accusino-di-mangiare-i-bambini\/#article","isPartOf":{"@id":"https:\/\/www.bellunopress.it\/2019\/01\/31\/zaia-scende-in-campo-contro-la-stampa-estera-nella-difesa-del-prosecco-manca-solo-che-lo-accusino-di-mangiare-i-bambini\/"},"author":{"name":"redazione","@id":"https:\/\/www.bellunopress.it\/#\/schema\/person\/79bb06722b37ece1c03d3e94beb30d73"},"headline":"Zaia scende in campo contro la stampa estera nella difesa del prosecco: &#8220;Manca solo che lo accusino di mangiare i bambini&#8221;","datePublished":"2019-01-31T15:08:14+00:00","mainEntityOfPage":{"@id":"https:\/\/www.bellunopress.it\/2019\/01\/31\/zaia-scende-in-campo-contro-la-stampa-estera-nella-difesa-del-prosecco-manca-solo-che-lo-accusino-di-mangiare-i-bambini\/"},"wordCount":217,"publisher":{"@id":"https:\/\/www.bellunopress.it\/#organization"},"image":{"@id":"https:\/\/www.bellunopress.it\/2019\/01\/31\/zaia-scende-in-campo-contro-la-stampa-estera-nella-difesa-del-prosecco-manca-solo-che-lo-accusino-di-mangiare-i-bambini\/#primaryimage"},"thumbnailUrl":"http:\/\/www.bellunopress.it\/wp-content\/uploads\/2016\/09\/colline-prosecco.jpg","articleSection":["Cronaca\/Politica","Prima Pagina"],"inLanguage":"fr-FR"},{"@type":"WebPage","@id":"https:\/\/www.bellunopress.it\/2019\/01\/31\/zaia-scende-in-campo-contro-la-stampa-estera-nella-difesa-del-prosecco-manca-solo-che-lo-accusino-di-mangiare-i-bambini\/","url":"https:\/\/www.bellunopress.it\/2019\/01\/31\/zaia-scende-in-campo-contro-la-stampa-estera-nella-difesa-del-prosecco-manca-solo-che-lo-accusino-di-mangiare-i-bambini\/","name":"Zaia scende in campo contro la stampa estera nella difesa del prosecco: \"Manca solo che lo accusino di mangiare i bambini\" - Bellunopress - Dolomiti","isPartOf":{"@id":"https:\/\/www.bellunopress.it\/#website"},"primaryImageOfPage":{"@id":"https:\/\/www.bellunopress.it\/2019\/01\/31\/zaia-scende-in-campo-contro-la-stampa-estera-nella-difesa-del-prosecco-manca-solo-che-lo-accusino-di-mangiare-i-bambini\/#primaryimage"},"image":{"@id":"https:\/\/www.bellunopress.it\/2019\/01\/31\/zaia-scende-in-campo-contro-la-stampa-estera-nella-difesa-del-prosecco-manca-solo-che-lo-accusino-di-mangiare-i-bambini\/#primaryimage"},"thumbnailUrl":"http:\/\/www.bellunopress.it\/wp-content\/uploads\/2016\/09\/colline-prosecco.jpg","datePublished":"2019-01-31T15:08:14+00:00","breadcrumb":{"@id":"https:\/\/www.bellunopress.it\/2019\/01\/31\/zaia-scende-in-campo-contro-la-stampa-estera-nella-difesa-del-prosecco-manca-solo-che-lo-accusino-di-mangiare-i-bambini\/#breadcrumb"},"inLanguage":"fr-FR","potentialAction":[{"@type":"ReadAction","target":["https:\/\/www.bellunopress.it\/2019\/01\/31\/zaia-scende-in-campo-contro-la-stampa-estera-nella-difesa-del-prosecco-manca-solo-che-lo-accusino-di-mangiare-i-bambini\/"]}]},{"@type":"ImageObject","inLanguage":"fr-FR","@id":"https:\/\/www.bellunopress.it\/2019\/01\/31\/zaia-scende-in-campo-contro-la-stampa-estera-nella-difesa-del-prosecco-manca-solo-che-lo-accusino-di-mangiare-i-bambini\/#primaryimage","url":"http:\/\/www.bellunopress.it\/wp-content\/uploads\/2016\/09\/colline-prosecco.jpg","contentUrl":"http:\/\/www.bellunopress.it\/wp-content\/uploads\/2016\/09\/colline-prosecco.jpg"},{"@type":"BreadcrumbList","@id":"https:\/\/www.bellunopress.it\/2019\/01\/31\/zaia-scende-in-campo-contro-la-stampa-estera-nella-difesa-del-prosecco-manca-solo-che-lo-accusino-di-mangiare-i-bambini\/#breadcrumb","itemListElement":[{"@type":"ListItem","position":1,"name":"Home","item":"https:\/\/www.bellunopress.it\/"},{"@type":"ListItem","position":2,"name":"Zaia scende in campo contro la stampa estera nella difesa del prosecco: &#8220;Manca solo che lo accusino di mangiare i bambini&#8221;"}]},{"@type":"WebSite","@id":"https:\/\/www.bellunopress.it\/#website","url":"https:\/\/www.bellunopress.it\/","name":"Bellunopress - Dolomiti","description":"e-mail: redazione@bellunopress.it","publisher":{"@id":"https:\/\/www.bellunopress.it\/#organization"},"potentialAction":[{"@type":"SearchAction","target":{"@type":"EntryPoint","urlTemplate":"https:\/\/www.bellunopress.it\/?s={search_term_string}"},"query-input":{"@type":"PropertyValueSpecification","valueRequired":true,"valueName":"search_term_string"}}],"inLanguage":"fr-FR"},{"@type":"Organization","@id":"https:\/\/www.bellunopress.it\/#organization","name":"Bellunopress","url":"https:\/\/www.bellunopress.it\/","logo":{"@type":"ImageObject","inLanguage":"fr-FR","@id":"https:\/\/www.bellunopress.it\/#\/schema\/logo\/image\/","url":"https:\/\/www.bellunopress.it\/wp-content\/uploads\/2011\/05\/cropped-logo-bellunopress-.jpg","contentUrl":"https:\/\/www.bellunopress.it\/wp-content\/uploads\/2011\/05\/cropped-logo-bellunopress-.jpg","width":512,"height":512,"caption":"Bellunopress"},"image":{"@id":"https:\/\/www.bellunopress.it\/#\/schema\/logo\/image\/"},"sameAs":["https:\/\/www.facebook.com\/profile.php?id=100008943462799","https:\/\/x.com\/bellunopress","https:\/\/www.linkedin.com\/hp\/?dnr=JBzUWaJfMUw8vbXJJ2tVW5-I3jZKvC4wsoxE&amp;amp;amp;amp;amp;amp;trk=nav_responsive_tab_home","https:\/\/www.youtube.com\/channel\/UCxL0wu1uN0_3_7hGG0306cw"]},{"@type":"Person","@id":"https:\/\/www.bellunopress.it\/#\/schema\/person\/79bb06722b37ece1c03d3e94beb30d73","name":"r\u00e9daction","image":{"@type":"ImageObject","inLanguage":"fr-FR","@id":"https:\/\/secure.gravatar.com\/avatar\/37d968a2e67a6fd04c169c4bdef102d0bc5d31b2546345219e348575eb80e9a0?s=96&d=mm&r=g","url":"https:\/\/secure.gravatar.com\/avatar\/37d968a2e67a6fd04c169c4bdef102d0bc5d31b2546345219e348575eb80e9a0?s=96&d=mm&r=g","contentUrl":"https:\/\/secure.gravatar.com\/avatar\/37d968a2e67a6fd04c169c4bdef102d0bc5d31b2546345219e348575eb80e9a0?s=96&d=mm&r=g","caption":"redazione"},"sameAs":["http:\/\/www.bellunopress.it","https:\/\/x.com\/bellunopress"],"url":"https:\/\/www.bellunopress.it\/fr\/author\/redazione\/"}]}},"_links":{"self":[{"href":"https:\/\/www.bellunopress.it\/fr\/wp-json\/wp\/v2\/posts\/101609","targetHints":{"allow":["GET"]}}],"collection":[{"href":"https:\/\/www.bellunopress.it\/fr\/wp-json\/wp\/v2\/posts"}],"about":[{"href":"https:\/\/www.bellunopress.it\/fr\/wp-json\/wp\/v2\/types\/post"}],"author":[{"embeddable":true,"href":"https:\/\/www.bellunopress.it\/fr\/wp-json\/wp\/v2\/users\/2"}],"replies":[{"embeddable":true,"href":"https:\/\/www.bellunopress.it\/fr\/wp-json\/wp\/v2\/comments?post=101609"}],"version-history":[{"count":1,"href":"https:\/\/www.bellunopress.it\/fr\/wp-json\/wp\/v2\/posts\/101609\/revisions"}],"predecessor-version":[{"id":101610,"href":"https:\/\/www.bellunopress.it\/fr\/wp-json\/wp\/v2\/posts\/101609\/revisions\/101610"}],"wp:attachment":[{"href":"https:\/\/www.bellunopress.it\/fr\/wp-json\/wp\/v2\/media?parent=101609"}],"wp:term":[{"taxonomy":"category","embeddable":true,"href":"https:\/\/www.bellunopress.it\/fr\/wp-json\/wp\/v2\/categories?post=101609"},{"taxonomy":"post_tag","embeddable":true,"href":"https:\/\/www.bellunopress.it\/fr\/wp-json\/wp\/v2\/tags?post=101609"}],"curies":[{"name":"wp","href":"https:\/\/api.w.org\/{rel}","templated":true}]}}