{"id":101605,"date":"2019-01-31T13:14:11","date_gmt":"2019-01-31T12:14:11","guid":{"rendered":"http:\/\/www.bellunopress.it\/?p=101605"},"modified":"2019-01-31T13:14:11","modified_gmt":"2019-01-31T12:14:11","slug":"iscrizione-al-registro-delle-imprese-recapito-informatico-pec-attivo-e-univoco-il-ministero-dello-sviluppo-economico-ribadisce-lobbligo-di-iscrivere-lindirizzo-di-pec-nel-regi","status":"publish","type":"post","link":"https:\/\/www.bellunopress.it\/fr\/2019\/01\/31\/iscrizione-al-registro-delle-imprese-recapito-informatico-pec-attivo-e-univoco-il-ministero-dello-sviluppo-economico-ribadisce-lobbligo-di-iscrivere-lindirizzo-di-pec-nel-regi\/","title":{"rendered":"Iscrizione al registro delle imprese: recapito informatico Pec attivo e univoco.\u00a0Il Ministero dello sviluppo economico ribadisce l\u2019obbligo di iscrivere l\u2019indirizzo di pec nel Registro delle imprese"},"content":{"rendered":"<figure id=\"attachment_98121\" aria-describedby=\"caption-attachment-98121\" style=\"width: 232px\" class=\"wp-caption alignleft\"><a href=\"http:\/\/www.bellunopress.it\/fr\/2018\/09\/21\/unioncamere-veneto-pozza-confermato-alla-presidenza-fino-al-2021\/mario-pozza-2\/\" rel=\"attachment wp-att-98121\"><img loading=\"lazy\" decoding=\"async\" class=\"size-full wp-image-98121\" src=\"http:\/\/www.bellunopress.it\/wp-content\/uploads\/2018\/09\/Mario-Pozza.jpg\" alt=\"\" width=\"232\" height=\"300\" \/><\/a><figcaption id=\"caption-attachment-98121\" class=\"wp-caption-text\">Mario Pozza<\/figcaption><\/figure>\n<p>&#8220;Cari imprenditori vi invitiamo a fare attenzione al nuovo obbligo circa il recapito informatico Pec per l\u2019iscrizione al registro delle imprese, due fasi digitali indispensabili, per allacciare il rapporto informatico con la Pubblica Amministrazione e la comunicazione con le altre imprese e il consumatore, con considerevole risparmio di tempo e risorse. Se avete dubbi, se le fasi on line non sono ancora facili da gestire, vi invito a contattare i nostri uffici camerali del registro delle imprese che saranno lieti di aiutarvi per favorire una buona riuscita al vostro fare impresa&#8221;.<\/p>\n<p>Lo scrive in una nota \u00a0il presidente della Camera di Commercio di Treviso \u2013 Belluno Mario Pozza.<\/p>\n<p>Con la recente circolare n. 3712\/C del 17 gennaio 2019 il Ministero dello sviluppo economico ribadisce che la PEC ha la funzione di \u201crecapito informatico delle imprese\u201d ed ha carattere di ufficialit\u00e0 accompagnando l\u2019impresa, sia individuale che societaria, dal momento dell\u2019iscrizione nel Registro delle imprese e deve permanere valida e attiva anche nei dodici mesi successivi alla cancellazione dell\u2019impresa da tale registro per esigenze inerenti l\u2019eventuale notifica di atti.<\/p>\n<p>L\u2019iscrizione nel Registro delle imprese dell\u2019indirizzo di Posta elettronica certificata vale solo se risulta nella titolarit\u00e0 esclusiva dell\u2019impresa stessa.<\/p>\n<p>Prima di procedere all&#8217;iscrizione di un indirizzo di Posta elettronica certificata, l\u2019Ufficio camerale \u00e8 tenuto infatti a verificare che sia attivo: non deve quindi essere scaduto n\u00e9 revocato e univoco: uno stesso indirizzo non pu\u00f2 essere utilizzato come recapito informatico da parte di pi\u00f9 imprese.<\/p>\n<p>In caso contrario l\u2019impresa ha l\u2019obbligo di comunicare all&#8217;Ufficio del Registro delle imprese un nuovo indirizzo Pec dell\u2019impresa.<\/p>\n<p>Tale ultima indicazione \u00e8 stata peraltro evidenziata nelle recenti Ordinanze della Suprema Corte di Cassazione n. 16365\/2018 e n. 30532\/2018.<\/p>","protected":false},"excerpt":{"rendered":"<p>&#8220;Cari imprenditori vi invitiamo a fare attenzione al nuovo obbligo circa il recapito informatico Pec per l\u2019iscrizione al registro delle imprese, due fasi digitali indispensabili, per allacciare il rapporto informatico con la Pubblica Amministrazione e la comunicazione con le altre imprese e il consumatore, con considerevole risparmio di tempo e risorse. Se avete dubbi, se [&hellip;]<\/p>\n","protected":false},"author":2,"featured_media":0,"comment_status":"closed","ping_status":"open","sticky":false,"template":"","format":"standard","meta":{"footnotes":""},"categories":[36,26],"tags":[],"class_list":["post-101605","post","type-post","status-publish","format-standard","category-lavoro-economia","category-prima-pagina"],"yoast_head":"<!-- This site is optimized with the Yoast SEO plugin v28.4 - https:\/\/yoast.com\/product\/yoast-seo-wordpress\/ -->\n<title>Iscrizione al registro delle imprese: recapito informatico Pec attivo e univoco.\u00a0Il Ministero dello sviluppo economico ribadisce l\u2019obbligo di iscrivere l\u2019indirizzo di pec nel Registro delle imprese - Bellunopress - Dolomiti<\/title>\n<meta name=\"robots\" content=\"index, follow, max-snippet:-1, max-image-preview:large, max-video-preview:-1\" \/>\n<link rel=\"canonical\" href=\"https:\/\/www.bellunopress.it\/fr\/2019\/01\/31\/iscrizione-al-registro-delle-imprese-recapito-informatico-pec-attivo-e-univoco-il-ministero-dello-sviluppo-economico-ribadisce-lobbligo-di-iscrivere-lindirizzo-di-pec-nel-regi\/\" \/>\n<meta property=\"og:locale\" content=\"fr_FR\" \/>\n<meta property=\"og:type\" content=\"article\" \/>\n<meta property=\"og:title\" content=\"Iscrizione al registro delle imprese: recapito informatico Pec attivo e univoco.\u00a0Il Ministero dello sviluppo economico ribadisce l\u2019obbligo di iscrivere l\u2019indirizzo di pec nel Registro delle imprese - Bellunopress - Dolomiti\" \/>\n<meta property=\"og:description\" content=\"&#8220;Cari imprenditori vi invitiamo a fare attenzione al nuovo obbligo circa il recapito informatico Pec per l\u2019iscrizione al registro delle imprese, due fasi digitali indispensabili, per allacciare il rapporto informatico con la Pubblica Amministrazione e la comunicazione con le altre imprese e il consumatore, con considerevole risparmio di tempo e risorse. Se avete dubbi, se [&hellip;]\" \/>\n<meta property=\"og:url\" content=\"https:\/\/www.bellunopress.it\/fr\/2019\/01\/31\/iscrizione-al-registro-delle-imprese-recapito-informatico-pec-attivo-e-univoco-il-ministero-dello-sviluppo-economico-ribadisce-lobbligo-di-iscrivere-lindirizzo-di-pec-nel-regi\/\" \/>\n<meta property=\"og:site_name\" content=\"Bellunopress - Dolomiti\" \/>\n<meta property=\"article:publisher\" content=\"https:\/\/www.facebook.com\/profile.php?id=100008943462799\" \/>\n<meta property=\"article:published_time\" content=\"2019-01-31T12:14:11+00:00\" \/>\n<meta property=\"og:image\" content=\"http:\/\/www.bellunopress.it\/wp-content\/uploads\/2018\/09\/Mario-Pozza.jpg\" \/>\n<meta name=\"author\" content=\"redazione\" \/>\n<meta name=\"twitter:card\" content=\"summary_large_image\" \/>\n<meta name=\"twitter:creator\" content=\"@bellunopress\" \/>\n<meta name=\"twitter:site\" content=\"@bellunopress\" \/>\n<meta name=\"twitter:label1\" content=\"\u00c9crit par\" \/>\n\t<meta name=\"twitter:data1\" content=\"redazione\" \/>\n\t<meta name=\"twitter:label2\" content=\"Dur\u00e9e de lecture estim\u00e9e\" \/>\n\t<meta name=\"twitter:data2\" content=\"1 minute\" \/>\n<script type=\"application\/ld+json\" class=\"yoast-schema-graph\">{\"@context\":\"https:\\\/\\\/schema.org\",\"@graph\":[{\"@type\":\"Article\",\"@id\":\"https:\\\/\\\/www.bellunopress.it\\\/2019\\\/01\\\/31\\\/iscrizione-al-registro-delle-imprese-recapito-informatico-pec-attivo-e-univoco-il-ministero-dello-sviluppo-economico-ribadisce-lobbligo-di-iscrivere-lindirizzo-di-pec-nel-regi\\\/#article\",\"isPartOf\":{\"@id\":\"https:\\\/\\\/www.bellunopress.it\\\/2019\\\/01\\\/31\\\/iscrizione-al-registro-delle-imprese-recapito-informatico-pec-attivo-e-univoco-il-ministero-dello-sviluppo-economico-ribadisce-lobbligo-di-iscrivere-lindirizzo-di-pec-nel-regi\\\/\"},\"author\":{\"name\":\"redazione\",\"@id\":\"https:\\\/\\\/www.bellunopress.it\\\/#\\\/schema\\\/person\\\/79bb06722b37ece1c03d3e94beb30d73\"},\"headline\":\"Iscrizione al registro delle imprese: recapito informatico Pec attivo e univoco.\u00a0Il Ministero dello sviluppo economico ribadisce l\u2019obbligo di iscrivere l\u2019indirizzo di pec nel Registro delle imprese\",\"datePublished\":\"2019-01-31T12:14:11+00:00\",\"mainEntityOfPage\":{\"@id\":\"https:\\\/\\\/www.bellunopress.it\\\/2019\\\/01\\\/31\\\/iscrizione-al-registro-delle-imprese-recapito-informatico-pec-attivo-e-univoco-il-ministero-dello-sviluppo-economico-ribadisce-lobbligo-di-iscrivere-lindirizzo-di-pec-nel-regi\\\/\"},\"wordCount\":324,\"publisher\":{\"@id\":\"https:\\\/\\\/www.bellunopress.it\\\/#organization\"},\"image\":{\"@id\":\"https:\\\/\\\/www.bellunopress.it\\\/2019\\\/01\\\/31\\\/iscrizione-al-registro-delle-imprese-recapito-informatico-pec-attivo-e-univoco-il-ministero-dello-sviluppo-economico-ribadisce-lobbligo-di-iscrivere-lindirizzo-di-pec-nel-regi\\\/#primaryimage\"},\"thumbnailUrl\":\"http:\\\/\\\/www.bellunopress.it\\\/wp-content\\\/uploads\\\/2018\\\/09\\\/Mario-Pozza.jpg\",\"articleSection\":[\"Lavoro, Economia, Turismo\",\"Prima Pagina\"],\"inLanguage\":\"fr-FR\"},{\"@type\":\"WebPage\",\"@id\":\"https:\\\/\\\/www.bellunopress.it\\\/2019\\\/01\\\/31\\\/iscrizione-al-registro-delle-imprese-recapito-informatico-pec-attivo-e-univoco-il-ministero-dello-sviluppo-economico-ribadisce-lobbligo-di-iscrivere-lindirizzo-di-pec-nel-regi\\\/\",\"url\":\"https:\\\/\\\/www.bellunopress.it\\\/2019\\\/01\\\/31\\\/iscrizione-al-registro-delle-imprese-recapito-informatico-pec-attivo-e-univoco-il-ministero-dello-sviluppo-economico-ribadisce-lobbligo-di-iscrivere-lindirizzo-di-pec-nel-regi\\\/\",\"name\":\"Iscrizione al registro delle imprese: recapito informatico Pec attivo e univoco.\u00a0Il Ministero dello sviluppo economico ribadisce l\u2019obbligo di iscrivere l\u2019indirizzo di pec nel Registro delle imprese - Bellunopress - Dolomiti\",\"isPartOf\":{\"@id\":\"https:\\\/\\\/www.bellunopress.it\\\/#website\"},\"primaryImageOfPage\":{\"@id\":\"https:\\\/\\\/www.bellunopress.it\\\/2019\\\/01\\\/31\\\/iscrizione-al-registro-delle-imprese-recapito-informatico-pec-attivo-e-univoco-il-ministero-dello-sviluppo-economico-ribadisce-lobbligo-di-iscrivere-lindirizzo-di-pec-nel-regi\\\/#primaryimage\"},\"image\":{\"@id\":\"https:\\\/\\\/www.bellunopress.it\\\/2019\\\/01\\\/31\\\/iscrizione-al-registro-delle-imprese-recapito-informatico-pec-attivo-e-univoco-il-ministero-dello-sviluppo-economico-ribadisce-lobbligo-di-iscrivere-lindirizzo-di-pec-nel-regi\\\/#primaryimage\"},\"thumbnailUrl\":\"http:\\\/\\\/www.bellunopress.it\\\/wp-content\\\/uploads\\\/2018\\\/09\\\/Mario-Pozza.jpg\",\"datePublished\":\"2019-01-31T12:14:11+00:00\",\"breadcrumb\":{\"@id\":\"https:\\\/\\\/www.bellunopress.it\\\/2019\\\/01\\\/31\\\/iscrizione-al-registro-delle-imprese-recapito-informatico-pec-attivo-e-univoco-il-ministero-dello-sviluppo-economico-ribadisce-lobbligo-di-iscrivere-lindirizzo-di-pec-nel-regi\\\/#breadcrumb\"},\"inLanguage\":\"fr-FR\",\"potentialAction\":[{\"@type\":\"ReadAction\",\"target\":[\"https:\\\/\\\/www.bellunopress.it\\\/2019\\\/01\\\/31\\\/iscrizione-al-registro-delle-imprese-recapito-informatico-pec-attivo-e-univoco-il-ministero-dello-sviluppo-economico-ribadisce-lobbligo-di-iscrivere-lindirizzo-di-pec-nel-regi\\\/\"]}]},{\"@type\":\"ImageObject\",\"inLanguage\":\"fr-FR\",\"@id\":\"https:\\\/\\\/www.bellunopress.it\\\/2019\\\/01\\\/31\\\/iscrizione-al-registro-delle-imprese-recapito-informatico-pec-attivo-e-univoco-il-ministero-dello-sviluppo-economico-ribadisce-lobbligo-di-iscrivere-lindirizzo-di-pec-nel-regi\\\/#primaryimage\",\"url\":\"http:\\\/\\\/www.bellunopress.it\\\/wp-content\\\/uploads\\\/2018\\\/09\\\/Mario-Pozza.jpg\",\"contentUrl\":\"http:\\\/\\\/www.bellunopress.it\\\/wp-content\\\/uploads\\\/2018\\\/09\\\/Mario-Pozza.jpg\"},{\"@type\":\"BreadcrumbList\",\"@id\":\"https:\\\/\\\/www.bellunopress.it\\\/2019\\\/01\\\/31\\\/iscrizione-al-registro-delle-imprese-recapito-informatico-pec-attivo-e-univoco-il-ministero-dello-sviluppo-economico-ribadisce-lobbligo-di-iscrivere-lindirizzo-di-pec-nel-regi\\\/#breadcrumb\",\"itemListElement\":[{\"@type\":\"ListItem\",\"position\":1,\"name\":\"Home\",\"item\":\"https:\\\/\\\/www.bellunopress.it\\\/\"},{\"@type\":\"ListItem\",\"position\":2,\"name\":\"Iscrizione al registro delle imprese: recapito informatico Pec attivo e univoco.\u00a0Il Ministero dello sviluppo economico ribadisce l\u2019obbligo di iscrivere l\u2019indirizzo di pec nel Registro delle imprese\"}]},{\"@type\":\"WebSite\",\"@id\":\"https:\\\/\\\/www.bellunopress.it\\\/#website\",\"url\":\"https:\\\/\\\/www.bellunopress.it\\\/\",\"name\":\"Bellunopress - Dolomiti\",\"description\":\"e-mail: redazione@bellunopress.it\",\"publisher\":{\"@id\":\"https:\\\/\\\/www.bellunopress.it\\\/#organization\"},\"potentialAction\":[{\"@type\":\"SearchAction\",\"target\":{\"@type\":\"EntryPoint\",\"urlTemplate\":\"https:\\\/\\\/www.bellunopress.it\\\/?s={search_term_string}\"},\"query-input\":{\"@type\":\"PropertyValueSpecification\",\"valueRequired\":true,\"valueName\":\"search_term_string\"}}],\"inLanguage\":\"fr-FR\"},{\"@type\":\"Organization\",\"@id\":\"https:\\\/\\\/www.bellunopress.it\\\/#organization\",\"name\":\"Bellunopress\",\"url\":\"https:\\\/\\\/www.bellunopress.it\\\/\",\"logo\":{\"@type\":\"ImageObject\",\"inLanguage\":\"fr-FR\",\"@id\":\"https:\\\/\\\/www.bellunopress.it\\\/#\\\/schema\\\/logo\\\/image\\\/\",\"url\":\"https:\\\/\\\/www.bellunopress.it\\\/wp-content\\\/uploads\\\/2011\\\/05\\\/cropped-logo-bellunopress-.jpg\",\"contentUrl\":\"https:\\\/\\\/www.bellunopress.it\\\/wp-content\\\/uploads\\\/2011\\\/05\\\/cropped-logo-bellunopress-.jpg\",\"width\":512,\"height\":512,\"caption\":\"Bellunopress\"},\"image\":{\"@id\":\"https:\\\/\\\/www.bellunopress.it\\\/#\\\/schema\\\/logo\\\/image\\\/\"},\"sameAs\":[\"https:\\\/\\\/www.facebook.com\\\/profile.php?id=100008943462799\",\"https:\\\/\\\/x.com\\\/bellunopress\",\"https:\\\/\\\/www.linkedin.com\\\/hp\\\/?dnr=JBzUWaJfMUw8vbXJJ2tVW5-I3jZKvC4wsoxE&amp;amp;amp;amp;amp;amp;trk=nav_responsive_tab_home\",\"https:\\\/\\\/www.youtube.com\\\/channel\\\/UCxL0wu1uN0_3_7hGG0306cw\"]},{\"@type\":\"Person\",\"@id\":\"https:\\\/\\\/www.bellunopress.it\\\/#\\\/schema\\\/person\\\/79bb06722b37ece1c03d3e94beb30d73\",\"name\":\"redazione\",\"image\":{\"@type\":\"ImageObject\",\"inLanguage\":\"fr-FR\",\"@id\":\"https:\\\/\\\/secure.gravatar.com\\\/avatar\\\/37d968a2e67a6fd04c169c4bdef102d0bc5d31b2546345219e348575eb80e9a0?s=96&d=mm&r=g\",\"url\":\"https:\\\/\\\/secure.gravatar.com\\\/avatar\\\/37d968a2e67a6fd04c169c4bdef102d0bc5d31b2546345219e348575eb80e9a0?s=96&d=mm&r=g\",\"contentUrl\":\"https:\\\/\\\/secure.gravatar.com\\\/avatar\\\/37d968a2e67a6fd04c169c4bdef102d0bc5d31b2546345219e348575eb80e9a0?s=96&d=mm&r=g\",\"caption\":\"redazione\"},\"sameAs\":[\"http:\\\/\\\/www.bellunopress.it\",\"https:\\\/\\\/x.com\\\/bellunopress\"],\"url\":\"https:\\\/\\\/www.bellunopress.it\\\/fr\\\/author\\\/redazione\\\/\"}]}<\/script>\n<!-- \/ Yoast SEO plugin. -->","yoast_head_json":{"title":"Iscrizione al registro delle imprese: recapito informatico Pec attivo e univoco.\u00a0Il Ministero dello sviluppo economico ribadisce l\u2019obbligo di iscrivere l\u2019indirizzo di pec nel Registro delle imprese - Bellunopress - Dolomiti","robots":{"index":"index","follow":"follow","max-snippet":"max-snippet:-1","max-image-preview":"max-image-preview:large","max-video-preview":"max-video-preview:-1"},"canonical":"https:\/\/www.bellunopress.it\/fr\/2019\/01\/31\/iscrizione-al-registro-delle-imprese-recapito-informatico-pec-attivo-e-univoco-il-ministero-dello-sviluppo-economico-ribadisce-lobbligo-di-iscrivere-lindirizzo-di-pec-nel-regi\/","og_locale":"fr_FR","og_type":"article","og_title":"Iscrizione al registro delle imprese: recapito informatico Pec attivo e univoco.\u00a0Il Ministero dello sviluppo economico ribadisce l\u2019obbligo di iscrivere l\u2019indirizzo di pec nel Registro delle imprese - Bellunopress - Dolomiti","og_description":"&#8220;Cari imprenditori vi invitiamo a fare attenzione al nuovo obbligo circa il recapito informatico Pec per l\u2019iscrizione al registro delle imprese, due fasi digitali indispensabili, per allacciare il rapporto informatico con la Pubblica Amministrazione e la comunicazione con le altre imprese e il consumatore, con considerevole risparmio di tempo e risorse. Se avete dubbi, se [&hellip;]","og_url":"https:\/\/www.bellunopress.it\/fr\/2019\/01\/31\/iscrizione-al-registro-delle-imprese-recapito-informatico-pec-attivo-e-univoco-il-ministero-dello-sviluppo-economico-ribadisce-lobbligo-di-iscrivere-lindirizzo-di-pec-nel-regi\/","og_site_name":"Bellunopress - Dolomiti","article_publisher":"https:\/\/www.facebook.com\/profile.php?id=100008943462799","article_published_time":"2019-01-31T12:14:11+00:00","og_image":[{"url":"http:\/\/www.bellunopress.it\/wp-content\/uploads\/2018\/09\/Mario-Pozza.jpg","type":"","width":"","height":""}],"author":"redazione","twitter_card":"summary_large_image","twitter_creator":"@bellunopress","twitter_site":"@bellunopress","twitter_misc":{"\u00c9crit par":"redazione","Dur\u00e9e de lecture estim\u00e9e":"1 minute"},"schema":{"@context":"https:\/\/schema.org","@graph":[{"@type":"Article","@id":"https:\/\/www.bellunopress.it\/2019\/01\/31\/iscrizione-al-registro-delle-imprese-recapito-informatico-pec-attivo-e-univoco-il-ministero-dello-sviluppo-economico-ribadisce-lobbligo-di-iscrivere-lindirizzo-di-pec-nel-regi\/#article","isPartOf":{"@id":"https:\/\/www.bellunopress.it\/2019\/01\/31\/iscrizione-al-registro-delle-imprese-recapito-informatico-pec-attivo-e-univoco-il-ministero-dello-sviluppo-economico-ribadisce-lobbligo-di-iscrivere-lindirizzo-di-pec-nel-regi\/"},"author":{"name":"redazione","@id":"https:\/\/www.bellunopress.it\/#\/schema\/person\/79bb06722b37ece1c03d3e94beb30d73"},"headline":"Iscrizione al registro delle imprese: recapito informatico Pec attivo e univoco.\u00a0Il Ministero dello sviluppo economico ribadisce l\u2019obbligo di iscrivere l\u2019indirizzo di pec nel Registro delle imprese","datePublished":"2019-01-31T12:14:11+00:00","mainEntityOfPage":{"@id":"https:\/\/www.bellunopress.it\/2019\/01\/31\/iscrizione-al-registro-delle-imprese-recapito-informatico-pec-attivo-e-univoco-il-ministero-dello-sviluppo-economico-ribadisce-lobbligo-di-iscrivere-lindirizzo-di-pec-nel-regi\/"},"wordCount":324,"publisher":{"@id":"https:\/\/www.bellunopress.it\/#organization"},"image":{"@id":"https:\/\/www.bellunopress.it\/2019\/01\/31\/iscrizione-al-registro-delle-imprese-recapito-informatico-pec-attivo-e-univoco-il-ministero-dello-sviluppo-economico-ribadisce-lobbligo-di-iscrivere-lindirizzo-di-pec-nel-regi\/#primaryimage"},"thumbnailUrl":"http:\/\/www.bellunopress.it\/wp-content\/uploads\/2018\/09\/Mario-Pozza.jpg","articleSection":["Lavoro, Economia, Turismo","Prima Pagina"],"inLanguage":"fr-FR"},{"@type":"WebPage","@id":"https:\/\/www.bellunopress.it\/2019\/01\/31\/iscrizione-al-registro-delle-imprese-recapito-informatico-pec-attivo-e-univoco-il-ministero-dello-sviluppo-economico-ribadisce-lobbligo-di-iscrivere-lindirizzo-di-pec-nel-regi\/","url":"https:\/\/www.bellunopress.it\/2019\/01\/31\/iscrizione-al-registro-delle-imprese-recapito-informatico-pec-attivo-e-univoco-il-ministero-dello-sviluppo-economico-ribadisce-lobbligo-di-iscrivere-lindirizzo-di-pec-nel-regi\/","name":"Iscrizione al registro delle imprese: recapito informatico Pec attivo e univoco.\u00a0Il Ministero dello sviluppo economico ribadisce l\u2019obbligo di iscrivere l\u2019indirizzo di pec nel Registro delle imprese - Bellunopress - Dolomiti","isPartOf":{"@id":"https:\/\/www.bellunopress.it\/#website"},"primaryImageOfPage":{"@id":"https:\/\/www.bellunopress.it\/2019\/01\/31\/iscrizione-al-registro-delle-imprese-recapito-informatico-pec-attivo-e-univoco-il-ministero-dello-sviluppo-economico-ribadisce-lobbligo-di-iscrivere-lindirizzo-di-pec-nel-regi\/#primaryimage"},"image":{"@id":"https:\/\/www.bellunopress.it\/2019\/01\/31\/iscrizione-al-registro-delle-imprese-recapito-informatico-pec-attivo-e-univoco-il-ministero-dello-sviluppo-economico-ribadisce-lobbligo-di-iscrivere-lindirizzo-di-pec-nel-regi\/#primaryimage"},"thumbnailUrl":"http:\/\/www.bellunopress.it\/wp-content\/uploads\/2018\/09\/Mario-Pozza.jpg","datePublished":"2019-01-31T12:14:11+00:00","breadcrumb":{"@id":"https:\/\/www.bellunopress.it\/2019\/01\/31\/iscrizione-al-registro-delle-imprese-recapito-informatico-pec-attivo-e-univoco-il-ministero-dello-sviluppo-economico-ribadisce-lobbligo-di-iscrivere-lindirizzo-di-pec-nel-regi\/#breadcrumb"},"inLanguage":"fr-FR","potentialAction":[{"@type":"ReadAction","target":["https:\/\/www.bellunopress.it\/2019\/01\/31\/iscrizione-al-registro-delle-imprese-recapito-informatico-pec-attivo-e-univoco-il-ministero-dello-sviluppo-economico-ribadisce-lobbligo-di-iscrivere-lindirizzo-di-pec-nel-regi\/"]}]},{"@type":"ImageObject","inLanguage":"fr-FR","@id":"https:\/\/www.bellunopress.it\/2019\/01\/31\/iscrizione-al-registro-delle-imprese-recapito-informatico-pec-attivo-e-univoco-il-ministero-dello-sviluppo-economico-ribadisce-lobbligo-di-iscrivere-lindirizzo-di-pec-nel-regi\/#primaryimage","url":"http:\/\/www.bellunopress.it\/wp-content\/uploads\/2018\/09\/Mario-Pozza.jpg","contentUrl":"http:\/\/www.bellunopress.it\/wp-content\/uploads\/2018\/09\/Mario-Pozza.jpg"},{"@type":"BreadcrumbList","@id":"https:\/\/www.bellunopress.it\/2019\/01\/31\/iscrizione-al-registro-delle-imprese-recapito-informatico-pec-attivo-e-univoco-il-ministero-dello-sviluppo-economico-ribadisce-lobbligo-di-iscrivere-lindirizzo-di-pec-nel-regi\/#breadcrumb","itemListElement":[{"@type":"ListItem","position":1,"name":"Home","item":"https:\/\/www.bellunopress.it\/"},{"@type":"ListItem","position":2,"name":"Iscrizione al registro delle imprese: recapito informatico Pec attivo e univoco.\u00a0Il Ministero dello sviluppo economico ribadisce l\u2019obbligo di iscrivere l\u2019indirizzo di pec nel Registro delle imprese"}]},{"@type":"WebSite","@id":"https:\/\/www.bellunopress.it\/#website","url":"https:\/\/www.bellunopress.it\/","name":"Bellunopress - Dolomiti","description":"e-mail: redazione@bellunopress.it","publisher":{"@id":"https:\/\/www.bellunopress.it\/#organization"},"potentialAction":[{"@type":"SearchAction","target":{"@type":"EntryPoint","urlTemplate":"https:\/\/www.bellunopress.it\/?s={search_term_string}"},"query-input":{"@type":"PropertyValueSpecification","valueRequired":true,"valueName":"search_term_string"}}],"inLanguage":"fr-FR"},{"@type":"Organization","@id":"https:\/\/www.bellunopress.it\/#organization","name":"Bellunopress","url":"https:\/\/www.bellunopress.it\/","logo":{"@type":"ImageObject","inLanguage":"fr-FR","@id":"https:\/\/www.bellunopress.it\/#\/schema\/logo\/image\/","url":"https:\/\/www.bellunopress.it\/wp-content\/uploads\/2011\/05\/cropped-logo-bellunopress-.jpg","contentUrl":"https:\/\/www.bellunopress.it\/wp-content\/uploads\/2011\/05\/cropped-logo-bellunopress-.jpg","width":512,"height":512,"caption":"Bellunopress"},"image":{"@id":"https:\/\/www.bellunopress.it\/#\/schema\/logo\/image\/"},"sameAs":["https:\/\/www.facebook.com\/profile.php?id=100008943462799","https:\/\/x.com\/bellunopress","https:\/\/www.linkedin.com\/hp\/?dnr=JBzUWaJfMUw8vbXJJ2tVW5-I3jZKvC4wsoxE&amp;amp;amp;amp;amp;amp;trk=nav_responsive_tab_home","https:\/\/www.youtube.com\/channel\/UCxL0wu1uN0_3_7hGG0306cw"]},{"@type":"Person","@id":"https:\/\/www.bellunopress.it\/#\/schema\/person\/79bb06722b37ece1c03d3e94beb30d73","name":"r\u00e9daction","image":{"@type":"ImageObject","inLanguage":"fr-FR","@id":"https:\/\/secure.gravatar.com\/avatar\/37d968a2e67a6fd04c169c4bdef102d0bc5d31b2546345219e348575eb80e9a0?s=96&d=mm&r=g","url":"https:\/\/secure.gravatar.com\/avatar\/37d968a2e67a6fd04c169c4bdef102d0bc5d31b2546345219e348575eb80e9a0?s=96&d=mm&r=g","contentUrl":"https:\/\/secure.gravatar.com\/avatar\/37d968a2e67a6fd04c169c4bdef102d0bc5d31b2546345219e348575eb80e9a0?s=96&d=mm&r=g","caption":"redazione"},"sameAs":["http:\/\/www.bellunopress.it","https:\/\/x.com\/bellunopress"],"url":"https:\/\/www.bellunopress.it\/fr\/author\/redazione\/"}]}},"_links":{"self":[{"href":"https:\/\/www.bellunopress.it\/fr\/wp-json\/wp\/v2\/posts\/101605","targetHints":{"allow":["GET"]}}],"collection":[{"href":"https:\/\/www.bellunopress.it\/fr\/wp-json\/wp\/v2\/posts"}],"about":[{"href":"https:\/\/www.bellunopress.it\/fr\/wp-json\/wp\/v2\/types\/post"}],"author":[{"embeddable":true,"href":"https:\/\/www.bellunopress.it\/fr\/wp-json\/wp\/v2\/users\/2"}],"replies":[{"embeddable":true,"href":"https:\/\/www.bellunopress.it\/fr\/wp-json\/wp\/v2\/comments?post=101605"}],"version-history":[{"count":1,"href":"https:\/\/www.bellunopress.it\/fr\/wp-json\/wp\/v2\/posts\/101605\/revisions"}],"predecessor-version":[{"id":101606,"href":"https:\/\/www.bellunopress.it\/fr\/wp-json\/wp\/v2\/posts\/101605\/revisions\/101606"}],"wp:attachment":[{"href":"https:\/\/www.bellunopress.it\/fr\/wp-json\/wp\/v2\/media?parent=101605"}],"wp:term":[{"taxonomy":"category","embeddable":true,"href":"https:\/\/www.bellunopress.it\/fr\/wp-json\/wp\/v2\/categories?post=101605"},{"taxonomy":"post_tag","embeddable":true,"href":"https:\/\/www.bellunopress.it\/fr\/wp-json\/wp\/v2\/tags?post=101605"}],"curies":[{"name":"wp","href":"https:\/\/api.w.org\/{rel}","templated":true}]}}