{"id":101603,"date":"2019-01-31T18:50:34","date_gmt":"2019-01-31T17:50:34","guid":{"rendered":"http:\/\/www.bellunopress.it\/?p=101603"},"modified":"2019-01-31T12:23:10","modified_gmt":"2019-01-31T11:23:10","slug":"riprende-caffe-alzheimer-tutti-gli-appuntamenti-del-2019","status":"publish","type":"post","link":"https:\/\/www.bellunopress.it\/fr\/2019\/01\/31\/riprende-caffe-alzheimer-tutti-gli-appuntamenti-del-2019\/","title":{"rendered":"Riprende Caff\u00e8 Alzheimer.\u00a0Tutti gli appuntamenti del 2019"},"content":{"rendered":"<p>Torna al Centro Servizi per Anziani di Belluno &#8220;Residenza Maria Gaggia Lante&#8221;, dopo l&#8217;esperienza dello scorso anno, il ciclo di incontri sul tema della demenza del Caff\u00e8 Alzheimer, proposto da Ser.S.A, .<\/p>\n<figure id=\"attachment_1403\" aria-describedby=\"caption-attachment-1403\" style=\"width: 240px\" class=\"wp-caption alignleft\"><a href=\"http:\/\/www.bellunopress.it\/fr\/2011\/07\/29\/uno-non-basta-la-giunta-prade-vuole-con-urgenza-un-secondo-direttore-alla-ser-sa-jacopo-massaro-%e2%80%9c-e-davvero-vergognoso-che-la-giunta-prade-utilizzi-una-societa-compartecipata-per-risolv\/casa-di-riposo-maria-gaggia-lante-belluno-240x180\/\" rel=\"attachment wp-att-1403\"><img loading=\"lazy\" decoding=\"async\" class=\"size-full wp-image-1403\" src=\"http:\/\/www.bellunopress.it\/wp-content\/uploads\/2009\/03\/casa-di-riposo-maria-gaggia-lante-belluno-240x180.jpg\" alt=\"\" width=\"240\" height=\"180\" \/><\/a><figcaption id=\"caption-attachment-1403\" class=\"wp-caption-text\">Casa di Riposo &#8220;Maria Gaggia Lante&#8221; Belluno<\/figcaption><\/figure>\n<p>\u00abI Caff\u00e8 Alzheimer \u2013 spiega l&#8217;amministratore unico di Ser.S.A., Paolo Santesso &#8211; nascono da un&#8217;idea dello psicologo olandese Bere Miesen: sono anzitutto un luogo accogliente dove i partecipanti possono esprimersi con libert\u00e0 ed essere ascoltati da figure esperte, in un&#8217;atmosfera informale. Si offrono informazioni sulla malattia, sui servizi disponibili e su come prendersi cura della persona affetta da demenza\u00bb.<\/p>\n<p>\u00abQuesta iniziativa \u2013 prosegue Santesso &#8211; rientra tra quelle proposte da Ser.S.A. all&#8217;interno del Progetto Alzheimer, con l\u2019obiettivo di favorire il benessere a domicilio della persona con demenza e dei suoi familiari; per favorire la partecipazione, viene garantito anche un servizio di intrattenimento e di custodia per gli anziani\u00bb.<br \/>\nCome per l&#8217;edizione 2018, \u201cChicchi di memoria\u201d &#8211; questo il nome del Caff\u00e8 Alzheimer proposto a Belluno, si svolger\u00e0 ogni ultimo mercoled\u00ec del mese (luglio e agosto esclusi), dalle ore 16.00 alle ore 17.30: nella giornata di ieri, mercoled\u00ec 30 gennaio, il primo appuntamento che ha visto il dottor Massimiliano Mosca, direttore della Unit\u00e0 Operativa di medicina di Agordo, spiegare ai presenti come imparare a riconoscere i primi campanelli d\u2019allarme della malattia.<\/p>\n<p>Questo il calendario dei prossimi otto incontri di Chicchi di memoria 2019:<br \/>\n27 febbraio: Un caff\u00e8 con&#8230; l&#8217;Equipe Progetto Alzheimer. Cosa prova la persona con demenza?<br \/>\nScopriamolo attraverso un laboratorio esperienziale<br \/>\n27 marzo: Un caff\u00e8 con&#8230; Maria Aric\u00f2, psicologa. Oltre le parole: la comunicazione possibile<br \/>\n24 aprile: Un caff\u00e8 con&#8230; Letizia Collazuol e Marco Sitta, infermieri. Riconoscere e gestire il dolore nell&#8217;anziano<br \/>\n29 maggio: Un caff\u00e8 con&#8230; Cristina Balest, educatrice. Trovare le parole giuste per parlare di demenza ai nostri bambini<br \/>\n26 giugno: Un caff\u00e8 con&#8230; Stefano Mazzucco, fisioterapista. La stimolazione motoria per le persone con demenza<br \/>\n25 settembre: Un caff\u00e8 con&#8230; Gianpaolo Ben, geriatra. Belluno citt\u00e0 amica della demenza: quali azioni possibili?<br \/>\n30 ottobre: Un caff\u00e8 con&#8230; Andrea Salvatori e Michela Da Rold, logopedista e dietista. Anziani e idratazione: un rapporto complesso<br \/>\n27 novembre: Un caff\u00e8 con&#8230; le Forze dell&#8217;Ordine. Come proteggere e tutelare l&#8217;anziano fragile?<\/p>\n<p>Tutti gli incontri saranno moderati dalla dottoressa Maria Aric\u00f2, psicologa del Progetto Alzheimer. Per motivi organizzativi, chi volesse prendere parte ai prossimi incontri \u00e8 pregato di prenotarsi per mail a progetto.alzheimer@sersa.it o via telefono al numero 800 001 670.<\/p>","protected":false},"excerpt":{"rendered":"<p>Torna al Centro Servizi per Anziani di Belluno &#8220;Residenza Maria Gaggia Lante&#8221;, dopo l&#8217;esperienza dello scorso anno, il ciclo di incontri sul tema della demenza del Caff\u00e8 Alzheimer, proposto da Ser.S.A, . \u00abI Caff\u00e8 Alzheimer \u2013 spiega l&#8217;amministratore unico di Ser.S.A., Paolo Santesso &#8211; nascono da un&#8217;idea dello psicologo olandese Bere Miesen: sono anzitutto un [&hellip;]<\/p>\n","protected":false},"author":2,"featured_media":0,"comment_status":"closed","ping_status":"open","sticky":false,"template":"","format":"standard","meta":{"footnotes":""},"categories":[27,25,8],"tags":[],"class_list":["post-101603","post","type-post","status-publish","format-standard","category-appuntamenti","category-pausa-caffe","category-societa-istituzioni"],"yoast_head":"<!-- This site is optimized with the Yoast SEO plugin v28.4 - https:\/\/yoast.com\/product\/yoast-seo-wordpress\/ -->\n<title>Riprende Caff\u00e8 Alzheimer.\u00a0Tutti gli appuntamenti del 2019 - Bellunopress - Dolomiti<\/title>\n<meta name=\"robots\" content=\"index, follow, max-snippet:-1, max-image-preview:large, max-video-preview:-1\" \/>\n<link rel=\"canonical\" href=\"https:\/\/www.bellunopress.it\/fr\/2019\/01\/31\/riprende-caffe-alzheimer-tutti-gli-appuntamenti-del-2019\/\" \/>\n<meta property=\"og:locale\" content=\"fr_FR\" \/>\n<meta property=\"og:type\" content=\"article\" \/>\n<meta property=\"og:title\" content=\"Riprende Caff\u00e8 Alzheimer.\u00a0Tutti gli appuntamenti del 2019 - Bellunopress - Dolomiti\" \/>\n<meta property=\"og:description\" content=\"Torna al Centro Servizi per Anziani di Belluno &#8220;Residenza Maria Gaggia Lante&#8221;, dopo l&#8217;esperienza dello scorso anno, il ciclo di incontri sul tema della demenza del Caff\u00e8 Alzheimer, proposto da Ser.S.A, . \u00abI Caff\u00e8 Alzheimer \u2013 spiega l&#8217;amministratore unico di Ser.S.A., Paolo Santesso &#8211; nascono da un&#8217;idea dello psicologo olandese Bere Miesen: sono anzitutto un [&hellip;]\" \/>\n<meta property=\"og:url\" content=\"https:\/\/www.bellunopress.it\/fr\/2019\/01\/31\/riprende-caffe-alzheimer-tutti-gli-appuntamenti-del-2019\/\" \/>\n<meta property=\"og:site_name\" content=\"Bellunopress - Dolomiti\" \/>\n<meta property=\"article:publisher\" content=\"https:\/\/www.facebook.com\/profile.php?id=100008943462799\" \/>\n<meta property=\"article:published_time\" content=\"2019-01-31T17:50:34+00:00\" \/>\n<meta property=\"og:image\" content=\"http:\/\/www.bellunopress.it\/wp-content\/uploads\/2009\/03\/casa-di-riposo-maria-gaggia-lante-belluno-240x180.jpg\" \/>\n<meta name=\"author\" content=\"redazione\" \/>\n<meta name=\"twitter:card\" content=\"summary_large_image\" \/>\n<meta name=\"twitter:creator\" content=\"@bellunopress\" \/>\n<meta name=\"twitter:site\" content=\"@bellunopress\" \/>\n<meta name=\"twitter:label1\" content=\"\u00c9crit par\" \/>\n\t<meta name=\"twitter:data1\" content=\"redazione\" \/>\n\t<meta name=\"twitter:label2\" content=\"Dur\u00e9e de lecture estim\u00e9e\" \/>\n\t<meta name=\"twitter:data2\" content=\"2 minutes\" \/>\n<script type=\"application\/ld+json\" class=\"yoast-schema-graph\">{\"@context\":\"https:\\\/\\\/schema.org\",\"@graph\":[{\"@type\":\"Article\",\"@id\":\"https:\\\/\\\/www.bellunopress.it\\\/2019\\\/01\\\/31\\\/riprende-caffe-alzheimer-tutti-gli-appuntamenti-del-2019\\\/#article\",\"isPartOf\":{\"@id\":\"https:\\\/\\\/www.bellunopress.it\\\/2019\\\/01\\\/31\\\/riprende-caffe-alzheimer-tutti-gli-appuntamenti-del-2019\\\/\"},\"author\":{\"name\":\"redazione\",\"@id\":\"https:\\\/\\\/www.bellunopress.it\\\/#\\\/schema\\\/person\\\/79bb06722b37ece1c03d3e94beb30d73\"},\"headline\":\"Riprende Caff\u00e8 Alzheimer.\u00a0Tutti gli appuntamenti del 2019\",\"datePublished\":\"2019-01-31T17:50:34+00:00\",\"mainEntityOfPage\":{\"@id\":\"https:\\\/\\\/www.bellunopress.it\\\/2019\\\/01\\\/31\\\/riprende-caffe-alzheimer-tutti-gli-appuntamenti-del-2019\\\/\"},\"wordCount\":420,\"publisher\":{\"@id\":\"https:\\\/\\\/www.bellunopress.it\\\/#organization\"},\"image\":{\"@id\":\"https:\\\/\\\/www.bellunopress.it\\\/2019\\\/01\\\/31\\\/riprende-caffe-alzheimer-tutti-gli-appuntamenti-del-2019\\\/#primaryimage\"},\"thumbnailUrl\":\"http:\\\/\\\/www.bellunopress.it\\\/wp-content\\\/uploads\\\/2009\\\/03\\\/casa-di-riposo-maria-gaggia-lante-belluno-240x180.jpg\",\"articleSection\":[\"Appuntamenti, Eventi\",\"Pausa Caff\u00e8\",\"Societ\u00e0, Associazioni, Istituzioni\"],\"inLanguage\":\"fr-FR\"},{\"@type\":\"WebPage\",\"@id\":\"https:\\\/\\\/www.bellunopress.it\\\/2019\\\/01\\\/31\\\/riprende-caffe-alzheimer-tutti-gli-appuntamenti-del-2019\\\/\",\"url\":\"https:\\\/\\\/www.bellunopress.it\\\/2019\\\/01\\\/31\\\/riprende-caffe-alzheimer-tutti-gli-appuntamenti-del-2019\\\/\",\"name\":\"Riprende Caff\u00e8 Alzheimer.\u00a0Tutti gli appuntamenti del 2019 - Bellunopress - Dolomiti\",\"isPartOf\":{\"@id\":\"https:\\\/\\\/www.bellunopress.it\\\/#website\"},\"primaryImageOfPage\":{\"@id\":\"https:\\\/\\\/www.bellunopress.it\\\/2019\\\/01\\\/31\\\/riprende-caffe-alzheimer-tutti-gli-appuntamenti-del-2019\\\/#primaryimage\"},\"image\":{\"@id\":\"https:\\\/\\\/www.bellunopress.it\\\/2019\\\/01\\\/31\\\/riprende-caffe-alzheimer-tutti-gli-appuntamenti-del-2019\\\/#primaryimage\"},\"thumbnailUrl\":\"http:\\\/\\\/www.bellunopress.it\\\/wp-content\\\/uploads\\\/2009\\\/03\\\/casa-di-riposo-maria-gaggia-lante-belluno-240x180.jpg\",\"datePublished\":\"2019-01-31T17:50:34+00:00\",\"breadcrumb\":{\"@id\":\"https:\\\/\\\/www.bellunopress.it\\\/2019\\\/01\\\/31\\\/riprende-caffe-alzheimer-tutti-gli-appuntamenti-del-2019\\\/#breadcrumb\"},\"inLanguage\":\"fr-FR\",\"potentialAction\":[{\"@type\":\"ReadAction\",\"target\":[\"https:\\\/\\\/www.bellunopress.it\\\/2019\\\/01\\\/31\\\/riprende-caffe-alzheimer-tutti-gli-appuntamenti-del-2019\\\/\"]}]},{\"@type\":\"ImageObject\",\"inLanguage\":\"fr-FR\",\"@id\":\"https:\\\/\\\/www.bellunopress.it\\\/2019\\\/01\\\/31\\\/riprende-caffe-alzheimer-tutti-gli-appuntamenti-del-2019\\\/#primaryimage\",\"url\":\"http:\\\/\\\/www.bellunopress.it\\\/wp-content\\\/uploads\\\/2009\\\/03\\\/casa-di-riposo-maria-gaggia-lante-belluno-240x180.jpg\",\"contentUrl\":\"http:\\\/\\\/www.bellunopress.it\\\/wp-content\\\/uploads\\\/2009\\\/03\\\/casa-di-riposo-maria-gaggia-lante-belluno-240x180.jpg\"},{\"@type\":\"BreadcrumbList\",\"@id\":\"https:\\\/\\\/www.bellunopress.it\\\/2019\\\/01\\\/31\\\/riprende-caffe-alzheimer-tutti-gli-appuntamenti-del-2019\\\/#breadcrumb\",\"itemListElement\":[{\"@type\":\"ListItem\",\"position\":1,\"name\":\"Home\",\"item\":\"https:\\\/\\\/www.bellunopress.it\\\/\"},{\"@type\":\"ListItem\",\"position\":2,\"name\":\"Riprende Caff\u00e8 Alzheimer.\u00a0Tutti gli appuntamenti del 2019\"}]},{\"@type\":\"WebSite\",\"@id\":\"https:\\\/\\\/www.bellunopress.it\\\/#website\",\"url\":\"https:\\\/\\\/www.bellunopress.it\\\/\",\"name\":\"Bellunopress - Dolomiti\",\"description\":\"e-mail: redazione@bellunopress.it\",\"publisher\":{\"@id\":\"https:\\\/\\\/www.bellunopress.it\\\/#organization\"},\"potentialAction\":[{\"@type\":\"SearchAction\",\"target\":{\"@type\":\"EntryPoint\",\"urlTemplate\":\"https:\\\/\\\/www.bellunopress.it\\\/?s={search_term_string}\"},\"query-input\":{\"@type\":\"PropertyValueSpecification\",\"valueRequired\":true,\"valueName\":\"search_term_string\"}}],\"inLanguage\":\"fr-FR\"},{\"@type\":\"Organization\",\"@id\":\"https:\\\/\\\/www.bellunopress.it\\\/#organization\",\"name\":\"Bellunopress\",\"url\":\"https:\\\/\\\/www.bellunopress.it\\\/\",\"logo\":{\"@type\":\"ImageObject\",\"inLanguage\":\"fr-FR\",\"@id\":\"https:\\\/\\\/www.bellunopress.it\\\/#\\\/schema\\\/logo\\\/image\\\/\",\"url\":\"https:\\\/\\\/www.bellunopress.it\\\/wp-content\\\/uploads\\\/2011\\\/05\\\/cropped-logo-bellunopress-.jpg\",\"contentUrl\":\"https:\\\/\\\/www.bellunopress.it\\\/wp-content\\\/uploads\\\/2011\\\/05\\\/cropped-logo-bellunopress-.jpg\",\"width\":512,\"height\":512,\"caption\":\"Bellunopress\"},\"image\":{\"@id\":\"https:\\\/\\\/www.bellunopress.it\\\/#\\\/schema\\\/logo\\\/image\\\/\"},\"sameAs\":[\"https:\\\/\\\/www.facebook.com\\\/profile.php?id=100008943462799\",\"https:\\\/\\\/x.com\\\/bellunopress\",\"https:\\\/\\\/www.linkedin.com\\\/hp\\\/?dnr=JBzUWaJfMUw8vbXJJ2tVW5-I3jZKvC4wsoxE&amp;amp;amp;amp;amp;amp;trk=nav_responsive_tab_home\",\"https:\\\/\\\/www.youtube.com\\\/channel\\\/UCxL0wu1uN0_3_7hGG0306cw\"]},{\"@type\":\"Person\",\"@id\":\"https:\\\/\\\/www.bellunopress.it\\\/#\\\/schema\\\/person\\\/79bb06722b37ece1c03d3e94beb30d73\",\"name\":\"redazione\",\"image\":{\"@type\":\"ImageObject\",\"inLanguage\":\"fr-FR\",\"@id\":\"https:\\\/\\\/secure.gravatar.com\\\/avatar\\\/37d968a2e67a6fd04c169c4bdef102d0bc5d31b2546345219e348575eb80e9a0?s=96&d=mm&r=g\",\"url\":\"https:\\\/\\\/secure.gravatar.com\\\/avatar\\\/37d968a2e67a6fd04c169c4bdef102d0bc5d31b2546345219e348575eb80e9a0?s=96&d=mm&r=g\",\"contentUrl\":\"https:\\\/\\\/secure.gravatar.com\\\/avatar\\\/37d968a2e67a6fd04c169c4bdef102d0bc5d31b2546345219e348575eb80e9a0?s=96&d=mm&r=g\",\"caption\":\"redazione\"},\"sameAs\":[\"http:\\\/\\\/www.bellunopress.it\",\"https:\\\/\\\/x.com\\\/bellunopress\"],\"url\":\"https:\\\/\\\/www.bellunopress.it\\\/fr\\\/author\\\/redazione\\\/\"}]}<\/script>\n<!-- \/ Yoast SEO plugin. -->","yoast_head_json":{"title":"Riprende Caff\u00e8 Alzheimer.\u00a0Tutti gli appuntamenti del 2019 - Bellunopress - Dolomiti","robots":{"index":"index","follow":"follow","max-snippet":"max-snippet:-1","max-image-preview":"max-image-preview:large","max-video-preview":"max-video-preview:-1"},"canonical":"https:\/\/www.bellunopress.it\/fr\/2019\/01\/31\/riprende-caffe-alzheimer-tutti-gli-appuntamenti-del-2019\/","og_locale":"fr_FR","og_type":"article","og_title":"Riprende Caff\u00e8 Alzheimer.\u00a0Tutti gli appuntamenti del 2019 - Bellunopress - Dolomiti","og_description":"Torna al Centro Servizi per Anziani di Belluno &#8220;Residenza Maria Gaggia Lante&#8221;, dopo l&#8217;esperienza dello scorso anno, il ciclo di incontri sul tema della demenza del Caff\u00e8 Alzheimer, proposto da Ser.S.A, . \u00abI Caff\u00e8 Alzheimer \u2013 spiega l&#8217;amministratore unico di Ser.S.A., Paolo Santesso &#8211; nascono da un&#8217;idea dello psicologo olandese Bere Miesen: sono anzitutto un [&hellip;]","og_url":"https:\/\/www.bellunopress.it\/fr\/2019\/01\/31\/riprende-caffe-alzheimer-tutti-gli-appuntamenti-del-2019\/","og_site_name":"Bellunopress - Dolomiti","article_publisher":"https:\/\/www.facebook.com\/profile.php?id=100008943462799","article_published_time":"2019-01-31T17:50:34+00:00","og_image":[{"url":"http:\/\/www.bellunopress.it\/wp-content\/uploads\/2009\/03\/casa-di-riposo-maria-gaggia-lante-belluno-240x180.jpg","type":"","width":"","height":""}],"author":"redazione","twitter_card":"summary_large_image","twitter_creator":"@bellunopress","twitter_site":"@bellunopress","twitter_misc":{"\u00c9crit par":"redazione","Dur\u00e9e de lecture estim\u00e9e":"2 minutes"},"schema":{"@context":"https:\/\/schema.org","@graph":[{"@type":"Article","@id":"https:\/\/www.bellunopress.it\/2019\/01\/31\/riprende-caffe-alzheimer-tutti-gli-appuntamenti-del-2019\/#article","isPartOf":{"@id":"https:\/\/www.bellunopress.it\/2019\/01\/31\/riprende-caffe-alzheimer-tutti-gli-appuntamenti-del-2019\/"},"author":{"name":"redazione","@id":"https:\/\/www.bellunopress.it\/#\/schema\/person\/79bb06722b37ece1c03d3e94beb30d73"},"headline":"Riprende Caff\u00e8 Alzheimer.\u00a0Tutti gli appuntamenti del 2019","datePublished":"2019-01-31T17:50:34+00:00","mainEntityOfPage":{"@id":"https:\/\/www.bellunopress.it\/2019\/01\/31\/riprende-caffe-alzheimer-tutti-gli-appuntamenti-del-2019\/"},"wordCount":420,"publisher":{"@id":"https:\/\/www.bellunopress.it\/#organization"},"image":{"@id":"https:\/\/www.bellunopress.it\/2019\/01\/31\/riprende-caffe-alzheimer-tutti-gli-appuntamenti-del-2019\/#primaryimage"},"thumbnailUrl":"http:\/\/www.bellunopress.it\/wp-content\/uploads\/2009\/03\/casa-di-riposo-maria-gaggia-lante-belluno-240x180.jpg","articleSection":["Appuntamenti, Eventi","Pausa Caff\u00e8","Societ\u00e0, Associazioni, Istituzioni"],"inLanguage":"fr-FR"},{"@type":"WebPage","@id":"https:\/\/www.bellunopress.it\/2019\/01\/31\/riprende-caffe-alzheimer-tutti-gli-appuntamenti-del-2019\/","url":"https:\/\/www.bellunopress.it\/2019\/01\/31\/riprende-caffe-alzheimer-tutti-gli-appuntamenti-del-2019\/","name":"Riprende Caff\u00e8 Alzheimer.\u00a0Tutti gli appuntamenti del 2019 - Bellunopress - Dolomiti","isPartOf":{"@id":"https:\/\/www.bellunopress.it\/#website"},"primaryImageOfPage":{"@id":"https:\/\/www.bellunopress.it\/2019\/01\/31\/riprende-caffe-alzheimer-tutti-gli-appuntamenti-del-2019\/#primaryimage"},"image":{"@id":"https:\/\/www.bellunopress.it\/2019\/01\/31\/riprende-caffe-alzheimer-tutti-gli-appuntamenti-del-2019\/#primaryimage"},"thumbnailUrl":"http:\/\/www.bellunopress.it\/wp-content\/uploads\/2009\/03\/casa-di-riposo-maria-gaggia-lante-belluno-240x180.jpg","datePublished":"2019-01-31T17:50:34+00:00","breadcrumb":{"@id":"https:\/\/www.bellunopress.it\/2019\/01\/31\/riprende-caffe-alzheimer-tutti-gli-appuntamenti-del-2019\/#breadcrumb"},"inLanguage":"fr-FR","potentialAction":[{"@type":"ReadAction","target":["https:\/\/www.bellunopress.it\/2019\/01\/31\/riprende-caffe-alzheimer-tutti-gli-appuntamenti-del-2019\/"]}]},{"@type":"ImageObject","inLanguage":"fr-FR","@id":"https:\/\/www.bellunopress.it\/2019\/01\/31\/riprende-caffe-alzheimer-tutti-gli-appuntamenti-del-2019\/#primaryimage","url":"http:\/\/www.bellunopress.it\/wp-content\/uploads\/2009\/03\/casa-di-riposo-maria-gaggia-lante-belluno-240x180.jpg","contentUrl":"http:\/\/www.bellunopress.it\/wp-content\/uploads\/2009\/03\/casa-di-riposo-maria-gaggia-lante-belluno-240x180.jpg"},{"@type":"BreadcrumbList","@id":"https:\/\/www.bellunopress.it\/2019\/01\/31\/riprende-caffe-alzheimer-tutti-gli-appuntamenti-del-2019\/#breadcrumb","itemListElement":[{"@type":"ListItem","position":1,"name":"Home","item":"https:\/\/www.bellunopress.it\/"},{"@type":"ListItem","position":2,"name":"Riprende Caff\u00e8 Alzheimer.\u00a0Tutti gli appuntamenti del 2019"}]},{"@type":"WebSite","@id":"https:\/\/www.bellunopress.it\/#website","url":"https:\/\/www.bellunopress.it\/","name":"Bellunopress - Dolomiti","description":"e-mail: redazione@bellunopress.it","publisher":{"@id":"https:\/\/www.bellunopress.it\/#organization"},"potentialAction":[{"@type":"SearchAction","target":{"@type":"EntryPoint","urlTemplate":"https:\/\/www.bellunopress.it\/?s={search_term_string}"},"query-input":{"@type":"PropertyValueSpecification","valueRequired":true,"valueName":"search_term_string"}}],"inLanguage":"fr-FR"},{"@type":"Organization","@id":"https:\/\/www.bellunopress.it\/#organization","name":"Bellunopress","url":"https:\/\/www.bellunopress.it\/","logo":{"@type":"ImageObject","inLanguage":"fr-FR","@id":"https:\/\/www.bellunopress.it\/#\/schema\/logo\/image\/","url":"https:\/\/www.bellunopress.it\/wp-content\/uploads\/2011\/05\/cropped-logo-bellunopress-.jpg","contentUrl":"https:\/\/www.bellunopress.it\/wp-content\/uploads\/2011\/05\/cropped-logo-bellunopress-.jpg","width":512,"height":512,"caption":"Bellunopress"},"image":{"@id":"https:\/\/www.bellunopress.it\/#\/schema\/logo\/image\/"},"sameAs":["https:\/\/www.facebook.com\/profile.php?id=100008943462799","https:\/\/x.com\/bellunopress","https:\/\/www.linkedin.com\/hp\/?dnr=JBzUWaJfMUw8vbXJJ2tVW5-I3jZKvC4wsoxE&amp;amp;amp;amp;amp;amp;trk=nav_responsive_tab_home","https:\/\/www.youtube.com\/channel\/UCxL0wu1uN0_3_7hGG0306cw"]},{"@type":"Person","@id":"https:\/\/www.bellunopress.it\/#\/schema\/person\/79bb06722b37ece1c03d3e94beb30d73","name":"r\u00e9daction","image":{"@type":"ImageObject","inLanguage":"fr-FR","@id":"https:\/\/secure.gravatar.com\/avatar\/37d968a2e67a6fd04c169c4bdef102d0bc5d31b2546345219e348575eb80e9a0?s=96&d=mm&r=g","url":"https:\/\/secure.gravatar.com\/avatar\/37d968a2e67a6fd04c169c4bdef102d0bc5d31b2546345219e348575eb80e9a0?s=96&d=mm&r=g","contentUrl":"https:\/\/secure.gravatar.com\/avatar\/37d968a2e67a6fd04c169c4bdef102d0bc5d31b2546345219e348575eb80e9a0?s=96&d=mm&r=g","caption":"redazione"},"sameAs":["http:\/\/www.bellunopress.it","https:\/\/x.com\/bellunopress"],"url":"https:\/\/www.bellunopress.it\/fr\/author\/redazione\/"}]}},"_links":{"self":[{"href":"https:\/\/www.bellunopress.it\/fr\/wp-json\/wp\/v2\/posts\/101603","targetHints":{"allow":["GET"]}}],"collection":[{"href":"https:\/\/www.bellunopress.it\/fr\/wp-json\/wp\/v2\/posts"}],"about":[{"href":"https:\/\/www.bellunopress.it\/fr\/wp-json\/wp\/v2\/types\/post"}],"author":[{"embeddable":true,"href":"https:\/\/www.bellunopress.it\/fr\/wp-json\/wp\/v2\/users\/2"}],"replies":[{"embeddable":true,"href":"https:\/\/www.bellunopress.it\/fr\/wp-json\/wp\/v2\/comments?post=101603"}],"version-history":[{"count":1,"href":"https:\/\/www.bellunopress.it\/fr\/wp-json\/wp\/v2\/posts\/101603\/revisions"}],"predecessor-version":[{"id":101604,"href":"https:\/\/www.bellunopress.it\/fr\/wp-json\/wp\/v2\/posts\/101603\/revisions\/101604"}],"wp:attachment":[{"href":"https:\/\/www.bellunopress.it\/fr\/wp-json\/wp\/v2\/media?parent=101603"}],"wp:term":[{"taxonomy":"category","embeddable":true,"href":"https:\/\/www.bellunopress.it\/fr\/wp-json\/wp\/v2\/categories?post=101603"},{"taxonomy":"post_tag","embeddable":true,"href":"https:\/\/www.bellunopress.it\/fr\/wp-json\/wp\/v2\/tags?post=101603"}],"curies":[{"name":"wp","href":"https:\/\/api.w.org\/{rel}","templated":true}]}}