{"id":101513,"date":"2019-01-28T12:19:18","date_gmt":"2019-01-28T11:19:18","guid":{"rendered":"http:\/\/www.bellunopress.it\/?p=101513"},"modified":"2019-01-28T12:19:19","modified_gmt":"2019-01-28T11:19:19","slug":"boschi-abbattuti-il-recupero-dei-tronchi-e-a-pieno-regime-alcuni-lotti-gia-venduti","status":"publish","type":"post","link":"https:\/\/www.bellunopress.it\/fr\/2019\/01\/28\/boschi-abbattuti-il-recupero-dei-tronchi-e-a-pieno-regime-alcuni-lotti-gia-venduti\/","title":{"rendered":"Boschi abbattuti. Il recupero dei tronchi \u00e8 a pieno regime, alcuni lotti gi\u00e0 venduti"},"content":{"rendered":"<p><a href=\"http:\/\/www.bellunopress.it\/fr\/2019\/01\/28\/boschi-abbattuti-il-recupero-dei-tronchi-e-a-pieno-regime-alcuni-lotti-gia-venduti\/val-visdende-1\/\" rel=\"attachment wp-att-101514\"><img loading=\"lazy\" decoding=\"async\" class=\"alignleft size-full wp-image-101514\" src=\"http:\/\/www.bellunopress.it\/wp-content\/uploads\/2019\/01\/VAL-VISDENDE-1.png\" alt=\"\" width=\"300\" height=\"228\" \/><\/a>Venezia, 28 gennaio 2019 \u00a0&#8211; \u00a0E\u2019 entrata a pieno regime la complessa operazione di recupero dei milioni di metri cubi di alberi abbattuti sulla montagna veneta dal tornado d\u2019autunno. Ad esempio In Val Visdende, una delle aree pi\u00f9 colpite, le ditte specializzate del comparto legname lavorano a pieno ritmo, e importanti lotti di tronchi recuperati sono gi\u00e0 stati venduti.<\/p>\n<p>Lo rende noto il direttore di Avepa, Fabrizio Stella, nominato soggetto attuatore per il rilievo e le opere agricolo-forestali dal presidente della Regione, Luca Zaia, nella sua veste di Commissario delegato per gli eccezionali eventi meteorologici che hanno interessato il territorio veneto tra ottobre e novembre 2018.<\/p>\n<p>Si tratta di interventi pianificati a fronte di una situazione per la quale non esistono precedenti in grado di supportare le decisioni operative, avviati gi\u00e0 da circa tre settimane.<\/p>\n<p>\u201cE\u2019 ora iniziata la fase di intensit\u00e0 totale dei lavori \u2013 precisa Stella \u2013 che saranno ulteriormente rafforzati se le condizioni meteorologiche lo consentiranno\u201d.<\/p>\n<p>Per quanto riguarda le amministrazioni locali, con l\u2019incarico di Soggetti attuatori conferito in questo ultimi giorni dal Commissario delegato, i Comuni hanno la possibilit\u00e0 di operare anche in autonomia, ma quasi tutti stanno gi\u00e0 lavorando in accordo con la gestione commissariale dell\u2019emergenza.<\/p>","protected":false},"excerpt":{"rendered":"<p>Venezia, 28 gennaio 2019 \u00a0&#8211; \u00a0E\u2019 entrata a pieno regime la complessa operazione di recupero dei milioni di metri cubi di alberi abbattuti sulla montagna veneta dal tornado d\u2019autunno. Ad esempio In Val Visdende, una delle aree pi\u00f9 colpite, le ditte specializzate del comparto legname lavorano a pieno ritmo, e importanti lotti di tronchi recuperati [&hellip;]<\/p>\n","protected":false},"author":2,"featured_media":0,"comment_status":"closed","ping_status":"open","sticky":false,"template":"","format":"standard","meta":{"footnotes":""},"categories":[1],"tags":[],"class_list":["post-101513","post","type-post","status-publish","format-standard","category-leo"],"yoast_head":"<!-- This site is optimized with the Yoast SEO plugin v28.4 - https:\/\/yoast.com\/product\/yoast-seo-wordpress\/ -->\n<title>Boschi abbattuti. Il recupero dei tronchi \u00e8 a pieno regime, alcuni lotti gi\u00e0 venduti - Bellunopress - Dolomiti<\/title>\n<meta name=\"robots\" content=\"index, follow, max-snippet:-1, max-image-preview:large, max-video-preview:-1\" \/>\n<link rel=\"canonical\" href=\"https:\/\/www.bellunopress.it\/fr\/2019\/01\/28\/boschi-abbattuti-il-recupero-dei-tronchi-e-a-pieno-regime-alcuni-lotti-gia-venduti\/\" \/>\n<meta property=\"og:locale\" content=\"fr_FR\" \/>\n<meta property=\"og:type\" content=\"article\" \/>\n<meta property=\"og:title\" content=\"Boschi abbattuti. Il recupero dei tronchi \u00e8 a pieno regime, alcuni lotti gi\u00e0 venduti - Bellunopress - Dolomiti\" \/>\n<meta property=\"og:description\" content=\"Venezia, 28 gennaio 2019 \u00a0&#8211; \u00a0E\u2019 entrata a pieno regime la complessa operazione di recupero dei milioni di metri cubi di alberi abbattuti sulla montagna veneta dal tornado d\u2019autunno. Ad esempio In Val Visdende, una delle aree pi\u00f9 colpite, le ditte specializzate del comparto legname lavorano a pieno ritmo, e importanti lotti di tronchi recuperati [&hellip;]\" \/>\n<meta property=\"og:url\" content=\"https:\/\/www.bellunopress.it\/fr\/2019\/01\/28\/boschi-abbattuti-il-recupero-dei-tronchi-e-a-pieno-regime-alcuni-lotti-gia-venduti\/\" \/>\n<meta property=\"og:site_name\" content=\"Bellunopress - Dolomiti\" \/>\n<meta property=\"article:publisher\" content=\"https:\/\/www.facebook.com\/profile.php?id=100008943462799\" \/>\n<meta property=\"article:published_time\" content=\"2019-01-28T11:19:18+00:00\" \/>\n<meta property=\"article:modified_time\" content=\"2019-01-28T11:19:19+00:00\" \/>\n<meta property=\"og:image\" content=\"http:\/\/www.bellunopress.it\/wp-content\/uploads\/2019\/01\/VAL-VISDENDE-1.png\" \/>\n<meta name=\"author\" content=\"redazione\" \/>\n<meta name=\"twitter:card\" content=\"summary_large_image\" \/>\n<meta name=\"twitter:creator\" content=\"@bellunopress\" \/>\n<meta name=\"twitter:site\" content=\"@bellunopress\" \/>\n<meta name=\"twitter:label1\" content=\"\u00c9crit par\" \/>\n\t<meta name=\"twitter:data1\" content=\"redazione\" \/>\n\t<meta name=\"twitter:label2\" content=\"Dur\u00e9e de lecture estim\u00e9e\" \/>\n\t<meta name=\"twitter:data2\" content=\"1 minute\" \/>\n<script type=\"application\/ld+json\" class=\"yoast-schema-graph\">{\"@context\":\"https:\\\/\\\/schema.org\",\"@graph\":[{\"@type\":\"Article\",\"@id\":\"https:\\\/\\\/www.bellunopress.it\\\/2019\\\/01\\\/28\\\/boschi-abbattuti-il-recupero-dei-tronchi-e-a-pieno-regime-alcuni-lotti-gia-venduti\\\/#article\",\"isPartOf\":{\"@id\":\"https:\\\/\\\/www.bellunopress.it\\\/2019\\\/01\\\/28\\\/boschi-abbattuti-il-recupero-dei-tronchi-e-a-pieno-regime-alcuni-lotti-gia-venduti\\\/\"},\"author\":{\"name\":\"redazione\",\"@id\":\"https:\\\/\\\/www.bellunopress.it\\\/#\\\/schema\\\/person\\\/79bb06722b37ece1c03d3e94beb30d73\"},\"headline\":\"Boschi abbattuti. Il recupero dei tronchi \u00e8 a pieno regime, alcuni lotti gi\u00e0 venduti\",\"datePublished\":\"2019-01-28T11:19:18+00:00\",\"dateModified\":\"2019-01-28T11:19:19+00:00\",\"mainEntityOfPage\":{\"@id\":\"https:\\\/\\\/www.bellunopress.it\\\/2019\\\/01\\\/28\\\/boschi-abbattuti-il-recupero-dei-tronchi-e-a-pieno-regime-alcuni-lotti-gia-venduti\\\/\"},\"wordCount\":212,\"publisher\":{\"@id\":\"https:\\\/\\\/www.bellunopress.it\\\/#organization\"},\"image\":{\"@id\":\"https:\\\/\\\/www.bellunopress.it\\\/2019\\\/01\\\/28\\\/boschi-abbattuti-il-recupero-dei-tronchi-e-a-pieno-regime-alcuni-lotti-gia-venduti\\\/#primaryimage\"},\"thumbnailUrl\":\"http:\\\/\\\/www.bellunopress.it\\\/wp-content\\\/uploads\\\/2019\\\/01\\\/VAL-VISDENDE-1.png\",\"articleSection\":[\"Lettere Opinioni\"],\"inLanguage\":\"fr-FR\"},{\"@type\":\"WebPage\",\"@id\":\"https:\\\/\\\/www.bellunopress.it\\\/2019\\\/01\\\/28\\\/boschi-abbattuti-il-recupero-dei-tronchi-e-a-pieno-regime-alcuni-lotti-gia-venduti\\\/\",\"url\":\"https:\\\/\\\/www.bellunopress.it\\\/2019\\\/01\\\/28\\\/boschi-abbattuti-il-recupero-dei-tronchi-e-a-pieno-regime-alcuni-lotti-gia-venduti\\\/\",\"name\":\"Boschi abbattuti. Il recupero dei tronchi \u00e8 a pieno regime, alcuni lotti gi\u00e0 venduti - Bellunopress - Dolomiti\",\"isPartOf\":{\"@id\":\"https:\\\/\\\/www.bellunopress.it\\\/#website\"},\"primaryImageOfPage\":{\"@id\":\"https:\\\/\\\/www.bellunopress.it\\\/2019\\\/01\\\/28\\\/boschi-abbattuti-il-recupero-dei-tronchi-e-a-pieno-regime-alcuni-lotti-gia-venduti\\\/#primaryimage\"},\"image\":{\"@id\":\"https:\\\/\\\/www.bellunopress.it\\\/2019\\\/01\\\/28\\\/boschi-abbattuti-il-recupero-dei-tronchi-e-a-pieno-regime-alcuni-lotti-gia-venduti\\\/#primaryimage\"},\"thumbnailUrl\":\"http:\\\/\\\/www.bellunopress.it\\\/wp-content\\\/uploads\\\/2019\\\/01\\\/VAL-VISDENDE-1.png\",\"datePublished\":\"2019-01-28T11:19:18+00:00\",\"dateModified\":\"2019-01-28T11:19:19+00:00\",\"breadcrumb\":{\"@id\":\"https:\\\/\\\/www.bellunopress.it\\\/2019\\\/01\\\/28\\\/boschi-abbattuti-il-recupero-dei-tronchi-e-a-pieno-regime-alcuni-lotti-gia-venduti\\\/#breadcrumb\"},\"inLanguage\":\"fr-FR\",\"potentialAction\":[{\"@type\":\"ReadAction\",\"target\":[\"https:\\\/\\\/www.bellunopress.it\\\/2019\\\/01\\\/28\\\/boschi-abbattuti-il-recupero-dei-tronchi-e-a-pieno-regime-alcuni-lotti-gia-venduti\\\/\"]}]},{\"@type\":\"ImageObject\",\"inLanguage\":\"fr-FR\",\"@id\":\"https:\\\/\\\/www.bellunopress.it\\\/2019\\\/01\\\/28\\\/boschi-abbattuti-il-recupero-dei-tronchi-e-a-pieno-regime-alcuni-lotti-gia-venduti\\\/#primaryimage\",\"url\":\"http:\\\/\\\/www.bellunopress.it\\\/wp-content\\\/uploads\\\/2019\\\/01\\\/VAL-VISDENDE-1.png\",\"contentUrl\":\"http:\\\/\\\/www.bellunopress.it\\\/wp-content\\\/uploads\\\/2019\\\/01\\\/VAL-VISDENDE-1.png\"},{\"@type\":\"BreadcrumbList\",\"@id\":\"https:\\\/\\\/www.bellunopress.it\\\/2019\\\/01\\\/28\\\/boschi-abbattuti-il-recupero-dei-tronchi-e-a-pieno-regime-alcuni-lotti-gia-venduti\\\/#breadcrumb\",\"itemListElement\":[{\"@type\":\"ListItem\",\"position\":1,\"name\":\"Home\",\"item\":\"https:\\\/\\\/www.bellunopress.it\\\/\"},{\"@type\":\"ListItem\",\"position\":2,\"name\":\"Boschi abbattuti. Il recupero dei tronchi \u00e8 a pieno regime, alcuni lotti gi\u00e0 venduti\"}]},{\"@type\":\"WebSite\",\"@id\":\"https:\\\/\\\/www.bellunopress.it\\\/#website\",\"url\":\"https:\\\/\\\/www.bellunopress.it\\\/\",\"name\":\"Bellunopress - Dolomiti\",\"description\":\"e-mail: redazione@bellunopress.it\",\"publisher\":{\"@id\":\"https:\\\/\\\/www.bellunopress.it\\\/#organization\"},\"potentialAction\":[{\"@type\":\"SearchAction\",\"target\":{\"@type\":\"EntryPoint\",\"urlTemplate\":\"https:\\\/\\\/www.bellunopress.it\\\/?s={search_term_string}\"},\"query-input\":{\"@type\":\"PropertyValueSpecification\",\"valueRequired\":true,\"valueName\":\"search_term_string\"}}],\"inLanguage\":\"fr-FR\"},{\"@type\":\"Organization\",\"@id\":\"https:\\\/\\\/www.bellunopress.it\\\/#organization\",\"name\":\"Bellunopress\",\"url\":\"https:\\\/\\\/www.bellunopress.it\\\/\",\"logo\":{\"@type\":\"ImageObject\",\"inLanguage\":\"fr-FR\",\"@id\":\"https:\\\/\\\/www.bellunopress.it\\\/#\\\/schema\\\/logo\\\/image\\\/\",\"url\":\"https:\\\/\\\/www.bellunopress.it\\\/wp-content\\\/uploads\\\/2011\\\/05\\\/cropped-logo-bellunopress-.jpg\",\"contentUrl\":\"https:\\\/\\\/www.bellunopress.it\\\/wp-content\\\/uploads\\\/2011\\\/05\\\/cropped-logo-bellunopress-.jpg\",\"width\":512,\"height\":512,\"caption\":\"Bellunopress\"},\"image\":{\"@id\":\"https:\\\/\\\/www.bellunopress.it\\\/#\\\/schema\\\/logo\\\/image\\\/\"},\"sameAs\":[\"https:\\\/\\\/www.facebook.com\\\/profile.php?id=100008943462799\",\"https:\\\/\\\/x.com\\\/bellunopress\",\"https:\\\/\\\/www.linkedin.com\\\/hp\\\/?dnr=JBzUWaJfMUw8vbXJJ2tVW5-I3jZKvC4wsoxE&amp;amp;amp;amp;amp;amp;trk=nav_responsive_tab_home\",\"https:\\\/\\\/www.youtube.com\\\/channel\\\/UCxL0wu1uN0_3_7hGG0306cw\"]},{\"@type\":\"Person\",\"@id\":\"https:\\\/\\\/www.bellunopress.it\\\/#\\\/schema\\\/person\\\/79bb06722b37ece1c03d3e94beb30d73\",\"name\":\"redazione\",\"image\":{\"@type\":\"ImageObject\",\"inLanguage\":\"fr-FR\",\"@id\":\"https:\\\/\\\/secure.gravatar.com\\\/avatar\\\/37d968a2e67a6fd04c169c4bdef102d0bc5d31b2546345219e348575eb80e9a0?s=96&d=mm&r=g\",\"url\":\"https:\\\/\\\/secure.gravatar.com\\\/avatar\\\/37d968a2e67a6fd04c169c4bdef102d0bc5d31b2546345219e348575eb80e9a0?s=96&d=mm&r=g\",\"contentUrl\":\"https:\\\/\\\/secure.gravatar.com\\\/avatar\\\/37d968a2e67a6fd04c169c4bdef102d0bc5d31b2546345219e348575eb80e9a0?s=96&d=mm&r=g\",\"caption\":\"redazione\"},\"sameAs\":[\"http:\\\/\\\/www.bellunopress.it\",\"https:\\\/\\\/x.com\\\/bellunopress\"],\"url\":\"https:\\\/\\\/www.bellunopress.it\\\/fr\\\/author\\\/redazione\\\/\"}]}<\/script>\n<!-- \/ Yoast SEO plugin. -->","yoast_head_json":{"title":"Boschi abbattuti. Il recupero dei tronchi \u00e8 a pieno regime, alcuni lotti gi\u00e0 venduti - Bellunopress - Dolomiti","robots":{"index":"index","follow":"follow","max-snippet":"max-snippet:-1","max-image-preview":"max-image-preview:large","max-video-preview":"max-video-preview:-1"},"canonical":"https:\/\/www.bellunopress.it\/fr\/2019\/01\/28\/boschi-abbattuti-il-recupero-dei-tronchi-e-a-pieno-regime-alcuni-lotti-gia-venduti\/","og_locale":"fr_FR","og_type":"article","og_title":"Boschi abbattuti. Il recupero dei tronchi \u00e8 a pieno regime, alcuni lotti gi\u00e0 venduti - Bellunopress - Dolomiti","og_description":"Venezia, 28 gennaio 2019 \u00a0&#8211; \u00a0E\u2019 entrata a pieno regime la complessa operazione di recupero dei milioni di metri cubi di alberi abbattuti sulla montagna veneta dal tornado d\u2019autunno. Ad esempio In Val Visdende, una delle aree pi\u00f9 colpite, le ditte specializzate del comparto legname lavorano a pieno ritmo, e importanti lotti di tronchi recuperati [&hellip;]","og_url":"https:\/\/www.bellunopress.it\/fr\/2019\/01\/28\/boschi-abbattuti-il-recupero-dei-tronchi-e-a-pieno-regime-alcuni-lotti-gia-venduti\/","og_site_name":"Bellunopress - Dolomiti","article_publisher":"https:\/\/www.facebook.com\/profile.php?id=100008943462799","article_published_time":"2019-01-28T11:19:18+00:00","article_modified_time":"2019-01-28T11:19:19+00:00","og_image":[{"url":"http:\/\/www.bellunopress.it\/wp-content\/uploads\/2019\/01\/VAL-VISDENDE-1.png","type":"","width":"","height":""}],"author":"redazione","twitter_card":"summary_large_image","twitter_creator":"@bellunopress","twitter_site":"@bellunopress","twitter_misc":{"\u00c9crit par":"redazione","Dur\u00e9e de lecture estim\u00e9e":"1 minute"},"schema":{"@context":"https:\/\/schema.org","@graph":[{"@type":"Article","@id":"https:\/\/www.bellunopress.it\/2019\/01\/28\/boschi-abbattuti-il-recupero-dei-tronchi-e-a-pieno-regime-alcuni-lotti-gia-venduti\/#article","isPartOf":{"@id":"https:\/\/www.bellunopress.it\/2019\/01\/28\/boschi-abbattuti-il-recupero-dei-tronchi-e-a-pieno-regime-alcuni-lotti-gia-venduti\/"},"author":{"name":"redazione","@id":"https:\/\/www.bellunopress.it\/#\/schema\/person\/79bb06722b37ece1c03d3e94beb30d73"},"headline":"Boschi abbattuti. Il recupero dei tronchi \u00e8 a pieno regime, alcuni lotti gi\u00e0 venduti","datePublished":"2019-01-28T11:19:18+00:00","dateModified":"2019-01-28T11:19:19+00:00","mainEntityOfPage":{"@id":"https:\/\/www.bellunopress.it\/2019\/01\/28\/boschi-abbattuti-il-recupero-dei-tronchi-e-a-pieno-regime-alcuni-lotti-gia-venduti\/"},"wordCount":212,"publisher":{"@id":"https:\/\/www.bellunopress.it\/#organization"},"image":{"@id":"https:\/\/www.bellunopress.it\/2019\/01\/28\/boschi-abbattuti-il-recupero-dei-tronchi-e-a-pieno-regime-alcuni-lotti-gia-venduti\/#primaryimage"},"thumbnailUrl":"http:\/\/www.bellunopress.it\/wp-content\/uploads\/2019\/01\/VAL-VISDENDE-1.png","articleSection":["Lettere Opinioni"],"inLanguage":"fr-FR"},{"@type":"WebPage","@id":"https:\/\/www.bellunopress.it\/2019\/01\/28\/boschi-abbattuti-il-recupero-dei-tronchi-e-a-pieno-regime-alcuni-lotti-gia-venduti\/","url":"https:\/\/www.bellunopress.it\/2019\/01\/28\/boschi-abbattuti-il-recupero-dei-tronchi-e-a-pieno-regime-alcuni-lotti-gia-venduti\/","name":"Boschi abbattuti. Il recupero dei tronchi \u00e8 a pieno regime, alcuni lotti gi\u00e0 venduti - Bellunopress - Dolomiti","isPartOf":{"@id":"https:\/\/www.bellunopress.it\/#website"},"primaryImageOfPage":{"@id":"https:\/\/www.bellunopress.it\/2019\/01\/28\/boschi-abbattuti-il-recupero-dei-tronchi-e-a-pieno-regime-alcuni-lotti-gia-venduti\/#primaryimage"},"image":{"@id":"https:\/\/www.bellunopress.it\/2019\/01\/28\/boschi-abbattuti-il-recupero-dei-tronchi-e-a-pieno-regime-alcuni-lotti-gia-venduti\/#primaryimage"},"thumbnailUrl":"http:\/\/www.bellunopress.it\/wp-content\/uploads\/2019\/01\/VAL-VISDENDE-1.png","datePublished":"2019-01-28T11:19:18+00:00","dateModified":"2019-01-28T11:19:19+00:00","breadcrumb":{"@id":"https:\/\/www.bellunopress.it\/2019\/01\/28\/boschi-abbattuti-il-recupero-dei-tronchi-e-a-pieno-regime-alcuni-lotti-gia-venduti\/#breadcrumb"},"inLanguage":"fr-FR","potentialAction":[{"@type":"ReadAction","target":["https:\/\/www.bellunopress.it\/2019\/01\/28\/boschi-abbattuti-il-recupero-dei-tronchi-e-a-pieno-regime-alcuni-lotti-gia-venduti\/"]}]},{"@type":"ImageObject","inLanguage":"fr-FR","@id":"https:\/\/www.bellunopress.it\/2019\/01\/28\/boschi-abbattuti-il-recupero-dei-tronchi-e-a-pieno-regime-alcuni-lotti-gia-venduti\/#primaryimage","url":"http:\/\/www.bellunopress.it\/wp-content\/uploads\/2019\/01\/VAL-VISDENDE-1.png","contentUrl":"http:\/\/www.bellunopress.it\/wp-content\/uploads\/2019\/01\/VAL-VISDENDE-1.png"},{"@type":"BreadcrumbList","@id":"https:\/\/www.bellunopress.it\/2019\/01\/28\/boschi-abbattuti-il-recupero-dei-tronchi-e-a-pieno-regime-alcuni-lotti-gia-venduti\/#breadcrumb","itemListElement":[{"@type":"ListItem","position":1,"name":"Home","item":"https:\/\/www.bellunopress.it\/"},{"@type":"ListItem","position":2,"name":"Boschi abbattuti. Il recupero dei tronchi \u00e8 a pieno regime, alcuni lotti gi\u00e0 venduti"}]},{"@type":"WebSite","@id":"https:\/\/www.bellunopress.it\/#website","url":"https:\/\/www.bellunopress.it\/","name":"Bellunopress - Dolomiti","description":"e-mail: redazione@bellunopress.it","publisher":{"@id":"https:\/\/www.bellunopress.it\/#organization"},"potentialAction":[{"@type":"SearchAction","target":{"@type":"EntryPoint","urlTemplate":"https:\/\/www.bellunopress.it\/?s={search_term_string}"},"query-input":{"@type":"PropertyValueSpecification","valueRequired":true,"valueName":"search_term_string"}}],"inLanguage":"fr-FR"},{"@type":"Organization","@id":"https:\/\/www.bellunopress.it\/#organization","name":"Bellunopress","url":"https:\/\/www.bellunopress.it\/","logo":{"@type":"ImageObject","inLanguage":"fr-FR","@id":"https:\/\/www.bellunopress.it\/#\/schema\/logo\/image\/","url":"https:\/\/www.bellunopress.it\/wp-content\/uploads\/2011\/05\/cropped-logo-bellunopress-.jpg","contentUrl":"https:\/\/www.bellunopress.it\/wp-content\/uploads\/2011\/05\/cropped-logo-bellunopress-.jpg","width":512,"height":512,"caption":"Bellunopress"},"image":{"@id":"https:\/\/www.bellunopress.it\/#\/schema\/logo\/image\/"},"sameAs":["https:\/\/www.facebook.com\/profile.php?id=100008943462799","https:\/\/x.com\/bellunopress","https:\/\/www.linkedin.com\/hp\/?dnr=JBzUWaJfMUw8vbXJJ2tVW5-I3jZKvC4wsoxE&amp;amp;amp;amp;amp;amp;trk=nav_responsive_tab_home","https:\/\/www.youtube.com\/channel\/UCxL0wu1uN0_3_7hGG0306cw"]},{"@type":"Person","@id":"https:\/\/www.bellunopress.it\/#\/schema\/person\/79bb06722b37ece1c03d3e94beb30d73","name":"r\u00e9daction","image":{"@type":"ImageObject","inLanguage":"fr-FR","@id":"https:\/\/secure.gravatar.com\/avatar\/37d968a2e67a6fd04c169c4bdef102d0bc5d31b2546345219e348575eb80e9a0?s=96&d=mm&r=g","url":"https:\/\/secure.gravatar.com\/avatar\/37d968a2e67a6fd04c169c4bdef102d0bc5d31b2546345219e348575eb80e9a0?s=96&d=mm&r=g","contentUrl":"https:\/\/secure.gravatar.com\/avatar\/37d968a2e67a6fd04c169c4bdef102d0bc5d31b2546345219e348575eb80e9a0?s=96&d=mm&r=g","caption":"redazione"},"sameAs":["http:\/\/www.bellunopress.it","https:\/\/x.com\/bellunopress"],"url":"https:\/\/www.bellunopress.it\/fr\/author\/redazione\/"}]}},"_links":{"self":[{"href":"https:\/\/www.bellunopress.it\/fr\/wp-json\/wp\/v2\/posts\/101513","targetHints":{"allow":["GET"]}}],"collection":[{"href":"https:\/\/www.bellunopress.it\/fr\/wp-json\/wp\/v2\/posts"}],"about":[{"href":"https:\/\/www.bellunopress.it\/fr\/wp-json\/wp\/v2\/types\/post"}],"author":[{"embeddable":true,"href":"https:\/\/www.bellunopress.it\/fr\/wp-json\/wp\/v2\/users\/2"}],"replies":[{"embeddable":true,"href":"https:\/\/www.bellunopress.it\/fr\/wp-json\/wp\/v2\/comments?post=101513"}],"version-history":[{"count":2,"href":"https:\/\/www.bellunopress.it\/fr\/wp-json\/wp\/v2\/posts\/101513\/revisions"}],"predecessor-version":[{"id":101516,"href":"https:\/\/www.bellunopress.it\/fr\/wp-json\/wp\/v2\/posts\/101513\/revisions\/101516"}],"wp:attachment":[{"href":"https:\/\/www.bellunopress.it\/fr\/wp-json\/wp\/v2\/media?parent=101513"}],"wp:term":[{"taxonomy":"category","embeddable":true,"href":"https:\/\/www.bellunopress.it\/fr\/wp-json\/wp\/v2\/categories?post=101513"},{"taxonomy":"post_tag","embeddable":true,"href":"https:\/\/www.bellunopress.it\/fr\/wp-json\/wp\/v2\/tags?post=101513"}],"curies":[{"name":"wp","href":"https:\/\/api.w.org\/{rel}","templated":true}]}}