{"id":101502,"date":"2019-01-27T22:33:48","date_gmt":"2019-01-27T21:33:48","guid":{"rendered":"http:\/\/www.bellunopress.it\/?p=101502"},"modified":"2019-02-03T11:00:26","modified_gmt":"2019-02-03T10:00:26","slug":"lunedi-allhotel-monaco-di-venezia-chiude-la-tre-giorni-dellextraordinary-food-wine","status":"publish","type":"post","link":"https:\/\/www.bellunopress.it\/fr\/2019\/01\/27\/lunedi-allhotel-monaco-di-venezia-chiude-la-tre-giorni-dellextraordinary-food-wine\/","title":{"rendered":"Luned\u00ec all&#8217;Hotel Monaco di Venezia chiude la tre giorni dell&#8217;Extraordinary Food &#038; Wine"},"content":{"rendered":"<p>Si chiude domani, luned\u00ec 28 gennaio, la tre giorni Extraordinary Food &amp; Wine nella magnifica location dell&#8217;Hotel Monaco a Venezia. L&#8217;iniziativa ideata da Fausto Brozzi, architetto, designer, fotografo, curatore di mostre, artista, e produttore di culatello in edizione limitata, 200 e non uno di pi\u00f9, destinati a un mercato di nicchia. Un autentico produttore e catalizzatore di eccellenze italiane, insomma, che oltre a portare i grandi chef Bruno Cingolani, Igles Corelli, Maurizio Pelli e Natale Simonetta, \u00e8 riuscito a concentrare in una cornice indimenticabile una rassegna di delizie italiane accompagnate da grandi vini.<\/p>\n<p><a href=\"http:\/\/www.bellunopress.it\/fr\/2019\/01\/27\/lunedi-allhotel-monaco-di-venezia-chiude-la-tre-giorni-dellextraordinary-food-wine\/hotel-monaco-extraordinary-food-wine\/\" rel=\"attachment wp-att-101503\"><img loading=\"lazy\" decoding=\"async\" class=\"alignleft size-full wp-image-101503\" src=\"http:\/\/www.bellunopress.it\/wp-content\/uploads\/2019\/01\/hotel-monaco-extraordinary-food-wine.jpg\" alt=\"\" width=\"300\" height=\"225\" \/><\/a>Si \u00e8 tenuta, infatti, nel cuore dell&#8217;Hotel Monaco dove c&#8217;\u00e8 l&#8217;Antico Ridotto, che comprende il magnifico salone, l&#8217;Extraordinary Food &amp; Wine. Un luogo dove ancora si respira la Storia. Con gli echi di giocatori, bari, cortigiane della Venezia di un tempo, che proprio in quel salone passavano le loro giornate.<\/p>\n<p>Formidabile anche la scelta dei prodotti. Abbiamo detto del culatello Brozzi di Colorno (Parma), distribuito da Amoretti. Dagli Appennini c&#8217;erano i tartufi di Acqualagna della T. &amp; C. Le delizie della pasticceria Pinel di Jesolo &#8220;Il nostro primo ingrediente \u00e8 la passione&#8221; sottolinea il titolare Mauro Pinel. Gli insaccati di alta qualit\u00e0 Verza di Cogollo del Cengio (Vicenza), prodotti come si faceva un tempo senza aggiunta di zuccheri a stagionatura naturale. I formaggi di Luigi Guffanti di Arona (Novara), il formaggio delle vacche rosse da Reggio Emilia e i formaggi artigianali del caseificio Castellan Urbano di Ros\u00e0 (Vicenza). L&#8217;irresistibile crema di nocciola Made in Alba. L&#8217;olio di Poggio Grimoldi e l&#8217;aceto dell&#8217;acetaia Ferretti Corradini di reggio Emilia. C&#8217;erano anche le ostriche di Luca Nicoli che strizzavano l&#8217;occhio allo Champagne Bruno Roulot e al Cartizze di Valdobbiadene di Agostinetto. Eccellenti anche i vini della Illica, prodotti nella riserva naturale geologica del piacenziano. I vini piemontesi di Voerzio Martini.<\/p>\n<p>Tutto questo e altro ancora in questa accurata seconda edizione\u00a0 dell&#8217;Extraordinary Food &amp; Wine ideata da Fausto Brozzi.<\/p>\n<p>(rdn)<\/p>","protected":false},"excerpt":{"rendered":"<p>Si chiude domani, luned\u00ec 28 gennaio, la tre giorni Extraordinary Food &amp; Wine nella magnifica location dell&#8217;Hotel Monaco a Venezia. L&#8217;iniziativa ideata da Fausto Brozzi, architetto, designer, fotografo, curatore di mostre, artista, e produttore di culatello in edizione limitata, 200 e non uno di pi\u00f9, destinati a un mercato di nicchia. Un autentico produttore e [&hellip;]<\/p>\n","protected":false},"author":2,"featured_media":0,"comment_status":"closed","ping_status":"open","sticky":false,"template":"","format":"standard","meta":{"footnotes":""},"categories":[3393,4],"tags":[3390,3392,3391,1038],"class_list":["post-101502","post","type-post","status-publish","format-standard","category-eventi-enogastronomici","category-sport","tag-extraordinary-food-wine","tag-fausto-brozzi","tag-hotel-monaco","tag-venezia"],"yoast_head":"<!-- This site is optimized with the Yoast SEO plugin v28.4 - https:\/\/yoast.com\/product\/yoast-seo-wordpress\/ -->\n<title>Luned\u00ec all&#039;Hotel Monaco di Venezia chiude la tre giorni dell&#039;Extraordinary Food &amp; Wine - Bellunopress - Dolomiti<\/title>\n<meta name=\"robots\" content=\"index, follow, max-snippet:-1, max-image-preview:large, max-video-preview:-1\" \/>\n<link rel=\"canonical\" href=\"https:\/\/www.bellunopress.it\/fr\/2019\/01\/27\/lunedi-allhotel-monaco-di-venezia-chiude-la-tre-giorni-dellextraordinary-food-wine\/\" \/>\n<meta property=\"og:locale\" content=\"fr_FR\" \/>\n<meta property=\"og:type\" content=\"article\" \/>\n<meta property=\"og:title\" content=\"Luned\u00ec all&#039;Hotel Monaco di Venezia chiude la tre giorni dell&#039;Extraordinary Food &amp; Wine - Bellunopress - Dolomiti\" \/>\n<meta property=\"og:description\" content=\"Si chiude domani, luned\u00ec 28 gennaio, la tre giorni Extraordinary Food &amp; Wine nella magnifica location dell&#8217;Hotel Monaco a Venezia. L&#8217;iniziativa ideata da Fausto Brozzi, architetto, designer, fotografo, curatore di mostre, artista, e produttore di culatello in edizione limitata, 200 e non uno di pi\u00f9, destinati a un mercato di nicchia. Un autentico produttore e [&hellip;]\" \/>\n<meta property=\"og:url\" content=\"https:\/\/www.bellunopress.it\/fr\/2019\/01\/27\/lunedi-allhotel-monaco-di-venezia-chiude-la-tre-giorni-dellextraordinary-food-wine\/\" \/>\n<meta property=\"og:site_name\" content=\"Bellunopress - Dolomiti\" \/>\n<meta property=\"article:publisher\" content=\"https:\/\/www.facebook.com\/profile.php?id=100008943462799\" \/>\n<meta property=\"article:published_time\" content=\"2019-01-27T21:33:48+00:00\" \/>\n<meta property=\"article:modified_time\" content=\"2019-02-03T10:00:26+00:00\" \/>\n<meta property=\"og:image\" content=\"http:\/\/www.bellunopress.it\/wp-content\/uploads\/2019\/01\/hotel-monaco-extraordinary-food-wine.jpg\" \/>\n<meta name=\"author\" content=\"redazione\" \/>\n<meta name=\"twitter:card\" content=\"summary_large_image\" \/>\n<meta name=\"twitter:creator\" content=\"@bellunopress\" \/>\n<meta name=\"twitter:site\" content=\"@bellunopress\" \/>\n<meta name=\"twitter:label1\" content=\"\u00c9crit par\" \/>\n\t<meta name=\"twitter:data1\" content=\"redazione\" \/>\n\t<meta name=\"twitter:label2\" content=\"Dur\u00e9e de lecture estim\u00e9e\" \/>\n\t<meta name=\"twitter:data2\" content=\"2 minutes\" \/>\n<script type=\"application\/ld+json\" class=\"yoast-schema-graph\">{\"@context\":\"https:\\\/\\\/schema.org\",\"@graph\":[{\"@type\":\"Article\",\"@id\":\"https:\\\/\\\/www.bellunopress.it\\\/2019\\\/01\\\/27\\\/lunedi-allhotel-monaco-di-venezia-chiude-la-tre-giorni-dellextraordinary-food-wine\\\/#article\",\"isPartOf\":{\"@id\":\"https:\\\/\\\/www.bellunopress.it\\\/2019\\\/01\\\/27\\\/lunedi-allhotel-monaco-di-venezia-chiude-la-tre-giorni-dellextraordinary-food-wine\\\/\"},\"author\":{\"name\":\"redazione\",\"@id\":\"https:\\\/\\\/www.bellunopress.it\\\/#\\\/schema\\\/person\\\/79bb06722b37ece1c03d3e94beb30d73\"},\"headline\":\"Luned\u00ec all&#8217;Hotel Monaco di Venezia chiude la tre giorni dell&#8217;Extraordinary Food &#038; Wine\",\"datePublished\":\"2019-01-27T21:33:48+00:00\",\"dateModified\":\"2019-02-03T10:00:26+00:00\",\"mainEntityOfPage\":{\"@id\":\"https:\\\/\\\/www.bellunopress.it\\\/2019\\\/01\\\/27\\\/lunedi-allhotel-monaco-di-venezia-chiude-la-tre-giorni-dellextraordinary-food-wine\\\/\"},\"wordCount\":341,\"publisher\":{\"@id\":\"https:\\\/\\\/www.bellunopress.it\\\/#organization\"},\"image\":{\"@id\":\"https:\\\/\\\/www.bellunopress.it\\\/2019\\\/01\\\/27\\\/lunedi-allhotel-monaco-di-venezia-chiude-la-tre-giorni-dellextraordinary-food-wine\\\/#primaryimage\"},\"thumbnailUrl\":\"http:\\\/\\\/www.bellunopress.it\\\/wp-content\\\/uploads\\\/2019\\\/01\\\/hotel-monaco-extraordinary-food-wine.jpg\",\"keywords\":[\"Extraordinary Food &amp; Wine\",\"Fausto Brozzi\",\"Hotel Monaco\",\"Venezia\"],\"articleSection\":[\"Eventi enogastronomici\",\"Sport, tempo libero\"],\"inLanguage\":\"fr-FR\"},{\"@type\":\"WebPage\",\"@id\":\"https:\\\/\\\/www.bellunopress.it\\\/2019\\\/01\\\/27\\\/lunedi-allhotel-monaco-di-venezia-chiude-la-tre-giorni-dellextraordinary-food-wine\\\/\",\"url\":\"https:\\\/\\\/www.bellunopress.it\\\/2019\\\/01\\\/27\\\/lunedi-allhotel-monaco-di-venezia-chiude-la-tre-giorni-dellextraordinary-food-wine\\\/\",\"name\":\"Luned\u00ec all'Hotel Monaco di Venezia chiude la tre giorni dell'Extraordinary Food & Wine - Bellunopress - Dolomiti\",\"isPartOf\":{\"@id\":\"https:\\\/\\\/www.bellunopress.it\\\/#website\"},\"primaryImageOfPage\":{\"@id\":\"https:\\\/\\\/www.bellunopress.it\\\/2019\\\/01\\\/27\\\/lunedi-allhotel-monaco-di-venezia-chiude-la-tre-giorni-dellextraordinary-food-wine\\\/#primaryimage\"},\"image\":{\"@id\":\"https:\\\/\\\/www.bellunopress.it\\\/2019\\\/01\\\/27\\\/lunedi-allhotel-monaco-di-venezia-chiude-la-tre-giorni-dellextraordinary-food-wine\\\/#primaryimage\"},\"thumbnailUrl\":\"http:\\\/\\\/www.bellunopress.it\\\/wp-content\\\/uploads\\\/2019\\\/01\\\/hotel-monaco-extraordinary-food-wine.jpg\",\"datePublished\":\"2019-01-27T21:33:48+00:00\",\"dateModified\":\"2019-02-03T10:00:26+00:00\",\"breadcrumb\":{\"@id\":\"https:\\\/\\\/www.bellunopress.it\\\/2019\\\/01\\\/27\\\/lunedi-allhotel-monaco-di-venezia-chiude-la-tre-giorni-dellextraordinary-food-wine\\\/#breadcrumb\"},\"inLanguage\":\"fr-FR\",\"potentialAction\":[{\"@type\":\"ReadAction\",\"target\":[\"https:\\\/\\\/www.bellunopress.it\\\/2019\\\/01\\\/27\\\/lunedi-allhotel-monaco-di-venezia-chiude-la-tre-giorni-dellextraordinary-food-wine\\\/\"]}]},{\"@type\":\"ImageObject\",\"inLanguage\":\"fr-FR\",\"@id\":\"https:\\\/\\\/www.bellunopress.it\\\/2019\\\/01\\\/27\\\/lunedi-allhotel-monaco-di-venezia-chiude-la-tre-giorni-dellextraordinary-food-wine\\\/#primaryimage\",\"url\":\"http:\\\/\\\/www.bellunopress.it\\\/wp-content\\\/uploads\\\/2019\\\/01\\\/hotel-monaco-extraordinary-food-wine.jpg\",\"contentUrl\":\"http:\\\/\\\/www.bellunopress.it\\\/wp-content\\\/uploads\\\/2019\\\/01\\\/hotel-monaco-extraordinary-food-wine.jpg\"},{\"@type\":\"BreadcrumbList\",\"@id\":\"https:\\\/\\\/www.bellunopress.it\\\/2019\\\/01\\\/27\\\/lunedi-allhotel-monaco-di-venezia-chiude-la-tre-giorni-dellextraordinary-food-wine\\\/#breadcrumb\",\"itemListElement\":[{\"@type\":\"ListItem\",\"position\":1,\"name\":\"Home\",\"item\":\"https:\\\/\\\/www.bellunopress.it\\\/\"},{\"@type\":\"ListItem\",\"position\":2,\"name\":\"Luned\u00ec all&#8217;Hotel Monaco di Venezia chiude la tre giorni dell&#8217;Extraordinary Food &#038; Wine\"}]},{\"@type\":\"WebSite\",\"@id\":\"https:\\\/\\\/www.bellunopress.it\\\/#website\",\"url\":\"https:\\\/\\\/www.bellunopress.it\\\/\",\"name\":\"Bellunopress - Dolomiti\",\"description\":\"e-mail: redazione@bellunopress.it\",\"publisher\":{\"@id\":\"https:\\\/\\\/www.bellunopress.it\\\/#organization\"},\"potentialAction\":[{\"@type\":\"SearchAction\",\"target\":{\"@type\":\"EntryPoint\",\"urlTemplate\":\"https:\\\/\\\/www.bellunopress.it\\\/?s={search_term_string}\"},\"query-input\":{\"@type\":\"PropertyValueSpecification\",\"valueRequired\":true,\"valueName\":\"search_term_string\"}}],\"inLanguage\":\"fr-FR\"},{\"@type\":\"Organization\",\"@id\":\"https:\\\/\\\/www.bellunopress.it\\\/#organization\",\"name\":\"Bellunopress\",\"url\":\"https:\\\/\\\/www.bellunopress.it\\\/\",\"logo\":{\"@type\":\"ImageObject\",\"inLanguage\":\"fr-FR\",\"@id\":\"https:\\\/\\\/www.bellunopress.it\\\/#\\\/schema\\\/logo\\\/image\\\/\",\"url\":\"https:\\\/\\\/www.bellunopress.it\\\/wp-content\\\/uploads\\\/2011\\\/05\\\/cropped-logo-bellunopress-.jpg\",\"contentUrl\":\"https:\\\/\\\/www.bellunopress.it\\\/wp-content\\\/uploads\\\/2011\\\/05\\\/cropped-logo-bellunopress-.jpg\",\"width\":512,\"height\":512,\"caption\":\"Bellunopress\"},\"image\":{\"@id\":\"https:\\\/\\\/www.bellunopress.it\\\/#\\\/schema\\\/logo\\\/image\\\/\"},\"sameAs\":[\"https:\\\/\\\/www.facebook.com\\\/profile.php?id=100008943462799\",\"https:\\\/\\\/x.com\\\/bellunopress\",\"https:\\\/\\\/www.linkedin.com\\\/hp\\\/?dnr=JBzUWaJfMUw8vbXJJ2tVW5-I3jZKvC4wsoxE&amp;amp;amp;amp;amp;amp;trk=nav_responsive_tab_home\",\"https:\\\/\\\/www.youtube.com\\\/channel\\\/UCxL0wu1uN0_3_7hGG0306cw\"]},{\"@type\":\"Person\",\"@id\":\"https:\\\/\\\/www.bellunopress.it\\\/#\\\/schema\\\/person\\\/79bb06722b37ece1c03d3e94beb30d73\",\"name\":\"redazione\",\"image\":{\"@type\":\"ImageObject\",\"inLanguage\":\"fr-FR\",\"@id\":\"https:\\\/\\\/secure.gravatar.com\\\/avatar\\\/37d968a2e67a6fd04c169c4bdef102d0bc5d31b2546345219e348575eb80e9a0?s=96&d=mm&r=g\",\"url\":\"https:\\\/\\\/secure.gravatar.com\\\/avatar\\\/37d968a2e67a6fd04c169c4bdef102d0bc5d31b2546345219e348575eb80e9a0?s=96&d=mm&r=g\",\"contentUrl\":\"https:\\\/\\\/secure.gravatar.com\\\/avatar\\\/37d968a2e67a6fd04c169c4bdef102d0bc5d31b2546345219e348575eb80e9a0?s=96&d=mm&r=g\",\"caption\":\"redazione\"},\"sameAs\":[\"http:\\\/\\\/www.bellunopress.it\",\"https:\\\/\\\/x.com\\\/bellunopress\"],\"url\":\"https:\\\/\\\/www.bellunopress.it\\\/fr\\\/author\\\/redazione\\\/\"}]}<\/script>\n<!-- \/ Yoast SEO plugin. -->","yoast_head_json":{"title":"Luned\u00ec all'Hotel Monaco di Venezia chiude la tre giorni dell'Extraordinary Food & Wine - Bellunopress - Dolomiti","robots":{"index":"index","follow":"follow","max-snippet":"max-snippet:-1","max-image-preview":"max-image-preview:large","max-video-preview":"max-video-preview:-1"},"canonical":"https:\/\/www.bellunopress.it\/fr\/2019\/01\/27\/lunedi-allhotel-monaco-di-venezia-chiude-la-tre-giorni-dellextraordinary-food-wine\/","og_locale":"fr_FR","og_type":"article","og_title":"Luned\u00ec all'Hotel Monaco di Venezia chiude la tre giorni dell'Extraordinary Food & Wine - Bellunopress - Dolomiti","og_description":"Si chiude domani, luned\u00ec 28 gennaio, la tre giorni Extraordinary Food &amp; Wine nella magnifica location dell&#8217;Hotel Monaco a Venezia. L&#8217;iniziativa ideata da Fausto Brozzi, architetto, designer, fotografo, curatore di mostre, artista, e produttore di culatello in edizione limitata, 200 e non uno di pi\u00f9, destinati a un mercato di nicchia. Un autentico produttore e [&hellip;]","og_url":"https:\/\/www.bellunopress.it\/fr\/2019\/01\/27\/lunedi-allhotel-monaco-di-venezia-chiude-la-tre-giorni-dellextraordinary-food-wine\/","og_site_name":"Bellunopress - Dolomiti","article_publisher":"https:\/\/www.facebook.com\/profile.php?id=100008943462799","article_published_time":"2019-01-27T21:33:48+00:00","article_modified_time":"2019-02-03T10:00:26+00:00","og_image":[{"url":"http:\/\/www.bellunopress.it\/wp-content\/uploads\/2019\/01\/hotel-monaco-extraordinary-food-wine.jpg","type":"","width":"","height":""}],"author":"redazione","twitter_card":"summary_large_image","twitter_creator":"@bellunopress","twitter_site":"@bellunopress","twitter_misc":{"\u00c9crit par":"redazione","Dur\u00e9e de lecture estim\u00e9e":"2 minutes"},"schema":{"@context":"https:\/\/schema.org","@graph":[{"@type":"Article","@id":"https:\/\/www.bellunopress.it\/2019\/01\/27\/lunedi-allhotel-monaco-di-venezia-chiude-la-tre-giorni-dellextraordinary-food-wine\/#article","isPartOf":{"@id":"https:\/\/www.bellunopress.it\/2019\/01\/27\/lunedi-allhotel-monaco-di-venezia-chiude-la-tre-giorni-dellextraordinary-food-wine\/"},"author":{"name":"redazione","@id":"https:\/\/www.bellunopress.it\/#\/schema\/person\/79bb06722b37ece1c03d3e94beb30d73"},"headline":"Luned\u00ec all&#8217;Hotel Monaco di Venezia chiude la tre giorni dell&#8217;Extraordinary Food &#038; Wine","datePublished":"2019-01-27T21:33:48+00:00","dateModified":"2019-02-03T10:00:26+00:00","mainEntityOfPage":{"@id":"https:\/\/www.bellunopress.it\/2019\/01\/27\/lunedi-allhotel-monaco-di-venezia-chiude-la-tre-giorni-dellextraordinary-food-wine\/"},"wordCount":341,"publisher":{"@id":"https:\/\/www.bellunopress.it\/#organization"},"image":{"@id":"https:\/\/www.bellunopress.it\/2019\/01\/27\/lunedi-allhotel-monaco-di-venezia-chiude-la-tre-giorni-dellextraordinary-food-wine\/#primaryimage"},"thumbnailUrl":"http:\/\/www.bellunopress.it\/wp-content\/uploads\/2019\/01\/hotel-monaco-extraordinary-food-wine.jpg","keywords":["Extraordinary Food &amp; Wine","Fausto Brozzi","Hotel Monaco","Venezia"],"articleSection":["Eventi enogastronomici","Sport, tempo libero"],"inLanguage":"fr-FR"},{"@type":"WebPage","@id":"https:\/\/www.bellunopress.it\/2019\/01\/27\/lunedi-allhotel-monaco-di-venezia-chiude-la-tre-giorni-dellextraordinary-food-wine\/","url":"https:\/\/www.bellunopress.it\/2019\/01\/27\/lunedi-allhotel-monaco-di-venezia-chiude-la-tre-giorni-dellextraordinary-food-wine\/","name":"Luned\u00ec all'Hotel Monaco di Venezia chiude la tre giorni dell'Extraordinary Food & Wine - Bellunopress - Dolomiti","isPartOf":{"@id":"https:\/\/www.bellunopress.it\/#website"},"primaryImageOfPage":{"@id":"https:\/\/www.bellunopress.it\/2019\/01\/27\/lunedi-allhotel-monaco-di-venezia-chiude-la-tre-giorni-dellextraordinary-food-wine\/#primaryimage"},"image":{"@id":"https:\/\/www.bellunopress.it\/2019\/01\/27\/lunedi-allhotel-monaco-di-venezia-chiude-la-tre-giorni-dellextraordinary-food-wine\/#primaryimage"},"thumbnailUrl":"http:\/\/www.bellunopress.it\/wp-content\/uploads\/2019\/01\/hotel-monaco-extraordinary-food-wine.jpg","datePublished":"2019-01-27T21:33:48+00:00","dateModified":"2019-02-03T10:00:26+00:00","breadcrumb":{"@id":"https:\/\/www.bellunopress.it\/2019\/01\/27\/lunedi-allhotel-monaco-di-venezia-chiude-la-tre-giorni-dellextraordinary-food-wine\/#breadcrumb"},"inLanguage":"fr-FR","potentialAction":[{"@type":"ReadAction","target":["https:\/\/www.bellunopress.it\/2019\/01\/27\/lunedi-allhotel-monaco-di-venezia-chiude-la-tre-giorni-dellextraordinary-food-wine\/"]}]},{"@type":"ImageObject","inLanguage":"fr-FR","@id":"https:\/\/www.bellunopress.it\/2019\/01\/27\/lunedi-allhotel-monaco-di-venezia-chiude-la-tre-giorni-dellextraordinary-food-wine\/#primaryimage","url":"http:\/\/www.bellunopress.it\/wp-content\/uploads\/2019\/01\/hotel-monaco-extraordinary-food-wine.jpg","contentUrl":"http:\/\/www.bellunopress.it\/wp-content\/uploads\/2019\/01\/hotel-monaco-extraordinary-food-wine.jpg"},{"@type":"BreadcrumbList","@id":"https:\/\/www.bellunopress.it\/2019\/01\/27\/lunedi-allhotel-monaco-di-venezia-chiude-la-tre-giorni-dellextraordinary-food-wine\/#breadcrumb","itemListElement":[{"@type":"ListItem","position":1,"name":"Home","item":"https:\/\/www.bellunopress.it\/"},{"@type":"ListItem","position":2,"name":"Luned\u00ec all&#8217;Hotel Monaco di Venezia chiude la tre giorni dell&#8217;Extraordinary Food &#038; Wine"}]},{"@type":"WebSite","@id":"https:\/\/www.bellunopress.it\/#website","url":"https:\/\/www.bellunopress.it\/","name":"Bellunopress - Dolomiti","description":"e-mail: redazione@bellunopress.it","publisher":{"@id":"https:\/\/www.bellunopress.it\/#organization"},"potentialAction":[{"@type":"SearchAction","target":{"@type":"EntryPoint","urlTemplate":"https:\/\/www.bellunopress.it\/?s={search_term_string}"},"query-input":{"@type":"PropertyValueSpecification","valueRequired":true,"valueName":"search_term_string"}}],"inLanguage":"fr-FR"},{"@type":"Organization","@id":"https:\/\/www.bellunopress.it\/#organization","name":"Bellunopress","url":"https:\/\/www.bellunopress.it\/","logo":{"@type":"ImageObject","inLanguage":"fr-FR","@id":"https:\/\/www.bellunopress.it\/#\/schema\/logo\/image\/","url":"https:\/\/www.bellunopress.it\/wp-content\/uploads\/2011\/05\/cropped-logo-bellunopress-.jpg","contentUrl":"https:\/\/www.bellunopress.it\/wp-content\/uploads\/2011\/05\/cropped-logo-bellunopress-.jpg","width":512,"height":512,"caption":"Bellunopress"},"image":{"@id":"https:\/\/www.bellunopress.it\/#\/schema\/logo\/image\/"},"sameAs":["https:\/\/www.facebook.com\/profile.php?id=100008943462799","https:\/\/x.com\/bellunopress","https:\/\/www.linkedin.com\/hp\/?dnr=JBzUWaJfMUw8vbXJJ2tVW5-I3jZKvC4wsoxE&amp;amp;amp;amp;amp;amp;trk=nav_responsive_tab_home","https:\/\/www.youtube.com\/channel\/UCxL0wu1uN0_3_7hGG0306cw"]},{"@type":"Person","@id":"https:\/\/www.bellunopress.it\/#\/schema\/person\/79bb06722b37ece1c03d3e94beb30d73","name":"r\u00e9daction","image":{"@type":"ImageObject","inLanguage":"fr-FR","@id":"https:\/\/secure.gravatar.com\/avatar\/37d968a2e67a6fd04c169c4bdef102d0bc5d31b2546345219e348575eb80e9a0?s=96&d=mm&r=g","url":"https:\/\/secure.gravatar.com\/avatar\/37d968a2e67a6fd04c169c4bdef102d0bc5d31b2546345219e348575eb80e9a0?s=96&d=mm&r=g","contentUrl":"https:\/\/secure.gravatar.com\/avatar\/37d968a2e67a6fd04c169c4bdef102d0bc5d31b2546345219e348575eb80e9a0?s=96&d=mm&r=g","caption":"redazione"},"sameAs":["http:\/\/www.bellunopress.it","https:\/\/x.com\/bellunopress"],"url":"https:\/\/www.bellunopress.it\/fr\/author\/redazione\/"}]}},"_links":{"self":[{"href":"https:\/\/www.bellunopress.it\/fr\/wp-json\/wp\/v2\/posts\/101502","targetHints":{"allow":["GET"]}}],"collection":[{"href":"https:\/\/www.bellunopress.it\/fr\/wp-json\/wp\/v2\/posts"}],"about":[{"href":"https:\/\/www.bellunopress.it\/fr\/wp-json\/wp\/v2\/types\/post"}],"author":[{"embeddable":true,"href":"https:\/\/www.bellunopress.it\/fr\/wp-json\/wp\/v2\/users\/2"}],"replies":[{"embeddable":true,"href":"https:\/\/www.bellunopress.it\/fr\/wp-json\/wp\/v2\/comments?post=101502"}],"version-history":[{"count":2,"href":"https:\/\/www.bellunopress.it\/fr\/wp-json\/wp\/v2\/posts\/101502\/revisions"}],"predecessor-version":[{"id":101505,"href":"https:\/\/www.bellunopress.it\/fr\/wp-json\/wp\/v2\/posts\/101502\/revisions\/101505"}],"wp:attachment":[{"href":"https:\/\/www.bellunopress.it\/fr\/wp-json\/wp\/v2\/media?parent=101502"}],"wp:term":[{"taxonomy":"category","embeddable":true,"href":"https:\/\/www.bellunopress.it\/fr\/wp-json\/wp\/v2\/categories?post=101502"},{"taxonomy":"post_tag","embeddable":true,"href":"https:\/\/www.bellunopress.it\/fr\/wp-json\/wp\/v2\/tags?post=101502"}],"curies":[{"name":"wp","href":"https:\/\/api.w.org\/{rel}","templated":true}]}}