{"id":101498,"date":"2019-01-27T21:01:00","date_gmt":"2019-01-27T20:01:00","guid":{"rendered":"http:\/\/www.bellunopress.it\/?p=101498"},"modified":"2019-01-27T21:01:00","modified_gmt":"2019-01-27T20:01:00","slug":"neve-fino-a-martedi-nelle-zone-montane-del-veneto","status":"publish","type":"post","link":"https:\/\/www.bellunopress.it\/fr\/2019\/01\/27\/neve-fino-a-martedi-nelle-zone-montane-del-veneto\/","title":{"rendered":"Neve fino a marted\u00ec nelle zone montane del Veneto"},"content":{"rendered":"<p><a href=\"http:\/\/www.bellunopress.it\/fr\/2019\/01\/27\/neve-fino-a-martedi-nelle-zone-montane-del-veneto\/neve-3\/\" rel=\"attachment wp-att-101499\"><img loading=\"lazy\" decoding=\"async\" class=\"alignleft size-full wp-image-101499\" src=\"http:\/\/www.bellunopress.it\/wp-content\/uploads\/2019\/01\/neve.jpg\" alt=\"\" width=\"300\" height=\"227\" \/><\/a>Venezia, 27 gennaio 2019\u00a0 &#8211;\u00a0\u00a0In Veneto da stasera fino alla mezzanotte di marted\u00ec 29 gennaio potranno verificarsi locali deboli nevicate in Cadore, nell\u2019Agordino, nel Feltrino e nella Val Belluna nonch\u00e9 sull\u2019altopiano di Asiago. Il Centro funzionale decentrato della Protezione civile del Veneto avvisa che le precipitazioni nevose sono pi\u00f9 probabili fra il tardo pomeriggio di domenica ed il primo mattino di luned\u00ec, in particolare nella serata odierna, sulle zone montane fino ai fondovalle prealpini, dove saranno possibili accumuli mediamente intorno ai 5 cm. Viste le temperature rigide la Protezione Civile del Veneto segnala il pericolo di ghiaccio e avvisa gli enti gestori di strade e ferrovie di vigilare sulla percorribilit\u00e0 delle infrastrutture.<\/p>\n<p>Domani in pianura , fino a met\u00e0 giornata , sono probabili (al 50-75%) piogge modeste, diffuse e discontinue; dal pomeriggio cesseranno a partire da nord-ovest. Sui monti fino all&#8217;alba la probabilit\u00e0 di nevicate, anche se modeste, \u00e8 medio-alta (50-75%), generalmente sopra i 500-700 metri di quota, mentre a quote inferiori si passer\u00e0 da neve a pioggia. Nel corso della mattina di domani i fenomeni andranno esaurendosi. Per marted\u00ec il centro meteorologico di Arpav prevede cieli sereni e nebbie in dissolvimento sin dal primo mattino.<\/p>","protected":false},"excerpt":{"rendered":"<p>Venezia, 27 gennaio 2019\u00a0 &#8211;\u00a0\u00a0In Veneto da stasera fino alla mezzanotte di marted\u00ec 29 gennaio potranno verificarsi locali deboli nevicate in Cadore, nell\u2019Agordino, nel Feltrino e nella Val Belluna nonch\u00e9 sull\u2019altopiano di Asiago. Il Centro funzionale decentrato della Protezione civile del Veneto avvisa che le precipitazioni nevose sono pi\u00f9 probabili fra il tardo pomeriggio di [&hellip;]<\/p>\n","protected":false},"author":2,"featured_media":0,"comment_status":"closed","ping_status":"open","sticky":false,"template":"","format":"standard","meta":{"footnotes":""},"categories":[38,26],"tags":[],"class_list":["post-101498","post","type-post","status-publish","format-standard","category-natura-ambiente","category-prima-pagina"],"yoast_head":"<!-- This site is optimized with the Yoast SEO plugin v28.4 - https:\/\/yoast.com\/product\/yoast-seo-wordpress\/ -->\n<title>Neve fino a marted\u00ec nelle zone montane del Veneto - Bellunopress - Dolomiti<\/title>\n<meta name=\"robots\" content=\"index, follow, max-snippet:-1, max-image-preview:large, max-video-preview:-1\" \/>\n<link rel=\"canonical\" href=\"https:\/\/www.bellunopress.it\/fr\/2019\/01\/27\/neve-fino-a-martedi-nelle-zone-montane-del-veneto\/\" \/>\n<meta property=\"og:locale\" content=\"fr_FR\" \/>\n<meta property=\"og:type\" content=\"article\" \/>\n<meta property=\"og:title\" content=\"Neve fino a marted\u00ec nelle zone montane del Veneto - Bellunopress - Dolomiti\" \/>\n<meta property=\"og:description\" content=\"Venezia, 27 gennaio 2019\u00a0 &#8211;\u00a0\u00a0In Veneto da stasera fino alla mezzanotte di marted\u00ec 29 gennaio potranno verificarsi locali deboli nevicate in Cadore, nell\u2019Agordino, nel Feltrino e nella Val Belluna nonch\u00e9 sull\u2019altopiano di Asiago. Il Centro funzionale decentrato della Protezione civile del Veneto avvisa che le precipitazioni nevose sono pi\u00f9 probabili fra il tardo pomeriggio di [&hellip;]\" \/>\n<meta property=\"og:url\" content=\"https:\/\/www.bellunopress.it\/fr\/2019\/01\/27\/neve-fino-a-martedi-nelle-zone-montane-del-veneto\/\" \/>\n<meta property=\"og:site_name\" content=\"Bellunopress - Dolomiti\" \/>\n<meta property=\"article:publisher\" content=\"https:\/\/www.facebook.com\/profile.php?id=100008943462799\" \/>\n<meta property=\"article:published_time\" content=\"2019-01-27T20:01:00+00:00\" \/>\n<meta property=\"og:image\" content=\"http:\/\/www.bellunopress.it\/wp-content\/uploads\/2019\/01\/neve.jpg\" \/>\n<meta name=\"author\" content=\"redazione\" \/>\n<meta name=\"twitter:card\" content=\"summary_large_image\" \/>\n<meta name=\"twitter:creator\" content=\"@bellunopress\" \/>\n<meta name=\"twitter:site\" content=\"@bellunopress\" \/>\n<meta name=\"twitter:label1\" content=\"\u00c9crit par\" \/>\n\t<meta name=\"twitter:data1\" content=\"redazione\" \/>\n\t<meta name=\"twitter:label2\" content=\"Dur\u00e9e de lecture estim\u00e9e\" \/>\n\t<meta name=\"twitter:data2\" content=\"1 minute\" \/>\n<script type=\"application\/ld+json\" class=\"yoast-schema-graph\">{\"@context\":\"https:\\\/\\\/schema.org\",\"@graph\":[{\"@type\":\"Article\",\"@id\":\"https:\\\/\\\/www.bellunopress.it\\\/2019\\\/01\\\/27\\\/neve-fino-a-martedi-nelle-zone-montane-del-veneto\\\/#article\",\"isPartOf\":{\"@id\":\"https:\\\/\\\/www.bellunopress.it\\\/2019\\\/01\\\/27\\\/neve-fino-a-martedi-nelle-zone-montane-del-veneto\\\/\"},\"author\":{\"name\":\"redazione\",\"@id\":\"https:\\\/\\\/www.bellunopress.it\\\/#\\\/schema\\\/person\\\/79bb06722b37ece1c03d3e94beb30d73\"},\"headline\":\"Neve fino a marted\u00ec nelle zone montane del Veneto\",\"datePublished\":\"2019-01-27T20:01:00+00:00\",\"mainEntityOfPage\":{\"@id\":\"https:\\\/\\\/www.bellunopress.it\\\/2019\\\/01\\\/27\\\/neve-fino-a-martedi-nelle-zone-montane-del-veneto\\\/\"},\"wordCount\":202,\"publisher\":{\"@id\":\"https:\\\/\\\/www.bellunopress.it\\\/#organization\"},\"image\":{\"@id\":\"https:\\\/\\\/www.bellunopress.it\\\/2019\\\/01\\\/27\\\/neve-fino-a-martedi-nelle-zone-montane-del-veneto\\\/#primaryimage\"},\"thumbnailUrl\":\"http:\\\/\\\/www.bellunopress.it\\\/wp-content\\\/uploads\\\/2019\\\/01\\\/neve.jpg\",\"articleSection\":[\"Meteo, natura, ambiente, animali\",\"Prima Pagina\"],\"inLanguage\":\"fr-FR\"},{\"@type\":\"WebPage\",\"@id\":\"https:\\\/\\\/www.bellunopress.it\\\/2019\\\/01\\\/27\\\/neve-fino-a-martedi-nelle-zone-montane-del-veneto\\\/\",\"url\":\"https:\\\/\\\/www.bellunopress.it\\\/2019\\\/01\\\/27\\\/neve-fino-a-martedi-nelle-zone-montane-del-veneto\\\/\",\"name\":\"Neve fino a marted\u00ec nelle zone montane del Veneto - Bellunopress - Dolomiti\",\"isPartOf\":{\"@id\":\"https:\\\/\\\/www.bellunopress.it\\\/#website\"},\"primaryImageOfPage\":{\"@id\":\"https:\\\/\\\/www.bellunopress.it\\\/2019\\\/01\\\/27\\\/neve-fino-a-martedi-nelle-zone-montane-del-veneto\\\/#primaryimage\"},\"image\":{\"@id\":\"https:\\\/\\\/www.bellunopress.it\\\/2019\\\/01\\\/27\\\/neve-fino-a-martedi-nelle-zone-montane-del-veneto\\\/#primaryimage\"},\"thumbnailUrl\":\"http:\\\/\\\/www.bellunopress.it\\\/wp-content\\\/uploads\\\/2019\\\/01\\\/neve.jpg\",\"datePublished\":\"2019-01-27T20:01:00+00:00\",\"breadcrumb\":{\"@id\":\"https:\\\/\\\/www.bellunopress.it\\\/2019\\\/01\\\/27\\\/neve-fino-a-martedi-nelle-zone-montane-del-veneto\\\/#breadcrumb\"},\"inLanguage\":\"fr-FR\",\"potentialAction\":[{\"@type\":\"ReadAction\",\"target\":[\"https:\\\/\\\/www.bellunopress.it\\\/2019\\\/01\\\/27\\\/neve-fino-a-martedi-nelle-zone-montane-del-veneto\\\/\"]}]},{\"@type\":\"ImageObject\",\"inLanguage\":\"fr-FR\",\"@id\":\"https:\\\/\\\/www.bellunopress.it\\\/2019\\\/01\\\/27\\\/neve-fino-a-martedi-nelle-zone-montane-del-veneto\\\/#primaryimage\",\"url\":\"http:\\\/\\\/www.bellunopress.it\\\/wp-content\\\/uploads\\\/2019\\\/01\\\/neve.jpg\",\"contentUrl\":\"http:\\\/\\\/www.bellunopress.it\\\/wp-content\\\/uploads\\\/2019\\\/01\\\/neve.jpg\"},{\"@type\":\"BreadcrumbList\",\"@id\":\"https:\\\/\\\/www.bellunopress.it\\\/2019\\\/01\\\/27\\\/neve-fino-a-martedi-nelle-zone-montane-del-veneto\\\/#breadcrumb\",\"itemListElement\":[{\"@type\":\"ListItem\",\"position\":1,\"name\":\"Home\",\"item\":\"https:\\\/\\\/www.bellunopress.it\\\/\"},{\"@type\":\"ListItem\",\"position\":2,\"name\":\"Neve fino a marted\u00ec nelle zone montane del Veneto\"}]},{\"@type\":\"WebSite\",\"@id\":\"https:\\\/\\\/www.bellunopress.it\\\/#website\",\"url\":\"https:\\\/\\\/www.bellunopress.it\\\/\",\"name\":\"Bellunopress - Dolomiti\",\"description\":\"e-mail: redazione@bellunopress.it\",\"publisher\":{\"@id\":\"https:\\\/\\\/www.bellunopress.it\\\/#organization\"},\"potentialAction\":[{\"@type\":\"SearchAction\",\"target\":{\"@type\":\"EntryPoint\",\"urlTemplate\":\"https:\\\/\\\/www.bellunopress.it\\\/?s={search_term_string}\"},\"query-input\":{\"@type\":\"PropertyValueSpecification\",\"valueRequired\":true,\"valueName\":\"search_term_string\"}}],\"inLanguage\":\"fr-FR\"},{\"@type\":\"Organization\",\"@id\":\"https:\\\/\\\/www.bellunopress.it\\\/#organization\",\"name\":\"Bellunopress\",\"url\":\"https:\\\/\\\/www.bellunopress.it\\\/\",\"logo\":{\"@type\":\"ImageObject\",\"inLanguage\":\"fr-FR\",\"@id\":\"https:\\\/\\\/www.bellunopress.it\\\/#\\\/schema\\\/logo\\\/image\\\/\",\"url\":\"https:\\\/\\\/www.bellunopress.it\\\/wp-content\\\/uploads\\\/2011\\\/05\\\/cropped-logo-bellunopress-.jpg\",\"contentUrl\":\"https:\\\/\\\/www.bellunopress.it\\\/wp-content\\\/uploads\\\/2011\\\/05\\\/cropped-logo-bellunopress-.jpg\",\"width\":512,\"height\":512,\"caption\":\"Bellunopress\"},\"image\":{\"@id\":\"https:\\\/\\\/www.bellunopress.it\\\/#\\\/schema\\\/logo\\\/image\\\/\"},\"sameAs\":[\"https:\\\/\\\/www.facebook.com\\\/profile.php?id=100008943462799\",\"https:\\\/\\\/x.com\\\/bellunopress\",\"https:\\\/\\\/www.linkedin.com\\\/hp\\\/?dnr=JBzUWaJfMUw8vbXJJ2tVW5-I3jZKvC4wsoxE&amp;amp;amp;amp;amp;amp;trk=nav_responsive_tab_home\",\"https:\\\/\\\/www.youtube.com\\\/channel\\\/UCxL0wu1uN0_3_7hGG0306cw\"]},{\"@type\":\"Person\",\"@id\":\"https:\\\/\\\/www.bellunopress.it\\\/#\\\/schema\\\/person\\\/79bb06722b37ece1c03d3e94beb30d73\",\"name\":\"redazione\",\"image\":{\"@type\":\"ImageObject\",\"inLanguage\":\"fr-FR\",\"@id\":\"https:\\\/\\\/secure.gravatar.com\\\/avatar\\\/37d968a2e67a6fd04c169c4bdef102d0bc5d31b2546345219e348575eb80e9a0?s=96&d=mm&r=g\",\"url\":\"https:\\\/\\\/secure.gravatar.com\\\/avatar\\\/37d968a2e67a6fd04c169c4bdef102d0bc5d31b2546345219e348575eb80e9a0?s=96&d=mm&r=g\",\"contentUrl\":\"https:\\\/\\\/secure.gravatar.com\\\/avatar\\\/37d968a2e67a6fd04c169c4bdef102d0bc5d31b2546345219e348575eb80e9a0?s=96&d=mm&r=g\",\"caption\":\"redazione\"},\"sameAs\":[\"http:\\\/\\\/www.bellunopress.it\",\"https:\\\/\\\/x.com\\\/bellunopress\"],\"url\":\"https:\\\/\\\/www.bellunopress.it\\\/fr\\\/author\\\/redazione\\\/\"}]}<\/script>\n<!-- \/ Yoast SEO plugin. -->","yoast_head_json":{"title":"Neve fino a marted\u00ec nelle zone montane del Veneto - Bellunopress - Dolomiti","robots":{"index":"index","follow":"follow","max-snippet":"max-snippet:-1","max-image-preview":"max-image-preview:large","max-video-preview":"max-video-preview:-1"},"canonical":"https:\/\/www.bellunopress.it\/fr\/2019\/01\/27\/neve-fino-a-martedi-nelle-zone-montane-del-veneto\/","og_locale":"fr_FR","og_type":"article","og_title":"Neve fino a marted\u00ec nelle zone montane del Veneto - Bellunopress - Dolomiti","og_description":"Venezia, 27 gennaio 2019\u00a0 &#8211;\u00a0\u00a0In Veneto da stasera fino alla mezzanotte di marted\u00ec 29 gennaio potranno verificarsi locali deboli nevicate in Cadore, nell\u2019Agordino, nel Feltrino e nella Val Belluna nonch\u00e9 sull\u2019altopiano di Asiago. Il Centro funzionale decentrato della Protezione civile del Veneto avvisa che le precipitazioni nevose sono pi\u00f9 probabili fra il tardo pomeriggio di [&hellip;]","og_url":"https:\/\/www.bellunopress.it\/fr\/2019\/01\/27\/neve-fino-a-martedi-nelle-zone-montane-del-veneto\/","og_site_name":"Bellunopress - Dolomiti","article_publisher":"https:\/\/www.facebook.com\/profile.php?id=100008943462799","article_published_time":"2019-01-27T20:01:00+00:00","og_image":[{"url":"http:\/\/www.bellunopress.it\/wp-content\/uploads\/2019\/01\/neve.jpg","type":"","width":"","height":""}],"author":"redazione","twitter_card":"summary_large_image","twitter_creator":"@bellunopress","twitter_site":"@bellunopress","twitter_misc":{"\u00c9crit par":"redazione","Dur\u00e9e de lecture estim\u00e9e":"1 minute"},"schema":{"@context":"https:\/\/schema.org","@graph":[{"@type":"Article","@id":"https:\/\/www.bellunopress.it\/2019\/01\/27\/neve-fino-a-martedi-nelle-zone-montane-del-veneto\/#article","isPartOf":{"@id":"https:\/\/www.bellunopress.it\/2019\/01\/27\/neve-fino-a-martedi-nelle-zone-montane-del-veneto\/"},"author":{"name":"redazione","@id":"https:\/\/www.bellunopress.it\/#\/schema\/person\/79bb06722b37ece1c03d3e94beb30d73"},"headline":"Neve fino a marted\u00ec nelle zone montane del Veneto","datePublished":"2019-01-27T20:01:00+00:00","mainEntityOfPage":{"@id":"https:\/\/www.bellunopress.it\/2019\/01\/27\/neve-fino-a-martedi-nelle-zone-montane-del-veneto\/"},"wordCount":202,"publisher":{"@id":"https:\/\/www.bellunopress.it\/#organization"},"image":{"@id":"https:\/\/www.bellunopress.it\/2019\/01\/27\/neve-fino-a-martedi-nelle-zone-montane-del-veneto\/#primaryimage"},"thumbnailUrl":"http:\/\/www.bellunopress.it\/wp-content\/uploads\/2019\/01\/neve.jpg","articleSection":["Meteo, natura, ambiente, animali","Prima Pagina"],"inLanguage":"fr-FR"},{"@type":"WebPage","@id":"https:\/\/www.bellunopress.it\/2019\/01\/27\/neve-fino-a-martedi-nelle-zone-montane-del-veneto\/","url":"https:\/\/www.bellunopress.it\/2019\/01\/27\/neve-fino-a-martedi-nelle-zone-montane-del-veneto\/","name":"Neve fino a marted\u00ec nelle zone montane del Veneto - Bellunopress - Dolomiti","isPartOf":{"@id":"https:\/\/www.bellunopress.it\/#website"},"primaryImageOfPage":{"@id":"https:\/\/www.bellunopress.it\/2019\/01\/27\/neve-fino-a-martedi-nelle-zone-montane-del-veneto\/#primaryimage"},"image":{"@id":"https:\/\/www.bellunopress.it\/2019\/01\/27\/neve-fino-a-martedi-nelle-zone-montane-del-veneto\/#primaryimage"},"thumbnailUrl":"http:\/\/www.bellunopress.it\/wp-content\/uploads\/2019\/01\/neve.jpg","datePublished":"2019-01-27T20:01:00+00:00","breadcrumb":{"@id":"https:\/\/www.bellunopress.it\/2019\/01\/27\/neve-fino-a-martedi-nelle-zone-montane-del-veneto\/#breadcrumb"},"inLanguage":"fr-FR","potentialAction":[{"@type":"ReadAction","target":["https:\/\/www.bellunopress.it\/2019\/01\/27\/neve-fino-a-martedi-nelle-zone-montane-del-veneto\/"]}]},{"@type":"ImageObject","inLanguage":"fr-FR","@id":"https:\/\/www.bellunopress.it\/2019\/01\/27\/neve-fino-a-martedi-nelle-zone-montane-del-veneto\/#primaryimage","url":"http:\/\/www.bellunopress.it\/wp-content\/uploads\/2019\/01\/neve.jpg","contentUrl":"http:\/\/www.bellunopress.it\/wp-content\/uploads\/2019\/01\/neve.jpg"},{"@type":"BreadcrumbList","@id":"https:\/\/www.bellunopress.it\/2019\/01\/27\/neve-fino-a-martedi-nelle-zone-montane-del-veneto\/#breadcrumb","itemListElement":[{"@type":"ListItem","position":1,"name":"Home","item":"https:\/\/www.bellunopress.it\/"},{"@type":"ListItem","position":2,"name":"Neve fino a marted\u00ec nelle zone montane del Veneto"}]},{"@type":"WebSite","@id":"https:\/\/www.bellunopress.it\/#website","url":"https:\/\/www.bellunopress.it\/","name":"Bellunopress - Dolomiti","description":"e-mail: redazione@bellunopress.it","publisher":{"@id":"https:\/\/www.bellunopress.it\/#organization"},"potentialAction":[{"@type":"SearchAction","target":{"@type":"EntryPoint","urlTemplate":"https:\/\/www.bellunopress.it\/?s={search_term_string}"},"query-input":{"@type":"PropertyValueSpecification","valueRequired":true,"valueName":"search_term_string"}}],"inLanguage":"fr-FR"},{"@type":"Organization","@id":"https:\/\/www.bellunopress.it\/#organization","name":"Bellunopress","url":"https:\/\/www.bellunopress.it\/","logo":{"@type":"ImageObject","inLanguage":"fr-FR","@id":"https:\/\/www.bellunopress.it\/#\/schema\/logo\/image\/","url":"https:\/\/www.bellunopress.it\/wp-content\/uploads\/2011\/05\/cropped-logo-bellunopress-.jpg","contentUrl":"https:\/\/www.bellunopress.it\/wp-content\/uploads\/2011\/05\/cropped-logo-bellunopress-.jpg","width":512,"height":512,"caption":"Bellunopress"},"image":{"@id":"https:\/\/www.bellunopress.it\/#\/schema\/logo\/image\/"},"sameAs":["https:\/\/www.facebook.com\/profile.php?id=100008943462799","https:\/\/x.com\/bellunopress","https:\/\/www.linkedin.com\/hp\/?dnr=JBzUWaJfMUw8vbXJJ2tVW5-I3jZKvC4wsoxE&amp;amp;amp;amp;amp;amp;trk=nav_responsive_tab_home","https:\/\/www.youtube.com\/channel\/UCxL0wu1uN0_3_7hGG0306cw"]},{"@type":"Person","@id":"https:\/\/www.bellunopress.it\/#\/schema\/person\/79bb06722b37ece1c03d3e94beb30d73","name":"r\u00e9daction","image":{"@type":"ImageObject","inLanguage":"fr-FR","@id":"https:\/\/secure.gravatar.com\/avatar\/37d968a2e67a6fd04c169c4bdef102d0bc5d31b2546345219e348575eb80e9a0?s=96&d=mm&r=g","url":"https:\/\/secure.gravatar.com\/avatar\/37d968a2e67a6fd04c169c4bdef102d0bc5d31b2546345219e348575eb80e9a0?s=96&d=mm&r=g","contentUrl":"https:\/\/secure.gravatar.com\/avatar\/37d968a2e67a6fd04c169c4bdef102d0bc5d31b2546345219e348575eb80e9a0?s=96&d=mm&r=g","caption":"redazione"},"sameAs":["http:\/\/www.bellunopress.it","https:\/\/x.com\/bellunopress"],"url":"https:\/\/www.bellunopress.it\/fr\/author\/redazione\/"}]}},"_links":{"self":[{"href":"https:\/\/www.bellunopress.it\/fr\/wp-json\/wp\/v2\/posts\/101498","targetHints":{"allow":["GET"]}}],"collection":[{"href":"https:\/\/www.bellunopress.it\/fr\/wp-json\/wp\/v2\/posts"}],"about":[{"href":"https:\/\/www.bellunopress.it\/fr\/wp-json\/wp\/v2\/types\/post"}],"author":[{"embeddable":true,"href":"https:\/\/www.bellunopress.it\/fr\/wp-json\/wp\/v2\/users\/2"}],"replies":[{"embeddable":true,"href":"https:\/\/www.bellunopress.it\/fr\/wp-json\/wp\/v2\/comments?post=101498"}],"version-history":[{"count":2,"href":"https:\/\/www.bellunopress.it\/fr\/wp-json\/wp\/v2\/posts\/101498\/revisions"}],"predecessor-version":[{"id":101501,"href":"https:\/\/www.bellunopress.it\/fr\/wp-json\/wp\/v2\/posts\/101498\/revisions\/101501"}],"wp:attachment":[{"href":"https:\/\/www.bellunopress.it\/fr\/wp-json\/wp\/v2\/media?parent=101498"}],"wp:term":[{"taxonomy":"category","embeddable":true,"href":"https:\/\/www.bellunopress.it\/fr\/wp-json\/wp\/v2\/categories?post=101498"},{"taxonomy":"post_tag","embeddable":true,"href":"https:\/\/www.bellunopress.it\/fr\/wp-json\/wp\/v2\/tags?post=101498"}],"curies":[{"name":"wp","href":"https:\/\/api.w.org\/{rel}","templated":true}]}}