{"id":10135,"date":"2009-11-27T07:38:28","date_gmt":"2009-11-27T06:38:28","guid":{"rendered":"http:\/\/www.bellunopress.it\/?p=10135"},"modified":"2009-11-26T19:44:51","modified_gmt":"2009-11-26T18:44:51","slug":"accorpamento-dipartimento-materno-infantile-allospedale-di-belluno-11-milioni-300-mila-euro-dalla-regione","status":"publish","type":"post","link":"https:\/\/www.bellunopress.it\/fr\/2009\/11\/27\/accorpamento-dipartimento-materno-infantile-allospedale-di-belluno-11-milioni-300-mila-euro-dalla-regione\/","title":{"rendered":"Accorpamento dipartimento materno-infantile all&#8217;ospedale di Belluno: 11 milioni 300 mila euro dalla Regione"},"content":{"rendered":"<p>E\u2019 stato siglato ufficialmente poco fa a Roma un importante Accordo di Programma tra Regione del Veneto e Ministero del Welfare che mette a disposizione 139 milioni e 300 mila euro per finanziare una serie di importanti interventi sul patrimonio edilizio ospedaliero regionale. In calce al documento, le firme del Viceministro Ferruccio Fazio e dell\u2019Assessore alla Sanit\u00e0 Sandro Sandri. I Progetti finanziati sono i seguenti: Sistemazione definitiva dell\u2019Ospedale Magalini di Villafranca Veronese (40 milioni di euro); integrazione e completamento degli Ospedali di Borgo Trento e Borgo Roma dell\u2019Azienda Ospedaliera di Verona (40 milioni); riorganizzazione e adeguamento del blocco operatorio principale e dell\u2019area terapie intensive dell\u2019Ospedale di Vicenza (20 milioni); opere di adeguamento dell\u2019Ospedale di Adria (8 milioni); accorpamento del Dipartimento Materno Infantile dell\u2019Ospedale di Belluno (11 milioni 300 mila); opere di adeguamento strutturale e tecnologico dell\u2019Ospedale di Asiago (20 milioni). \u201cE\u2019 un momento di grande soddisfazione \u2013 ha sottolineato Sandri subito dopo la firma dell\u2019accordo \u2013 perch\u00e9 si porteranno cos\u00ec a compimento progettualit\u00e0 di grande rilievo per il nostro sistema ospedaliero. Penso, tanto per fare un esempio, al completamento del Magalini di Villafranca che cos\u00ec, dopo l\u2019incendio, verr\u00e0 restituito ai cittadini pi\u00f9 moderno e efficiente di prima, rispondendo con i fatti alle tante parole che hanno alimentato sterili e pretestuose polemiche\u201d. Pi\u00f9 in generale, Sandri ha sottolineato che \u201cPer restare ai livelli di eccellenza della sanit\u00e0 regionale e per rispondere alle esigenze di cura e assistenza che arrivano non solo dal Veneto, ma anche dal resto dell\u2019Italia e dall\u2019estero, l\u2019opera di rinnovamento strutturale dei nostri ospedali va attuata e aggiornata costantemente, anche in momenti finanziari non facili come questi. Posso dire di essere orgoglioso che il Veneto ci stia riuscendo\u201d.<\/p>","protected":false},"excerpt":{"rendered":"<p>E\u2019 stato siglato ufficialmente poco fa a Roma un importante Accordo di Programma tra Regione del Veneto e Ministero del Welfare che mette a disposizione 139 milioni e 300 mila euro per finanziare una serie di importanti interventi sul patrimonio edilizio ospedaliero regionale. In calce al documento, le firme del Viceministro Ferruccio Fazio e dell\u2019Assessore [&hellip;]<\/p>\n","protected":false},"author":2,"featured_media":0,"comment_status":"closed","ping_status":"open","sticky":false,"template":"","format":"standard","meta":{"footnotes":""},"categories":[5,26,17],"tags":[3050],"class_list":["post-10135","post","type-post","status-publish","format-standard","category-cronaca","category-prima-pagina","category-sanita","tag-sanita"],"yoast_head":"<!-- This site is optimized with the Yoast SEO plugin v28.4 - https:\/\/yoast.com\/product\/yoast-seo-wordpress\/ -->\n<title>Accorpamento dipartimento materno-infantile all&#039;ospedale di Belluno: 11 milioni 300 mila euro dalla Regione - Bellunopress - Dolomiti<\/title>\n<meta name=\"robots\" content=\"index, follow, max-snippet:-1, max-image-preview:large, max-video-preview:-1\" \/>\n<link rel=\"canonical\" href=\"https:\/\/www.bellunopress.it\/fr\/2009\/11\/27\/accorpamento-dipartimento-materno-infantile-allospedale-di-belluno-11-milioni-300-mila-euro-dalla-regione\/\" \/>\n<meta property=\"og:locale\" content=\"fr_FR\" \/>\n<meta property=\"og:type\" content=\"article\" \/>\n<meta property=\"og:title\" content=\"Accorpamento dipartimento materno-infantile all&#039;ospedale di Belluno: 11 milioni 300 mila euro dalla Regione - Bellunopress - Dolomiti\" \/>\n<meta property=\"og:description\" content=\"E\u2019 stato siglato ufficialmente poco fa a Roma un importante Accordo di Programma tra Regione del Veneto e Ministero del Welfare che mette a disposizione 139 milioni e 300 mila euro per finanziare una serie di importanti interventi sul patrimonio edilizio ospedaliero regionale. In calce al documento, le firme del Viceministro Ferruccio Fazio e dell\u2019Assessore [&hellip;]\" \/>\n<meta property=\"og:url\" content=\"https:\/\/www.bellunopress.it\/fr\/2009\/11\/27\/accorpamento-dipartimento-materno-infantile-allospedale-di-belluno-11-milioni-300-mila-euro-dalla-regione\/\" \/>\n<meta property=\"og:site_name\" content=\"Bellunopress - Dolomiti\" \/>\n<meta property=\"article:publisher\" content=\"https:\/\/www.facebook.com\/profile.php?id=100008943462799\" \/>\n<meta property=\"article:published_time\" content=\"2009-11-27T06:38:28+00:00\" \/>\n<meta property=\"og:image\" content=\"http:\/\/www.bellunopress.it\/wp-content\/uploads\/2012\/07\/logo-bellunopress-250x250-2012.jpg\" \/>\n<meta name=\"author\" content=\"redazione\" \/>\n<meta name=\"twitter:card\" content=\"summary_large_image\" \/>\n<meta name=\"twitter:creator\" content=\"@bellunopress\" \/>\n<meta name=\"twitter:site\" content=\"@bellunopress\" \/>\n<meta name=\"twitter:label1\" content=\"\u00c9crit par\" \/>\n\t<meta name=\"twitter:data1\" content=\"redazione\" \/>\n\t<meta name=\"twitter:label2\" content=\"Dur\u00e9e de lecture estim\u00e9e\" \/>\n\t<meta name=\"twitter:data2\" content=\"1 minute\" \/>\n<script type=\"application\/ld+json\" class=\"yoast-schema-graph\">{\"@context\":\"https:\\\/\\\/schema.org\",\"@graph\":[{\"@type\":\"Article\",\"@id\":\"https:\\\/\\\/www.bellunopress.it\\\/2009\\\/11\\\/27\\\/accorpamento-dipartimento-materno-infantile-allospedale-di-belluno-11-milioni-300-mila-euro-dalla-regione\\\/#article\",\"isPartOf\":{\"@id\":\"https:\\\/\\\/www.bellunopress.it\\\/2009\\\/11\\\/27\\\/accorpamento-dipartimento-materno-infantile-allospedale-di-belluno-11-milioni-300-mila-euro-dalla-regione\\\/\"},\"author\":{\"name\":\"redazione\",\"@id\":\"https:\\\/\\\/www.bellunopress.it\\\/#\\\/schema\\\/person\\\/79bb06722b37ece1c03d3e94beb30d73\"},\"headline\":\"Accorpamento dipartimento materno-infantile all&#8217;ospedale di Belluno: 11 milioni 300 mila euro dalla Regione\",\"datePublished\":\"2009-11-27T06:38:28+00:00\",\"mainEntityOfPage\":{\"@id\":\"https:\\\/\\\/www.bellunopress.it\\\/2009\\\/11\\\/27\\\/accorpamento-dipartimento-materno-infantile-allospedale-di-belluno-11-milioni-300-mila-euro-dalla-regione\\\/\"},\"wordCount\":294,\"publisher\":{\"@id\":\"https:\\\/\\\/www.bellunopress.it\\\/#organization\"},\"keywords\":[\"Sanit\u00e0\"],\"articleSection\":[\"Cronaca\\\/Politica\",\"Prima Pagina\",\"Sanit\u00e0 Medicina\"],\"inLanguage\":\"fr-FR\"},{\"@type\":\"WebPage\",\"@id\":\"https:\\\/\\\/www.bellunopress.it\\\/2009\\\/11\\\/27\\\/accorpamento-dipartimento-materno-infantile-allospedale-di-belluno-11-milioni-300-mila-euro-dalla-regione\\\/\",\"url\":\"https:\\\/\\\/www.bellunopress.it\\\/2009\\\/11\\\/27\\\/accorpamento-dipartimento-materno-infantile-allospedale-di-belluno-11-milioni-300-mila-euro-dalla-regione\\\/\",\"name\":\"Accorpamento dipartimento materno-infantile all'ospedale di Belluno: 11 milioni 300 mila euro dalla Regione - Bellunopress - Dolomiti\",\"isPartOf\":{\"@id\":\"https:\\\/\\\/www.bellunopress.it\\\/#website\"},\"datePublished\":\"2009-11-27T06:38:28+00:00\",\"breadcrumb\":{\"@id\":\"https:\\\/\\\/www.bellunopress.it\\\/2009\\\/11\\\/27\\\/accorpamento-dipartimento-materno-infantile-allospedale-di-belluno-11-milioni-300-mila-euro-dalla-regione\\\/#breadcrumb\"},\"inLanguage\":\"fr-FR\",\"potentialAction\":[{\"@type\":\"ReadAction\",\"target\":[\"https:\\\/\\\/www.bellunopress.it\\\/2009\\\/11\\\/27\\\/accorpamento-dipartimento-materno-infantile-allospedale-di-belluno-11-milioni-300-mila-euro-dalla-regione\\\/\"]}]},{\"@type\":\"BreadcrumbList\",\"@id\":\"https:\\\/\\\/www.bellunopress.it\\\/2009\\\/11\\\/27\\\/accorpamento-dipartimento-materno-infantile-allospedale-di-belluno-11-milioni-300-mila-euro-dalla-regione\\\/#breadcrumb\",\"itemListElement\":[{\"@type\":\"ListItem\",\"position\":1,\"name\":\"Home\",\"item\":\"https:\\\/\\\/www.bellunopress.it\\\/\"},{\"@type\":\"ListItem\",\"position\":2,\"name\":\"Accorpamento dipartimento materno-infantile all&#8217;ospedale di Belluno: 11 milioni 300 mila euro dalla Regione\"}]},{\"@type\":\"WebSite\",\"@id\":\"https:\\\/\\\/www.bellunopress.it\\\/#website\",\"url\":\"https:\\\/\\\/www.bellunopress.it\\\/\",\"name\":\"Bellunopress - Dolomiti\",\"description\":\"e-mail: redazione@bellunopress.it\",\"publisher\":{\"@id\":\"https:\\\/\\\/www.bellunopress.it\\\/#organization\"},\"potentialAction\":[{\"@type\":\"SearchAction\",\"target\":{\"@type\":\"EntryPoint\",\"urlTemplate\":\"https:\\\/\\\/www.bellunopress.it\\\/?s={search_term_string}\"},\"query-input\":{\"@type\":\"PropertyValueSpecification\",\"valueRequired\":true,\"valueName\":\"search_term_string\"}}],\"inLanguage\":\"fr-FR\"},{\"@type\":\"Organization\",\"@id\":\"https:\\\/\\\/www.bellunopress.it\\\/#organization\",\"name\":\"Bellunopress\",\"url\":\"https:\\\/\\\/www.bellunopress.it\\\/\",\"logo\":{\"@type\":\"ImageObject\",\"inLanguage\":\"fr-FR\",\"@id\":\"https:\\\/\\\/www.bellunopress.it\\\/#\\\/schema\\\/logo\\\/image\\\/\",\"url\":\"https:\\\/\\\/www.bellunopress.it\\\/wp-content\\\/uploads\\\/2011\\\/05\\\/cropped-logo-bellunopress-.jpg\",\"contentUrl\":\"https:\\\/\\\/www.bellunopress.it\\\/wp-content\\\/uploads\\\/2011\\\/05\\\/cropped-logo-bellunopress-.jpg\",\"width\":512,\"height\":512,\"caption\":\"Bellunopress\"},\"image\":{\"@id\":\"https:\\\/\\\/www.bellunopress.it\\\/#\\\/schema\\\/logo\\\/image\\\/\"},\"sameAs\":[\"https:\\\/\\\/www.facebook.com\\\/profile.php?id=100008943462799\",\"https:\\\/\\\/x.com\\\/bellunopress\",\"https:\\\/\\\/www.linkedin.com\\\/hp\\\/?dnr=JBzUWaJfMUw8vbXJJ2tVW5-I3jZKvC4wsoxE&amp;amp;amp;amp;amp;amp;trk=nav_responsive_tab_home\",\"https:\\\/\\\/www.youtube.com\\\/channel\\\/UCxL0wu1uN0_3_7hGG0306cw\"]},{\"@type\":\"Person\",\"@id\":\"https:\\\/\\\/www.bellunopress.it\\\/#\\\/schema\\\/person\\\/79bb06722b37ece1c03d3e94beb30d73\",\"name\":\"redazione\",\"image\":{\"@type\":\"ImageObject\",\"inLanguage\":\"fr-FR\",\"@id\":\"https:\\\/\\\/secure.gravatar.com\\\/avatar\\\/37d968a2e67a6fd04c169c4bdef102d0bc5d31b2546345219e348575eb80e9a0?s=96&d=mm&r=g\",\"url\":\"https:\\\/\\\/secure.gravatar.com\\\/avatar\\\/37d968a2e67a6fd04c169c4bdef102d0bc5d31b2546345219e348575eb80e9a0?s=96&d=mm&r=g\",\"contentUrl\":\"https:\\\/\\\/secure.gravatar.com\\\/avatar\\\/37d968a2e67a6fd04c169c4bdef102d0bc5d31b2546345219e348575eb80e9a0?s=96&d=mm&r=g\",\"caption\":\"redazione\"},\"sameAs\":[\"http:\\\/\\\/www.bellunopress.it\",\"https:\\\/\\\/x.com\\\/bellunopress\"],\"url\":\"https:\\\/\\\/www.bellunopress.it\\\/fr\\\/author\\\/redazione\\\/\"}]}<\/script>\n<!-- \/ Yoast SEO plugin. -->","yoast_head_json":{"title":"Accorpamento dipartimento materno-infantile all'ospedale di Belluno: 11 milioni 300 mila euro dalla Regione - Bellunopress - Dolomiti","robots":{"index":"index","follow":"follow","max-snippet":"max-snippet:-1","max-image-preview":"max-image-preview:large","max-video-preview":"max-video-preview:-1"},"canonical":"https:\/\/www.bellunopress.it\/fr\/2009\/11\/27\/accorpamento-dipartimento-materno-infantile-allospedale-di-belluno-11-milioni-300-mila-euro-dalla-regione\/","og_locale":"fr_FR","og_type":"article","og_title":"Accorpamento dipartimento materno-infantile all'ospedale di Belluno: 11 milioni 300 mila euro dalla Regione - Bellunopress - Dolomiti","og_description":"E\u2019 stato siglato ufficialmente poco fa a Roma un importante Accordo di Programma tra Regione del Veneto e Ministero del Welfare che mette a disposizione 139 milioni e 300 mila euro per finanziare una serie di importanti interventi sul patrimonio edilizio ospedaliero regionale. In calce al documento, le firme del Viceministro Ferruccio Fazio e dell\u2019Assessore [&hellip;]","og_url":"https:\/\/www.bellunopress.it\/fr\/2009\/11\/27\/accorpamento-dipartimento-materno-infantile-allospedale-di-belluno-11-milioni-300-mila-euro-dalla-regione\/","og_site_name":"Bellunopress - Dolomiti","article_publisher":"https:\/\/www.facebook.com\/profile.php?id=100008943462799","article_published_time":"2009-11-27T06:38:28+00:00","og_image":[{"url":"http:\/\/www.bellunopress.it\/wp-content\/uploads\/2012\/07\/logo-bellunopress-250x250-2012.jpg","type":"","width":"","height":""}],"author":"redazione","twitter_card":"summary_large_image","twitter_creator":"@bellunopress","twitter_site":"@bellunopress","twitter_misc":{"\u00c9crit par":"redazione","Dur\u00e9e de lecture estim\u00e9e":"1 minute"},"schema":{"@context":"https:\/\/schema.org","@graph":[{"@type":"Article","@id":"https:\/\/www.bellunopress.it\/2009\/11\/27\/accorpamento-dipartimento-materno-infantile-allospedale-di-belluno-11-milioni-300-mila-euro-dalla-regione\/#article","isPartOf":{"@id":"https:\/\/www.bellunopress.it\/2009\/11\/27\/accorpamento-dipartimento-materno-infantile-allospedale-di-belluno-11-milioni-300-mila-euro-dalla-regione\/"},"author":{"name":"redazione","@id":"https:\/\/www.bellunopress.it\/#\/schema\/person\/79bb06722b37ece1c03d3e94beb30d73"},"headline":"Accorpamento dipartimento materno-infantile all&#8217;ospedale di Belluno: 11 milioni 300 mila euro dalla Regione","datePublished":"2009-11-27T06:38:28+00:00","mainEntityOfPage":{"@id":"https:\/\/www.bellunopress.it\/2009\/11\/27\/accorpamento-dipartimento-materno-infantile-allospedale-di-belluno-11-milioni-300-mila-euro-dalla-regione\/"},"wordCount":294,"publisher":{"@id":"https:\/\/www.bellunopress.it\/#organization"},"keywords":["Sanit\u00e0"],"articleSection":["Cronaca\/Politica","Prima Pagina","Sanit\u00e0 Medicina"],"inLanguage":"fr-FR"},{"@type":"WebPage","@id":"https:\/\/www.bellunopress.it\/2009\/11\/27\/accorpamento-dipartimento-materno-infantile-allospedale-di-belluno-11-milioni-300-mila-euro-dalla-regione\/","url":"https:\/\/www.bellunopress.it\/2009\/11\/27\/accorpamento-dipartimento-materno-infantile-allospedale-di-belluno-11-milioni-300-mila-euro-dalla-regione\/","name":"Accorpamento dipartimento materno-infantile all'ospedale di Belluno: 11 milioni 300 mila euro dalla Regione - Bellunopress - Dolomiti","isPartOf":{"@id":"https:\/\/www.bellunopress.it\/#website"},"datePublished":"2009-11-27T06:38:28+00:00","breadcrumb":{"@id":"https:\/\/www.bellunopress.it\/2009\/11\/27\/accorpamento-dipartimento-materno-infantile-allospedale-di-belluno-11-milioni-300-mila-euro-dalla-regione\/#breadcrumb"},"inLanguage":"fr-FR","potentialAction":[{"@type":"ReadAction","target":["https:\/\/www.bellunopress.it\/2009\/11\/27\/accorpamento-dipartimento-materno-infantile-allospedale-di-belluno-11-milioni-300-mila-euro-dalla-regione\/"]}]},{"@type":"BreadcrumbList","@id":"https:\/\/www.bellunopress.it\/2009\/11\/27\/accorpamento-dipartimento-materno-infantile-allospedale-di-belluno-11-milioni-300-mila-euro-dalla-regione\/#breadcrumb","itemListElement":[{"@type":"ListItem","position":1,"name":"Home","item":"https:\/\/www.bellunopress.it\/"},{"@type":"ListItem","position":2,"name":"Accorpamento dipartimento materno-infantile all&#8217;ospedale di Belluno: 11 milioni 300 mila euro dalla Regione"}]},{"@type":"WebSite","@id":"https:\/\/www.bellunopress.it\/#website","url":"https:\/\/www.bellunopress.it\/","name":"Bellunopress - Dolomiti","description":"e-mail: redazione@bellunopress.it","publisher":{"@id":"https:\/\/www.bellunopress.it\/#organization"},"potentialAction":[{"@type":"SearchAction","target":{"@type":"EntryPoint","urlTemplate":"https:\/\/www.bellunopress.it\/?s={search_term_string}"},"query-input":{"@type":"PropertyValueSpecification","valueRequired":true,"valueName":"search_term_string"}}],"inLanguage":"fr-FR"},{"@type":"Organization","@id":"https:\/\/www.bellunopress.it\/#organization","name":"Bellunopress","url":"https:\/\/www.bellunopress.it\/","logo":{"@type":"ImageObject","inLanguage":"fr-FR","@id":"https:\/\/www.bellunopress.it\/#\/schema\/logo\/image\/","url":"https:\/\/www.bellunopress.it\/wp-content\/uploads\/2011\/05\/cropped-logo-bellunopress-.jpg","contentUrl":"https:\/\/www.bellunopress.it\/wp-content\/uploads\/2011\/05\/cropped-logo-bellunopress-.jpg","width":512,"height":512,"caption":"Bellunopress"},"image":{"@id":"https:\/\/www.bellunopress.it\/#\/schema\/logo\/image\/"},"sameAs":["https:\/\/www.facebook.com\/profile.php?id=100008943462799","https:\/\/x.com\/bellunopress","https:\/\/www.linkedin.com\/hp\/?dnr=JBzUWaJfMUw8vbXJJ2tVW5-I3jZKvC4wsoxE&amp;amp;amp;amp;amp;amp;trk=nav_responsive_tab_home","https:\/\/www.youtube.com\/channel\/UCxL0wu1uN0_3_7hGG0306cw"]},{"@type":"Person","@id":"https:\/\/www.bellunopress.it\/#\/schema\/person\/79bb06722b37ece1c03d3e94beb30d73","name":"r\u00e9daction","image":{"@type":"ImageObject","inLanguage":"fr-FR","@id":"https:\/\/secure.gravatar.com\/avatar\/37d968a2e67a6fd04c169c4bdef102d0bc5d31b2546345219e348575eb80e9a0?s=96&d=mm&r=g","url":"https:\/\/secure.gravatar.com\/avatar\/37d968a2e67a6fd04c169c4bdef102d0bc5d31b2546345219e348575eb80e9a0?s=96&d=mm&r=g","contentUrl":"https:\/\/secure.gravatar.com\/avatar\/37d968a2e67a6fd04c169c4bdef102d0bc5d31b2546345219e348575eb80e9a0?s=96&d=mm&r=g","caption":"redazione"},"sameAs":["http:\/\/www.bellunopress.it","https:\/\/x.com\/bellunopress"],"url":"https:\/\/www.bellunopress.it\/fr\/author\/redazione\/"}]}},"_links":{"self":[{"href":"https:\/\/www.bellunopress.it\/fr\/wp-json\/wp\/v2\/posts\/10135","targetHints":{"allow":["GET"]}}],"collection":[{"href":"https:\/\/www.bellunopress.it\/fr\/wp-json\/wp\/v2\/posts"}],"about":[{"href":"https:\/\/www.bellunopress.it\/fr\/wp-json\/wp\/v2\/types\/post"}],"author":[{"embeddable":true,"href":"https:\/\/www.bellunopress.it\/fr\/wp-json\/wp\/v2\/users\/2"}],"replies":[{"embeddable":true,"href":"https:\/\/www.bellunopress.it\/fr\/wp-json\/wp\/v2\/comments?post=10135"}],"version-history":[{"count":2,"href":"https:\/\/www.bellunopress.it\/fr\/wp-json\/wp\/v2\/posts\/10135\/revisions"}],"predecessor-version":[{"id":10139,"href":"https:\/\/www.bellunopress.it\/fr\/wp-json\/wp\/v2\/posts\/10135\/revisions\/10139"}],"wp:attachment":[{"href":"https:\/\/www.bellunopress.it\/fr\/wp-json\/wp\/v2\/media?parent=10135"}],"wp:term":[{"taxonomy":"category","embeddable":true,"href":"https:\/\/www.bellunopress.it\/fr\/wp-json\/wp\/v2\/categories?post=10135"},{"taxonomy":"post_tag","embeddable":true,"href":"https:\/\/www.bellunopress.it\/fr\/wp-json\/wp\/v2\/tags?post=10135"}],"curies":[{"name":"wp","href":"https:\/\/api.w.org\/{rel}","templated":true}]}}