{"id":10122,"date":"2009-11-27T06:58:46","date_gmt":"2009-11-27T05:58:46","guid":{"rendered":"http:\/\/www.bellunopress.it\/?p=10122"},"modified":"2009-11-26T18:59:58","modified_gmt":"2009-11-26T17:59:58","slug":"belluno-atene-solo-andata-la-grecia-moderna-nei-romanzi-di-petros-markaris-e-nikos-themelis","status":"publish","type":"post","link":"https:\/\/www.bellunopress.it\/fr\/2009\/11\/27\/belluno-atene-solo-andata-la-grecia-moderna-nei-romanzi-di-petros-markaris-e-nikos-themelis\/","title":{"rendered":"Belluno-Atene solo andata: la Grecia moderna nei romanzi di Petros M\u00e0rkaris e Nikos Th\u00e8melis"},"content":{"rendered":"<p>Della Grecia moderna abbiamo un\u2019immagine parziale: conosciamo la Grecia archeologica, quella dei marmi del Partenone e forse del nuovo Museo dell\u2019Acropoli; oppure la Grecia turistica, quella di Santorini e di Mykonos con le loro casette bianche. Ma chi sono, davvero, i Greci di oggi? Come gestiscono la difficile eredit\u00e0 del V secolo a.C.? E che rapporto hanno con la loro lingua, cos\u00ec vecchia eppure cos\u00ec giovane, parlata senza sosta da tremila anni? Federica Ferrieri, ricercatore di Lingua e Letteratura Neogreca presso l\u2019Universit\u00e0 degli Studi di Padova, racconta la Grecia degli ultimi decenni attraverso i romanzi di due scrittori greci contemporanei: Petros M\u00e0rkaris (Istanbul, 1937) e Nikos Th\u00e8melis (Atene, 1947). L\u2019incontro aperto alla partecipazione di tutti \u00e8 previsto luned\u00ec 30 novembre alle ore 18 presso l\u2019Auditorium comunale di Belluno. Una scelta di letture condotte dagli studenti della Cattedra di Lingua e Letteratura Neogreca dell\u2019Universit\u00e0 degli Studi di Padova; un percorso attraverso le immagini delle vie dell\u2019Atene di oggi sulla vecchia, insostituibile Mirafiori del Commissario Charitos; un breve viaggio tra i suoni delle canzoni remb\u00e8tika e i poeti del Novecento messi in musica da Mikis Theodorakis; un piccolo tributo a un Paese in bilico tra l\u2019antico e il moderno, tra l\u2019Oriente e l\u2019Occidente, tra mille, affascinanti contraddizioni che fanno venire voglia di (ri)scoprirlo. L\u2019opera di M\u00e0rkaris \u00e8 ben nota al pubblico italiano: pubblicata da Bompiani (Ultime della notte, Difesa a zona, Si \u00e8 suicidato il Che, La lunga estate calda del Commissario Charitos, I labirinti di Atene, La balia, trad. di Andrea di Gregorio), si iscrive nella corrente del noir mediterraneo di Jean-Claude Izzo, di Manuel V\u00e1zquez Montalb\u00e1n, di Andrea Camilleri. I libri di Nikos Th\u00e8melis sono pubblicati da Crocetti Editore (La ricerca, trad. di Alberto Gabrieli, La svolta, L\u2019illuminazione, Una vita due vite, trad. di Federica Ferrieri). Sono romanzi a sfondo storico, grandi affreschi di grecit\u00e0 che ci fanno conoscere un\u2019altra faccia della Grecia passata e presente: quella della diaspora, delle comunit\u00e0 greche di Trieste, Odessa, Bruxelles, delle colonie greche dell\u2019Asia Minore, dove si \u00e8 combattuto \u2013 e a volte si combatte ancora \u2013 per far sopravvivere la propria lingua, la propria religione, la propria identit\u00e0.<\/p>","protected":false},"excerpt":{"rendered":"<p>Della Grecia moderna abbiamo un\u2019immagine parziale: conosciamo la Grecia archeologica, quella dei marmi del Partenone e forse del nuovo Museo dell\u2019Acropoli; oppure la Grecia turistica, quella di Santorini e di Mykonos con le loro casette bianche. Ma chi sono, davvero, i Greci di oggi? Come gestiscono la difficile eredit\u00e0 del V secolo a.C.? E che [&hellip;]<\/p>\n","protected":false},"author":2,"featured_media":0,"comment_status":"closed","ping_status":"open","sticky":false,"template":"","format":"standard","meta":{"footnotes":""},"categories":[27,3,25],"tags":[139],"class_list":["post-10122","post","type-post","status-publish","format-standard","category-appuntamenti","category-arte-cultura-spettacoli-scienza-archivi","category-pausa-caffe","tag-belluno"],"yoast_head":"<!-- This site is optimized with the Yoast SEO plugin v28.4 - https:\/\/yoast.com\/product\/yoast-seo-wordpress\/ -->\n<title>Belluno-Atene solo andata: la Grecia moderna nei romanzi di Petros M\u00e0rkaris e Nikos Th\u00e8melis - Bellunopress - Dolomiti<\/title>\n<meta name=\"robots\" content=\"index, follow, max-snippet:-1, max-image-preview:large, max-video-preview:-1\" \/>\n<link rel=\"canonical\" href=\"https:\/\/www.bellunopress.it\/fr\/2009\/11\/27\/belluno-atene-solo-andata-la-grecia-moderna-nei-romanzi-di-petros-markaris-e-nikos-themelis\/\" \/>\n<meta property=\"og:locale\" content=\"fr_FR\" \/>\n<meta property=\"og:type\" content=\"article\" \/>\n<meta property=\"og:title\" content=\"Belluno-Atene solo andata: la Grecia moderna nei romanzi di Petros M\u00e0rkaris e Nikos Th\u00e8melis - Bellunopress - Dolomiti\" \/>\n<meta property=\"og:description\" content=\"Della Grecia moderna abbiamo un\u2019immagine parziale: conosciamo la Grecia archeologica, quella dei marmi del Partenone e forse del nuovo Museo dell\u2019Acropoli; oppure la Grecia turistica, quella di Santorini e di Mykonos con le loro casette bianche. Ma chi sono, davvero, i Greci di oggi? Come gestiscono la difficile eredit\u00e0 del V secolo a.C.? E che [&hellip;]\" \/>\n<meta property=\"og:url\" content=\"https:\/\/www.bellunopress.it\/fr\/2009\/11\/27\/belluno-atene-solo-andata-la-grecia-moderna-nei-romanzi-di-petros-markaris-e-nikos-themelis\/\" \/>\n<meta property=\"og:site_name\" content=\"Bellunopress - Dolomiti\" \/>\n<meta property=\"article:publisher\" content=\"https:\/\/www.facebook.com\/profile.php?id=100008943462799\" \/>\n<meta property=\"article:published_time\" content=\"2009-11-27T05:58:46+00:00\" \/>\n<meta property=\"og:image\" content=\"http:\/\/www.bellunopress.it\/wp-content\/uploads\/2012\/07\/logo-bellunopress-250x250-2012.jpg\" \/>\n<meta name=\"author\" content=\"redazione\" \/>\n<meta name=\"twitter:card\" content=\"summary_large_image\" \/>\n<meta name=\"twitter:creator\" content=\"@bellunopress\" \/>\n<meta name=\"twitter:site\" content=\"@bellunopress\" \/>\n<meta name=\"twitter:label1\" content=\"\u00c9crit par\" \/>\n\t<meta name=\"twitter:data1\" content=\"redazione\" \/>\n\t<meta name=\"twitter:label2\" content=\"Dur\u00e9e de lecture estim\u00e9e\" \/>\n\t<meta name=\"twitter:data2\" content=\"2 minutes\" \/>\n<script type=\"application\/ld+json\" class=\"yoast-schema-graph\">{\"@context\":\"https:\\\/\\\/schema.org\",\"@graph\":[{\"@type\":\"Article\",\"@id\":\"https:\\\/\\\/www.bellunopress.it\\\/2009\\\/11\\\/27\\\/belluno-atene-solo-andata-la-grecia-moderna-nei-romanzi-di-petros-markaris-e-nikos-themelis\\\/#article\",\"isPartOf\":{\"@id\":\"https:\\\/\\\/www.bellunopress.it\\\/2009\\\/11\\\/27\\\/belluno-atene-solo-andata-la-grecia-moderna-nei-romanzi-di-petros-markaris-e-nikos-themelis\\\/\"},\"author\":{\"name\":\"redazione\",\"@id\":\"https:\\\/\\\/www.bellunopress.it\\\/#\\\/schema\\\/person\\\/79bb06722b37ece1c03d3e94beb30d73\"},\"headline\":\"Belluno-Atene solo andata: la Grecia moderna nei romanzi di Petros M\u00e0rkaris e Nikos Th\u00e8melis\",\"datePublished\":\"2009-11-27T05:58:46+00:00\",\"mainEntityOfPage\":{\"@id\":\"https:\\\/\\\/www.bellunopress.it\\\/2009\\\/11\\\/27\\\/belluno-atene-solo-andata-la-grecia-moderna-nei-romanzi-di-petros-markaris-e-nikos-themelis\\\/\"},\"wordCount\":384,\"publisher\":{\"@id\":\"https:\\\/\\\/www.bellunopress.it\\\/#organization\"},\"keywords\":[\"Belluno\"],\"articleSection\":[\"Appuntamenti, Eventi\",\"Arte, Cultura, Spettacoli, Scienza\",\"Pausa Caff\u00e8\"],\"inLanguage\":\"fr-FR\"},{\"@type\":\"WebPage\",\"@id\":\"https:\\\/\\\/www.bellunopress.it\\\/2009\\\/11\\\/27\\\/belluno-atene-solo-andata-la-grecia-moderna-nei-romanzi-di-petros-markaris-e-nikos-themelis\\\/\",\"url\":\"https:\\\/\\\/www.bellunopress.it\\\/2009\\\/11\\\/27\\\/belluno-atene-solo-andata-la-grecia-moderna-nei-romanzi-di-petros-markaris-e-nikos-themelis\\\/\",\"name\":\"Belluno-Atene solo andata: la Grecia moderna nei romanzi di Petros M\u00e0rkaris e Nikos Th\u00e8melis - Bellunopress - Dolomiti\",\"isPartOf\":{\"@id\":\"https:\\\/\\\/www.bellunopress.it\\\/#website\"},\"datePublished\":\"2009-11-27T05:58:46+00:00\",\"breadcrumb\":{\"@id\":\"https:\\\/\\\/www.bellunopress.it\\\/2009\\\/11\\\/27\\\/belluno-atene-solo-andata-la-grecia-moderna-nei-romanzi-di-petros-markaris-e-nikos-themelis\\\/#breadcrumb\"},\"inLanguage\":\"fr-FR\",\"potentialAction\":[{\"@type\":\"ReadAction\",\"target\":[\"https:\\\/\\\/www.bellunopress.it\\\/2009\\\/11\\\/27\\\/belluno-atene-solo-andata-la-grecia-moderna-nei-romanzi-di-petros-markaris-e-nikos-themelis\\\/\"]}]},{\"@type\":\"BreadcrumbList\",\"@id\":\"https:\\\/\\\/www.bellunopress.it\\\/2009\\\/11\\\/27\\\/belluno-atene-solo-andata-la-grecia-moderna-nei-romanzi-di-petros-markaris-e-nikos-themelis\\\/#breadcrumb\",\"itemListElement\":[{\"@type\":\"ListItem\",\"position\":1,\"name\":\"Home\",\"item\":\"https:\\\/\\\/www.bellunopress.it\\\/\"},{\"@type\":\"ListItem\",\"position\":2,\"name\":\"Belluno-Atene solo andata: la Grecia moderna nei romanzi di Petros M\u00e0rkaris e Nikos Th\u00e8melis\"}]},{\"@type\":\"WebSite\",\"@id\":\"https:\\\/\\\/www.bellunopress.it\\\/#website\",\"url\":\"https:\\\/\\\/www.bellunopress.it\\\/\",\"name\":\"Bellunopress - Dolomiti\",\"description\":\"e-mail: redazione@bellunopress.it\",\"publisher\":{\"@id\":\"https:\\\/\\\/www.bellunopress.it\\\/#organization\"},\"potentialAction\":[{\"@type\":\"SearchAction\",\"target\":{\"@type\":\"EntryPoint\",\"urlTemplate\":\"https:\\\/\\\/www.bellunopress.it\\\/?s={search_term_string}\"},\"query-input\":{\"@type\":\"PropertyValueSpecification\",\"valueRequired\":true,\"valueName\":\"search_term_string\"}}],\"inLanguage\":\"fr-FR\"},{\"@type\":\"Organization\",\"@id\":\"https:\\\/\\\/www.bellunopress.it\\\/#organization\",\"name\":\"Bellunopress\",\"url\":\"https:\\\/\\\/www.bellunopress.it\\\/\",\"logo\":{\"@type\":\"ImageObject\",\"inLanguage\":\"fr-FR\",\"@id\":\"https:\\\/\\\/www.bellunopress.it\\\/#\\\/schema\\\/logo\\\/image\\\/\",\"url\":\"https:\\\/\\\/www.bellunopress.it\\\/wp-content\\\/uploads\\\/2011\\\/05\\\/cropped-logo-bellunopress-.jpg\",\"contentUrl\":\"https:\\\/\\\/www.bellunopress.it\\\/wp-content\\\/uploads\\\/2011\\\/05\\\/cropped-logo-bellunopress-.jpg\",\"width\":512,\"height\":512,\"caption\":\"Bellunopress\"},\"image\":{\"@id\":\"https:\\\/\\\/www.bellunopress.it\\\/#\\\/schema\\\/logo\\\/image\\\/\"},\"sameAs\":[\"https:\\\/\\\/www.facebook.com\\\/profile.php?id=100008943462799\",\"https:\\\/\\\/x.com\\\/bellunopress\",\"https:\\\/\\\/www.linkedin.com\\\/hp\\\/?dnr=JBzUWaJfMUw8vbXJJ2tVW5-I3jZKvC4wsoxE&amp;amp;amp;amp;amp;amp;trk=nav_responsive_tab_home\",\"https:\\\/\\\/www.youtube.com\\\/channel\\\/UCxL0wu1uN0_3_7hGG0306cw\"]},{\"@type\":\"Person\",\"@id\":\"https:\\\/\\\/www.bellunopress.it\\\/#\\\/schema\\\/person\\\/79bb06722b37ece1c03d3e94beb30d73\",\"name\":\"redazione\",\"image\":{\"@type\":\"ImageObject\",\"inLanguage\":\"fr-FR\",\"@id\":\"https:\\\/\\\/secure.gravatar.com\\\/avatar\\\/37d968a2e67a6fd04c169c4bdef102d0bc5d31b2546345219e348575eb80e9a0?s=96&d=mm&r=g\",\"url\":\"https:\\\/\\\/secure.gravatar.com\\\/avatar\\\/37d968a2e67a6fd04c169c4bdef102d0bc5d31b2546345219e348575eb80e9a0?s=96&d=mm&r=g\",\"contentUrl\":\"https:\\\/\\\/secure.gravatar.com\\\/avatar\\\/37d968a2e67a6fd04c169c4bdef102d0bc5d31b2546345219e348575eb80e9a0?s=96&d=mm&r=g\",\"caption\":\"redazione\"},\"sameAs\":[\"http:\\\/\\\/www.bellunopress.it\",\"https:\\\/\\\/x.com\\\/bellunopress\"],\"url\":\"https:\\\/\\\/www.bellunopress.it\\\/fr\\\/author\\\/redazione\\\/\"}]}<\/script>\n<!-- \/ Yoast SEO plugin. -->","yoast_head_json":{"title":"Belluno-Atene solo andata: la Grecia moderna nei romanzi di Petros M\u00e0rkaris e Nikos Th\u00e8melis - Bellunopress - Dolomiti","robots":{"index":"index","follow":"follow","max-snippet":"max-snippet:-1","max-image-preview":"max-image-preview:large","max-video-preview":"max-video-preview:-1"},"canonical":"https:\/\/www.bellunopress.it\/fr\/2009\/11\/27\/belluno-atene-solo-andata-la-grecia-moderna-nei-romanzi-di-petros-markaris-e-nikos-themelis\/","og_locale":"fr_FR","og_type":"article","og_title":"Belluno-Atene solo andata: la Grecia moderna nei romanzi di Petros M\u00e0rkaris e Nikos Th\u00e8melis - Bellunopress - Dolomiti","og_description":"Della Grecia moderna abbiamo un\u2019immagine parziale: conosciamo la Grecia archeologica, quella dei marmi del Partenone e forse del nuovo Museo dell\u2019Acropoli; oppure la Grecia turistica, quella di Santorini e di Mykonos con le loro casette bianche. Ma chi sono, davvero, i Greci di oggi? Come gestiscono la difficile eredit\u00e0 del V secolo a.C.? E che [&hellip;]","og_url":"https:\/\/www.bellunopress.it\/fr\/2009\/11\/27\/belluno-atene-solo-andata-la-grecia-moderna-nei-romanzi-di-petros-markaris-e-nikos-themelis\/","og_site_name":"Bellunopress - Dolomiti","article_publisher":"https:\/\/www.facebook.com\/profile.php?id=100008943462799","article_published_time":"2009-11-27T05:58:46+00:00","og_image":[{"url":"http:\/\/www.bellunopress.it\/wp-content\/uploads\/2012\/07\/logo-bellunopress-250x250-2012.jpg","type":"","width":"","height":""}],"author":"redazione","twitter_card":"summary_large_image","twitter_creator":"@bellunopress","twitter_site":"@bellunopress","twitter_misc":{"\u00c9crit par":"redazione","Dur\u00e9e de lecture estim\u00e9e":"2 minutes"},"schema":{"@context":"https:\/\/schema.org","@graph":[{"@type":"Article","@id":"https:\/\/www.bellunopress.it\/2009\/11\/27\/belluno-atene-solo-andata-la-grecia-moderna-nei-romanzi-di-petros-markaris-e-nikos-themelis\/#article","isPartOf":{"@id":"https:\/\/www.bellunopress.it\/2009\/11\/27\/belluno-atene-solo-andata-la-grecia-moderna-nei-romanzi-di-petros-markaris-e-nikos-themelis\/"},"author":{"name":"redazione","@id":"https:\/\/www.bellunopress.it\/#\/schema\/person\/79bb06722b37ece1c03d3e94beb30d73"},"headline":"Belluno-Atene solo andata: la Grecia moderna nei romanzi di Petros M\u00e0rkaris e Nikos Th\u00e8melis","datePublished":"2009-11-27T05:58:46+00:00","mainEntityOfPage":{"@id":"https:\/\/www.bellunopress.it\/2009\/11\/27\/belluno-atene-solo-andata-la-grecia-moderna-nei-romanzi-di-petros-markaris-e-nikos-themelis\/"},"wordCount":384,"publisher":{"@id":"https:\/\/www.bellunopress.it\/#organization"},"keywords":["Belluno"],"articleSection":["Appuntamenti, Eventi","Arte, Cultura, Spettacoli, Scienza","Pausa Caff\u00e8"],"inLanguage":"fr-FR"},{"@type":"WebPage","@id":"https:\/\/www.bellunopress.it\/2009\/11\/27\/belluno-atene-solo-andata-la-grecia-moderna-nei-romanzi-di-petros-markaris-e-nikos-themelis\/","url":"https:\/\/www.bellunopress.it\/2009\/11\/27\/belluno-atene-solo-andata-la-grecia-moderna-nei-romanzi-di-petros-markaris-e-nikos-themelis\/","name":"Belluno-Atene solo andata: la Grecia moderna nei romanzi di Petros M\u00e0rkaris e Nikos Th\u00e8melis - Bellunopress - Dolomiti","isPartOf":{"@id":"https:\/\/www.bellunopress.it\/#website"},"datePublished":"2009-11-27T05:58:46+00:00","breadcrumb":{"@id":"https:\/\/www.bellunopress.it\/2009\/11\/27\/belluno-atene-solo-andata-la-grecia-moderna-nei-romanzi-di-petros-markaris-e-nikos-themelis\/#breadcrumb"},"inLanguage":"fr-FR","potentialAction":[{"@type":"ReadAction","target":["https:\/\/www.bellunopress.it\/2009\/11\/27\/belluno-atene-solo-andata-la-grecia-moderna-nei-romanzi-di-petros-markaris-e-nikos-themelis\/"]}]},{"@type":"BreadcrumbList","@id":"https:\/\/www.bellunopress.it\/2009\/11\/27\/belluno-atene-solo-andata-la-grecia-moderna-nei-romanzi-di-petros-markaris-e-nikos-themelis\/#breadcrumb","itemListElement":[{"@type":"ListItem","position":1,"name":"Home","item":"https:\/\/www.bellunopress.it\/"},{"@type":"ListItem","position":2,"name":"Belluno-Atene solo andata: la Grecia moderna nei romanzi di Petros M\u00e0rkaris e Nikos Th\u00e8melis"}]},{"@type":"WebSite","@id":"https:\/\/www.bellunopress.it\/#website","url":"https:\/\/www.bellunopress.it\/","name":"Bellunopress - Dolomiti","description":"e-mail: redazione@bellunopress.it","publisher":{"@id":"https:\/\/www.bellunopress.it\/#organization"},"potentialAction":[{"@type":"SearchAction","target":{"@type":"EntryPoint","urlTemplate":"https:\/\/www.bellunopress.it\/?s={search_term_string}"},"query-input":{"@type":"PropertyValueSpecification","valueRequired":true,"valueName":"search_term_string"}}],"inLanguage":"fr-FR"},{"@type":"Organization","@id":"https:\/\/www.bellunopress.it\/#organization","name":"Bellunopress","url":"https:\/\/www.bellunopress.it\/","logo":{"@type":"ImageObject","inLanguage":"fr-FR","@id":"https:\/\/www.bellunopress.it\/#\/schema\/logo\/image\/","url":"https:\/\/www.bellunopress.it\/wp-content\/uploads\/2011\/05\/cropped-logo-bellunopress-.jpg","contentUrl":"https:\/\/www.bellunopress.it\/wp-content\/uploads\/2011\/05\/cropped-logo-bellunopress-.jpg","width":512,"height":512,"caption":"Bellunopress"},"image":{"@id":"https:\/\/www.bellunopress.it\/#\/schema\/logo\/image\/"},"sameAs":["https:\/\/www.facebook.com\/profile.php?id=100008943462799","https:\/\/x.com\/bellunopress","https:\/\/www.linkedin.com\/hp\/?dnr=JBzUWaJfMUw8vbXJJ2tVW5-I3jZKvC4wsoxE&amp;amp;amp;amp;amp;amp;trk=nav_responsive_tab_home","https:\/\/www.youtube.com\/channel\/UCxL0wu1uN0_3_7hGG0306cw"]},{"@type":"Person","@id":"https:\/\/www.bellunopress.it\/#\/schema\/person\/79bb06722b37ece1c03d3e94beb30d73","name":"r\u00e9daction","image":{"@type":"ImageObject","inLanguage":"fr-FR","@id":"https:\/\/secure.gravatar.com\/avatar\/37d968a2e67a6fd04c169c4bdef102d0bc5d31b2546345219e348575eb80e9a0?s=96&d=mm&r=g","url":"https:\/\/secure.gravatar.com\/avatar\/37d968a2e67a6fd04c169c4bdef102d0bc5d31b2546345219e348575eb80e9a0?s=96&d=mm&r=g","contentUrl":"https:\/\/secure.gravatar.com\/avatar\/37d968a2e67a6fd04c169c4bdef102d0bc5d31b2546345219e348575eb80e9a0?s=96&d=mm&r=g","caption":"redazione"},"sameAs":["http:\/\/www.bellunopress.it","https:\/\/x.com\/bellunopress"],"url":"https:\/\/www.bellunopress.it\/fr\/author\/redazione\/"}]}},"_links":{"self":[{"href":"https:\/\/www.bellunopress.it\/fr\/wp-json\/wp\/v2\/posts\/10122","targetHints":{"allow":["GET"]}}],"collection":[{"href":"https:\/\/www.bellunopress.it\/fr\/wp-json\/wp\/v2\/posts"}],"about":[{"href":"https:\/\/www.bellunopress.it\/fr\/wp-json\/wp\/v2\/types\/post"}],"author":[{"embeddable":true,"href":"https:\/\/www.bellunopress.it\/fr\/wp-json\/wp\/v2\/users\/2"}],"replies":[{"embeddable":true,"href":"https:\/\/www.bellunopress.it\/fr\/wp-json\/wp\/v2\/comments?post=10122"}],"version-history":[{"count":1,"href":"https:\/\/www.bellunopress.it\/fr\/wp-json\/wp\/v2\/posts\/10122\/revisions"}],"predecessor-version":[{"id":10123,"href":"https:\/\/www.bellunopress.it\/fr\/wp-json\/wp\/v2\/posts\/10122\/revisions\/10123"}],"wp:attachment":[{"href":"https:\/\/www.bellunopress.it\/fr\/wp-json\/wp\/v2\/media?parent=10122"}],"wp:term":[{"taxonomy":"category","embeddable":true,"href":"https:\/\/www.bellunopress.it\/fr\/wp-json\/wp\/v2\/categories?post=10122"},{"taxonomy":"post_tag","embeddable":true,"href":"https:\/\/www.bellunopress.it\/fr\/wp-json\/wp\/v2\/tags?post=10122"}],"curies":[{"name":"wp","href":"https:\/\/api.w.org\/{rel}","templated":true}]}}