{"id":10107,"date":"2009-11-26T18:34:53","date_gmt":"2009-11-26T17:34:53","guid":{"rendered":"http:\/\/www.bellunopress.it\/?p=10107"},"modified":"2009-11-26T18:37:05","modified_gmt":"2009-11-26T17:37:05","slug":"scoperta-maxi-evasione-fiscale-per-quasi-2-milioni-di-euro-individuati-54-lavoratori-in-nero","status":"publish","type":"post","link":"https:\/\/www.bellunopress.it\/fr\/2009\/11\/26\/scoperta-maxi-evasione-fiscale-per-quasi-2-milioni-di-euro-individuati-54-lavoratori-in-nero\/","title":{"rendered":"Scoperta maxi evasione fiscale per quasi 2 milioni di euro. Individuati 54 lavoratori in nero"},"content":{"rendered":"<p><!--[if gte mso 9]><xml> <w :WordDocument> <\/w><w :View>Normal<\/w> <w :Zoom>0<\/w> <w :HyphenationZone>14<\/w> <w :Compatibility> <w :BreakWrappedTables \/> <w :SnapToGridInCell \/> <w :ApplyBreakingRules \/> <w :WrapTextWithPunct \/> <w :UseAsianBreakRules \/> <w :UseFELayout \/> <\/w> <w :BrowserLevel>MicrosoftInternetExplorer4<\/w> <\/xml>< ![endif]--><\/p>\n<p>Costante \u00e8 il monitoraggio assicurato dalle Fiamme Gialle bellunesi sulle attivit\u00e0 economiche attive in provincia, realizzato sia attraverso attivit\u00e0 di analisi e di intelligence, sia attraverso il controllo economico del territorio, a contrasto delle varie forme di \u201csommerso\u201d. I finanzieri della Tenenza di Feltre hanno scovato un imprenditore, di nazionalit\u00e0 albanese, titolare di una ditta individuale, molto attivo nel campo dell\u2019edilizia residenziale operante principalmente in provincia, che aveva assolto solo parzialmente agli obblighi fiscali, risultando, fra l\u2019altro, per le annualit\u00e0 2007 e 2008 \u201cevasore totale\u201d.<br \/>\nL\u2019attivit\u00e0 ispettiva, che ha portato alla denuncia all\u2019Autorit\u00e0 Giudiziaria del titolare dell\u2019impresa edile per i reati di dichiarazione fraudolenta mediante utilizzo di fatture per operazioni inesistenti, omessa dichiarazione annuale, occultamento e distruzione di documenti contabili ed omesso versamento di ritenute, si \u00e8 conclusa con l\u2019accertamento di materia imponibile sottratta a tassazione per un importo che sfiora i 2 milioni di euro (fra elementi positivi di reddito non dichiarati e costi non deducibili) e con una evasione di IVA di circa 300 mila euro.<br \/>\nLe investigazioni preliminari svolte dai finanzieri avevano gi\u00e0 fatto emergere l\u2019andamento \u201canomalo\u201d del giro d\u2019affari dell\u2019imprenditore che aveva operato in numerosi cantieri agendo in sub-appalto e che, fra l\u2019altro, proseguiva nella propria attivit\u00e0 imprenditoriale pur risultando per il Fisco ufficialmente \u201cinattivo\u201d.<br \/>\nLa verifica fiscale ha messo in luce il meccanismo evasivo: l\u2019imprenditore impiegava direttamente squadre di operai formalmente dipendenti da altre imprese artigiane. Queste certificavano le prestazioni di lavoro fornendo la necessaria copertura documentale, a mezzo di fatture false.<br \/>\nE\u2019 stato accertato, infatti, il rapporto di dipendenza diretto tra l\u2019imprenditore albanese e gli operai di volta in volta impiegati in \u201cnero\u201d, mentre le ditte artigiane sono risultate prive di organizzazione aziendale, di mezzi ed attrezzature ed hanno omesso tutte le dichiarazioni fiscali nonch\u00e8, ovviamente, tutti gli adempimenti in materia previdenziale e contributiva con riguardo agli operai.<br \/>\nComplessivamente il controllo ha evidenziato come 54 lavoratori \u2013 albanesi, moldavi ed italiani \u2013 siano stati impiegati completamente \u201cin nero\u201d, privi cio\u00e8 di una qualsiasi copertura previdenziale o assicurativa, con una evasione contributiva di oltre 170 mila euro<\/p>\n","protected":false},"excerpt":{"rendered":"<p>Costante \u00e8 il monitoraggio assicurato dalle Fiamme Gialle bellunesi sulle attivit\u00e0 economiche attive in provincia, realizzato sia attraverso attivit\u00e0 di analisi e di intelligence, sia attraverso il controllo economico del territorio, a contrasto delle varie forme di \u201csommerso\u201d. I finanzieri della Tenenza di Feltre hanno scovato un imprenditore, di nazionalit\u00e0 albanese, titolare di una ditta [&hellip;]<\/p>\n","protected":false},"author":2,"featured_media":0,"comment_status":"closed","ping_status":"open","sticky":false,"template":"","format":"standard","meta":{"footnotes":""},"categories":[5,26],"tags":[302],"class_list":["post-10107","post","type-post","status-publish","format-standard","category-cronaca","category-prima-pagina","tag-feltre"],"yoast_head":"<!-- This site is optimized with the Yoast SEO plugin v28.4 - https:\/\/yoast.com\/product\/yoast-seo-wordpress\/ -->\n<title>Scoperta maxi evasione fiscale per quasi 2 milioni di euro. Individuati 54 lavoratori in nero - Bellunopress - Dolomiti<\/title>\n<meta name=\"robots\" content=\"index, follow, max-snippet:-1, max-image-preview:large, max-video-preview:-1\" \/>\n<link rel=\"canonical\" href=\"https:\/\/www.bellunopress.it\/fr\/2009\/11\/26\/scoperta-maxi-evasione-fiscale-per-quasi-2-milioni-di-euro-individuati-54-lavoratori-in-nero\/\" \/>\n<meta property=\"og:locale\" content=\"fr_FR\" \/>\n<meta property=\"og:type\" content=\"article\" \/>\n<meta property=\"og:title\" content=\"Scoperta maxi evasione fiscale per quasi 2 milioni di euro. Individuati 54 lavoratori in nero - Bellunopress - Dolomiti\" \/>\n<meta property=\"og:description\" content=\"Costante \u00e8 il monitoraggio assicurato dalle Fiamme Gialle bellunesi sulle attivit\u00e0 economiche attive in provincia, realizzato sia attraverso attivit\u00e0 di analisi e di intelligence, sia attraverso il controllo economico del territorio, a contrasto delle varie forme di \u201csommerso\u201d. I finanzieri della Tenenza di Feltre hanno scovato un imprenditore, di nazionalit\u00e0 albanese, titolare di una ditta [&hellip;]\" \/>\n<meta property=\"og:url\" content=\"https:\/\/www.bellunopress.it\/fr\/2009\/11\/26\/scoperta-maxi-evasione-fiscale-per-quasi-2-milioni-di-euro-individuati-54-lavoratori-in-nero\/\" \/>\n<meta property=\"og:site_name\" content=\"Bellunopress - Dolomiti\" \/>\n<meta property=\"article:publisher\" content=\"https:\/\/www.facebook.com\/profile.php?id=100008943462799\" \/>\n<meta property=\"article:published_time\" content=\"2009-11-26T17:34:53+00:00\" \/>\n<meta property=\"article:modified_time\" content=\"2009-11-26T17:37:05+00:00\" \/>\n<meta property=\"og:image\" content=\"http:\/\/www.bellunopress.it\/wp-content\/uploads\/2012\/07\/logo-bellunopress-250x250-2012.jpg\" \/>\n<meta name=\"author\" content=\"redazione\" \/>\n<meta name=\"twitter:card\" content=\"summary_large_image\" \/>\n<meta name=\"twitter:creator\" content=\"@bellunopress\" \/>\n<meta name=\"twitter:site\" content=\"@bellunopress\" \/>\n<meta name=\"twitter:label1\" content=\"\u00c9crit par\" \/>\n\t<meta name=\"twitter:data1\" content=\"redazione\" \/>\n\t<meta name=\"twitter:label2\" content=\"Dur\u00e9e de lecture estim\u00e9e\" \/>\n\t<meta name=\"twitter:data2\" content=\"2 minutes\" \/>\n<script type=\"application\/ld+json\" class=\"yoast-schema-graph\">{\"@context\":\"https:\\\/\\\/schema.org\",\"@graph\":[{\"@type\":\"Article\",\"@id\":\"https:\\\/\\\/www.bellunopress.it\\\/2009\\\/11\\\/26\\\/scoperta-maxi-evasione-fiscale-per-quasi-2-milioni-di-euro-individuati-54-lavoratori-in-nero\\\/#article\",\"isPartOf\":{\"@id\":\"https:\\\/\\\/www.bellunopress.it\\\/2009\\\/11\\\/26\\\/scoperta-maxi-evasione-fiscale-per-quasi-2-milioni-di-euro-individuati-54-lavoratori-in-nero\\\/\"},\"author\":{\"name\":\"redazione\",\"@id\":\"https:\\\/\\\/www.bellunopress.it\\\/#\\\/schema\\\/person\\\/79bb06722b37ece1c03d3e94beb30d73\"},\"headline\":\"Scoperta maxi evasione fiscale per quasi 2 milioni di euro. Individuati 54 lavoratori in nero\",\"datePublished\":\"2009-11-26T17:34:53+00:00\",\"dateModified\":\"2009-11-26T17:37:05+00:00\",\"mainEntityOfPage\":{\"@id\":\"https:\\\/\\\/www.bellunopress.it\\\/2009\\\/11\\\/26\\\/scoperta-maxi-evasione-fiscale-per-quasi-2-milioni-di-euro-individuati-54-lavoratori-in-nero\\\/\"},\"wordCount\":357,\"publisher\":{\"@id\":\"https:\\\/\\\/www.bellunopress.it\\\/#organization\"},\"keywords\":[\"Feltre\"],\"articleSection\":[\"Cronaca\\\/Politica\",\"Prima Pagina\"],\"inLanguage\":\"fr-FR\"},{\"@type\":\"WebPage\",\"@id\":\"https:\\\/\\\/www.bellunopress.it\\\/2009\\\/11\\\/26\\\/scoperta-maxi-evasione-fiscale-per-quasi-2-milioni-di-euro-individuati-54-lavoratori-in-nero\\\/\",\"url\":\"https:\\\/\\\/www.bellunopress.it\\\/2009\\\/11\\\/26\\\/scoperta-maxi-evasione-fiscale-per-quasi-2-milioni-di-euro-individuati-54-lavoratori-in-nero\\\/\",\"name\":\"Scoperta maxi evasione fiscale per quasi 2 milioni di euro. Individuati 54 lavoratori in nero - Bellunopress - Dolomiti\",\"isPartOf\":{\"@id\":\"https:\\\/\\\/www.bellunopress.it\\\/#website\"},\"datePublished\":\"2009-11-26T17:34:53+00:00\",\"dateModified\":\"2009-11-26T17:37:05+00:00\",\"breadcrumb\":{\"@id\":\"https:\\\/\\\/www.bellunopress.it\\\/2009\\\/11\\\/26\\\/scoperta-maxi-evasione-fiscale-per-quasi-2-milioni-di-euro-individuati-54-lavoratori-in-nero\\\/#breadcrumb\"},\"inLanguage\":\"fr-FR\",\"potentialAction\":[{\"@type\":\"ReadAction\",\"target\":[\"https:\\\/\\\/www.bellunopress.it\\\/2009\\\/11\\\/26\\\/scoperta-maxi-evasione-fiscale-per-quasi-2-milioni-di-euro-individuati-54-lavoratori-in-nero\\\/\"]}]},{\"@type\":\"BreadcrumbList\",\"@id\":\"https:\\\/\\\/www.bellunopress.it\\\/2009\\\/11\\\/26\\\/scoperta-maxi-evasione-fiscale-per-quasi-2-milioni-di-euro-individuati-54-lavoratori-in-nero\\\/#breadcrumb\",\"itemListElement\":[{\"@type\":\"ListItem\",\"position\":1,\"name\":\"Home\",\"item\":\"https:\\\/\\\/www.bellunopress.it\\\/\"},{\"@type\":\"ListItem\",\"position\":2,\"name\":\"Scoperta maxi evasione fiscale per quasi 2 milioni di euro. Individuati 54 lavoratori in nero\"}]},{\"@type\":\"WebSite\",\"@id\":\"https:\\\/\\\/www.bellunopress.it\\\/#website\",\"url\":\"https:\\\/\\\/www.bellunopress.it\\\/\",\"name\":\"Bellunopress - Dolomiti\",\"description\":\"e-mail: redazione@bellunopress.it\",\"publisher\":{\"@id\":\"https:\\\/\\\/www.bellunopress.it\\\/#organization\"},\"potentialAction\":[{\"@type\":\"SearchAction\",\"target\":{\"@type\":\"EntryPoint\",\"urlTemplate\":\"https:\\\/\\\/www.bellunopress.it\\\/?s={search_term_string}\"},\"query-input\":{\"@type\":\"PropertyValueSpecification\",\"valueRequired\":true,\"valueName\":\"search_term_string\"}}],\"inLanguage\":\"fr-FR\"},{\"@type\":\"Organization\",\"@id\":\"https:\\\/\\\/www.bellunopress.it\\\/#organization\",\"name\":\"Bellunopress\",\"url\":\"https:\\\/\\\/www.bellunopress.it\\\/\",\"logo\":{\"@type\":\"ImageObject\",\"inLanguage\":\"fr-FR\",\"@id\":\"https:\\\/\\\/www.bellunopress.it\\\/#\\\/schema\\\/logo\\\/image\\\/\",\"url\":\"https:\\\/\\\/www.bellunopress.it\\\/wp-content\\\/uploads\\\/2011\\\/05\\\/cropped-logo-bellunopress-.jpg\",\"contentUrl\":\"https:\\\/\\\/www.bellunopress.it\\\/wp-content\\\/uploads\\\/2011\\\/05\\\/cropped-logo-bellunopress-.jpg\",\"width\":512,\"height\":512,\"caption\":\"Bellunopress\"},\"image\":{\"@id\":\"https:\\\/\\\/www.bellunopress.it\\\/#\\\/schema\\\/logo\\\/image\\\/\"},\"sameAs\":[\"https:\\\/\\\/www.facebook.com\\\/profile.php?id=100008943462799\",\"https:\\\/\\\/x.com\\\/bellunopress\",\"https:\\\/\\\/www.linkedin.com\\\/hp\\\/?dnr=JBzUWaJfMUw8vbXJJ2tVW5-I3jZKvC4wsoxE&amp;amp;amp;amp;amp;amp;trk=nav_responsive_tab_home\",\"https:\\\/\\\/www.youtube.com\\\/channel\\\/UCxL0wu1uN0_3_7hGG0306cw\"]},{\"@type\":\"Person\",\"@id\":\"https:\\\/\\\/www.bellunopress.it\\\/#\\\/schema\\\/person\\\/79bb06722b37ece1c03d3e94beb30d73\",\"name\":\"redazione\",\"image\":{\"@type\":\"ImageObject\",\"inLanguage\":\"fr-FR\",\"@id\":\"https:\\\/\\\/secure.gravatar.com\\\/avatar\\\/37d968a2e67a6fd04c169c4bdef102d0bc5d31b2546345219e348575eb80e9a0?s=96&d=mm&r=g\",\"url\":\"https:\\\/\\\/secure.gravatar.com\\\/avatar\\\/37d968a2e67a6fd04c169c4bdef102d0bc5d31b2546345219e348575eb80e9a0?s=96&d=mm&r=g\",\"contentUrl\":\"https:\\\/\\\/secure.gravatar.com\\\/avatar\\\/37d968a2e67a6fd04c169c4bdef102d0bc5d31b2546345219e348575eb80e9a0?s=96&d=mm&r=g\",\"caption\":\"redazione\"},\"sameAs\":[\"http:\\\/\\\/www.bellunopress.it\",\"https:\\\/\\\/x.com\\\/bellunopress\"],\"url\":\"https:\\\/\\\/www.bellunopress.it\\\/fr\\\/author\\\/redazione\\\/\"}]}<\/script>\n<!-- \/ Yoast SEO plugin. -->","yoast_head_json":{"title":"Scoperta maxi evasione fiscale per quasi 2 milioni di euro. Individuati 54 lavoratori in nero - Bellunopress - Dolomiti","robots":{"index":"index","follow":"follow","max-snippet":"max-snippet:-1","max-image-preview":"max-image-preview:large","max-video-preview":"max-video-preview:-1"},"canonical":"https:\/\/www.bellunopress.it\/fr\/2009\/11\/26\/scoperta-maxi-evasione-fiscale-per-quasi-2-milioni-di-euro-individuati-54-lavoratori-in-nero\/","og_locale":"fr_FR","og_type":"article","og_title":"Scoperta maxi evasione fiscale per quasi 2 milioni di euro. Individuati 54 lavoratori in nero - Bellunopress - Dolomiti","og_description":"Costante \u00e8 il monitoraggio assicurato dalle Fiamme Gialle bellunesi sulle attivit\u00e0 economiche attive in provincia, realizzato sia attraverso attivit\u00e0 di analisi e di intelligence, sia attraverso il controllo economico del territorio, a contrasto delle varie forme di \u201csommerso\u201d. I finanzieri della Tenenza di Feltre hanno scovato un imprenditore, di nazionalit\u00e0 albanese, titolare di una ditta [&hellip;]","og_url":"https:\/\/www.bellunopress.it\/fr\/2009\/11\/26\/scoperta-maxi-evasione-fiscale-per-quasi-2-milioni-di-euro-individuati-54-lavoratori-in-nero\/","og_site_name":"Bellunopress - Dolomiti","article_publisher":"https:\/\/www.facebook.com\/profile.php?id=100008943462799","article_published_time":"2009-11-26T17:34:53+00:00","article_modified_time":"2009-11-26T17:37:05+00:00","og_image":[{"url":"http:\/\/www.bellunopress.it\/wp-content\/uploads\/2012\/07\/logo-bellunopress-250x250-2012.jpg","type":"","width":"","height":""}],"author":"redazione","twitter_card":"summary_large_image","twitter_creator":"@bellunopress","twitter_site":"@bellunopress","twitter_misc":{"\u00c9crit par":"redazione","Dur\u00e9e de lecture estim\u00e9e":"2 minutes"},"schema":{"@context":"https:\/\/schema.org","@graph":[{"@type":"Article","@id":"https:\/\/www.bellunopress.it\/2009\/11\/26\/scoperta-maxi-evasione-fiscale-per-quasi-2-milioni-di-euro-individuati-54-lavoratori-in-nero\/#article","isPartOf":{"@id":"https:\/\/www.bellunopress.it\/2009\/11\/26\/scoperta-maxi-evasione-fiscale-per-quasi-2-milioni-di-euro-individuati-54-lavoratori-in-nero\/"},"author":{"name":"redazione","@id":"https:\/\/www.bellunopress.it\/#\/schema\/person\/79bb06722b37ece1c03d3e94beb30d73"},"headline":"Scoperta maxi evasione fiscale per quasi 2 milioni di euro. Individuati 54 lavoratori in nero","datePublished":"2009-11-26T17:34:53+00:00","dateModified":"2009-11-26T17:37:05+00:00","mainEntityOfPage":{"@id":"https:\/\/www.bellunopress.it\/2009\/11\/26\/scoperta-maxi-evasione-fiscale-per-quasi-2-milioni-di-euro-individuati-54-lavoratori-in-nero\/"},"wordCount":357,"publisher":{"@id":"https:\/\/www.bellunopress.it\/#organization"},"keywords":["Feltre"],"articleSection":["Cronaca\/Politica","Prima Pagina"],"inLanguage":"fr-FR"},{"@type":"WebPage","@id":"https:\/\/www.bellunopress.it\/2009\/11\/26\/scoperta-maxi-evasione-fiscale-per-quasi-2-milioni-di-euro-individuati-54-lavoratori-in-nero\/","url":"https:\/\/www.bellunopress.it\/2009\/11\/26\/scoperta-maxi-evasione-fiscale-per-quasi-2-milioni-di-euro-individuati-54-lavoratori-in-nero\/","name":"Scoperta maxi evasione fiscale per quasi 2 milioni di euro. Individuati 54 lavoratori in nero - Bellunopress - Dolomiti","isPartOf":{"@id":"https:\/\/www.bellunopress.it\/#website"},"datePublished":"2009-11-26T17:34:53+00:00","dateModified":"2009-11-26T17:37:05+00:00","breadcrumb":{"@id":"https:\/\/www.bellunopress.it\/2009\/11\/26\/scoperta-maxi-evasione-fiscale-per-quasi-2-milioni-di-euro-individuati-54-lavoratori-in-nero\/#breadcrumb"},"inLanguage":"fr-FR","potentialAction":[{"@type":"ReadAction","target":["https:\/\/www.bellunopress.it\/2009\/11\/26\/scoperta-maxi-evasione-fiscale-per-quasi-2-milioni-di-euro-individuati-54-lavoratori-in-nero\/"]}]},{"@type":"BreadcrumbList","@id":"https:\/\/www.bellunopress.it\/2009\/11\/26\/scoperta-maxi-evasione-fiscale-per-quasi-2-milioni-di-euro-individuati-54-lavoratori-in-nero\/#breadcrumb","itemListElement":[{"@type":"ListItem","position":1,"name":"Home","item":"https:\/\/www.bellunopress.it\/"},{"@type":"ListItem","position":2,"name":"Scoperta maxi evasione fiscale per quasi 2 milioni di euro. Individuati 54 lavoratori in nero"}]},{"@type":"WebSite","@id":"https:\/\/www.bellunopress.it\/#website","url":"https:\/\/www.bellunopress.it\/","name":"Bellunopress - Dolomiti","description":"e-mail: redazione@bellunopress.it","publisher":{"@id":"https:\/\/www.bellunopress.it\/#organization"},"potentialAction":[{"@type":"SearchAction","target":{"@type":"EntryPoint","urlTemplate":"https:\/\/www.bellunopress.it\/?s={search_term_string}"},"query-input":{"@type":"PropertyValueSpecification","valueRequired":true,"valueName":"search_term_string"}}],"inLanguage":"fr-FR"},{"@type":"Organization","@id":"https:\/\/www.bellunopress.it\/#organization","name":"Bellunopress","url":"https:\/\/www.bellunopress.it\/","logo":{"@type":"ImageObject","inLanguage":"fr-FR","@id":"https:\/\/www.bellunopress.it\/#\/schema\/logo\/image\/","url":"https:\/\/www.bellunopress.it\/wp-content\/uploads\/2011\/05\/cropped-logo-bellunopress-.jpg","contentUrl":"https:\/\/www.bellunopress.it\/wp-content\/uploads\/2011\/05\/cropped-logo-bellunopress-.jpg","width":512,"height":512,"caption":"Bellunopress"},"image":{"@id":"https:\/\/www.bellunopress.it\/#\/schema\/logo\/image\/"},"sameAs":["https:\/\/www.facebook.com\/profile.php?id=100008943462799","https:\/\/x.com\/bellunopress","https:\/\/www.linkedin.com\/hp\/?dnr=JBzUWaJfMUw8vbXJJ2tVW5-I3jZKvC4wsoxE&amp;amp;amp;amp;amp;amp;trk=nav_responsive_tab_home","https:\/\/www.youtube.com\/channel\/UCxL0wu1uN0_3_7hGG0306cw"]},{"@type":"Person","@id":"https:\/\/www.bellunopress.it\/#\/schema\/person\/79bb06722b37ece1c03d3e94beb30d73","name":"r\u00e9daction","image":{"@type":"ImageObject","inLanguage":"fr-FR","@id":"https:\/\/secure.gravatar.com\/avatar\/37d968a2e67a6fd04c169c4bdef102d0bc5d31b2546345219e348575eb80e9a0?s=96&d=mm&r=g","url":"https:\/\/secure.gravatar.com\/avatar\/37d968a2e67a6fd04c169c4bdef102d0bc5d31b2546345219e348575eb80e9a0?s=96&d=mm&r=g","contentUrl":"https:\/\/secure.gravatar.com\/avatar\/37d968a2e67a6fd04c169c4bdef102d0bc5d31b2546345219e348575eb80e9a0?s=96&d=mm&r=g","caption":"redazione"},"sameAs":["http:\/\/www.bellunopress.it","https:\/\/x.com\/bellunopress"],"url":"https:\/\/www.bellunopress.it\/fr\/author\/redazione\/"}]}},"_links":{"self":[{"href":"https:\/\/www.bellunopress.it\/fr\/wp-json\/wp\/v2\/posts\/10107","targetHints":{"allow":["GET"]}}],"collection":[{"href":"https:\/\/www.bellunopress.it\/fr\/wp-json\/wp\/v2\/posts"}],"about":[{"href":"https:\/\/www.bellunopress.it\/fr\/wp-json\/wp\/v2\/types\/post"}],"author":[{"embeddable":true,"href":"https:\/\/www.bellunopress.it\/fr\/wp-json\/wp\/v2\/users\/2"}],"replies":[{"embeddable":true,"href":"https:\/\/www.bellunopress.it\/fr\/wp-json\/wp\/v2\/comments?post=10107"}],"version-history":[{"count":4,"href":"https:\/\/www.bellunopress.it\/fr\/wp-json\/wp\/v2\/posts\/10107\/revisions"}],"predecessor-version":[{"id":10111,"href":"https:\/\/www.bellunopress.it\/fr\/wp-json\/wp\/v2\/posts\/10107\/revisions\/10111"}],"wp:attachment":[{"href":"https:\/\/www.bellunopress.it\/fr\/wp-json\/wp\/v2\/media?parent=10107"}],"wp:term":[{"taxonomy":"category","embeddable":true,"href":"https:\/\/www.bellunopress.it\/fr\/wp-json\/wp\/v2\/categories?post=10107"},{"taxonomy":"post_tag","embeddable":true,"href":"https:\/\/www.bellunopress.it\/fr\/wp-json\/wp\/v2\/tags?post=10107"}],"curies":[{"name":"wp","href":"https:\/\/api.w.org\/{rel}","templated":true}]}}