{"id":10100,"date":"2009-11-26T05:52:10","date_gmt":"2009-11-26T04:52:10","guid":{"rendered":"http:\/\/www.bellunopress.it\/?p=10100"},"modified":"2009-11-25T23:53:27","modified_gmt":"2009-11-25T22:53:27","slug":"gli-appuntamenti-musicali-di-rockbelluno","status":"publish","type":"post","link":"https:\/\/www.bellunopress.it\/fr\/2009\/11\/26\/gli-appuntamenti-musicali-di-rockbelluno\/","title":{"rendered":"Gli appuntamenti musicali di RockBelluno"},"content":{"rendered":"<p>Prossimi eventi in provincia: *TARGET*: Gio. 26 novembre 2009 alle 21:30<br \/>\nFidelio &#8211; Sedico (BL) &#8211; Sedico<br \/>\nhttp:\/\/www.rockbelluno.it\/event\/1008<\/p>\n<p>*Murdock*: Sab. 28 novembre 2009 alle 19:45<br \/>\nHappy Hour &#8211; Belluno (Nogar\u00e8)<br \/>\nhttp:\/\/www.rockbelluno.it\/event\/944<\/p>\n<p>*Amatyde+Livor*: Sab. 28 novembre 2009 alle 21:15<br \/>\nMilio&#8217;s Bar &#8211; Ponte nelle Alpi (Losego)<br \/>\nhttp:\/\/www.rockbelluno.it\/event\/909<\/p>\n<p>*MARGOT*: Sab. 28 novembre 2009 alle 22:00<br \/>\nTavernetta &#8211; Cesiomaggiore<br \/>\nhttp:\/\/www.rockbelluno.it\/event\/993<\/p>\n<p>*TIRATAIE*: Sab. 28 novembre 2009 alle 22:00<br \/>\nLa Stua music Pub &#8211; Falcade (La Stua music Pub ( Falcade ))<br \/>\nhttp:\/\/www.rockbelluno.it\/event\/1003<\/p>\n<p>*TARGET*: Sab. 28 novembre 2009 alle 22:15<br \/>\nPub Al Parco &#8211; Falcade (Falcade Centro)<br \/>\nhttp:\/\/www.rockbelluno.it\/event\/961<\/p>\n<p>&#8212;&#8212;&#8212;&#8212;&#8212;&#8212;&#8212;&#8212;&#8212;&#8212;&#8212;&#8212;&#8212;&#8212;&#8212;&#8212;&#8212;&#8212;&#8212;&#8212;&#8212;&#8212;&#8212;&#8211;<br \/>\nProssimi eventi fuori provincia<br \/>\n&#8212;&#8212;&#8212;&#8212;&#8212;&#8212;&#8212;&#8212;&#8212;&#8212;&#8212;&#8212;&#8212;&#8212;&#8212;&#8212;&#8212;&#8212;&#8212;&#8212;&#8212;&#8212;&#8212;&#8211;<\/p>\n<p>*Lethal Death*: Sab. 28 novembre 2009 alle 22:00<br \/>\nDeathroad Fadalten &#8211; Vittorio Veneto(Fadalto)<br \/>\nhttp:\/\/www.rockbelluno.it\/event\/1005<\/p>\n<p>&#8212;&#8212;&#8212;&#8212;&#8212;&#8212;&#8212;&#8212;&#8212;&#8212;&#8212;&#8212;&#8212;&#8212;&#8212;&#8212;&#8212;&#8212;&#8212;&#8212;&#8212;&#8212;&#8212;&#8211;<br \/>\nEventi segnalati di recente<br \/>\n&#8212;&#8212;&#8212;&#8212;&#8212;&#8212;&#8212;&#8212;&#8212;&#8212;&#8212;&#8212;&#8212;&#8212;&#8212;&#8212;&#8212;&#8212;&#8212;&#8212;&#8212;&#8212;&#8212;&#8211;<\/p>\n<p>*Deaf by Choice+ Polenta Violenta*: Sab. 5 dicembre 2009 alle 21:30<br \/>\nBar Circolet @ Tisoi &#8211; Belluno (Tisoi)<br \/>\nhttp:\/\/www.rockbelluno.it\/event\/1004<\/p>\n<p>&#8212;&#8212;&#8212;&#8212;&#8212;&#8212;&#8212;&#8212;&#8212;&#8212;&#8212;&#8212;&#8212;&#8212;&#8212;&#8212;&#8212;&#8212;&#8212;&#8212;&#8212;&#8212;&#8212;&#8211;<br \/>\nUltimi 10 messaggi nel forum<br \/>\n&#8212;&#8212;&#8212;&#8212;&#8212;&#8212;&#8212;&#8212;&#8212;&#8212;&#8212;&#8212;&#8212;&#8212;&#8212;&#8212;&#8212;&#8212;&#8212;&#8212;&#8212;&#8212;&#8212;&#8211;<\/p>\n<p>SABATO 5 DICEMBRE- FIRELIPS+LEXICON, bar &#8220;Parco&#8221; di Falcade<br \/>\nhttp:\/\/www.rockbelluno.it\/forum\/viewtopic.php?p=79709#p79709<\/p>\n<p>SABATO 5 DICEMBRE : Yankee Rose + FenhiR Live\u00a0 @ Milio&#8217;s Bar<br \/>\nhttp:\/\/www.rockbelluno.it\/forum\/viewtopic.php?p=79708#p79708<\/p>\n<p>Tastieristi e Batteristi venghino!<br \/>\nhttp:\/\/www.rockbelluno.it\/forum\/viewtopic.php?p=79706#p79706<\/p>\n<p>&#8211; ROCKRADUNO @ EXCALIBUR &#8211; 20\/11<br \/>\nhttp:\/\/www.rockbelluno.it\/forum\/viewtopic.php?p=79698#p79698<\/p>\n<p>STRIX<br \/>\nhttp:\/\/www.rockbelluno.it\/forum\/viewtopic.php?p=79695#p79695<\/p>\n<p>ELUVEITIE<br \/>\nhttp:\/\/www.rockbelluno.it\/forum\/viewtopic.php?p=79694#p79694<\/p>\n<p>BLOOMING DAY<br \/>\nhttp:\/\/www.rockbelluno.it\/forum\/viewtopic.php?p=79684#p79684<\/p>\n<p>TIRATAIE live alla STUA di FALCADE sabato 28-Nov. ore 22.00<br \/>\nhttp:\/\/www.rockbelluno.it\/forum\/viewtopic.php?p=79680#p79680<\/p>\n<p>Aiutatemi a trovare sta maglietta!<br \/>\nhttp:\/\/www.rockbelluno.it\/forum\/viewtopic.php?p=79679#p79679<\/p>\n<p>SKA-P\u00a0 Lagrimas y Gozos<br \/>\nhttp:\/\/www.rockbelluno.it\/forum\/viewtopic.php?p=79673#p79673<\/p>","protected":false},"excerpt":{"rendered":"<p>Prossimi eventi in provincia: *TARGET*: Gio. 26 novembre 2009 alle 21:30 Fidelio &#8211; Sedico (BL) &#8211; Sedico http:\/\/www.rockbelluno.it\/event\/1008 *Murdock*: Sab. 28 novembre 2009 alle 19:45 Happy Hour &#8211; Belluno (Nogar\u00e8) http:\/\/www.rockbelluno.it\/event\/944 *Amatyde+Livor*: Sab. 28 novembre 2009 alle 21:15 Milio&#8217;s Bar &#8211; Ponte nelle Alpi (Losego) http:\/\/www.rockbelluno.it\/event\/909 *MARGOT*: Sab. 28 novembre 2009 alle 22:00 Tavernetta &#8211; [&hellip;]<\/p>\n","protected":false},"author":2,"featured_media":0,"comment_status":"closed","ping_status":"open","sticky":false,"template":"","format":"standard","meta":{"footnotes":""},"categories":[1],"tags":[139],"class_list":["post-10100","post","type-post","status-publish","format-standard","category-leo","tag-belluno"],"yoast_head":"<!-- This site is optimized with the Yoast SEO plugin v28.4 - https:\/\/yoast.com\/product\/yoast-seo-wordpress\/ -->\n<title>Gli appuntamenti musicali di RockBelluno - Bellunopress - Dolomiti<\/title>\n<meta name=\"robots\" content=\"index, follow, max-snippet:-1, max-image-preview:large, max-video-preview:-1\" \/>\n<link rel=\"canonical\" href=\"https:\/\/www.bellunopress.it\/fr\/2009\/11\/26\/gli-appuntamenti-musicali-di-rockbelluno\/\" \/>\n<meta property=\"og:locale\" content=\"fr_FR\" \/>\n<meta property=\"og:type\" content=\"article\" \/>\n<meta property=\"og:title\" content=\"Gli appuntamenti musicali di RockBelluno - Bellunopress - Dolomiti\" \/>\n<meta property=\"og:description\" content=\"Prossimi eventi in provincia: *TARGET*: Gio. 26 novembre 2009 alle 21:30 Fidelio &#8211; Sedico (BL) &#8211; Sedico http:\/\/www.rockbelluno.it\/event\/1008 *Murdock*: Sab. 28 novembre 2009 alle 19:45 Happy Hour &#8211; Belluno (Nogar\u00e8) http:\/\/www.rockbelluno.it\/event\/944 *Amatyde+Livor*: Sab. 28 novembre 2009 alle 21:15 Milio&#8217;s Bar &#8211; Ponte nelle Alpi (Losego) http:\/\/www.rockbelluno.it\/event\/909 *MARGOT*: Sab. 28 novembre 2009 alle 22:00 Tavernetta &#8211; [&hellip;]\" \/>\n<meta property=\"og:url\" content=\"https:\/\/www.bellunopress.it\/fr\/2009\/11\/26\/gli-appuntamenti-musicali-di-rockbelluno\/\" \/>\n<meta property=\"og:site_name\" content=\"Bellunopress - Dolomiti\" \/>\n<meta property=\"article:publisher\" content=\"https:\/\/www.facebook.com\/profile.php?id=100008943462799\" \/>\n<meta property=\"article:published_time\" content=\"2009-11-26T04:52:10+00:00\" \/>\n<meta property=\"og:image\" content=\"http:\/\/www.bellunopress.it\/wp-content\/uploads\/2012\/07\/logo-bellunopress-250x250-2012.jpg\" \/>\n<meta name=\"author\" content=\"redazione\" \/>\n<meta name=\"twitter:card\" content=\"summary_large_image\" \/>\n<meta name=\"twitter:creator\" content=\"@bellunopress\" \/>\n<meta name=\"twitter:site\" content=\"@bellunopress\" \/>\n<meta name=\"twitter:label1\" content=\"\u00c9crit par\" \/>\n\t<meta name=\"twitter:data1\" content=\"redazione\" \/>\n\t<meta name=\"twitter:label2\" content=\"Dur\u00e9e de lecture estim\u00e9e\" \/>\n\t<meta name=\"twitter:data2\" content=\"1 minute\" \/>\n<script type=\"application\/ld+json\" class=\"yoast-schema-graph\">{\"@context\":\"https:\\\/\\\/schema.org\",\"@graph\":[{\"@type\":\"Article\",\"@id\":\"https:\\\/\\\/www.bellunopress.it\\\/2009\\\/11\\\/26\\\/gli-appuntamenti-musicali-di-rockbelluno\\\/#article\",\"isPartOf\":{\"@id\":\"https:\\\/\\\/www.bellunopress.it\\\/2009\\\/11\\\/26\\\/gli-appuntamenti-musicali-di-rockbelluno\\\/\"},\"author\":{\"name\":\"redazione\",\"@id\":\"https:\\\/\\\/www.bellunopress.it\\\/#\\\/schema\\\/person\\\/79bb06722b37ece1c03d3e94beb30d73\"},\"headline\":\"Gli appuntamenti musicali di RockBelluno\",\"datePublished\":\"2009-11-26T04:52:10+00:00\",\"mainEntityOfPage\":{\"@id\":\"https:\\\/\\\/www.bellunopress.it\\\/2009\\\/11\\\/26\\\/gli-appuntamenti-musicali-di-rockbelluno\\\/\"},\"wordCount\":294,\"publisher\":{\"@id\":\"https:\\\/\\\/www.bellunopress.it\\\/#organization\"},\"keywords\":[\"Belluno\"],\"articleSection\":[\"Lettere Opinioni\"],\"inLanguage\":\"fr-FR\"},{\"@type\":\"WebPage\",\"@id\":\"https:\\\/\\\/www.bellunopress.it\\\/2009\\\/11\\\/26\\\/gli-appuntamenti-musicali-di-rockbelluno\\\/\",\"url\":\"https:\\\/\\\/www.bellunopress.it\\\/2009\\\/11\\\/26\\\/gli-appuntamenti-musicali-di-rockbelluno\\\/\",\"name\":\"Gli appuntamenti musicali di RockBelluno - Bellunopress - Dolomiti\",\"isPartOf\":{\"@id\":\"https:\\\/\\\/www.bellunopress.it\\\/#website\"},\"datePublished\":\"2009-11-26T04:52:10+00:00\",\"breadcrumb\":{\"@id\":\"https:\\\/\\\/www.bellunopress.it\\\/2009\\\/11\\\/26\\\/gli-appuntamenti-musicali-di-rockbelluno\\\/#breadcrumb\"},\"inLanguage\":\"fr-FR\",\"potentialAction\":[{\"@type\":\"ReadAction\",\"target\":[\"https:\\\/\\\/www.bellunopress.it\\\/2009\\\/11\\\/26\\\/gli-appuntamenti-musicali-di-rockbelluno\\\/\"]}]},{\"@type\":\"BreadcrumbList\",\"@id\":\"https:\\\/\\\/www.bellunopress.it\\\/2009\\\/11\\\/26\\\/gli-appuntamenti-musicali-di-rockbelluno\\\/#breadcrumb\",\"itemListElement\":[{\"@type\":\"ListItem\",\"position\":1,\"name\":\"Home\",\"item\":\"https:\\\/\\\/www.bellunopress.it\\\/\"},{\"@type\":\"ListItem\",\"position\":2,\"name\":\"Gli appuntamenti musicali di RockBelluno\"}]},{\"@type\":\"WebSite\",\"@id\":\"https:\\\/\\\/www.bellunopress.it\\\/#website\",\"url\":\"https:\\\/\\\/www.bellunopress.it\\\/\",\"name\":\"Bellunopress - Dolomiti\",\"description\":\"e-mail: redazione@bellunopress.it\",\"publisher\":{\"@id\":\"https:\\\/\\\/www.bellunopress.it\\\/#organization\"},\"potentialAction\":[{\"@type\":\"SearchAction\",\"target\":{\"@type\":\"EntryPoint\",\"urlTemplate\":\"https:\\\/\\\/www.bellunopress.it\\\/?s={search_term_string}\"},\"query-input\":{\"@type\":\"PropertyValueSpecification\",\"valueRequired\":true,\"valueName\":\"search_term_string\"}}],\"inLanguage\":\"fr-FR\"},{\"@type\":\"Organization\",\"@id\":\"https:\\\/\\\/www.bellunopress.it\\\/#organization\",\"name\":\"Bellunopress\",\"url\":\"https:\\\/\\\/www.bellunopress.it\\\/\",\"logo\":{\"@type\":\"ImageObject\",\"inLanguage\":\"fr-FR\",\"@id\":\"https:\\\/\\\/www.bellunopress.it\\\/#\\\/schema\\\/logo\\\/image\\\/\",\"url\":\"https:\\\/\\\/www.bellunopress.it\\\/wp-content\\\/uploads\\\/2011\\\/05\\\/cropped-logo-bellunopress-.jpg\",\"contentUrl\":\"https:\\\/\\\/www.bellunopress.it\\\/wp-content\\\/uploads\\\/2011\\\/05\\\/cropped-logo-bellunopress-.jpg\",\"width\":512,\"height\":512,\"caption\":\"Bellunopress\"},\"image\":{\"@id\":\"https:\\\/\\\/www.bellunopress.it\\\/#\\\/schema\\\/logo\\\/image\\\/\"},\"sameAs\":[\"https:\\\/\\\/www.facebook.com\\\/profile.php?id=100008943462799\",\"https:\\\/\\\/x.com\\\/bellunopress\",\"https:\\\/\\\/www.linkedin.com\\\/hp\\\/?dnr=JBzUWaJfMUw8vbXJJ2tVW5-I3jZKvC4wsoxE&amp;amp;amp;amp;amp;amp;trk=nav_responsive_tab_home\",\"https:\\\/\\\/www.youtube.com\\\/channel\\\/UCxL0wu1uN0_3_7hGG0306cw\"]},{\"@type\":\"Person\",\"@id\":\"https:\\\/\\\/www.bellunopress.it\\\/#\\\/schema\\\/person\\\/79bb06722b37ece1c03d3e94beb30d73\",\"name\":\"redazione\",\"image\":{\"@type\":\"ImageObject\",\"inLanguage\":\"fr-FR\",\"@id\":\"https:\\\/\\\/secure.gravatar.com\\\/avatar\\\/37d968a2e67a6fd04c169c4bdef102d0bc5d31b2546345219e348575eb80e9a0?s=96&d=mm&r=g\",\"url\":\"https:\\\/\\\/secure.gravatar.com\\\/avatar\\\/37d968a2e67a6fd04c169c4bdef102d0bc5d31b2546345219e348575eb80e9a0?s=96&d=mm&r=g\",\"contentUrl\":\"https:\\\/\\\/secure.gravatar.com\\\/avatar\\\/37d968a2e67a6fd04c169c4bdef102d0bc5d31b2546345219e348575eb80e9a0?s=96&d=mm&r=g\",\"caption\":\"redazione\"},\"sameAs\":[\"http:\\\/\\\/www.bellunopress.it\",\"https:\\\/\\\/x.com\\\/bellunopress\"],\"url\":\"https:\\\/\\\/www.bellunopress.it\\\/fr\\\/author\\\/redazione\\\/\"}]}<\/script>\n<!-- \/ Yoast SEO plugin. -->","yoast_head_json":{"title":"Gli appuntamenti musicali di RockBelluno - Bellunopress - Dolomiti","robots":{"index":"index","follow":"follow","max-snippet":"max-snippet:-1","max-image-preview":"max-image-preview:large","max-video-preview":"max-video-preview:-1"},"canonical":"https:\/\/www.bellunopress.it\/fr\/2009\/11\/26\/gli-appuntamenti-musicali-di-rockbelluno\/","og_locale":"fr_FR","og_type":"article","og_title":"Gli appuntamenti musicali di RockBelluno - Bellunopress - Dolomiti","og_description":"Prossimi eventi in provincia: *TARGET*: Gio. 26 novembre 2009 alle 21:30 Fidelio &#8211; Sedico (BL) &#8211; Sedico http:\/\/www.rockbelluno.it\/event\/1008 *Murdock*: Sab. 28 novembre 2009 alle 19:45 Happy Hour &#8211; Belluno (Nogar\u00e8) http:\/\/www.rockbelluno.it\/event\/944 *Amatyde+Livor*: Sab. 28 novembre 2009 alle 21:15 Milio&#8217;s Bar &#8211; Ponte nelle Alpi (Losego) http:\/\/www.rockbelluno.it\/event\/909 *MARGOT*: Sab. 28 novembre 2009 alle 22:00 Tavernetta &#8211; [&hellip;]","og_url":"https:\/\/www.bellunopress.it\/fr\/2009\/11\/26\/gli-appuntamenti-musicali-di-rockbelluno\/","og_site_name":"Bellunopress - Dolomiti","article_publisher":"https:\/\/www.facebook.com\/profile.php?id=100008943462799","article_published_time":"2009-11-26T04:52:10+00:00","og_image":[{"url":"http:\/\/www.bellunopress.it\/wp-content\/uploads\/2012\/07\/logo-bellunopress-250x250-2012.jpg","type":"","width":"","height":""}],"author":"redazione","twitter_card":"summary_large_image","twitter_creator":"@bellunopress","twitter_site":"@bellunopress","twitter_misc":{"\u00c9crit par":"redazione","Dur\u00e9e de lecture estim\u00e9e":"1 minute"},"schema":{"@context":"https:\/\/schema.org","@graph":[{"@type":"Article","@id":"https:\/\/www.bellunopress.it\/2009\/11\/26\/gli-appuntamenti-musicali-di-rockbelluno\/#article","isPartOf":{"@id":"https:\/\/www.bellunopress.it\/2009\/11\/26\/gli-appuntamenti-musicali-di-rockbelluno\/"},"author":{"name":"redazione","@id":"https:\/\/www.bellunopress.it\/#\/schema\/person\/79bb06722b37ece1c03d3e94beb30d73"},"headline":"Gli appuntamenti musicali di RockBelluno","datePublished":"2009-11-26T04:52:10+00:00","mainEntityOfPage":{"@id":"https:\/\/www.bellunopress.it\/2009\/11\/26\/gli-appuntamenti-musicali-di-rockbelluno\/"},"wordCount":294,"publisher":{"@id":"https:\/\/www.bellunopress.it\/#organization"},"keywords":["Belluno"],"articleSection":["Lettere Opinioni"],"inLanguage":"fr-FR"},{"@type":"WebPage","@id":"https:\/\/www.bellunopress.it\/2009\/11\/26\/gli-appuntamenti-musicali-di-rockbelluno\/","url":"https:\/\/www.bellunopress.it\/2009\/11\/26\/gli-appuntamenti-musicali-di-rockbelluno\/","name":"Gli appuntamenti musicali di RockBelluno - Bellunopress - Dolomiti","isPartOf":{"@id":"https:\/\/www.bellunopress.it\/#website"},"datePublished":"2009-11-26T04:52:10+00:00","breadcrumb":{"@id":"https:\/\/www.bellunopress.it\/2009\/11\/26\/gli-appuntamenti-musicali-di-rockbelluno\/#breadcrumb"},"inLanguage":"fr-FR","potentialAction":[{"@type":"ReadAction","target":["https:\/\/www.bellunopress.it\/2009\/11\/26\/gli-appuntamenti-musicali-di-rockbelluno\/"]}]},{"@type":"BreadcrumbList","@id":"https:\/\/www.bellunopress.it\/2009\/11\/26\/gli-appuntamenti-musicali-di-rockbelluno\/#breadcrumb","itemListElement":[{"@type":"ListItem","position":1,"name":"Home","item":"https:\/\/www.bellunopress.it\/"},{"@type":"ListItem","position":2,"name":"Gli appuntamenti musicali di RockBelluno"}]},{"@type":"WebSite","@id":"https:\/\/www.bellunopress.it\/#website","url":"https:\/\/www.bellunopress.it\/","name":"Bellunopress - Dolomiti","description":"e-mail: redazione@bellunopress.it","publisher":{"@id":"https:\/\/www.bellunopress.it\/#organization"},"potentialAction":[{"@type":"SearchAction","target":{"@type":"EntryPoint","urlTemplate":"https:\/\/www.bellunopress.it\/?s={search_term_string}"},"query-input":{"@type":"PropertyValueSpecification","valueRequired":true,"valueName":"search_term_string"}}],"inLanguage":"fr-FR"},{"@type":"Organization","@id":"https:\/\/www.bellunopress.it\/#organization","name":"Bellunopress","url":"https:\/\/www.bellunopress.it\/","logo":{"@type":"ImageObject","inLanguage":"fr-FR","@id":"https:\/\/www.bellunopress.it\/#\/schema\/logo\/image\/","url":"https:\/\/www.bellunopress.it\/wp-content\/uploads\/2011\/05\/cropped-logo-bellunopress-.jpg","contentUrl":"https:\/\/www.bellunopress.it\/wp-content\/uploads\/2011\/05\/cropped-logo-bellunopress-.jpg","width":512,"height":512,"caption":"Bellunopress"},"image":{"@id":"https:\/\/www.bellunopress.it\/#\/schema\/logo\/image\/"},"sameAs":["https:\/\/www.facebook.com\/profile.php?id=100008943462799","https:\/\/x.com\/bellunopress","https:\/\/www.linkedin.com\/hp\/?dnr=JBzUWaJfMUw8vbXJJ2tVW5-I3jZKvC4wsoxE&amp;amp;amp;amp;amp;amp;trk=nav_responsive_tab_home","https:\/\/www.youtube.com\/channel\/UCxL0wu1uN0_3_7hGG0306cw"]},{"@type":"Person","@id":"https:\/\/www.bellunopress.it\/#\/schema\/person\/79bb06722b37ece1c03d3e94beb30d73","name":"r\u00e9daction","image":{"@type":"ImageObject","inLanguage":"fr-FR","@id":"https:\/\/secure.gravatar.com\/avatar\/37d968a2e67a6fd04c169c4bdef102d0bc5d31b2546345219e348575eb80e9a0?s=96&d=mm&r=g","url":"https:\/\/secure.gravatar.com\/avatar\/37d968a2e67a6fd04c169c4bdef102d0bc5d31b2546345219e348575eb80e9a0?s=96&d=mm&r=g","contentUrl":"https:\/\/secure.gravatar.com\/avatar\/37d968a2e67a6fd04c169c4bdef102d0bc5d31b2546345219e348575eb80e9a0?s=96&d=mm&r=g","caption":"redazione"},"sameAs":["http:\/\/www.bellunopress.it","https:\/\/x.com\/bellunopress"],"url":"https:\/\/www.bellunopress.it\/fr\/author\/redazione\/"}]}},"_links":{"self":[{"href":"https:\/\/www.bellunopress.it\/fr\/wp-json\/wp\/v2\/posts\/10100","targetHints":{"allow":["GET"]}}],"collection":[{"href":"https:\/\/www.bellunopress.it\/fr\/wp-json\/wp\/v2\/posts"}],"about":[{"href":"https:\/\/www.bellunopress.it\/fr\/wp-json\/wp\/v2\/types\/post"}],"author":[{"embeddable":true,"href":"https:\/\/www.bellunopress.it\/fr\/wp-json\/wp\/v2\/users\/2"}],"replies":[{"embeddable":true,"href":"https:\/\/www.bellunopress.it\/fr\/wp-json\/wp\/v2\/comments?post=10100"}],"version-history":[{"count":1,"href":"https:\/\/www.bellunopress.it\/fr\/wp-json\/wp\/v2\/posts\/10100\/revisions"}],"predecessor-version":[{"id":10101,"href":"https:\/\/www.bellunopress.it\/fr\/wp-json\/wp\/v2\/posts\/10100\/revisions\/10101"}],"wp:attachment":[{"href":"https:\/\/www.bellunopress.it\/fr\/wp-json\/wp\/v2\/media?parent=10100"}],"wp:term":[{"taxonomy":"category","embeddable":true,"href":"https:\/\/www.bellunopress.it\/fr\/wp-json\/wp\/v2\/categories?post=10100"},{"taxonomy":"post_tag","embeddable":true,"href":"https:\/\/www.bellunopress.it\/fr\/wp-json\/wp\/v2\/tags?post=10100"}],"curies":[{"name":"wp","href":"https:\/\/api.w.org\/{rel}","templated":true}]}}