{"id":10095,"date":"2009-11-26T05:43:37","date_gmt":"2009-11-26T04:43:37","guid":{"rendered":"http:\/\/www.bellunopress.it\/?p=10095"},"modified":"2009-11-26T09:14:12","modified_gmt":"2009-11-26T08:14:12","slug":"de-gan-su-acc-%c2%abprematura-la-presa-di-posizione-dei-sindacati-nei-confronti-dell%e2%80%99azienda%c2%bb","status":"publish","type":"post","link":"https:\/\/www.bellunopress.it\/fr\/2009\/11\/26\/de-gan-su-acc-%c2%abprematura-la-presa-di-posizione-dei-sindacati-nei-confronti-dell%e2%80%99azienda%c2%bb\/","title":{"rendered":"De Gan su ACC: \u00abPrematura la presa di posizione dei sindacati nei confronti dell\u2019azienda\u00bb."},"content":{"rendered":"<p>Incontro a Palazzo Piloni, ieri, tra l\u2019Assessore alle Politiche del Lavoro della Provincia di Belluno, Stefano De Gan, e i vertici del Gruppo Acc. Sul tavolo la situazione dello stabilimento di Mel, alla vigilia della trattativa sindacale che inizier\u00e0 il primo dicembre prossimo presso la sede di Confindustria Belluno Dolomiti.<br \/>\n\u00abE\u2019 stato un confronto positivo &#8211; ha commentato De Gan &#8211;\u00a0 ho avuto alcune importanti indicazioni sulle intenzioni dell\u2019azienda, che ha presentato un possibile rilancio dell\u2019impianto produttivo di Villa di Villa. \u00c8 chiaro che stiamo attraversando un periodo di difficolt\u00e0 economica e di mercato: per superarlo, l\u2019azienda chiede di poter utilizzare una maggiore flessibilit\u00e0, con una conseguente riduzione dei costi, in modo da ottenere la stessa efficienza della fabbrica in Austria\u00bb.<br \/>\n\u00abFrancamente credo che i lavoratori bellunesi possano affrontare serenamente questa competizione con i colleghi austriaci, ai quali non hanno nulla da invidiare &#8211; ha proseguito l\u2019assessore &#8211; . La professionalit\u00e0 e l\u2019operosit\u00e0 rappresentano, da questo punto di vista, un indiscutibile valore aggiunto per il nostro territorio e per l\u2019azienda\u00bb.<br \/>\n\u00abPi\u00f9 volte ho sentito dai dirigenti di Acc la parola \u201coccasione\u201d, segno che c\u2019\u00e8 un spirito propositivo che fa ben sperare &#8211; ha aggiunto De Gan &#8211; . Confido che, nel corso di questa importante trattativa, anche le organizzazioni sindacali vorranno mantenere un atteggiamento positivo e di apertura al dialogo e al confronto, senza posizioni preconcette, che per anni sono rimaste sopite. Auspico che in questo modo si possa giungere ad un accordo in tempi rapidi, tenendo in assoluta considerazione i livelli occupazionali e le disponibilit\u00e0 economiche dei lavoratori\u00bb.<br \/>\nHa concluso De Gan: \u00abNoto tuttavia come, alla luce delle dichiarazioni dei vertici aziendali, la manifestazione organizzata per il 1\u00b0 dicembre (in concomitanza con l\u2019avvio del confronto), appaia quantomeno prematura. Nei confronti della situazione di Acc c\u2019\u00e8 la massima attenzione, non solo dell\u2019opinione pubblica, ma anche delle Istituzioni, a cominciare proprio dalla Provincia di Belluno\u00bb.<\/p>","protected":false},"excerpt":{"rendered":"<p>Incontro a Palazzo Piloni, ieri, tra l\u2019Assessore alle Politiche del Lavoro della Provincia di Belluno, Stefano De Gan, e i vertici del Gruppo Acc. Sul tavolo la situazione dello stabilimento di Mel, alla vigilia della trattativa sindacale che inizier\u00e0 il primo dicembre prossimo presso la sede di Confindustria Belluno Dolomiti. \u00abE\u2019 stato un confronto positivo [&hellip;]<\/p>\n","protected":false},"author":2,"featured_media":0,"comment_status":"closed","ping_status":"open","sticky":false,"template":"","format":"standard","meta":{"footnotes":""},"categories":[5,36,26],"tags":[139,63],"class_list":["post-10095","post","type-post","status-publish","format-standard","category-cronaca","category-lavoro-economia","category-prima-pagina","tag-belluno","tag-dolomiti"],"yoast_head":"<!-- This site is optimized with the Yoast SEO plugin v28.4 - https:\/\/yoast.com\/product\/yoast-seo-wordpress\/ -->\n<title>De Gan su ACC: \u00abPrematura la presa di posizione dei sindacati nei confronti dell\u2019azienda\u00bb. - Bellunopress - Dolomiti<\/title>\n<meta name=\"robots\" content=\"index, follow, max-snippet:-1, max-image-preview:large, max-video-preview:-1\" \/>\n<link rel=\"canonical\" href=\"https:\/\/www.bellunopress.it\/fr\/2009\/11\/26\/de-gan-su-acc-\u00abprematura-la-presa-di-posizione-dei-sindacati-nei-confronti-dell\u2019azienda\u00bb\/\" \/>\n<meta property=\"og:locale\" content=\"fr_FR\" \/>\n<meta property=\"og:type\" content=\"article\" \/>\n<meta property=\"og:title\" content=\"De Gan su ACC: \u00abPrematura la presa di posizione dei sindacati nei confronti dell\u2019azienda\u00bb. - Bellunopress - Dolomiti\" \/>\n<meta property=\"og:description\" content=\"Incontro a Palazzo Piloni, ieri, tra l\u2019Assessore alle Politiche del Lavoro della Provincia di Belluno, Stefano De Gan, e i vertici del Gruppo Acc. Sul tavolo la situazione dello stabilimento di Mel, alla vigilia della trattativa sindacale che inizier\u00e0 il primo dicembre prossimo presso la sede di Confindustria Belluno Dolomiti. \u00abE\u2019 stato un confronto positivo [&hellip;]\" \/>\n<meta property=\"og:url\" content=\"https:\/\/www.bellunopress.it\/fr\/2009\/11\/26\/de-gan-su-acc-\u00abprematura-la-presa-di-posizione-dei-sindacati-nei-confronti-dell\u2019azienda\u00bb\/\" \/>\n<meta property=\"og:site_name\" content=\"Bellunopress - Dolomiti\" \/>\n<meta property=\"article:publisher\" content=\"https:\/\/www.facebook.com\/profile.php?id=100008943462799\" \/>\n<meta property=\"article:published_time\" content=\"2009-11-26T04:43:37+00:00\" \/>\n<meta property=\"article:modified_time\" content=\"2009-11-26T08:14:12+00:00\" \/>\n<meta property=\"og:image\" content=\"http:\/\/www.bellunopress.it\/wp-content\/uploads\/2012\/07\/logo-bellunopress-250x250-2012.jpg\" \/>\n<meta name=\"author\" content=\"redazione\" \/>\n<meta name=\"twitter:card\" content=\"summary_large_image\" \/>\n<meta name=\"twitter:creator\" content=\"@bellunopress\" \/>\n<meta name=\"twitter:site\" content=\"@bellunopress\" \/>\n<meta name=\"twitter:label1\" content=\"\u00c9crit par\" \/>\n\t<meta name=\"twitter:data1\" content=\"redazione\" \/>\n\t<meta name=\"twitter:label2\" content=\"Dur\u00e9e de lecture estim\u00e9e\" \/>\n\t<meta name=\"twitter:data2\" content=\"2 minutes\" \/>\n<script type=\"application\/ld+json\" class=\"yoast-schema-graph\">{\"@context\":\"https:\\\/\\\/schema.org\",\"@graph\":[{\"@type\":\"Article\",\"@id\":\"https:\\\/\\\/www.bellunopress.it\\\/2009\\\/11\\\/26\\\/de-gan-su-acc-%c2%abprematura-la-presa-di-posizione-dei-sindacati-nei-confronti-dell%e2%80%99azienda%c2%bb\\\/#article\",\"isPartOf\":{\"@id\":\"https:\\\/\\\/www.bellunopress.it\\\/2009\\\/11\\\/26\\\/de-gan-su-acc-%c2%abprematura-la-presa-di-posizione-dei-sindacati-nei-confronti-dell%e2%80%99azienda%c2%bb\\\/\"},\"author\":{\"name\":\"redazione\",\"@id\":\"https:\\\/\\\/www.bellunopress.it\\\/#\\\/schema\\\/person\\\/79bb06722b37ece1c03d3e94beb30d73\"},\"headline\":\"De Gan su ACC: \u00abPrematura la presa di posizione dei sindacati nei confronti dell\u2019azienda\u00bb.\",\"datePublished\":\"2009-11-26T04:43:37+00:00\",\"dateModified\":\"2009-11-26T08:14:12+00:00\",\"mainEntityOfPage\":{\"@id\":\"https:\\\/\\\/www.bellunopress.it\\\/2009\\\/11\\\/26\\\/de-gan-su-acc-%c2%abprematura-la-presa-di-posizione-dei-sindacati-nei-confronti-dell%e2%80%99azienda%c2%bb\\\/\"},\"wordCount\":334,\"publisher\":{\"@id\":\"https:\\\/\\\/www.bellunopress.it\\\/#organization\"},\"keywords\":[\"Belluno\",\"Dolomiti\"],\"articleSection\":[\"Cronaca\\\/Politica\",\"Lavoro, Economia, Turismo\",\"Prima Pagina\"],\"inLanguage\":\"fr-FR\"},{\"@type\":\"WebPage\",\"@id\":\"https:\\\/\\\/www.bellunopress.it\\\/2009\\\/11\\\/26\\\/de-gan-su-acc-%c2%abprematura-la-presa-di-posizione-dei-sindacati-nei-confronti-dell%e2%80%99azienda%c2%bb\\\/\",\"url\":\"https:\\\/\\\/www.bellunopress.it\\\/2009\\\/11\\\/26\\\/de-gan-su-acc-%c2%abprematura-la-presa-di-posizione-dei-sindacati-nei-confronti-dell%e2%80%99azienda%c2%bb\\\/\",\"name\":\"De Gan su ACC: \u00abPrematura la presa di posizione dei sindacati nei confronti dell\u2019azienda\u00bb. - Bellunopress - Dolomiti\",\"isPartOf\":{\"@id\":\"https:\\\/\\\/www.bellunopress.it\\\/#website\"},\"datePublished\":\"2009-11-26T04:43:37+00:00\",\"dateModified\":\"2009-11-26T08:14:12+00:00\",\"breadcrumb\":{\"@id\":\"https:\\\/\\\/www.bellunopress.it\\\/2009\\\/11\\\/26\\\/de-gan-su-acc-%c2%abprematura-la-presa-di-posizione-dei-sindacati-nei-confronti-dell%e2%80%99azienda%c2%bb\\\/#breadcrumb\"},\"inLanguage\":\"fr-FR\",\"potentialAction\":[{\"@type\":\"ReadAction\",\"target\":[\"https:\\\/\\\/www.bellunopress.it\\\/2009\\\/11\\\/26\\\/de-gan-su-acc-%c2%abprematura-la-presa-di-posizione-dei-sindacati-nei-confronti-dell%e2%80%99azienda%c2%bb\\\/\"]}]},{\"@type\":\"BreadcrumbList\",\"@id\":\"https:\\\/\\\/www.bellunopress.it\\\/2009\\\/11\\\/26\\\/de-gan-su-acc-%c2%abprematura-la-presa-di-posizione-dei-sindacati-nei-confronti-dell%e2%80%99azienda%c2%bb\\\/#breadcrumb\",\"itemListElement\":[{\"@type\":\"ListItem\",\"position\":1,\"name\":\"Home\",\"item\":\"https:\\\/\\\/www.bellunopress.it\\\/\"},{\"@type\":\"ListItem\",\"position\":2,\"name\":\"De Gan su ACC: \u00abPrematura la presa di posizione dei sindacati nei confronti dell\u2019azienda\u00bb.\"}]},{\"@type\":\"WebSite\",\"@id\":\"https:\\\/\\\/www.bellunopress.it\\\/#website\",\"url\":\"https:\\\/\\\/www.bellunopress.it\\\/\",\"name\":\"Bellunopress - Dolomiti\",\"description\":\"e-mail: redazione@bellunopress.it\",\"publisher\":{\"@id\":\"https:\\\/\\\/www.bellunopress.it\\\/#organization\"},\"potentialAction\":[{\"@type\":\"SearchAction\",\"target\":{\"@type\":\"EntryPoint\",\"urlTemplate\":\"https:\\\/\\\/www.bellunopress.it\\\/?s={search_term_string}\"},\"query-input\":{\"@type\":\"PropertyValueSpecification\",\"valueRequired\":true,\"valueName\":\"search_term_string\"}}],\"inLanguage\":\"fr-FR\"},{\"@type\":\"Organization\",\"@id\":\"https:\\\/\\\/www.bellunopress.it\\\/#organization\",\"name\":\"Bellunopress\",\"url\":\"https:\\\/\\\/www.bellunopress.it\\\/\",\"logo\":{\"@type\":\"ImageObject\",\"inLanguage\":\"fr-FR\",\"@id\":\"https:\\\/\\\/www.bellunopress.it\\\/#\\\/schema\\\/logo\\\/image\\\/\",\"url\":\"https:\\\/\\\/www.bellunopress.it\\\/wp-content\\\/uploads\\\/2011\\\/05\\\/cropped-logo-bellunopress-.jpg\",\"contentUrl\":\"https:\\\/\\\/www.bellunopress.it\\\/wp-content\\\/uploads\\\/2011\\\/05\\\/cropped-logo-bellunopress-.jpg\",\"width\":512,\"height\":512,\"caption\":\"Bellunopress\"},\"image\":{\"@id\":\"https:\\\/\\\/www.bellunopress.it\\\/#\\\/schema\\\/logo\\\/image\\\/\"},\"sameAs\":[\"https:\\\/\\\/www.facebook.com\\\/profile.php?id=100008943462799\",\"https:\\\/\\\/x.com\\\/bellunopress\",\"https:\\\/\\\/www.linkedin.com\\\/hp\\\/?dnr=JBzUWaJfMUw8vbXJJ2tVW5-I3jZKvC4wsoxE&amp;amp;amp;amp;amp;amp;trk=nav_responsive_tab_home\",\"https:\\\/\\\/www.youtube.com\\\/channel\\\/UCxL0wu1uN0_3_7hGG0306cw\"]},{\"@type\":\"Person\",\"@id\":\"https:\\\/\\\/www.bellunopress.it\\\/#\\\/schema\\\/person\\\/79bb06722b37ece1c03d3e94beb30d73\",\"name\":\"redazione\",\"image\":{\"@type\":\"ImageObject\",\"inLanguage\":\"fr-FR\",\"@id\":\"https:\\\/\\\/secure.gravatar.com\\\/avatar\\\/37d968a2e67a6fd04c169c4bdef102d0bc5d31b2546345219e348575eb80e9a0?s=96&d=mm&r=g\",\"url\":\"https:\\\/\\\/secure.gravatar.com\\\/avatar\\\/37d968a2e67a6fd04c169c4bdef102d0bc5d31b2546345219e348575eb80e9a0?s=96&d=mm&r=g\",\"contentUrl\":\"https:\\\/\\\/secure.gravatar.com\\\/avatar\\\/37d968a2e67a6fd04c169c4bdef102d0bc5d31b2546345219e348575eb80e9a0?s=96&d=mm&r=g\",\"caption\":\"redazione\"},\"sameAs\":[\"http:\\\/\\\/www.bellunopress.it\",\"https:\\\/\\\/x.com\\\/bellunopress\"],\"url\":\"https:\\\/\\\/www.bellunopress.it\\\/fr\\\/author\\\/redazione\\\/\"}]}<\/script>\n<!-- \/ Yoast SEO plugin. -->","yoast_head_json":{"title":"De Gan su ACC: \u00abPrematura la presa di posizione dei sindacati nei confronti dell\u2019azienda\u00bb. - Bellunopress - Dolomiti","robots":{"index":"index","follow":"follow","max-snippet":"max-snippet:-1","max-image-preview":"max-image-preview:large","max-video-preview":"max-video-preview:-1"},"canonical":"https:\/\/www.bellunopress.it\/fr\/2009\/11\/26\/de-gan-su-acc-\u00abprematura-la-presa-di-posizione-dei-sindacati-nei-confronti-dell\u2019azienda\u00bb\/","og_locale":"fr_FR","og_type":"article","og_title":"De Gan su ACC: \u00abPrematura la presa di posizione dei sindacati nei confronti dell\u2019azienda\u00bb. - Bellunopress - Dolomiti","og_description":"Incontro a Palazzo Piloni, ieri, tra l\u2019Assessore alle Politiche del Lavoro della Provincia di Belluno, Stefano De Gan, e i vertici del Gruppo Acc. Sul tavolo la situazione dello stabilimento di Mel, alla vigilia della trattativa sindacale che inizier\u00e0 il primo dicembre prossimo presso la sede di Confindustria Belluno Dolomiti. \u00abE\u2019 stato un confronto positivo [&hellip;]","og_url":"https:\/\/www.bellunopress.it\/fr\/2009\/11\/26\/de-gan-su-acc-\u00abprematura-la-presa-di-posizione-dei-sindacati-nei-confronti-dell\u2019azienda\u00bb\/","og_site_name":"Bellunopress - Dolomiti","article_publisher":"https:\/\/www.facebook.com\/profile.php?id=100008943462799","article_published_time":"2009-11-26T04:43:37+00:00","article_modified_time":"2009-11-26T08:14:12+00:00","og_image":[{"url":"http:\/\/www.bellunopress.it\/wp-content\/uploads\/2012\/07\/logo-bellunopress-250x250-2012.jpg","type":"","width":"","height":""}],"author":"redazione","twitter_card":"summary_large_image","twitter_creator":"@bellunopress","twitter_site":"@bellunopress","twitter_misc":{"\u00c9crit par":"redazione","Dur\u00e9e de lecture estim\u00e9e":"2 minutes"},"schema":{"@context":"https:\/\/schema.org","@graph":[{"@type":"Article","@id":"https:\/\/www.bellunopress.it\/2009\/11\/26\/de-gan-su-acc-%c2%abprematura-la-presa-di-posizione-dei-sindacati-nei-confronti-dell%e2%80%99azienda%c2%bb\/#article","isPartOf":{"@id":"https:\/\/www.bellunopress.it\/2009\/11\/26\/de-gan-su-acc-%c2%abprematura-la-presa-di-posizione-dei-sindacati-nei-confronti-dell%e2%80%99azienda%c2%bb\/"},"author":{"name":"redazione","@id":"https:\/\/www.bellunopress.it\/#\/schema\/person\/79bb06722b37ece1c03d3e94beb30d73"},"headline":"De Gan su ACC: \u00abPrematura la presa di posizione dei sindacati nei confronti dell\u2019azienda\u00bb.","datePublished":"2009-11-26T04:43:37+00:00","dateModified":"2009-11-26T08:14:12+00:00","mainEntityOfPage":{"@id":"https:\/\/www.bellunopress.it\/2009\/11\/26\/de-gan-su-acc-%c2%abprematura-la-presa-di-posizione-dei-sindacati-nei-confronti-dell%e2%80%99azienda%c2%bb\/"},"wordCount":334,"publisher":{"@id":"https:\/\/www.bellunopress.it\/#organization"},"keywords":["Belluno","Dolomiti"],"articleSection":["Cronaca\/Politica","Lavoro, Economia, Turismo","Prima Pagina"],"inLanguage":"fr-FR"},{"@type":"WebPage","@id":"https:\/\/www.bellunopress.it\/2009\/11\/26\/de-gan-su-acc-%c2%abprematura-la-presa-di-posizione-dei-sindacati-nei-confronti-dell%e2%80%99azienda%c2%bb\/","url":"https:\/\/www.bellunopress.it\/2009\/11\/26\/de-gan-su-acc-%c2%abprematura-la-presa-di-posizione-dei-sindacati-nei-confronti-dell%e2%80%99azienda%c2%bb\/","name":"De Gan su ACC: \u00abPrematura la presa di posizione dei sindacati nei confronti dell\u2019azienda\u00bb. - Bellunopress - Dolomiti","isPartOf":{"@id":"https:\/\/www.bellunopress.it\/#website"},"datePublished":"2009-11-26T04:43:37+00:00","dateModified":"2009-11-26T08:14:12+00:00","breadcrumb":{"@id":"https:\/\/www.bellunopress.it\/2009\/11\/26\/de-gan-su-acc-%c2%abprematura-la-presa-di-posizione-dei-sindacati-nei-confronti-dell%e2%80%99azienda%c2%bb\/#breadcrumb"},"inLanguage":"fr-FR","potentialAction":[{"@type":"ReadAction","target":["https:\/\/www.bellunopress.it\/2009\/11\/26\/de-gan-su-acc-%c2%abprematura-la-presa-di-posizione-dei-sindacati-nei-confronti-dell%e2%80%99azienda%c2%bb\/"]}]},{"@type":"BreadcrumbList","@id":"https:\/\/www.bellunopress.it\/2009\/11\/26\/de-gan-su-acc-%c2%abprematura-la-presa-di-posizione-dei-sindacati-nei-confronti-dell%e2%80%99azienda%c2%bb\/#breadcrumb","itemListElement":[{"@type":"ListItem","position":1,"name":"Home","item":"https:\/\/www.bellunopress.it\/"},{"@type":"ListItem","position":2,"name":"De Gan su ACC: \u00abPrematura la presa di posizione dei sindacati nei confronti dell\u2019azienda\u00bb."}]},{"@type":"WebSite","@id":"https:\/\/www.bellunopress.it\/#website","url":"https:\/\/www.bellunopress.it\/","name":"Bellunopress - Dolomiti","description":"e-mail: redazione@bellunopress.it","publisher":{"@id":"https:\/\/www.bellunopress.it\/#organization"},"potentialAction":[{"@type":"SearchAction","target":{"@type":"EntryPoint","urlTemplate":"https:\/\/www.bellunopress.it\/?s={search_term_string}"},"query-input":{"@type":"PropertyValueSpecification","valueRequired":true,"valueName":"search_term_string"}}],"inLanguage":"fr-FR"},{"@type":"Organization","@id":"https:\/\/www.bellunopress.it\/#organization","name":"Bellunopress","url":"https:\/\/www.bellunopress.it\/","logo":{"@type":"ImageObject","inLanguage":"fr-FR","@id":"https:\/\/www.bellunopress.it\/#\/schema\/logo\/image\/","url":"https:\/\/www.bellunopress.it\/wp-content\/uploads\/2011\/05\/cropped-logo-bellunopress-.jpg","contentUrl":"https:\/\/www.bellunopress.it\/wp-content\/uploads\/2011\/05\/cropped-logo-bellunopress-.jpg","width":512,"height":512,"caption":"Bellunopress"},"image":{"@id":"https:\/\/www.bellunopress.it\/#\/schema\/logo\/image\/"},"sameAs":["https:\/\/www.facebook.com\/profile.php?id=100008943462799","https:\/\/x.com\/bellunopress","https:\/\/www.linkedin.com\/hp\/?dnr=JBzUWaJfMUw8vbXJJ2tVW5-I3jZKvC4wsoxE&amp;amp;amp;amp;amp;amp;trk=nav_responsive_tab_home","https:\/\/www.youtube.com\/channel\/UCxL0wu1uN0_3_7hGG0306cw"]},{"@type":"Person","@id":"https:\/\/www.bellunopress.it\/#\/schema\/person\/79bb06722b37ece1c03d3e94beb30d73","name":"r\u00e9daction","image":{"@type":"ImageObject","inLanguage":"fr-FR","@id":"https:\/\/secure.gravatar.com\/avatar\/37d968a2e67a6fd04c169c4bdef102d0bc5d31b2546345219e348575eb80e9a0?s=96&d=mm&r=g","url":"https:\/\/secure.gravatar.com\/avatar\/37d968a2e67a6fd04c169c4bdef102d0bc5d31b2546345219e348575eb80e9a0?s=96&d=mm&r=g","contentUrl":"https:\/\/secure.gravatar.com\/avatar\/37d968a2e67a6fd04c169c4bdef102d0bc5d31b2546345219e348575eb80e9a0?s=96&d=mm&r=g","caption":"redazione"},"sameAs":["http:\/\/www.bellunopress.it","https:\/\/x.com\/bellunopress"],"url":"https:\/\/www.bellunopress.it\/fr\/author\/redazione\/"}]}},"_links":{"self":[{"href":"https:\/\/www.bellunopress.it\/fr\/wp-json\/wp\/v2\/posts\/10095","targetHints":{"allow":["GET"]}}],"collection":[{"href":"https:\/\/www.bellunopress.it\/fr\/wp-json\/wp\/v2\/posts"}],"about":[{"href":"https:\/\/www.bellunopress.it\/fr\/wp-json\/wp\/v2\/types\/post"}],"author":[{"embeddable":true,"href":"https:\/\/www.bellunopress.it\/fr\/wp-json\/wp\/v2\/users\/2"}],"replies":[{"embeddable":true,"href":"https:\/\/www.bellunopress.it\/fr\/wp-json\/wp\/v2\/comments?post=10095"}],"version-history":[{"count":2,"href":"https:\/\/www.bellunopress.it\/fr\/wp-json\/wp\/v2\/posts\/10095\/revisions"}],"predecessor-version":[{"id":10104,"href":"https:\/\/www.bellunopress.it\/fr\/wp-json\/wp\/v2\/posts\/10095\/revisions\/10104"}],"wp:attachment":[{"href":"https:\/\/www.bellunopress.it\/fr\/wp-json\/wp\/v2\/media?parent=10095"}],"wp:term":[{"taxonomy":"category","embeddable":true,"href":"https:\/\/www.bellunopress.it\/fr\/wp-json\/wp\/v2\/categories?post=10095"},{"taxonomy":"post_tag","embeddable":true,"href":"https:\/\/www.bellunopress.it\/fr\/wp-json\/wp\/v2\/tags?post=10095"}],"curies":[{"name":"wp","href":"https:\/\/api.w.org\/{rel}","templated":true}]}}