{"id":10091,"date":"2009-11-26T12:30:08","date_gmt":"2009-11-26T11:30:08","guid":{"rendered":"http:\/\/www.bellunopress.it\/?p=10091"},"modified":"2009-11-25T23:32:42","modified_gmt":"2009-11-25T22:32:42","slug":"lassessore-sandri-sulla-rabbia-silvestre-in-veneto-regione-tempestiva","status":"publish","type":"post","link":"https:\/\/www.bellunopress.it\/fr\/2009\/11\/26\/lassessore-sandri-sulla-rabbia-silvestre-in-veneto-regione-tempestiva\/","title":{"rendered":"L&#8217;assessore Sandri sulla rabbia silvestre in Veneto: &#8220;Regione tempestiva&#8221;"},"content":{"rendered":"<p>\u201cRiguardo ai casi di rabbia silvestre registrati in Veneto negli ultimi giorni, la Regione si sta muovendo con tempestivit\u00e0, come dimostra l\u2019ordinanza firmata ieri dal Presidente Galan. Io stesso e la collega Elena Donazzan stiamo seguendo la situazione passo dopo passo. Tutte le azioni necessarie ed utili sono state individuate ed attivate e la situazione si pu\u00f2 definire sotto controllo\u201d. Lo sottolinea oggi l\u2019Assessore regionale alla Sanit\u00e0 Sandro Sandri. L\u2019ordinanza firmata ieri dal Presidente Galan, recante \u201cMisure urgenti per contrastare la diffusione dell\u2019epizoozia di rabbia silvestre in Veneto\u201d, prevede tra l\u2019altro la vaccinazione obbligatoria antirabbica pre-contagio dei cani in tutti i Comuni delle Province di Belluno e Treviso, nei comuni vicentini ricompresi nelle Ullss 3 di Bassano e 4 Alto Vicentino, ed in quelli veneziani dell\u2019Ulss 10 Veneto Orientale. La vaccinazione \u00e8 invece \u201cconsigliata\u201d per gatti, furetti e gli altri animali da compagnia appartenenti a specie sensibili. Le operazioni vaccinali dovranno essere completate entro il 31 gennaio 2010 e sono effettuate dai Servizi Veterinari delle Ullss e dai veterinari liberi professionisti iscritti all\u2019albo e autorizzati allo scopo. I costi sono a carico dei proprietari degli animali. L\u2019Ordinanza prevede anche l\u2019intensificazione della lotta al randagismo su tutto il territorio regionale; e l\u2019obbligo di non toccare per nessun motivo animali sospetti, vivi o morti, fatto salvo il personale appositamente incaricato. In tutto il territorio regionale tutte le volpi abbattute o trovate morte e gli altri animali selvatici e domestici, abbattuti perch\u00e9 sospetti, o trovati morti, dovranno essere raccolti esclusivamente dal personale incaricato e fatti recapitare al pi\u00f9 presto all\u2019Istituto Zooprofilattico per gli accertamenti diagnostici. E\u2019 inoltre vietata la circolazione di cani in ambiente agro silvo pastorale in tutta la provincia di Belluno; in quella di Treviso limitatamente alla zona faunistica delle Alpi e agli ambiti territoriali di caccia TV4, TV5 e TV9; in quella di Vicenza limitatamente alla zona faunistica delle Alpi, sinistra Brenta della Valsugana.<\/p>","protected":false},"excerpt":{"rendered":"<p>\u201cRiguardo ai casi di rabbia silvestre registrati in Veneto negli ultimi giorni, la Regione si sta muovendo con tempestivit\u00e0, come dimostra l\u2019ordinanza firmata ieri dal Presidente Galan. Io stesso e la collega Elena Donazzan stiamo seguendo la situazione passo dopo passo. Tutte le azioni necessarie ed utili sono state individuate ed attivate e la situazione [&hellip;]<\/p>\n","protected":false},"author":2,"featured_media":0,"comment_status":"closed","ping_status":"open","sticky":false,"template":"","format":"standard","meta":{"footnotes":""},"categories":[5,26,17],"tags":[3050],"class_list":["post-10091","post","type-post","status-publish","format-standard","category-cronaca","category-prima-pagina","category-sanita","tag-sanita"],"yoast_head":"<!-- This site is optimized with the Yoast SEO plugin v28.4 - https:\/\/yoast.com\/product\/yoast-seo-wordpress\/ -->\n<title>L&#039;assessore Sandri sulla rabbia silvestre in Veneto: &quot;Regione tempestiva&quot; - Bellunopress - Dolomiti<\/title>\n<meta name=\"robots\" content=\"index, follow, max-snippet:-1, max-image-preview:large, max-video-preview:-1\" \/>\n<link rel=\"canonical\" href=\"https:\/\/www.bellunopress.it\/fr\/2009\/11\/26\/lassessore-sandri-sulla-rabbia-silvestre-in-veneto-regione-tempestiva\/\" \/>\n<meta property=\"og:locale\" content=\"fr_FR\" \/>\n<meta property=\"og:type\" content=\"article\" \/>\n<meta property=\"og:title\" content=\"L&#039;assessore Sandri sulla rabbia silvestre in Veneto: &quot;Regione tempestiva&quot; - Bellunopress - Dolomiti\" \/>\n<meta property=\"og:description\" content=\"\u201cRiguardo ai casi di rabbia silvestre registrati in Veneto negli ultimi giorni, la Regione si sta muovendo con tempestivit\u00e0, come dimostra l\u2019ordinanza firmata ieri dal Presidente Galan. Io stesso e la collega Elena Donazzan stiamo seguendo la situazione passo dopo passo. Tutte le azioni necessarie ed utili sono state individuate ed attivate e la situazione [&hellip;]\" \/>\n<meta property=\"og:url\" content=\"https:\/\/www.bellunopress.it\/fr\/2009\/11\/26\/lassessore-sandri-sulla-rabbia-silvestre-in-veneto-regione-tempestiva\/\" \/>\n<meta property=\"og:site_name\" content=\"Bellunopress - Dolomiti\" \/>\n<meta property=\"article:publisher\" content=\"https:\/\/www.facebook.com\/profile.php?id=100008943462799\" \/>\n<meta property=\"article:published_time\" content=\"2009-11-26T11:30:08+00:00\" \/>\n<meta property=\"og:image\" content=\"http:\/\/www.bellunopress.it\/wp-content\/uploads\/2012\/07\/logo-bellunopress-250x250-2012.jpg\" \/>\n<meta name=\"author\" content=\"redazione\" \/>\n<meta name=\"twitter:card\" content=\"summary_large_image\" \/>\n<meta name=\"twitter:creator\" content=\"@bellunopress\" \/>\n<meta name=\"twitter:site\" content=\"@bellunopress\" \/>\n<meta name=\"twitter:label1\" content=\"\u00c9crit par\" \/>\n\t<meta name=\"twitter:data1\" content=\"redazione\" \/>\n\t<meta name=\"twitter:label2\" content=\"Dur\u00e9e de lecture estim\u00e9e\" \/>\n\t<meta name=\"twitter:data2\" content=\"2 minutes\" \/>\n<script type=\"application\/ld+json\" class=\"yoast-schema-graph\">{\"@context\":\"https:\\\/\\\/schema.org\",\"@graph\":[{\"@type\":\"Article\",\"@id\":\"https:\\\/\\\/www.bellunopress.it\\\/2009\\\/11\\\/26\\\/lassessore-sandri-sulla-rabbia-silvestre-in-veneto-regione-tempestiva\\\/#article\",\"isPartOf\":{\"@id\":\"https:\\\/\\\/www.bellunopress.it\\\/2009\\\/11\\\/26\\\/lassessore-sandri-sulla-rabbia-silvestre-in-veneto-regione-tempestiva\\\/\"},\"author\":{\"name\":\"redazione\",\"@id\":\"https:\\\/\\\/www.bellunopress.it\\\/#\\\/schema\\\/person\\\/79bb06722b37ece1c03d3e94beb30d73\"},\"headline\":\"L&#8217;assessore Sandri sulla rabbia silvestre in Veneto: &#8220;Regione tempestiva&#8221;\",\"datePublished\":\"2009-11-26T11:30:08+00:00\",\"mainEntityOfPage\":{\"@id\":\"https:\\\/\\\/www.bellunopress.it\\\/2009\\\/11\\\/26\\\/lassessore-sandri-sulla-rabbia-silvestre-in-veneto-regione-tempestiva\\\/\"},\"wordCount\":329,\"publisher\":{\"@id\":\"https:\\\/\\\/www.bellunopress.it\\\/#organization\"},\"keywords\":[\"Sanit\u00e0\"],\"articleSection\":[\"Cronaca\\\/Politica\",\"Prima Pagina\",\"Sanit\u00e0 Medicina\"],\"inLanguage\":\"fr-FR\"},{\"@type\":\"WebPage\",\"@id\":\"https:\\\/\\\/www.bellunopress.it\\\/2009\\\/11\\\/26\\\/lassessore-sandri-sulla-rabbia-silvestre-in-veneto-regione-tempestiva\\\/\",\"url\":\"https:\\\/\\\/www.bellunopress.it\\\/2009\\\/11\\\/26\\\/lassessore-sandri-sulla-rabbia-silvestre-in-veneto-regione-tempestiva\\\/\",\"name\":\"L'assessore Sandri sulla rabbia silvestre in Veneto: \\\"Regione tempestiva\\\" - Bellunopress - Dolomiti\",\"isPartOf\":{\"@id\":\"https:\\\/\\\/www.bellunopress.it\\\/#website\"},\"datePublished\":\"2009-11-26T11:30:08+00:00\",\"breadcrumb\":{\"@id\":\"https:\\\/\\\/www.bellunopress.it\\\/2009\\\/11\\\/26\\\/lassessore-sandri-sulla-rabbia-silvestre-in-veneto-regione-tempestiva\\\/#breadcrumb\"},\"inLanguage\":\"fr-FR\",\"potentialAction\":[{\"@type\":\"ReadAction\",\"target\":[\"https:\\\/\\\/www.bellunopress.it\\\/2009\\\/11\\\/26\\\/lassessore-sandri-sulla-rabbia-silvestre-in-veneto-regione-tempestiva\\\/\"]}]},{\"@type\":\"BreadcrumbList\",\"@id\":\"https:\\\/\\\/www.bellunopress.it\\\/2009\\\/11\\\/26\\\/lassessore-sandri-sulla-rabbia-silvestre-in-veneto-regione-tempestiva\\\/#breadcrumb\",\"itemListElement\":[{\"@type\":\"ListItem\",\"position\":1,\"name\":\"Home\",\"item\":\"https:\\\/\\\/www.bellunopress.it\\\/\"},{\"@type\":\"ListItem\",\"position\":2,\"name\":\"L&#8217;assessore Sandri sulla rabbia silvestre in Veneto: &#8220;Regione tempestiva&#8221;\"}]},{\"@type\":\"WebSite\",\"@id\":\"https:\\\/\\\/www.bellunopress.it\\\/#website\",\"url\":\"https:\\\/\\\/www.bellunopress.it\\\/\",\"name\":\"Bellunopress - Dolomiti\",\"description\":\"e-mail: redazione@bellunopress.it\",\"publisher\":{\"@id\":\"https:\\\/\\\/www.bellunopress.it\\\/#organization\"},\"potentialAction\":[{\"@type\":\"SearchAction\",\"target\":{\"@type\":\"EntryPoint\",\"urlTemplate\":\"https:\\\/\\\/www.bellunopress.it\\\/?s={search_term_string}\"},\"query-input\":{\"@type\":\"PropertyValueSpecification\",\"valueRequired\":true,\"valueName\":\"search_term_string\"}}],\"inLanguage\":\"fr-FR\"},{\"@type\":\"Organization\",\"@id\":\"https:\\\/\\\/www.bellunopress.it\\\/#organization\",\"name\":\"Bellunopress\",\"url\":\"https:\\\/\\\/www.bellunopress.it\\\/\",\"logo\":{\"@type\":\"ImageObject\",\"inLanguage\":\"fr-FR\",\"@id\":\"https:\\\/\\\/www.bellunopress.it\\\/#\\\/schema\\\/logo\\\/image\\\/\",\"url\":\"https:\\\/\\\/www.bellunopress.it\\\/wp-content\\\/uploads\\\/2011\\\/05\\\/cropped-logo-bellunopress-.jpg\",\"contentUrl\":\"https:\\\/\\\/www.bellunopress.it\\\/wp-content\\\/uploads\\\/2011\\\/05\\\/cropped-logo-bellunopress-.jpg\",\"width\":512,\"height\":512,\"caption\":\"Bellunopress\"},\"image\":{\"@id\":\"https:\\\/\\\/www.bellunopress.it\\\/#\\\/schema\\\/logo\\\/image\\\/\"},\"sameAs\":[\"https:\\\/\\\/www.facebook.com\\\/profile.php?id=100008943462799\",\"https:\\\/\\\/x.com\\\/bellunopress\",\"https:\\\/\\\/www.linkedin.com\\\/hp\\\/?dnr=JBzUWaJfMUw8vbXJJ2tVW5-I3jZKvC4wsoxE&amp;amp;amp;amp;amp;amp;trk=nav_responsive_tab_home\",\"https:\\\/\\\/www.youtube.com\\\/channel\\\/UCxL0wu1uN0_3_7hGG0306cw\"]},{\"@type\":\"Person\",\"@id\":\"https:\\\/\\\/www.bellunopress.it\\\/#\\\/schema\\\/person\\\/79bb06722b37ece1c03d3e94beb30d73\",\"name\":\"redazione\",\"image\":{\"@type\":\"ImageObject\",\"inLanguage\":\"fr-FR\",\"@id\":\"https:\\\/\\\/secure.gravatar.com\\\/avatar\\\/37d968a2e67a6fd04c169c4bdef102d0bc5d31b2546345219e348575eb80e9a0?s=96&d=mm&r=g\",\"url\":\"https:\\\/\\\/secure.gravatar.com\\\/avatar\\\/37d968a2e67a6fd04c169c4bdef102d0bc5d31b2546345219e348575eb80e9a0?s=96&d=mm&r=g\",\"contentUrl\":\"https:\\\/\\\/secure.gravatar.com\\\/avatar\\\/37d968a2e67a6fd04c169c4bdef102d0bc5d31b2546345219e348575eb80e9a0?s=96&d=mm&r=g\",\"caption\":\"redazione\"},\"sameAs\":[\"http:\\\/\\\/www.bellunopress.it\",\"https:\\\/\\\/x.com\\\/bellunopress\"],\"url\":\"https:\\\/\\\/www.bellunopress.it\\\/fr\\\/author\\\/redazione\\\/\"}]}<\/script>\n<!-- \/ Yoast SEO plugin. -->","yoast_head_json":{"title":"L'assessore Sandri sulla rabbia silvestre in Veneto: \"Regione tempestiva\" - Bellunopress - Dolomiti","robots":{"index":"index","follow":"follow","max-snippet":"max-snippet:-1","max-image-preview":"max-image-preview:large","max-video-preview":"max-video-preview:-1"},"canonical":"https:\/\/www.bellunopress.it\/fr\/2009\/11\/26\/lassessore-sandri-sulla-rabbia-silvestre-in-veneto-regione-tempestiva\/","og_locale":"fr_FR","og_type":"article","og_title":"L'assessore Sandri sulla rabbia silvestre in Veneto: \"Regione tempestiva\" - Bellunopress - Dolomiti","og_description":"\u201cRiguardo ai casi di rabbia silvestre registrati in Veneto negli ultimi giorni, la Regione si sta muovendo con tempestivit\u00e0, come dimostra l\u2019ordinanza firmata ieri dal Presidente Galan. Io stesso e la collega Elena Donazzan stiamo seguendo la situazione passo dopo passo. Tutte le azioni necessarie ed utili sono state individuate ed attivate e la situazione [&hellip;]","og_url":"https:\/\/www.bellunopress.it\/fr\/2009\/11\/26\/lassessore-sandri-sulla-rabbia-silvestre-in-veneto-regione-tempestiva\/","og_site_name":"Bellunopress - Dolomiti","article_publisher":"https:\/\/www.facebook.com\/profile.php?id=100008943462799","article_published_time":"2009-11-26T11:30:08+00:00","og_image":[{"url":"http:\/\/www.bellunopress.it\/wp-content\/uploads\/2012\/07\/logo-bellunopress-250x250-2012.jpg","type":"","width":"","height":""}],"author":"redazione","twitter_card":"summary_large_image","twitter_creator":"@bellunopress","twitter_site":"@bellunopress","twitter_misc":{"\u00c9crit par":"redazione","Dur\u00e9e de lecture estim\u00e9e":"2 minutes"},"schema":{"@context":"https:\/\/schema.org","@graph":[{"@type":"Article","@id":"https:\/\/www.bellunopress.it\/2009\/11\/26\/lassessore-sandri-sulla-rabbia-silvestre-in-veneto-regione-tempestiva\/#article","isPartOf":{"@id":"https:\/\/www.bellunopress.it\/2009\/11\/26\/lassessore-sandri-sulla-rabbia-silvestre-in-veneto-regione-tempestiva\/"},"author":{"name":"redazione","@id":"https:\/\/www.bellunopress.it\/#\/schema\/person\/79bb06722b37ece1c03d3e94beb30d73"},"headline":"L&#8217;assessore Sandri sulla rabbia silvestre in Veneto: &#8220;Regione tempestiva&#8221;","datePublished":"2009-11-26T11:30:08+00:00","mainEntityOfPage":{"@id":"https:\/\/www.bellunopress.it\/2009\/11\/26\/lassessore-sandri-sulla-rabbia-silvestre-in-veneto-regione-tempestiva\/"},"wordCount":329,"publisher":{"@id":"https:\/\/www.bellunopress.it\/#organization"},"keywords":["Sanit\u00e0"],"articleSection":["Cronaca\/Politica","Prima Pagina","Sanit\u00e0 Medicina"],"inLanguage":"fr-FR"},{"@type":"WebPage","@id":"https:\/\/www.bellunopress.it\/2009\/11\/26\/lassessore-sandri-sulla-rabbia-silvestre-in-veneto-regione-tempestiva\/","url":"https:\/\/www.bellunopress.it\/2009\/11\/26\/lassessore-sandri-sulla-rabbia-silvestre-in-veneto-regione-tempestiva\/","name":"L'assessore Sandri sulla rabbia silvestre in Veneto: \"Regione tempestiva\" - Bellunopress - Dolomiti","isPartOf":{"@id":"https:\/\/www.bellunopress.it\/#website"},"datePublished":"2009-11-26T11:30:08+00:00","breadcrumb":{"@id":"https:\/\/www.bellunopress.it\/2009\/11\/26\/lassessore-sandri-sulla-rabbia-silvestre-in-veneto-regione-tempestiva\/#breadcrumb"},"inLanguage":"fr-FR","potentialAction":[{"@type":"ReadAction","target":["https:\/\/www.bellunopress.it\/2009\/11\/26\/lassessore-sandri-sulla-rabbia-silvestre-in-veneto-regione-tempestiva\/"]}]},{"@type":"BreadcrumbList","@id":"https:\/\/www.bellunopress.it\/2009\/11\/26\/lassessore-sandri-sulla-rabbia-silvestre-in-veneto-regione-tempestiva\/#breadcrumb","itemListElement":[{"@type":"ListItem","position":1,"name":"Home","item":"https:\/\/www.bellunopress.it\/"},{"@type":"ListItem","position":2,"name":"L&#8217;assessore Sandri sulla rabbia silvestre in Veneto: &#8220;Regione tempestiva&#8221;"}]},{"@type":"WebSite","@id":"https:\/\/www.bellunopress.it\/#website","url":"https:\/\/www.bellunopress.it\/","name":"Bellunopress - Dolomiti","description":"e-mail: redazione@bellunopress.it","publisher":{"@id":"https:\/\/www.bellunopress.it\/#organization"},"potentialAction":[{"@type":"SearchAction","target":{"@type":"EntryPoint","urlTemplate":"https:\/\/www.bellunopress.it\/?s={search_term_string}"},"query-input":{"@type":"PropertyValueSpecification","valueRequired":true,"valueName":"search_term_string"}}],"inLanguage":"fr-FR"},{"@type":"Organization","@id":"https:\/\/www.bellunopress.it\/#organization","name":"Bellunopress","url":"https:\/\/www.bellunopress.it\/","logo":{"@type":"ImageObject","inLanguage":"fr-FR","@id":"https:\/\/www.bellunopress.it\/#\/schema\/logo\/image\/","url":"https:\/\/www.bellunopress.it\/wp-content\/uploads\/2011\/05\/cropped-logo-bellunopress-.jpg","contentUrl":"https:\/\/www.bellunopress.it\/wp-content\/uploads\/2011\/05\/cropped-logo-bellunopress-.jpg","width":512,"height":512,"caption":"Bellunopress"},"image":{"@id":"https:\/\/www.bellunopress.it\/#\/schema\/logo\/image\/"},"sameAs":["https:\/\/www.facebook.com\/profile.php?id=100008943462799","https:\/\/x.com\/bellunopress","https:\/\/www.linkedin.com\/hp\/?dnr=JBzUWaJfMUw8vbXJJ2tVW5-I3jZKvC4wsoxE&amp;amp;amp;amp;amp;amp;trk=nav_responsive_tab_home","https:\/\/www.youtube.com\/channel\/UCxL0wu1uN0_3_7hGG0306cw"]},{"@type":"Person","@id":"https:\/\/www.bellunopress.it\/#\/schema\/person\/79bb06722b37ece1c03d3e94beb30d73","name":"r\u00e9daction","image":{"@type":"ImageObject","inLanguage":"fr-FR","@id":"https:\/\/secure.gravatar.com\/avatar\/37d968a2e67a6fd04c169c4bdef102d0bc5d31b2546345219e348575eb80e9a0?s=96&d=mm&r=g","url":"https:\/\/secure.gravatar.com\/avatar\/37d968a2e67a6fd04c169c4bdef102d0bc5d31b2546345219e348575eb80e9a0?s=96&d=mm&r=g","contentUrl":"https:\/\/secure.gravatar.com\/avatar\/37d968a2e67a6fd04c169c4bdef102d0bc5d31b2546345219e348575eb80e9a0?s=96&d=mm&r=g","caption":"redazione"},"sameAs":["http:\/\/www.bellunopress.it","https:\/\/x.com\/bellunopress"],"url":"https:\/\/www.bellunopress.it\/fr\/author\/redazione\/"}]}},"_links":{"self":[{"href":"https:\/\/www.bellunopress.it\/fr\/wp-json\/wp\/v2\/posts\/10091","targetHints":{"allow":["GET"]}}],"collection":[{"href":"https:\/\/www.bellunopress.it\/fr\/wp-json\/wp\/v2\/posts"}],"about":[{"href":"https:\/\/www.bellunopress.it\/fr\/wp-json\/wp\/v2\/types\/post"}],"author":[{"embeddable":true,"href":"https:\/\/www.bellunopress.it\/fr\/wp-json\/wp\/v2\/users\/2"}],"replies":[{"embeddable":true,"href":"https:\/\/www.bellunopress.it\/fr\/wp-json\/wp\/v2\/comments?post=10091"}],"version-history":[{"count":1,"href":"https:\/\/www.bellunopress.it\/fr\/wp-json\/wp\/v2\/posts\/10091\/revisions"}],"predecessor-version":[{"id":10092,"href":"https:\/\/www.bellunopress.it\/fr\/wp-json\/wp\/v2\/posts\/10091\/revisions\/10092"}],"wp:attachment":[{"href":"https:\/\/www.bellunopress.it\/fr\/wp-json\/wp\/v2\/media?parent=10091"}],"wp:term":[{"taxonomy":"category","embeddable":true,"href":"https:\/\/www.bellunopress.it\/fr\/wp-json\/wp\/v2\/categories?post=10091"},{"taxonomy":"post_tag","embeddable":true,"href":"https:\/\/www.bellunopress.it\/fr\/wp-json\/wp\/v2\/tags?post=10091"}],"curies":[{"name":"wp","href":"https:\/\/api.w.org\/{rel}","templated":true}]}}