{"id":10087,"date":"2009-11-26T10:23:22","date_gmt":"2009-11-26T09:23:22","guid":{"rendered":"http:\/\/www.bellunopress.it\/?p=10087"},"modified":"2009-11-25T23:29:28","modified_gmt":"2009-11-25T22:29:28","slug":"quasi-3-milioni-di-euro-per-le-comunita-montane-grazie-all%e2%80%99accordo-regione-provincia-agli-enti-andra-il-50-dei-canoni-idrici-demaniali","status":"publish","type":"post","link":"https:\/\/www.bellunopress.it\/fr\/2009\/11\/26\/quasi-3-milioni-di-euro-per-le-comunita-montane-grazie-all%e2%80%99accordo-regione-provincia-agli-enti-andra-il-50-dei-canoni-idrici-demaniali\/","title":{"rendered":"Quasi 3 milioni di euro per le Comunit\u00e0 Montane. Grazie all\u2019accordo Regione-Provincia, agli enti andr\u00e0 il 50% dei canoni idrici demaniali"},"content":{"rendered":"<p>Definiti i nuovi importi per i fondi alle Comunit\u00e0 montane, le cui risorse vengono ora distribuite (come prevede una legge del 2007) secondo un criterio, gi\u00e0 concordato fra le Comunit\u00e0 stesse, nato dall\u2019accordo stipulato fra la Provincia di Belluno (amministrazione di Sergio Reolon) e la Regione Veneto. Spiega l\u2019assessore provinciale alle Risorse Idriche, Bruno Zanolla: \u00abIl 50% dei canoni idrici demaniali vanno ora alle Comunit\u00e0 Montane, che dovranno destinarli ad interventi a favore del territorio di competenza, ed in particolare rivolgerli alla tutela idrogeologica\u00bb. L\u2019assessore illustra quindi gli esiti dell\u2019accordo: \u00abSi sono gi\u00e0 avuti ottimi risultati. Grazie a questa operazione, le Comunit\u00e0 riescono a garantire manutenzioni e servizi (anche secondari) che abitualmente non vengono svolti da altri soggetti. Si \u00e8 riusciti a dare maggiore incisivit\u00e0 nell\u2019adoperarsi in tutti lavori che hanno come obiettivo primario proprio la tutela e la difesa del territorio. Con questo nuovo riparto riusciamo a far ottenere alle Comunit\u00e0 Montane cifre importanti, pari a 2.712 milioni di euro. I nove enti che aspettavano di vedere nero su bianco quanto sarebbe derivato dall\u2019operazione credo possano dirsi pi\u00f9 che soddisfatti. In un momento di particolare sofferenza, infatti, \u00e8 giusto accelerare l\u2019assegnazione dei fondi al fine di dare corso ai molti interventi gi\u00e0 programmati a favore del territorio. Ora \u00e8 bene che le Comunit\u00e0 si mettano in moto per amministrare al meglio i fondi di cui potranno disporre\u00bb.<\/p>\n<p>Questo l\u2019elenco degli importi:<br \/>\nComunit\u00e0 della Val Belluna: 280.743 euro<br \/>\nComunit\u00e0 dell\u2019Alpago: 153.256<br \/>\nComunit\u00e0 del Cadore-Longaronese-Zoldano: 228.392<br \/>\nComunit\u00e0 del Feltrino: 478.485<br \/>\nComunit\u00e0 dell\u2019Agordino: 414.470<br \/>\nComunit\u00e0 del Bellunese: 298.917<br \/>\nComunit\u00e0 della Val Boite: 257.145<br \/>\nComunit\u00e0 del Centro Cadore: 342.588<br \/>\nComunit\u00e0 del Comelico-Sappada: 258.501<\/p>","protected":false},"excerpt":{"rendered":"<p>Definiti i nuovi importi per i fondi alle Comunit\u00e0 montane, le cui risorse vengono ora distribuite (come prevede una legge del 2007) secondo un criterio, gi\u00e0 concordato fra le Comunit\u00e0 stesse, nato dall\u2019accordo stipulato fra la Provincia di Belluno (amministrazione di Sergio Reolon) e la Regione Veneto. Spiega l\u2019assessore provinciale alle Risorse Idriche, Bruno Zanolla: [&hellip;]<\/p>\n","protected":false},"author":2,"featured_media":0,"comment_status":"closed","ping_status":"open","sticky":false,"template":"","format":"standard","meta":{"footnotes":""},"categories":[5,26],"tags":[139,151,2261],"class_list":["post-10087","post","type-post","status-publish","format-standard","category-cronaca","category-prima-pagina","tag-belluno","tag-cadore","tag-feltrino"],"yoast_head":"<!-- This site is optimized with the Yoast SEO plugin v28.4 - https:\/\/yoast.com\/product\/yoast-seo-wordpress\/ -->\n<title>Quasi 3 milioni di euro per le Comunit\u00e0 Montane. Grazie all\u2019accordo Regione-Provincia, agli enti andr\u00e0 il 50% dei canoni idrici demaniali - Bellunopress - Dolomiti<\/title>\n<meta name=\"robots\" content=\"index, follow, max-snippet:-1, max-image-preview:large, max-video-preview:-1\" \/>\n<link rel=\"canonical\" href=\"https:\/\/www.bellunopress.it\/fr\/2009\/11\/26\/quasi-3-milioni-di-euro-per-le-comunita-montane-grazie-all\u2019accordo-regione-provincia-agli-enti-andra-il-50-dei-canoni-idrici-demaniali\/\" \/>\n<meta property=\"og:locale\" content=\"fr_FR\" \/>\n<meta property=\"og:type\" content=\"article\" \/>\n<meta property=\"og:title\" content=\"Quasi 3 milioni di euro per le Comunit\u00e0 Montane. Grazie all\u2019accordo Regione-Provincia, agli enti andr\u00e0 il 50% dei canoni idrici demaniali - Bellunopress - Dolomiti\" \/>\n<meta property=\"og:description\" content=\"Definiti i nuovi importi per i fondi alle Comunit\u00e0 montane, le cui risorse vengono ora distribuite (come prevede una legge del 2007) secondo un criterio, gi\u00e0 concordato fra le Comunit\u00e0 stesse, nato dall\u2019accordo stipulato fra la Provincia di Belluno (amministrazione di Sergio Reolon) e la Regione Veneto. Spiega l\u2019assessore provinciale alle Risorse Idriche, Bruno Zanolla: [&hellip;]\" \/>\n<meta property=\"og:url\" content=\"https:\/\/www.bellunopress.it\/fr\/2009\/11\/26\/quasi-3-milioni-di-euro-per-le-comunita-montane-grazie-all\u2019accordo-regione-provincia-agli-enti-andra-il-50-dei-canoni-idrici-demaniali\/\" \/>\n<meta property=\"og:site_name\" content=\"Bellunopress - Dolomiti\" \/>\n<meta property=\"article:publisher\" content=\"https:\/\/www.facebook.com\/profile.php?id=100008943462799\" \/>\n<meta property=\"article:published_time\" content=\"2009-11-26T09:23:22+00:00\" \/>\n<meta property=\"og:image\" content=\"http:\/\/www.bellunopress.it\/wp-content\/uploads\/2012\/07\/logo-bellunopress-250x250-2012.jpg\" \/>\n<meta name=\"author\" content=\"redazione\" \/>\n<meta name=\"twitter:card\" content=\"summary_large_image\" \/>\n<meta name=\"twitter:creator\" content=\"@bellunopress\" \/>\n<meta name=\"twitter:site\" content=\"@bellunopress\" \/>\n<meta name=\"twitter:label1\" content=\"\u00c9crit par\" \/>\n\t<meta name=\"twitter:data1\" content=\"redazione\" \/>\n\t<meta name=\"twitter:label2\" content=\"Dur\u00e9e de lecture estim\u00e9e\" \/>\n\t<meta name=\"twitter:data2\" content=\"1 minute\" \/>\n<script type=\"application\/ld+json\" class=\"yoast-schema-graph\">{\"@context\":\"https:\\\/\\\/schema.org\",\"@graph\":[{\"@type\":\"Article\",\"@id\":\"https:\\\/\\\/www.bellunopress.it\\\/2009\\\/11\\\/26\\\/quasi-3-milioni-di-euro-per-le-comunita-montane-grazie-all%e2%80%99accordo-regione-provincia-agli-enti-andra-il-50-dei-canoni-idrici-demaniali\\\/#article\",\"isPartOf\":{\"@id\":\"https:\\\/\\\/www.bellunopress.it\\\/2009\\\/11\\\/26\\\/quasi-3-milioni-di-euro-per-le-comunita-montane-grazie-all%e2%80%99accordo-regione-provincia-agli-enti-andra-il-50-dei-canoni-idrici-demaniali\\\/\"},\"author\":{\"name\":\"redazione\",\"@id\":\"https:\\\/\\\/www.bellunopress.it\\\/#\\\/schema\\\/person\\\/79bb06722b37ece1c03d3e94beb30d73\"},\"headline\":\"Quasi 3 milioni di euro per le Comunit\u00e0 Montane. Grazie all\u2019accordo Regione-Provincia, agli enti andr\u00e0 il 50% dei canoni idrici demaniali\",\"datePublished\":\"2009-11-26T09:23:22+00:00\",\"mainEntityOfPage\":{\"@id\":\"https:\\\/\\\/www.bellunopress.it\\\/2009\\\/11\\\/26\\\/quasi-3-milioni-di-euro-per-le-comunita-montane-grazie-all%e2%80%99accordo-regione-provincia-agli-enti-andra-il-50-dei-canoni-idrici-demaniali\\\/\"},\"wordCount\":285,\"publisher\":{\"@id\":\"https:\\\/\\\/www.bellunopress.it\\\/#organization\"},\"keywords\":[\"Belluno\",\"Cadore\",\"feltrino\"],\"articleSection\":[\"Cronaca\\\/Politica\",\"Prima Pagina\"],\"inLanguage\":\"fr-FR\"},{\"@type\":\"WebPage\",\"@id\":\"https:\\\/\\\/www.bellunopress.it\\\/2009\\\/11\\\/26\\\/quasi-3-milioni-di-euro-per-le-comunita-montane-grazie-all%e2%80%99accordo-regione-provincia-agli-enti-andra-il-50-dei-canoni-idrici-demaniali\\\/\",\"url\":\"https:\\\/\\\/www.bellunopress.it\\\/2009\\\/11\\\/26\\\/quasi-3-milioni-di-euro-per-le-comunita-montane-grazie-all%e2%80%99accordo-regione-provincia-agli-enti-andra-il-50-dei-canoni-idrici-demaniali\\\/\",\"name\":\"Quasi 3 milioni di euro per le Comunit\u00e0 Montane. Grazie all\u2019accordo Regione-Provincia, agli enti andr\u00e0 il 50% dei canoni idrici demaniali - Bellunopress - Dolomiti\",\"isPartOf\":{\"@id\":\"https:\\\/\\\/www.bellunopress.it\\\/#website\"},\"datePublished\":\"2009-11-26T09:23:22+00:00\",\"breadcrumb\":{\"@id\":\"https:\\\/\\\/www.bellunopress.it\\\/2009\\\/11\\\/26\\\/quasi-3-milioni-di-euro-per-le-comunita-montane-grazie-all%e2%80%99accordo-regione-provincia-agli-enti-andra-il-50-dei-canoni-idrici-demaniali\\\/#breadcrumb\"},\"inLanguage\":\"fr-FR\",\"potentialAction\":[{\"@type\":\"ReadAction\",\"target\":[\"https:\\\/\\\/www.bellunopress.it\\\/2009\\\/11\\\/26\\\/quasi-3-milioni-di-euro-per-le-comunita-montane-grazie-all%e2%80%99accordo-regione-provincia-agli-enti-andra-il-50-dei-canoni-idrici-demaniali\\\/\"]}]},{\"@type\":\"BreadcrumbList\",\"@id\":\"https:\\\/\\\/www.bellunopress.it\\\/2009\\\/11\\\/26\\\/quasi-3-milioni-di-euro-per-le-comunita-montane-grazie-all%e2%80%99accordo-regione-provincia-agli-enti-andra-il-50-dei-canoni-idrici-demaniali\\\/#breadcrumb\",\"itemListElement\":[{\"@type\":\"ListItem\",\"position\":1,\"name\":\"Home\",\"item\":\"https:\\\/\\\/www.bellunopress.it\\\/\"},{\"@type\":\"ListItem\",\"position\":2,\"name\":\"Quasi 3 milioni di euro per le Comunit\u00e0 Montane. Grazie all\u2019accordo Regione-Provincia, agli enti andr\u00e0 il 50% dei canoni idrici demaniali\"}]},{\"@type\":\"WebSite\",\"@id\":\"https:\\\/\\\/www.bellunopress.it\\\/#website\",\"url\":\"https:\\\/\\\/www.bellunopress.it\\\/\",\"name\":\"Bellunopress - Dolomiti\",\"description\":\"e-mail: redazione@bellunopress.it\",\"publisher\":{\"@id\":\"https:\\\/\\\/www.bellunopress.it\\\/#organization\"},\"potentialAction\":[{\"@type\":\"SearchAction\",\"target\":{\"@type\":\"EntryPoint\",\"urlTemplate\":\"https:\\\/\\\/www.bellunopress.it\\\/?s={search_term_string}\"},\"query-input\":{\"@type\":\"PropertyValueSpecification\",\"valueRequired\":true,\"valueName\":\"search_term_string\"}}],\"inLanguage\":\"fr-FR\"},{\"@type\":\"Organization\",\"@id\":\"https:\\\/\\\/www.bellunopress.it\\\/#organization\",\"name\":\"Bellunopress\",\"url\":\"https:\\\/\\\/www.bellunopress.it\\\/\",\"logo\":{\"@type\":\"ImageObject\",\"inLanguage\":\"fr-FR\",\"@id\":\"https:\\\/\\\/www.bellunopress.it\\\/#\\\/schema\\\/logo\\\/image\\\/\",\"url\":\"https:\\\/\\\/www.bellunopress.it\\\/wp-content\\\/uploads\\\/2011\\\/05\\\/cropped-logo-bellunopress-.jpg\",\"contentUrl\":\"https:\\\/\\\/www.bellunopress.it\\\/wp-content\\\/uploads\\\/2011\\\/05\\\/cropped-logo-bellunopress-.jpg\",\"width\":512,\"height\":512,\"caption\":\"Bellunopress\"},\"image\":{\"@id\":\"https:\\\/\\\/www.bellunopress.it\\\/#\\\/schema\\\/logo\\\/image\\\/\"},\"sameAs\":[\"https:\\\/\\\/www.facebook.com\\\/profile.php?id=100008943462799\",\"https:\\\/\\\/x.com\\\/bellunopress\",\"https:\\\/\\\/www.linkedin.com\\\/hp\\\/?dnr=JBzUWaJfMUw8vbXJJ2tVW5-I3jZKvC4wsoxE&amp;amp;amp;amp;amp;amp;trk=nav_responsive_tab_home\",\"https:\\\/\\\/www.youtube.com\\\/channel\\\/UCxL0wu1uN0_3_7hGG0306cw\"]},{\"@type\":\"Person\",\"@id\":\"https:\\\/\\\/www.bellunopress.it\\\/#\\\/schema\\\/person\\\/79bb06722b37ece1c03d3e94beb30d73\",\"name\":\"redazione\",\"image\":{\"@type\":\"ImageObject\",\"inLanguage\":\"fr-FR\",\"@id\":\"https:\\\/\\\/secure.gravatar.com\\\/avatar\\\/37d968a2e67a6fd04c169c4bdef102d0bc5d31b2546345219e348575eb80e9a0?s=96&d=mm&r=g\",\"url\":\"https:\\\/\\\/secure.gravatar.com\\\/avatar\\\/37d968a2e67a6fd04c169c4bdef102d0bc5d31b2546345219e348575eb80e9a0?s=96&d=mm&r=g\",\"contentUrl\":\"https:\\\/\\\/secure.gravatar.com\\\/avatar\\\/37d968a2e67a6fd04c169c4bdef102d0bc5d31b2546345219e348575eb80e9a0?s=96&d=mm&r=g\",\"caption\":\"redazione\"},\"sameAs\":[\"http:\\\/\\\/www.bellunopress.it\",\"https:\\\/\\\/x.com\\\/bellunopress\"],\"url\":\"https:\\\/\\\/www.bellunopress.it\\\/fr\\\/author\\\/redazione\\\/\"}]}<\/script>\n<!-- \/ Yoast SEO plugin. -->","yoast_head_json":{"title":"Quasi 3 milioni di euro per le Comunit\u00e0 Montane. Grazie all\u2019accordo Regione-Provincia, agli enti andr\u00e0 il 50% dei canoni idrici demaniali - Bellunopress - Dolomiti","robots":{"index":"index","follow":"follow","max-snippet":"max-snippet:-1","max-image-preview":"max-image-preview:large","max-video-preview":"max-video-preview:-1"},"canonical":"https:\/\/www.bellunopress.it\/fr\/2009\/11\/26\/quasi-3-milioni-di-euro-per-le-comunita-montane-grazie-all\u2019accordo-regione-provincia-agli-enti-andra-il-50-dei-canoni-idrici-demaniali\/","og_locale":"fr_FR","og_type":"article","og_title":"Quasi 3 milioni di euro per le Comunit\u00e0 Montane. Grazie all\u2019accordo Regione-Provincia, agli enti andr\u00e0 il 50% dei canoni idrici demaniali - Bellunopress - Dolomiti","og_description":"Definiti i nuovi importi per i fondi alle Comunit\u00e0 montane, le cui risorse vengono ora distribuite (come prevede una legge del 2007) secondo un criterio, gi\u00e0 concordato fra le Comunit\u00e0 stesse, nato dall\u2019accordo stipulato fra la Provincia di Belluno (amministrazione di Sergio Reolon) e la Regione Veneto. Spiega l\u2019assessore provinciale alle Risorse Idriche, Bruno Zanolla: [&hellip;]","og_url":"https:\/\/www.bellunopress.it\/fr\/2009\/11\/26\/quasi-3-milioni-di-euro-per-le-comunita-montane-grazie-all\u2019accordo-regione-provincia-agli-enti-andra-il-50-dei-canoni-idrici-demaniali\/","og_site_name":"Bellunopress - Dolomiti","article_publisher":"https:\/\/www.facebook.com\/profile.php?id=100008943462799","article_published_time":"2009-11-26T09:23:22+00:00","og_image":[{"url":"http:\/\/www.bellunopress.it\/wp-content\/uploads\/2012\/07\/logo-bellunopress-250x250-2012.jpg","type":"","width":"","height":""}],"author":"redazione","twitter_card":"summary_large_image","twitter_creator":"@bellunopress","twitter_site":"@bellunopress","twitter_misc":{"\u00c9crit par":"redazione","Dur\u00e9e de lecture estim\u00e9e":"1 minute"},"schema":{"@context":"https:\/\/schema.org","@graph":[{"@type":"Article","@id":"https:\/\/www.bellunopress.it\/2009\/11\/26\/quasi-3-milioni-di-euro-per-le-comunita-montane-grazie-all%e2%80%99accordo-regione-provincia-agli-enti-andra-il-50-dei-canoni-idrici-demaniali\/#article","isPartOf":{"@id":"https:\/\/www.bellunopress.it\/2009\/11\/26\/quasi-3-milioni-di-euro-per-le-comunita-montane-grazie-all%e2%80%99accordo-regione-provincia-agli-enti-andra-il-50-dei-canoni-idrici-demaniali\/"},"author":{"name":"redazione","@id":"https:\/\/www.bellunopress.it\/#\/schema\/person\/79bb06722b37ece1c03d3e94beb30d73"},"headline":"Quasi 3 milioni di euro per le Comunit\u00e0 Montane. Grazie all\u2019accordo Regione-Provincia, agli enti andr\u00e0 il 50% dei canoni idrici demaniali","datePublished":"2009-11-26T09:23:22+00:00","mainEntityOfPage":{"@id":"https:\/\/www.bellunopress.it\/2009\/11\/26\/quasi-3-milioni-di-euro-per-le-comunita-montane-grazie-all%e2%80%99accordo-regione-provincia-agli-enti-andra-il-50-dei-canoni-idrici-demaniali\/"},"wordCount":285,"publisher":{"@id":"https:\/\/www.bellunopress.it\/#organization"},"keywords":["Belluno","Cadore","feltrino"],"articleSection":["Cronaca\/Politica","Prima Pagina"],"inLanguage":"fr-FR"},{"@type":"WebPage","@id":"https:\/\/www.bellunopress.it\/2009\/11\/26\/quasi-3-milioni-di-euro-per-le-comunita-montane-grazie-all%e2%80%99accordo-regione-provincia-agli-enti-andra-il-50-dei-canoni-idrici-demaniali\/","url":"https:\/\/www.bellunopress.it\/2009\/11\/26\/quasi-3-milioni-di-euro-per-le-comunita-montane-grazie-all%e2%80%99accordo-regione-provincia-agli-enti-andra-il-50-dei-canoni-idrici-demaniali\/","name":"Quasi 3 milioni di euro per le Comunit\u00e0 Montane. Grazie all\u2019accordo Regione-Provincia, agli enti andr\u00e0 il 50% dei canoni idrici demaniali - Bellunopress - Dolomiti","isPartOf":{"@id":"https:\/\/www.bellunopress.it\/#website"},"datePublished":"2009-11-26T09:23:22+00:00","breadcrumb":{"@id":"https:\/\/www.bellunopress.it\/2009\/11\/26\/quasi-3-milioni-di-euro-per-le-comunita-montane-grazie-all%e2%80%99accordo-regione-provincia-agli-enti-andra-il-50-dei-canoni-idrici-demaniali\/#breadcrumb"},"inLanguage":"fr-FR","potentialAction":[{"@type":"ReadAction","target":["https:\/\/www.bellunopress.it\/2009\/11\/26\/quasi-3-milioni-di-euro-per-le-comunita-montane-grazie-all%e2%80%99accordo-regione-provincia-agli-enti-andra-il-50-dei-canoni-idrici-demaniali\/"]}]},{"@type":"BreadcrumbList","@id":"https:\/\/www.bellunopress.it\/2009\/11\/26\/quasi-3-milioni-di-euro-per-le-comunita-montane-grazie-all%e2%80%99accordo-regione-provincia-agli-enti-andra-il-50-dei-canoni-idrici-demaniali\/#breadcrumb","itemListElement":[{"@type":"ListItem","position":1,"name":"Home","item":"https:\/\/www.bellunopress.it\/"},{"@type":"ListItem","position":2,"name":"Quasi 3 milioni di euro per le Comunit\u00e0 Montane. Grazie all\u2019accordo Regione-Provincia, agli enti andr\u00e0 il 50% dei canoni idrici demaniali"}]},{"@type":"WebSite","@id":"https:\/\/www.bellunopress.it\/#website","url":"https:\/\/www.bellunopress.it\/","name":"Bellunopress - Dolomiti","description":"e-mail: redazione@bellunopress.it","publisher":{"@id":"https:\/\/www.bellunopress.it\/#organization"},"potentialAction":[{"@type":"SearchAction","target":{"@type":"EntryPoint","urlTemplate":"https:\/\/www.bellunopress.it\/?s={search_term_string}"},"query-input":{"@type":"PropertyValueSpecification","valueRequired":true,"valueName":"search_term_string"}}],"inLanguage":"fr-FR"},{"@type":"Organization","@id":"https:\/\/www.bellunopress.it\/#organization","name":"Bellunopress","url":"https:\/\/www.bellunopress.it\/","logo":{"@type":"ImageObject","inLanguage":"fr-FR","@id":"https:\/\/www.bellunopress.it\/#\/schema\/logo\/image\/","url":"https:\/\/www.bellunopress.it\/wp-content\/uploads\/2011\/05\/cropped-logo-bellunopress-.jpg","contentUrl":"https:\/\/www.bellunopress.it\/wp-content\/uploads\/2011\/05\/cropped-logo-bellunopress-.jpg","width":512,"height":512,"caption":"Bellunopress"},"image":{"@id":"https:\/\/www.bellunopress.it\/#\/schema\/logo\/image\/"},"sameAs":["https:\/\/www.facebook.com\/profile.php?id=100008943462799","https:\/\/x.com\/bellunopress","https:\/\/www.linkedin.com\/hp\/?dnr=JBzUWaJfMUw8vbXJJ2tVW5-I3jZKvC4wsoxE&amp;amp;amp;amp;amp;amp;trk=nav_responsive_tab_home","https:\/\/www.youtube.com\/channel\/UCxL0wu1uN0_3_7hGG0306cw"]},{"@type":"Person","@id":"https:\/\/www.bellunopress.it\/#\/schema\/person\/79bb06722b37ece1c03d3e94beb30d73","name":"r\u00e9daction","image":{"@type":"ImageObject","inLanguage":"fr-FR","@id":"https:\/\/secure.gravatar.com\/avatar\/37d968a2e67a6fd04c169c4bdef102d0bc5d31b2546345219e348575eb80e9a0?s=96&d=mm&r=g","url":"https:\/\/secure.gravatar.com\/avatar\/37d968a2e67a6fd04c169c4bdef102d0bc5d31b2546345219e348575eb80e9a0?s=96&d=mm&r=g","contentUrl":"https:\/\/secure.gravatar.com\/avatar\/37d968a2e67a6fd04c169c4bdef102d0bc5d31b2546345219e348575eb80e9a0?s=96&d=mm&r=g","caption":"redazione"},"sameAs":["http:\/\/www.bellunopress.it","https:\/\/x.com\/bellunopress"],"url":"https:\/\/www.bellunopress.it\/fr\/author\/redazione\/"}]}},"_links":{"self":[{"href":"https:\/\/www.bellunopress.it\/fr\/wp-json\/wp\/v2\/posts\/10087","targetHints":{"allow":["GET"]}}],"collection":[{"href":"https:\/\/www.bellunopress.it\/fr\/wp-json\/wp\/v2\/posts"}],"about":[{"href":"https:\/\/www.bellunopress.it\/fr\/wp-json\/wp\/v2\/types\/post"}],"author":[{"embeddable":true,"href":"https:\/\/www.bellunopress.it\/fr\/wp-json\/wp\/v2\/users\/2"}],"replies":[{"embeddable":true,"href":"https:\/\/www.bellunopress.it\/fr\/wp-json\/wp\/v2\/comments?post=10087"}],"version-history":[{"count":2,"href":"https:\/\/www.bellunopress.it\/fr\/wp-json\/wp\/v2\/posts\/10087\/revisions"}],"predecessor-version":[{"id":10090,"href":"https:\/\/www.bellunopress.it\/fr\/wp-json\/wp\/v2\/posts\/10087\/revisions\/10090"}],"wp:attachment":[{"href":"https:\/\/www.bellunopress.it\/fr\/wp-json\/wp\/v2\/media?parent=10087"}],"wp:term":[{"taxonomy":"category","embeddable":true,"href":"https:\/\/www.bellunopress.it\/fr\/wp-json\/wp\/v2\/categories?post=10087"},{"taxonomy":"post_tag","embeddable":true,"href":"https:\/\/www.bellunopress.it\/fr\/wp-json\/wp\/v2\/tags?post=10087"}],"curies":[{"name":"wp","href":"https:\/\/api.w.org\/{rel}","templated":true}]}}