{"id":10060,"date":"2009-11-25T20:00:47","date_gmt":"2009-11-25T19:00:47","guid":{"rendered":"http:\/\/www.bellunopress.it\/?p=10060"},"modified":"2009-11-25T01:04:32","modified_gmt":"2009-11-25T00:04:32","slug":"nuova-gestione-per-il-rifugio-bruto-carestiato-alla-moiazza","status":"publish","type":"post","link":"https:\/\/www.bellunopress.it\/fr\/2009\/11\/25\/nuova-gestione-per-il-rifugio-bruto-carestiato-alla-moiazza\/","title":{"rendered":"Nuova gestione per il rifugio Bruto Carestiato alla Moiazza"},"content":{"rendered":"<p>Nei tempi stabiliti contrattualmente, gli attuali gestori del Rifugio Bruto Carestiato, di nostra propriet\u00e0, hanno comunicato alla Sezione di non essere intenzionati al proseguimento della gestione negli anni futuri. Le motivazioni trovano riscontro \u2013 come comunicatoci dai gestori &#8211;\u00a0 in \u201cnuovi impegni familiari che contrastano, purtroppo, con la gestione del Rifugio\u201d.<br \/>\nLa Sezione Agordina del CAI ringrazia quindi la famiglia di Ruggero Daniele e Micaela Debertolis, sia per l\u2019impegno dimostrato che per le capacit\u00e0 gestionali e di supporto tecnico adottate per far funzionare al meglio la nostra rinnovata struttura ai piedi della Moiazza.<br \/>\nI gestori, dal canto loro, sono grati al Direttivo Sezionale per la fiducia dimostrata nei rapporti intercorsi in questi 3 anni, oltre che particolarmente riconoscenti verso tutti coloro che hanno collaborato per il buon funzionamento del Rifugio.<\/p>\n<p>Con questo comunicato, la Sezione Agordina del CAI intende segnalare la disponibilit\u00e0 nella conduzione del Rifugio Bruto Carestiato per la prossima stagione estiva 2010. Eventuali richieste dovranno pervenire a mezzo posta ordinaria all\u2019indirizzo espresso nell\u2019intestazione della presente, oppure via e-mail: agordo@cai.it<\/p>\n<p>A BREVE LA DIVULGAZIONE DEL PROGRAMMA E DEL CALENDARIO ESCURSIONISTICO INVERNALE.<\/p>\n<p>\u00c8 stato realizzato e reso definitivo proprio in questi giorni il nuovo programma invernale della Sezione. Nuove escursioni con le ci\u00e0spe, con le pelli di foca, corsi di scialpinismo e di \u201csicurezza\u201d invernale rivolti appositamente agli appassionati delle racchette da neve\u2026<br \/>\nCome consuetudine, per la divulgazione del calendario invernale delle attivit\u00e0 programmate, sar\u00e0 realizzato un apposito depliant \u2013 gi\u00e0 in fase di realizzazione &#8211; nonch\u00e9 la pubblicazione sul nostro sito web e la divulgazione a mezzo posta elettronica.<br \/>\nIn attesa di una copiosa nevicata\u2026ancora qualche giorno di pazienza quindi. Noi siamo pronti !<\/p>\n<p>UNA INTERESSANTE PROPOSTA DAGLI AMICI DEL CAI DI ODERZO<\/p>\n<p>A conclusione di un ciclo di serate e proiezioni organizzate dal CAI di Oderzo (TV) ricordiamo che sabato 28 novembre 2009 alle ore 21.00, presso la Sala di Palazzo Foscolo ad Oderzo, si terr\u00e0 la serata straordinaria dal titolo \u201cZINGARANDO DAL POLO NORD AL POLO SUD\u201d. Protagonista, il grande alpinista dei \u201cRagni di Lecco\u201d Luigi Airoldi con i suoi racconti e le immagini di\u2026 una lunga vita di viaggi intorno al mondo.<br \/>\nIngresso libero.<\/p>","protected":false},"excerpt":{"rendered":"<p>Nei tempi stabiliti contrattualmente, gli attuali gestori del Rifugio Bruto Carestiato, di nostra propriet\u00e0, hanno comunicato alla Sezione di non essere intenzionati al proseguimento della gestione negli anni futuri. Le motivazioni trovano riscontro \u2013 come comunicatoci dai gestori &#8211;\u00a0 in \u201cnuovi impegni familiari che contrastano, purtroppo, con la gestione del Rifugio\u201d. La Sezione Agordina del [&hellip;]<\/p>\n","protected":false},"author":2,"featured_media":0,"comment_status":"closed","ping_status":"open","sticky":false,"template":"","format":"standard","meta":{"footnotes":""},"categories":[5,38,25],"tags":[],"class_list":["post-10060","post","type-post","status-publish","format-standard","category-cronaca","category-natura-ambiente","category-pausa-caffe"],"yoast_head":"<!-- This site is optimized with the Yoast SEO plugin v28.4 - https:\/\/yoast.com\/product\/yoast-seo-wordpress\/ -->\n<title>Nuova gestione per il rifugio Bruto Carestiato alla Moiazza - Bellunopress - Dolomiti<\/title>\n<meta name=\"robots\" content=\"index, follow, max-snippet:-1, max-image-preview:large, max-video-preview:-1\" \/>\n<link rel=\"canonical\" href=\"https:\/\/www.bellunopress.it\/fr\/2009\/11\/25\/nuova-gestione-per-il-rifugio-bruto-carestiato-alla-moiazza\/\" \/>\n<meta property=\"og:locale\" content=\"fr_FR\" \/>\n<meta property=\"og:type\" content=\"article\" \/>\n<meta property=\"og:title\" content=\"Nuova gestione per il rifugio Bruto Carestiato alla Moiazza - Bellunopress - Dolomiti\" \/>\n<meta property=\"og:description\" content=\"Nei tempi stabiliti contrattualmente, gli attuali gestori del Rifugio Bruto Carestiato, di nostra propriet\u00e0, hanno comunicato alla Sezione di non essere intenzionati al proseguimento della gestione negli anni futuri. Le motivazioni trovano riscontro \u2013 come comunicatoci dai gestori &#8211;\u00a0 in \u201cnuovi impegni familiari che contrastano, purtroppo, con la gestione del Rifugio\u201d. La Sezione Agordina del [&hellip;]\" \/>\n<meta property=\"og:url\" content=\"https:\/\/www.bellunopress.it\/fr\/2009\/11\/25\/nuova-gestione-per-il-rifugio-bruto-carestiato-alla-moiazza\/\" \/>\n<meta property=\"og:site_name\" content=\"Bellunopress - Dolomiti\" \/>\n<meta property=\"article:publisher\" content=\"https:\/\/www.facebook.com\/profile.php?id=100008943462799\" \/>\n<meta property=\"article:published_time\" content=\"2009-11-25T19:00:47+00:00\" \/>\n<meta property=\"og:image\" content=\"http:\/\/www.bellunopress.it\/wp-content\/uploads\/2012\/07\/logo-bellunopress-250x250-2012.jpg\" \/>\n<meta name=\"author\" content=\"redazione\" \/>\n<meta name=\"twitter:card\" content=\"summary_large_image\" \/>\n<meta name=\"twitter:creator\" content=\"@bellunopress\" \/>\n<meta name=\"twitter:site\" content=\"@bellunopress\" \/>\n<meta name=\"twitter:label1\" content=\"\u00c9crit par\" \/>\n\t<meta name=\"twitter:data1\" content=\"redazione\" \/>\n\t<meta name=\"twitter:label2\" content=\"Dur\u00e9e de lecture estim\u00e9e\" \/>\n\t<meta name=\"twitter:data2\" content=\"2 minutes\" \/>\n<script type=\"application\/ld+json\" class=\"yoast-schema-graph\">{\"@context\":\"https:\\\/\\\/schema.org\",\"@graph\":[{\"@type\":\"Article\",\"@id\":\"https:\\\/\\\/www.bellunopress.it\\\/2009\\\/11\\\/25\\\/nuova-gestione-per-il-rifugio-bruto-carestiato-alla-moiazza\\\/#article\",\"isPartOf\":{\"@id\":\"https:\\\/\\\/www.bellunopress.it\\\/2009\\\/11\\\/25\\\/nuova-gestione-per-il-rifugio-bruto-carestiato-alla-moiazza\\\/\"},\"author\":{\"name\":\"redazione\",\"@id\":\"https:\\\/\\\/www.bellunopress.it\\\/#\\\/schema\\\/person\\\/79bb06722b37ece1c03d3e94beb30d73\"},\"headline\":\"Nuova gestione per il rifugio Bruto Carestiato alla Moiazza\",\"datePublished\":\"2009-11-25T19:00:47+00:00\",\"mainEntityOfPage\":{\"@id\":\"https:\\\/\\\/www.bellunopress.it\\\/2009\\\/11\\\/25\\\/nuova-gestione-per-il-rifugio-bruto-carestiato-alla-moiazza\\\/\"},\"wordCount\":365,\"publisher\":{\"@id\":\"https:\\\/\\\/www.bellunopress.it\\\/#organization\"},\"articleSection\":[\"Cronaca\\\/Politica\",\"Meteo, natura, ambiente, animali\",\"Pausa Caff\u00e8\"],\"inLanguage\":\"fr-FR\"},{\"@type\":\"WebPage\",\"@id\":\"https:\\\/\\\/www.bellunopress.it\\\/2009\\\/11\\\/25\\\/nuova-gestione-per-il-rifugio-bruto-carestiato-alla-moiazza\\\/\",\"url\":\"https:\\\/\\\/www.bellunopress.it\\\/2009\\\/11\\\/25\\\/nuova-gestione-per-il-rifugio-bruto-carestiato-alla-moiazza\\\/\",\"name\":\"Nuova gestione per il rifugio Bruto Carestiato alla Moiazza - Bellunopress - Dolomiti\",\"isPartOf\":{\"@id\":\"https:\\\/\\\/www.bellunopress.it\\\/#website\"},\"datePublished\":\"2009-11-25T19:00:47+00:00\",\"breadcrumb\":{\"@id\":\"https:\\\/\\\/www.bellunopress.it\\\/2009\\\/11\\\/25\\\/nuova-gestione-per-il-rifugio-bruto-carestiato-alla-moiazza\\\/#breadcrumb\"},\"inLanguage\":\"fr-FR\",\"potentialAction\":[{\"@type\":\"ReadAction\",\"target\":[\"https:\\\/\\\/www.bellunopress.it\\\/2009\\\/11\\\/25\\\/nuova-gestione-per-il-rifugio-bruto-carestiato-alla-moiazza\\\/\"]}]},{\"@type\":\"BreadcrumbList\",\"@id\":\"https:\\\/\\\/www.bellunopress.it\\\/2009\\\/11\\\/25\\\/nuova-gestione-per-il-rifugio-bruto-carestiato-alla-moiazza\\\/#breadcrumb\",\"itemListElement\":[{\"@type\":\"ListItem\",\"position\":1,\"name\":\"Home\",\"item\":\"https:\\\/\\\/www.bellunopress.it\\\/\"},{\"@type\":\"ListItem\",\"position\":2,\"name\":\"Nuova gestione per il rifugio Bruto Carestiato alla Moiazza\"}]},{\"@type\":\"WebSite\",\"@id\":\"https:\\\/\\\/www.bellunopress.it\\\/#website\",\"url\":\"https:\\\/\\\/www.bellunopress.it\\\/\",\"name\":\"Bellunopress - Dolomiti\",\"description\":\"e-mail: redazione@bellunopress.it\",\"publisher\":{\"@id\":\"https:\\\/\\\/www.bellunopress.it\\\/#organization\"},\"potentialAction\":[{\"@type\":\"SearchAction\",\"target\":{\"@type\":\"EntryPoint\",\"urlTemplate\":\"https:\\\/\\\/www.bellunopress.it\\\/?s={search_term_string}\"},\"query-input\":{\"@type\":\"PropertyValueSpecification\",\"valueRequired\":true,\"valueName\":\"search_term_string\"}}],\"inLanguage\":\"fr-FR\"},{\"@type\":\"Organization\",\"@id\":\"https:\\\/\\\/www.bellunopress.it\\\/#organization\",\"name\":\"Bellunopress\",\"url\":\"https:\\\/\\\/www.bellunopress.it\\\/\",\"logo\":{\"@type\":\"ImageObject\",\"inLanguage\":\"fr-FR\",\"@id\":\"https:\\\/\\\/www.bellunopress.it\\\/#\\\/schema\\\/logo\\\/image\\\/\",\"url\":\"https:\\\/\\\/www.bellunopress.it\\\/wp-content\\\/uploads\\\/2011\\\/05\\\/cropped-logo-bellunopress-.jpg\",\"contentUrl\":\"https:\\\/\\\/www.bellunopress.it\\\/wp-content\\\/uploads\\\/2011\\\/05\\\/cropped-logo-bellunopress-.jpg\",\"width\":512,\"height\":512,\"caption\":\"Bellunopress\"},\"image\":{\"@id\":\"https:\\\/\\\/www.bellunopress.it\\\/#\\\/schema\\\/logo\\\/image\\\/\"},\"sameAs\":[\"https:\\\/\\\/www.facebook.com\\\/profile.php?id=100008943462799\",\"https:\\\/\\\/x.com\\\/bellunopress\",\"https:\\\/\\\/www.linkedin.com\\\/hp\\\/?dnr=JBzUWaJfMUw8vbXJJ2tVW5-I3jZKvC4wsoxE&amp;amp;amp;amp;amp;amp;trk=nav_responsive_tab_home\",\"https:\\\/\\\/www.youtube.com\\\/channel\\\/UCxL0wu1uN0_3_7hGG0306cw\"]},{\"@type\":\"Person\",\"@id\":\"https:\\\/\\\/www.bellunopress.it\\\/#\\\/schema\\\/person\\\/79bb06722b37ece1c03d3e94beb30d73\",\"name\":\"redazione\",\"image\":{\"@type\":\"ImageObject\",\"inLanguage\":\"fr-FR\",\"@id\":\"https:\\\/\\\/secure.gravatar.com\\\/avatar\\\/37d968a2e67a6fd04c169c4bdef102d0bc5d31b2546345219e348575eb80e9a0?s=96&d=mm&r=g\",\"url\":\"https:\\\/\\\/secure.gravatar.com\\\/avatar\\\/37d968a2e67a6fd04c169c4bdef102d0bc5d31b2546345219e348575eb80e9a0?s=96&d=mm&r=g\",\"contentUrl\":\"https:\\\/\\\/secure.gravatar.com\\\/avatar\\\/37d968a2e67a6fd04c169c4bdef102d0bc5d31b2546345219e348575eb80e9a0?s=96&d=mm&r=g\",\"caption\":\"redazione\"},\"sameAs\":[\"http:\\\/\\\/www.bellunopress.it\",\"https:\\\/\\\/x.com\\\/bellunopress\"],\"url\":\"https:\\\/\\\/www.bellunopress.it\\\/fr\\\/author\\\/redazione\\\/\"}]}<\/script>\n<!-- \/ Yoast SEO plugin. -->","yoast_head_json":{"title":"Nuova gestione per il rifugio Bruto Carestiato alla Moiazza - Bellunopress - Dolomiti","robots":{"index":"index","follow":"follow","max-snippet":"max-snippet:-1","max-image-preview":"max-image-preview:large","max-video-preview":"max-video-preview:-1"},"canonical":"https:\/\/www.bellunopress.it\/fr\/2009\/11\/25\/nuova-gestione-per-il-rifugio-bruto-carestiato-alla-moiazza\/","og_locale":"fr_FR","og_type":"article","og_title":"Nuova gestione per il rifugio Bruto Carestiato alla Moiazza - Bellunopress - Dolomiti","og_description":"Nei tempi stabiliti contrattualmente, gli attuali gestori del Rifugio Bruto Carestiato, di nostra propriet\u00e0, hanno comunicato alla Sezione di non essere intenzionati al proseguimento della gestione negli anni futuri. Le motivazioni trovano riscontro \u2013 come comunicatoci dai gestori &#8211;\u00a0 in \u201cnuovi impegni familiari che contrastano, purtroppo, con la gestione del Rifugio\u201d. La Sezione Agordina del [&hellip;]","og_url":"https:\/\/www.bellunopress.it\/fr\/2009\/11\/25\/nuova-gestione-per-il-rifugio-bruto-carestiato-alla-moiazza\/","og_site_name":"Bellunopress - Dolomiti","article_publisher":"https:\/\/www.facebook.com\/profile.php?id=100008943462799","article_published_time":"2009-11-25T19:00:47+00:00","og_image":[{"url":"http:\/\/www.bellunopress.it\/wp-content\/uploads\/2012\/07\/logo-bellunopress-250x250-2012.jpg","type":"","width":"","height":""}],"author":"redazione","twitter_card":"summary_large_image","twitter_creator":"@bellunopress","twitter_site":"@bellunopress","twitter_misc":{"\u00c9crit par":"redazione","Dur\u00e9e de lecture estim\u00e9e":"2 minutes"},"schema":{"@context":"https:\/\/schema.org","@graph":[{"@type":"Article","@id":"https:\/\/www.bellunopress.it\/2009\/11\/25\/nuova-gestione-per-il-rifugio-bruto-carestiato-alla-moiazza\/#article","isPartOf":{"@id":"https:\/\/www.bellunopress.it\/2009\/11\/25\/nuova-gestione-per-il-rifugio-bruto-carestiato-alla-moiazza\/"},"author":{"name":"redazione","@id":"https:\/\/www.bellunopress.it\/#\/schema\/person\/79bb06722b37ece1c03d3e94beb30d73"},"headline":"Nuova gestione per il rifugio Bruto Carestiato alla Moiazza","datePublished":"2009-11-25T19:00:47+00:00","mainEntityOfPage":{"@id":"https:\/\/www.bellunopress.it\/2009\/11\/25\/nuova-gestione-per-il-rifugio-bruto-carestiato-alla-moiazza\/"},"wordCount":365,"publisher":{"@id":"https:\/\/www.bellunopress.it\/#organization"},"articleSection":["Cronaca\/Politica","Meteo, natura, ambiente, animali","Pausa Caff\u00e8"],"inLanguage":"fr-FR"},{"@type":"WebPage","@id":"https:\/\/www.bellunopress.it\/2009\/11\/25\/nuova-gestione-per-il-rifugio-bruto-carestiato-alla-moiazza\/","url":"https:\/\/www.bellunopress.it\/2009\/11\/25\/nuova-gestione-per-il-rifugio-bruto-carestiato-alla-moiazza\/","name":"Nuova gestione per il rifugio Bruto Carestiato alla Moiazza - Bellunopress - Dolomiti","isPartOf":{"@id":"https:\/\/www.bellunopress.it\/#website"},"datePublished":"2009-11-25T19:00:47+00:00","breadcrumb":{"@id":"https:\/\/www.bellunopress.it\/2009\/11\/25\/nuova-gestione-per-il-rifugio-bruto-carestiato-alla-moiazza\/#breadcrumb"},"inLanguage":"fr-FR","potentialAction":[{"@type":"ReadAction","target":["https:\/\/www.bellunopress.it\/2009\/11\/25\/nuova-gestione-per-il-rifugio-bruto-carestiato-alla-moiazza\/"]}]},{"@type":"BreadcrumbList","@id":"https:\/\/www.bellunopress.it\/2009\/11\/25\/nuova-gestione-per-il-rifugio-bruto-carestiato-alla-moiazza\/#breadcrumb","itemListElement":[{"@type":"ListItem","position":1,"name":"Home","item":"https:\/\/www.bellunopress.it\/"},{"@type":"ListItem","position":2,"name":"Nuova gestione per il rifugio Bruto Carestiato alla Moiazza"}]},{"@type":"WebSite","@id":"https:\/\/www.bellunopress.it\/#website","url":"https:\/\/www.bellunopress.it\/","name":"Bellunopress - Dolomiti","description":"e-mail: redazione@bellunopress.it","publisher":{"@id":"https:\/\/www.bellunopress.it\/#organization"},"potentialAction":[{"@type":"SearchAction","target":{"@type":"EntryPoint","urlTemplate":"https:\/\/www.bellunopress.it\/?s={search_term_string}"},"query-input":{"@type":"PropertyValueSpecification","valueRequired":true,"valueName":"search_term_string"}}],"inLanguage":"fr-FR"},{"@type":"Organization","@id":"https:\/\/www.bellunopress.it\/#organization","name":"Bellunopress","url":"https:\/\/www.bellunopress.it\/","logo":{"@type":"ImageObject","inLanguage":"fr-FR","@id":"https:\/\/www.bellunopress.it\/#\/schema\/logo\/image\/","url":"https:\/\/www.bellunopress.it\/wp-content\/uploads\/2011\/05\/cropped-logo-bellunopress-.jpg","contentUrl":"https:\/\/www.bellunopress.it\/wp-content\/uploads\/2011\/05\/cropped-logo-bellunopress-.jpg","width":512,"height":512,"caption":"Bellunopress"},"image":{"@id":"https:\/\/www.bellunopress.it\/#\/schema\/logo\/image\/"},"sameAs":["https:\/\/www.facebook.com\/profile.php?id=100008943462799","https:\/\/x.com\/bellunopress","https:\/\/www.linkedin.com\/hp\/?dnr=JBzUWaJfMUw8vbXJJ2tVW5-I3jZKvC4wsoxE&amp;amp;amp;amp;amp;amp;trk=nav_responsive_tab_home","https:\/\/www.youtube.com\/channel\/UCxL0wu1uN0_3_7hGG0306cw"]},{"@type":"Person","@id":"https:\/\/www.bellunopress.it\/#\/schema\/person\/79bb06722b37ece1c03d3e94beb30d73","name":"r\u00e9daction","image":{"@type":"ImageObject","inLanguage":"fr-FR","@id":"https:\/\/secure.gravatar.com\/avatar\/37d968a2e67a6fd04c169c4bdef102d0bc5d31b2546345219e348575eb80e9a0?s=96&d=mm&r=g","url":"https:\/\/secure.gravatar.com\/avatar\/37d968a2e67a6fd04c169c4bdef102d0bc5d31b2546345219e348575eb80e9a0?s=96&d=mm&r=g","contentUrl":"https:\/\/secure.gravatar.com\/avatar\/37d968a2e67a6fd04c169c4bdef102d0bc5d31b2546345219e348575eb80e9a0?s=96&d=mm&r=g","caption":"redazione"},"sameAs":["http:\/\/www.bellunopress.it","https:\/\/x.com\/bellunopress"],"url":"https:\/\/www.bellunopress.it\/fr\/author\/redazione\/"}]}},"_links":{"self":[{"href":"https:\/\/www.bellunopress.it\/fr\/wp-json\/wp\/v2\/posts\/10060","targetHints":{"allow":["GET"]}}],"collection":[{"href":"https:\/\/www.bellunopress.it\/fr\/wp-json\/wp\/v2\/posts"}],"about":[{"href":"https:\/\/www.bellunopress.it\/fr\/wp-json\/wp\/v2\/types\/post"}],"author":[{"embeddable":true,"href":"https:\/\/www.bellunopress.it\/fr\/wp-json\/wp\/v2\/users\/2"}],"replies":[{"embeddable":true,"href":"https:\/\/www.bellunopress.it\/fr\/wp-json\/wp\/v2\/comments?post=10060"}],"version-history":[{"count":3,"href":"https:\/\/www.bellunopress.it\/fr\/wp-json\/wp\/v2\/posts\/10060\/revisions"}],"predecessor-version":[{"id":10063,"href":"https:\/\/www.bellunopress.it\/fr\/wp-json\/wp\/v2\/posts\/10060\/revisions\/10063"}],"wp:attachment":[{"href":"https:\/\/www.bellunopress.it\/fr\/wp-json\/wp\/v2\/media?parent=10060"}],"wp:term":[{"taxonomy":"category","embeddable":true,"href":"https:\/\/www.bellunopress.it\/fr\/wp-json\/wp\/v2\/categories?post=10060"},{"taxonomy":"post_tag","embeddable":true,"href":"https:\/\/www.bellunopress.it\/fr\/wp-json\/wp\/v2\/tags?post=10060"}],"curies":[{"name":"wp","href":"https:\/\/api.w.org\/{rel}","templated":true}]}}