{"id":10025,"date":"2009-11-24T11:41:10","date_gmt":"2009-11-24T10:41:10","guid":{"rendered":"http:\/\/www.bellunopress.it\/?p=10025"},"modified":"2009-11-24T11:41:10","modified_gmt":"2009-11-24T10:41:10","slug":"rifacimento-del-muro-di-controripa-a-scalon-di-vas-la-provincia-approva-l%e2%80%99intervento-previsto-un-importo-di-spesa-di-circa-80mila-euro","status":"publish","type":"post","link":"https:\/\/www.bellunopress.it\/fr\/2009\/11\/24\/rifacimento-del-muro-di-controripa-a-scalon-di-vas-la-provincia-approva-l%e2%80%99intervento-previsto-un-importo-di-spesa-di-circa-80mila-euro\/","title":{"rendered":"Rifacimento del muro di controripa a Scalon di Vas. La Provincia approva l\u2019intervento, previsto un importo di spesa di circa 80mila euro"},"content":{"rendered":"<p>Nel corso dell\u2019ultima Giunta provinciale \u00e8 stato approvato l\u2019intervento che prevede il rifacimento del muro di sostegno e controripa lungo la strada provinciale 1\/bis a Scalon di Vas. Si tratta di un tratto lungo la via \u201cdella Madonna del Piave\u201d, lungo circa centodieci metri, che verr\u00e0 completamente rifatto. Il progetto \u00e8 curato da Veneto Strade che gestir\u00e0 ora l\u2019appalto dei lavori; la spesa prevista \u00e8 di circa ottantamila euro.<\/p>","protected":false},"excerpt":{"rendered":"<p>Nel corso dell\u2019ultima Giunta provinciale \u00e8 stato approvato l\u2019intervento che prevede il rifacimento del muro di sostegno e controripa lungo la strada provinciale 1\/bis a Scalon di Vas. Si tratta di un tratto lungo la via \u201cdella Madonna del Piave\u201d, lungo circa centodieci metri, che verr\u00e0 completamente rifatto. Il progetto \u00e8 curato da Veneto Strade [&hellip;]<\/p>\n","protected":false},"author":2,"featured_media":0,"comment_status":"closed","ping_status":"open","sticky":false,"template":"","format":"standard","meta":{"footnotes":""},"categories":[5,26],"tags":[],"class_list":["post-10025","post","type-post","status-publish","format-standard","category-cronaca","category-prima-pagina"],"yoast_head":"<!-- This site is optimized with the Yoast SEO plugin v28.4 - https:\/\/yoast.com\/product\/yoast-seo-wordpress\/ -->\n<title>Rifacimento del muro di controripa a Scalon di Vas. La Provincia approva l\u2019intervento, previsto un importo di spesa di circa 80mila euro - Bellunopress - Dolomiti<\/title>\n<meta name=\"robots\" content=\"index, follow, max-snippet:-1, max-image-preview:large, max-video-preview:-1\" \/>\n<link rel=\"canonical\" href=\"https:\/\/www.bellunopress.it\/fr\/2009\/11\/24\/rifacimento-del-muro-di-controripa-a-scalon-di-vas-la-provincia-approva-l\u2019intervento-previsto-un-importo-di-spesa-di-circa-80mila-euro\/\" \/>\n<meta property=\"og:locale\" content=\"fr_FR\" \/>\n<meta property=\"og:type\" content=\"article\" \/>\n<meta property=\"og:title\" content=\"Rifacimento del muro di controripa a Scalon di Vas. La Provincia approva l\u2019intervento, previsto un importo di spesa di circa 80mila euro - Bellunopress - Dolomiti\" \/>\n<meta property=\"og:description\" content=\"Nel corso dell\u2019ultima Giunta provinciale \u00e8 stato approvato l\u2019intervento che prevede il rifacimento del muro di sostegno e controripa lungo la strada provinciale 1\/bis a Scalon di Vas. Si tratta di un tratto lungo la via \u201cdella Madonna del Piave\u201d, lungo circa centodieci metri, che verr\u00e0 completamente rifatto. Il progetto \u00e8 curato da Veneto Strade [&hellip;]\" \/>\n<meta property=\"og:url\" content=\"https:\/\/www.bellunopress.it\/fr\/2009\/11\/24\/rifacimento-del-muro-di-controripa-a-scalon-di-vas-la-provincia-approva-l\u2019intervento-previsto-un-importo-di-spesa-di-circa-80mila-euro\/\" \/>\n<meta property=\"og:site_name\" content=\"Bellunopress - Dolomiti\" \/>\n<meta property=\"article:publisher\" content=\"https:\/\/www.facebook.com\/profile.php?id=100008943462799\" \/>\n<meta property=\"article:published_time\" content=\"2009-11-24T10:41:10+00:00\" \/>\n<meta property=\"og:image\" content=\"http:\/\/www.bellunopress.it\/wp-content\/uploads\/2012\/07\/logo-bellunopress-250x250-2012.jpg\" \/>\n<meta name=\"author\" content=\"redazione\" \/>\n<meta name=\"twitter:card\" content=\"summary_large_image\" \/>\n<meta name=\"twitter:creator\" content=\"@bellunopress\" \/>\n<meta name=\"twitter:site\" content=\"@bellunopress\" \/>\n<meta name=\"twitter:label1\" content=\"\u00c9crit par\" \/>\n\t<meta name=\"twitter:data1\" content=\"redazione\" \/>\n<script type=\"application\/ld+json\" class=\"yoast-schema-graph\">{\"@context\":\"https:\\\/\\\/schema.org\",\"@graph\":[{\"@type\":\"Article\",\"@id\":\"https:\\\/\\\/www.bellunopress.it\\\/2009\\\/11\\\/24\\\/rifacimento-del-muro-di-controripa-a-scalon-di-vas-la-provincia-approva-l%e2%80%99intervento-previsto-un-importo-di-spesa-di-circa-80mila-euro\\\/#article\",\"isPartOf\":{\"@id\":\"https:\\\/\\\/www.bellunopress.it\\\/2009\\\/11\\\/24\\\/rifacimento-del-muro-di-controripa-a-scalon-di-vas-la-provincia-approva-l%e2%80%99intervento-previsto-un-importo-di-spesa-di-circa-80mila-euro\\\/\"},\"author\":{\"name\":\"redazione\",\"@id\":\"https:\\\/\\\/www.bellunopress.it\\\/#\\\/schema\\\/person\\\/79bb06722b37ece1c03d3e94beb30d73\"},\"headline\":\"Rifacimento del muro di controripa a Scalon di Vas. La Provincia approva l\u2019intervento, previsto un importo di spesa di circa 80mila euro\",\"datePublished\":\"2009-11-24T10:41:10+00:00\",\"mainEntityOfPage\":{\"@id\":\"https:\\\/\\\/www.bellunopress.it\\\/2009\\\/11\\\/24\\\/rifacimento-del-muro-di-controripa-a-scalon-di-vas-la-provincia-approva-l%e2%80%99intervento-previsto-un-importo-di-spesa-di-circa-80mila-euro\\\/\"},\"wordCount\":92,\"publisher\":{\"@id\":\"https:\\\/\\\/www.bellunopress.it\\\/#organization\"},\"articleSection\":[\"Cronaca\\\/Politica\",\"Prima Pagina\"],\"inLanguage\":\"fr-FR\"},{\"@type\":\"WebPage\",\"@id\":\"https:\\\/\\\/www.bellunopress.it\\\/2009\\\/11\\\/24\\\/rifacimento-del-muro-di-controripa-a-scalon-di-vas-la-provincia-approva-l%e2%80%99intervento-previsto-un-importo-di-spesa-di-circa-80mila-euro\\\/\",\"url\":\"https:\\\/\\\/www.bellunopress.it\\\/2009\\\/11\\\/24\\\/rifacimento-del-muro-di-controripa-a-scalon-di-vas-la-provincia-approva-l%e2%80%99intervento-previsto-un-importo-di-spesa-di-circa-80mila-euro\\\/\",\"name\":\"Rifacimento del muro di controripa a Scalon di Vas. La Provincia approva l\u2019intervento, previsto un importo di spesa di circa 80mila euro - Bellunopress - Dolomiti\",\"isPartOf\":{\"@id\":\"https:\\\/\\\/www.bellunopress.it\\\/#website\"},\"datePublished\":\"2009-11-24T10:41:10+00:00\",\"breadcrumb\":{\"@id\":\"https:\\\/\\\/www.bellunopress.it\\\/2009\\\/11\\\/24\\\/rifacimento-del-muro-di-controripa-a-scalon-di-vas-la-provincia-approva-l%e2%80%99intervento-previsto-un-importo-di-spesa-di-circa-80mila-euro\\\/#breadcrumb\"},\"inLanguage\":\"fr-FR\",\"potentialAction\":[{\"@type\":\"ReadAction\",\"target\":[\"https:\\\/\\\/www.bellunopress.it\\\/2009\\\/11\\\/24\\\/rifacimento-del-muro-di-controripa-a-scalon-di-vas-la-provincia-approva-l%e2%80%99intervento-previsto-un-importo-di-spesa-di-circa-80mila-euro\\\/\"]}]},{\"@type\":\"BreadcrumbList\",\"@id\":\"https:\\\/\\\/www.bellunopress.it\\\/2009\\\/11\\\/24\\\/rifacimento-del-muro-di-controripa-a-scalon-di-vas-la-provincia-approva-l%e2%80%99intervento-previsto-un-importo-di-spesa-di-circa-80mila-euro\\\/#breadcrumb\",\"itemListElement\":[{\"@type\":\"ListItem\",\"position\":1,\"name\":\"Home\",\"item\":\"https:\\\/\\\/www.bellunopress.it\\\/\"},{\"@type\":\"ListItem\",\"position\":2,\"name\":\"Rifacimento del muro di controripa a Scalon di Vas. La Provincia approva l\u2019intervento, previsto un importo di spesa di circa 80mila euro\"}]},{\"@type\":\"WebSite\",\"@id\":\"https:\\\/\\\/www.bellunopress.it\\\/#website\",\"url\":\"https:\\\/\\\/www.bellunopress.it\\\/\",\"name\":\"Bellunopress - Dolomiti\",\"description\":\"e-mail: redazione@bellunopress.it\",\"publisher\":{\"@id\":\"https:\\\/\\\/www.bellunopress.it\\\/#organization\"},\"potentialAction\":[{\"@type\":\"SearchAction\",\"target\":{\"@type\":\"EntryPoint\",\"urlTemplate\":\"https:\\\/\\\/www.bellunopress.it\\\/?s={search_term_string}\"},\"query-input\":{\"@type\":\"PropertyValueSpecification\",\"valueRequired\":true,\"valueName\":\"search_term_string\"}}],\"inLanguage\":\"fr-FR\"},{\"@type\":\"Organization\",\"@id\":\"https:\\\/\\\/www.bellunopress.it\\\/#organization\",\"name\":\"Bellunopress\",\"url\":\"https:\\\/\\\/www.bellunopress.it\\\/\",\"logo\":{\"@type\":\"ImageObject\",\"inLanguage\":\"fr-FR\",\"@id\":\"https:\\\/\\\/www.bellunopress.it\\\/#\\\/schema\\\/logo\\\/image\\\/\",\"url\":\"https:\\\/\\\/www.bellunopress.it\\\/wp-content\\\/uploads\\\/2011\\\/05\\\/cropped-logo-bellunopress-.jpg\",\"contentUrl\":\"https:\\\/\\\/www.bellunopress.it\\\/wp-content\\\/uploads\\\/2011\\\/05\\\/cropped-logo-bellunopress-.jpg\",\"width\":512,\"height\":512,\"caption\":\"Bellunopress\"},\"image\":{\"@id\":\"https:\\\/\\\/www.bellunopress.it\\\/#\\\/schema\\\/logo\\\/image\\\/\"},\"sameAs\":[\"https:\\\/\\\/www.facebook.com\\\/profile.php?id=100008943462799\",\"https:\\\/\\\/x.com\\\/bellunopress\",\"https:\\\/\\\/www.linkedin.com\\\/hp\\\/?dnr=JBzUWaJfMUw8vbXJJ2tVW5-I3jZKvC4wsoxE&amp;amp;amp;amp;amp;amp;trk=nav_responsive_tab_home\",\"https:\\\/\\\/www.youtube.com\\\/channel\\\/UCxL0wu1uN0_3_7hGG0306cw\"]},{\"@type\":\"Person\",\"@id\":\"https:\\\/\\\/www.bellunopress.it\\\/#\\\/schema\\\/person\\\/79bb06722b37ece1c03d3e94beb30d73\",\"name\":\"redazione\",\"image\":{\"@type\":\"ImageObject\",\"inLanguage\":\"fr-FR\",\"@id\":\"https:\\\/\\\/secure.gravatar.com\\\/avatar\\\/37d968a2e67a6fd04c169c4bdef102d0bc5d31b2546345219e348575eb80e9a0?s=96&d=mm&r=g\",\"url\":\"https:\\\/\\\/secure.gravatar.com\\\/avatar\\\/37d968a2e67a6fd04c169c4bdef102d0bc5d31b2546345219e348575eb80e9a0?s=96&d=mm&r=g\",\"contentUrl\":\"https:\\\/\\\/secure.gravatar.com\\\/avatar\\\/37d968a2e67a6fd04c169c4bdef102d0bc5d31b2546345219e348575eb80e9a0?s=96&d=mm&r=g\",\"caption\":\"redazione\"},\"sameAs\":[\"http:\\\/\\\/www.bellunopress.it\",\"https:\\\/\\\/x.com\\\/bellunopress\"],\"url\":\"https:\\\/\\\/www.bellunopress.it\\\/fr\\\/author\\\/redazione\\\/\"}]}<\/script>\n<!-- \/ Yoast SEO plugin. -->","yoast_head_json":{"title":"Rifacimento del muro di controripa a Scalon di Vas. La Provincia approva l\u2019intervento, previsto un importo di spesa di circa 80mila euro - Bellunopress - Dolomiti","robots":{"index":"index","follow":"follow","max-snippet":"max-snippet:-1","max-image-preview":"max-image-preview:large","max-video-preview":"max-video-preview:-1"},"canonical":"https:\/\/www.bellunopress.it\/fr\/2009\/11\/24\/rifacimento-del-muro-di-controripa-a-scalon-di-vas-la-provincia-approva-l\u2019intervento-previsto-un-importo-di-spesa-di-circa-80mila-euro\/","og_locale":"fr_FR","og_type":"article","og_title":"Rifacimento del muro di controripa a Scalon di Vas. La Provincia approva l\u2019intervento, previsto un importo di spesa di circa 80mila euro - Bellunopress - Dolomiti","og_description":"Nel corso dell\u2019ultima Giunta provinciale \u00e8 stato approvato l\u2019intervento che prevede il rifacimento del muro di sostegno e controripa lungo la strada provinciale 1\/bis a Scalon di Vas. Si tratta di un tratto lungo la via \u201cdella Madonna del Piave\u201d, lungo circa centodieci metri, che verr\u00e0 completamente rifatto. Il progetto \u00e8 curato da Veneto Strade [&hellip;]","og_url":"https:\/\/www.bellunopress.it\/fr\/2009\/11\/24\/rifacimento-del-muro-di-controripa-a-scalon-di-vas-la-provincia-approva-l\u2019intervento-previsto-un-importo-di-spesa-di-circa-80mila-euro\/","og_site_name":"Bellunopress - Dolomiti","article_publisher":"https:\/\/www.facebook.com\/profile.php?id=100008943462799","article_published_time":"2009-11-24T10:41:10+00:00","og_image":[{"url":"http:\/\/www.bellunopress.it\/wp-content\/uploads\/2012\/07\/logo-bellunopress-250x250-2012.jpg","type":"","width":"","height":""}],"author":"redazione","twitter_card":"summary_large_image","twitter_creator":"@bellunopress","twitter_site":"@bellunopress","twitter_misc":{"\u00c9crit par":"redazione"},"schema":{"@context":"https:\/\/schema.org","@graph":[{"@type":"Article","@id":"https:\/\/www.bellunopress.it\/2009\/11\/24\/rifacimento-del-muro-di-controripa-a-scalon-di-vas-la-provincia-approva-l%e2%80%99intervento-previsto-un-importo-di-spesa-di-circa-80mila-euro\/#article","isPartOf":{"@id":"https:\/\/www.bellunopress.it\/2009\/11\/24\/rifacimento-del-muro-di-controripa-a-scalon-di-vas-la-provincia-approva-l%e2%80%99intervento-previsto-un-importo-di-spesa-di-circa-80mila-euro\/"},"author":{"name":"redazione","@id":"https:\/\/www.bellunopress.it\/#\/schema\/person\/79bb06722b37ece1c03d3e94beb30d73"},"headline":"Rifacimento del muro di controripa a Scalon di Vas. La Provincia approva l\u2019intervento, previsto un importo di spesa di circa 80mila euro","datePublished":"2009-11-24T10:41:10+00:00","mainEntityOfPage":{"@id":"https:\/\/www.bellunopress.it\/2009\/11\/24\/rifacimento-del-muro-di-controripa-a-scalon-di-vas-la-provincia-approva-l%e2%80%99intervento-previsto-un-importo-di-spesa-di-circa-80mila-euro\/"},"wordCount":92,"publisher":{"@id":"https:\/\/www.bellunopress.it\/#organization"},"articleSection":["Cronaca\/Politica","Prima Pagina"],"inLanguage":"fr-FR"},{"@type":"WebPage","@id":"https:\/\/www.bellunopress.it\/2009\/11\/24\/rifacimento-del-muro-di-controripa-a-scalon-di-vas-la-provincia-approva-l%e2%80%99intervento-previsto-un-importo-di-spesa-di-circa-80mila-euro\/","url":"https:\/\/www.bellunopress.it\/2009\/11\/24\/rifacimento-del-muro-di-controripa-a-scalon-di-vas-la-provincia-approva-l%e2%80%99intervento-previsto-un-importo-di-spesa-di-circa-80mila-euro\/","name":"Rifacimento del muro di controripa a Scalon di Vas. La Provincia approva l\u2019intervento, previsto un importo di spesa di circa 80mila euro - Bellunopress - Dolomiti","isPartOf":{"@id":"https:\/\/www.bellunopress.it\/#website"},"datePublished":"2009-11-24T10:41:10+00:00","breadcrumb":{"@id":"https:\/\/www.bellunopress.it\/2009\/11\/24\/rifacimento-del-muro-di-controripa-a-scalon-di-vas-la-provincia-approva-l%e2%80%99intervento-previsto-un-importo-di-spesa-di-circa-80mila-euro\/#breadcrumb"},"inLanguage":"fr-FR","potentialAction":[{"@type":"ReadAction","target":["https:\/\/www.bellunopress.it\/2009\/11\/24\/rifacimento-del-muro-di-controripa-a-scalon-di-vas-la-provincia-approva-l%e2%80%99intervento-previsto-un-importo-di-spesa-di-circa-80mila-euro\/"]}]},{"@type":"BreadcrumbList","@id":"https:\/\/www.bellunopress.it\/2009\/11\/24\/rifacimento-del-muro-di-controripa-a-scalon-di-vas-la-provincia-approva-l%e2%80%99intervento-previsto-un-importo-di-spesa-di-circa-80mila-euro\/#breadcrumb","itemListElement":[{"@type":"ListItem","position":1,"name":"Home","item":"https:\/\/www.bellunopress.it\/"},{"@type":"ListItem","position":2,"name":"Rifacimento del muro di controripa a Scalon di Vas. La Provincia approva l\u2019intervento, previsto un importo di spesa di circa 80mila euro"}]},{"@type":"WebSite","@id":"https:\/\/www.bellunopress.it\/#website","url":"https:\/\/www.bellunopress.it\/","name":"Bellunopress - Dolomiti","description":"e-mail: redazione@bellunopress.it","publisher":{"@id":"https:\/\/www.bellunopress.it\/#organization"},"potentialAction":[{"@type":"SearchAction","target":{"@type":"EntryPoint","urlTemplate":"https:\/\/www.bellunopress.it\/?s={search_term_string}"},"query-input":{"@type":"PropertyValueSpecification","valueRequired":true,"valueName":"search_term_string"}}],"inLanguage":"fr-FR"},{"@type":"Organization","@id":"https:\/\/www.bellunopress.it\/#organization","name":"Bellunopress","url":"https:\/\/www.bellunopress.it\/","logo":{"@type":"ImageObject","inLanguage":"fr-FR","@id":"https:\/\/www.bellunopress.it\/#\/schema\/logo\/image\/","url":"https:\/\/www.bellunopress.it\/wp-content\/uploads\/2011\/05\/cropped-logo-bellunopress-.jpg","contentUrl":"https:\/\/www.bellunopress.it\/wp-content\/uploads\/2011\/05\/cropped-logo-bellunopress-.jpg","width":512,"height":512,"caption":"Bellunopress"},"image":{"@id":"https:\/\/www.bellunopress.it\/#\/schema\/logo\/image\/"},"sameAs":["https:\/\/www.facebook.com\/profile.php?id=100008943462799","https:\/\/x.com\/bellunopress","https:\/\/www.linkedin.com\/hp\/?dnr=JBzUWaJfMUw8vbXJJ2tVW5-I3jZKvC4wsoxE&amp;amp;amp;amp;amp;amp;trk=nav_responsive_tab_home","https:\/\/www.youtube.com\/channel\/UCxL0wu1uN0_3_7hGG0306cw"]},{"@type":"Person","@id":"https:\/\/www.bellunopress.it\/#\/schema\/person\/79bb06722b37ece1c03d3e94beb30d73","name":"r\u00e9daction","image":{"@type":"ImageObject","inLanguage":"fr-FR","@id":"https:\/\/secure.gravatar.com\/avatar\/37d968a2e67a6fd04c169c4bdef102d0bc5d31b2546345219e348575eb80e9a0?s=96&d=mm&r=g","url":"https:\/\/secure.gravatar.com\/avatar\/37d968a2e67a6fd04c169c4bdef102d0bc5d31b2546345219e348575eb80e9a0?s=96&d=mm&r=g","contentUrl":"https:\/\/secure.gravatar.com\/avatar\/37d968a2e67a6fd04c169c4bdef102d0bc5d31b2546345219e348575eb80e9a0?s=96&d=mm&r=g","caption":"redazione"},"sameAs":["http:\/\/www.bellunopress.it","https:\/\/x.com\/bellunopress"],"url":"https:\/\/www.bellunopress.it\/fr\/author\/redazione\/"}]}},"_links":{"self":[{"href":"https:\/\/www.bellunopress.it\/fr\/wp-json\/wp\/v2\/posts\/10025","targetHints":{"allow":["GET"]}}],"collection":[{"href":"https:\/\/www.bellunopress.it\/fr\/wp-json\/wp\/v2\/posts"}],"about":[{"href":"https:\/\/www.bellunopress.it\/fr\/wp-json\/wp\/v2\/types\/post"}],"author":[{"embeddable":true,"href":"https:\/\/www.bellunopress.it\/fr\/wp-json\/wp\/v2\/users\/2"}],"replies":[{"embeddable":true,"href":"https:\/\/www.bellunopress.it\/fr\/wp-json\/wp\/v2\/comments?post=10025"}],"version-history":[{"count":1,"href":"https:\/\/www.bellunopress.it\/fr\/wp-json\/wp\/v2\/posts\/10025\/revisions"}],"predecessor-version":[{"id":10026,"href":"https:\/\/www.bellunopress.it\/fr\/wp-json\/wp\/v2\/posts\/10025\/revisions\/10026"}],"wp:attachment":[{"href":"https:\/\/www.bellunopress.it\/fr\/wp-json\/wp\/v2\/media?parent=10025"}],"wp:term":[{"taxonomy":"category","embeddable":true,"href":"https:\/\/www.bellunopress.it\/fr\/wp-json\/wp\/v2\/categories?post=10025"},{"taxonomy":"post_tag","embeddable":true,"href":"https:\/\/www.bellunopress.it\/fr\/wp-json\/wp\/v2\/tags?post=10025"}],"curies":[{"name":"wp","href":"https:\/\/api.w.org\/{rel}","templated":true}]}}