{"id":10023,"date":"2009-11-24T11:38:01","date_gmt":"2009-11-24T10:38:01","guid":{"rendered":"http:\/\/www.bellunopress.it\/?p=10023"},"modified":"2009-11-24T11:38:01","modified_gmt":"2009-11-24T10:38:01","slug":"liceo-castaldi-di-feltre-presto-completata-la-messa-a-norma-lavori-per-oltre-trecentomila-euro-205mila-da-contributo-della-regione-veneto","status":"publish","type":"post","link":"https:\/\/www.bellunopress.it\/fr\/2009\/11\/24\/liceo-castaldi-di-feltre-presto-completata-la-messa-a-norma-lavori-per-oltre-trecentomila-euro-205mila-da-contributo-della-regione-veneto\/","title":{"rendered":"Liceo Castaldi di Feltre, presto completata la messa a norma. Lavori per oltre trecentomila euro (205mila da contributo della Regione Veneto)"},"content":{"rendered":"<figure id=\"attachment_7103\" aria-describedby=\"caption-attachment-7103\" style=\"width: 270px\" class=\"wp-caption alignleft\"><a href=\"http:\/\/www.bellunopress.it\/wp-content\/uploads\/2009\/08\/lorenza-de-kunovich-270x180.jpg\"><img loading=\"lazy\" decoding=\"async\" class=\"size-medium wp-image-7103\" title=\"lorenza-de-kunovich-270x180\" src=\"http:\/\/www.bellunopress.it\/wp-content\/uploads\/2009\/08\/lorenza-de-kunovich-270x180.jpg\" alt=\"Lorenza De Kunovich assessore provinciale\" width=\"270\" height=\"180\" \/><\/a><figcaption id=\"caption-attachment-7103\" class=\"wp-caption-text\">Lorenza De Kunovich assessore provinciale<\/figcaption><\/figure>\n<p>La Giunta provinciale di Belluno ha dato il via al secondo stralcio del secondo lotto per i lavori al Liceo Castaldi di Feltre. L\u2019importo complessivo per l\u2019opera \u00e8 di circa trecentotrentamila euro, in buona parte (duecentocinquemila) derivanti da contributi regionali. \u00abCon il completamento di questa seconda ed ultima fase dei lavori, la scuola sar\u00e0 messa definitivamente \u201ca norma\u201d, come previsto dalle normative nazionali &#8211; ha spiegato l\u2019assessore di comparto, Lorenza De Kunovich &#8211;\u00a0 Stiamo continuando sulla strada degli interventi sugli edifici scolastici dell\u2019intera provincia, come era nelle nostre intenzioni di governo\u00bb.<br \/>\nContestualmente, la Giunta provinciale ha approvato il proseguo dell\u2019ampliamento del Liceo classico di San Vito di Cadore, i cui lavori erano stati ritardati da problemi tecnici delle stesse aziende affidatarie degli appalti. \u00abPurtroppo alcuni contrattempi non imputabili all\u2019amministrazione provinciale hanno causato lungaggini nel completamento delle opere &#8211; ha spiegato ancora l\u2019assessore all\u2019Edilizia scolastica &#8211; . Questo slittamento ha anche comportato un aumento dei costi per il quale sar\u00e0 necessario accendere un mutuo. L\u2019importo complessivo dell\u2019intervento \u00e8 ora di circa settecentomila euro\u00bb.<\/p>","protected":false},"excerpt":{"rendered":"<p>La Giunta provinciale di Belluno ha dato il via al secondo stralcio del secondo lotto per i lavori al Liceo Castaldi di Feltre. L\u2019importo complessivo per l\u2019opera \u00e8 di circa trecentotrentamila euro, in buona parte (duecentocinquemila) derivanti da contributi regionali. \u00abCon il completamento di questa seconda ed ultima fase dei lavori, la scuola sar\u00e0 messa [&hellip;]<\/p>\n","protected":false},"author":2,"featured_media":0,"comment_status":"closed","ping_status":"open","sticky":false,"template":"","format":"standard","meta":{"footnotes":""},"categories":[26,15],"tags":[139,151,302],"class_list":["post-10023","post","type-post","status-publish","format-standard","category-prima-pagina","category-scuola","tag-belluno","tag-cadore","tag-feltre"],"yoast_head":"<!-- This site is optimized with the Yoast SEO plugin v28.4 - https:\/\/yoast.com\/product\/yoast-seo-wordpress\/ -->\n<title>Liceo Castaldi di Feltre, presto completata la messa a norma. Lavori per oltre trecentomila euro (205mila da contributo della Regione Veneto) - Bellunopress - Dolomiti<\/title>\n<meta name=\"robots\" content=\"index, follow, max-snippet:-1, max-image-preview:large, max-video-preview:-1\" \/>\n<link rel=\"canonical\" href=\"https:\/\/www.bellunopress.it\/fr\/2009\/11\/24\/liceo-castaldi-di-feltre-presto-completata-la-messa-a-norma-lavori-per-oltre-trecentomila-euro-205mila-da-contributo-della-regione-veneto\/\" \/>\n<meta property=\"og:locale\" content=\"fr_FR\" \/>\n<meta property=\"og:type\" content=\"article\" \/>\n<meta property=\"og:title\" content=\"Liceo Castaldi di Feltre, presto completata la messa a norma. Lavori per oltre trecentomila euro (205mila da contributo della Regione Veneto) - Bellunopress - Dolomiti\" \/>\n<meta property=\"og:description\" content=\"La Giunta provinciale di Belluno ha dato il via al secondo stralcio del secondo lotto per i lavori al Liceo Castaldi di Feltre. L\u2019importo complessivo per l\u2019opera \u00e8 di circa trecentotrentamila euro, in buona parte (duecentocinquemila) derivanti da contributi regionali. \u00abCon il completamento di questa seconda ed ultima fase dei lavori, la scuola sar\u00e0 messa [&hellip;]\" \/>\n<meta property=\"og:url\" content=\"https:\/\/www.bellunopress.it\/fr\/2009\/11\/24\/liceo-castaldi-di-feltre-presto-completata-la-messa-a-norma-lavori-per-oltre-trecentomila-euro-205mila-da-contributo-della-regione-veneto\/\" \/>\n<meta property=\"og:site_name\" content=\"Bellunopress - Dolomiti\" \/>\n<meta property=\"article:publisher\" content=\"https:\/\/www.facebook.com\/profile.php?id=100008943462799\" \/>\n<meta property=\"article:published_time\" content=\"2009-11-24T10:38:01+00:00\" \/>\n<meta property=\"og:image\" content=\"http:\/\/www.bellunopress.it\/wp-content\/uploads\/2009\/08\/lorenza-de-kunovich-270x180.jpg\" \/>\n<meta name=\"author\" content=\"redazione\" \/>\n<meta name=\"twitter:card\" content=\"summary_large_image\" \/>\n<meta name=\"twitter:creator\" content=\"@bellunopress\" \/>\n<meta name=\"twitter:site\" content=\"@bellunopress\" \/>\n<meta name=\"twitter:label1\" content=\"\u00c9crit par\" \/>\n\t<meta name=\"twitter:data1\" content=\"redazione\" \/>\n\t<meta name=\"twitter:label2\" content=\"Dur\u00e9e de lecture estim\u00e9e\" \/>\n\t<meta name=\"twitter:data2\" content=\"1 minute\" \/>\n<script type=\"application\/ld+json\" class=\"yoast-schema-graph\">{\"@context\":\"https:\\\/\\\/schema.org\",\"@graph\":[{\"@type\":\"Article\",\"@id\":\"https:\\\/\\\/www.bellunopress.it\\\/2009\\\/11\\\/24\\\/liceo-castaldi-di-feltre-presto-completata-la-messa-a-norma-lavori-per-oltre-trecentomila-euro-205mila-da-contributo-della-regione-veneto\\\/#article\",\"isPartOf\":{\"@id\":\"https:\\\/\\\/www.bellunopress.it\\\/2009\\\/11\\\/24\\\/liceo-castaldi-di-feltre-presto-completata-la-messa-a-norma-lavori-per-oltre-trecentomila-euro-205mila-da-contributo-della-regione-veneto\\\/\"},\"author\":{\"name\":\"redazione\",\"@id\":\"https:\\\/\\\/www.bellunopress.it\\\/#\\\/schema\\\/person\\\/79bb06722b37ece1c03d3e94beb30d73\"},\"headline\":\"Liceo Castaldi di Feltre, presto completata la messa a norma. Lavori per oltre trecentomila euro (205mila da contributo della Regione Veneto)\",\"datePublished\":\"2009-11-24T10:38:01+00:00\",\"mainEntityOfPage\":{\"@id\":\"https:\\\/\\\/www.bellunopress.it\\\/2009\\\/11\\\/24\\\/liceo-castaldi-di-feltre-presto-completata-la-messa-a-norma-lavori-per-oltre-trecentomila-euro-205mila-da-contributo-della-regione-veneto\\\/\"},\"wordCount\":213,\"publisher\":{\"@id\":\"https:\\\/\\\/www.bellunopress.it\\\/#organization\"},\"image\":{\"@id\":\"https:\\\/\\\/www.bellunopress.it\\\/2009\\\/11\\\/24\\\/liceo-castaldi-di-feltre-presto-completata-la-messa-a-norma-lavori-per-oltre-trecentomila-euro-205mila-da-contributo-della-regione-veneto\\\/#primaryimage\"},\"thumbnailUrl\":\"http:\\\/\\\/www.bellunopress.it\\\/wp-content\\\/uploads\\\/2009\\\/08\\\/lorenza-de-kunovich-270x180.jpg\",\"keywords\":[\"Belluno\",\"Cadore\",\"Feltre\"],\"articleSection\":[\"Prima Pagina\",\"Scuola\"],\"inLanguage\":\"fr-FR\"},{\"@type\":\"WebPage\",\"@id\":\"https:\\\/\\\/www.bellunopress.it\\\/2009\\\/11\\\/24\\\/liceo-castaldi-di-feltre-presto-completata-la-messa-a-norma-lavori-per-oltre-trecentomila-euro-205mila-da-contributo-della-regione-veneto\\\/\",\"url\":\"https:\\\/\\\/www.bellunopress.it\\\/2009\\\/11\\\/24\\\/liceo-castaldi-di-feltre-presto-completata-la-messa-a-norma-lavori-per-oltre-trecentomila-euro-205mila-da-contributo-della-regione-veneto\\\/\",\"name\":\"Liceo Castaldi di Feltre, presto completata la messa a norma. Lavori per oltre trecentomila euro (205mila da contributo della Regione Veneto) - Bellunopress - Dolomiti\",\"isPartOf\":{\"@id\":\"https:\\\/\\\/www.bellunopress.it\\\/#website\"},\"primaryImageOfPage\":{\"@id\":\"https:\\\/\\\/www.bellunopress.it\\\/2009\\\/11\\\/24\\\/liceo-castaldi-di-feltre-presto-completata-la-messa-a-norma-lavori-per-oltre-trecentomila-euro-205mila-da-contributo-della-regione-veneto\\\/#primaryimage\"},\"image\":{\"@id\":\"https:\\\/\\\/www.bellunopress.it\\\/2009\\\/11\\\/24\\\/liceo-castaldi-di-feltre-presto-completata-la-messa-a-norma-lavori-per-oltre-trecentomila-euro-205mila-da-contributo-della-regione-veneto\\\/#primaryimage\"},\"thumbnailUrl\":\"http:\\\/\\\/www.bellunopress.it\\\/wp-content\\\/uploads\\\/2009\\\/08\\\/lorenza-de-kunovich-270x180.jpg\",\"datePublished\":\"2009-11-24T10:38:01+00:00\",\"breadcrumb\":{\"@id\":\"https:\\\/\\\/www.bellunopress.it\\\/2009\\\/11\\\/24\\\/liceo-castaldi-di-feltre-presto-completata-la-messa-a-norma-lavori-per-oltre-trecentomila-euro-205mila-da-contributo-della-regione-veneto\\\/#breadcrumb\"},\"inLanguage\":\"fr-FR\",\"potentialAction\":[{\"@type\":\"ReadAction\",\"target\":[\"https:\\\/\\\/www.bellunopress.it\\\/2009\\\/11\\\/24\\\/liceo-castaldi-di-feltre-presto-completata-la-messa-a-norma-lavori-per-oltre-trecentomila-euro-205mila-da-contributo-della-regione-veneto\\\/\"]}]},{\"@type\":\"ImageObject\",\"inLanguage\":\"fr-FR\",\"@id\":\"https:\\\/\\\/www.bellunopress.it\\\/2009\\\/11\\\/24\\\/liceo-castaldi-di-feltre-presto-completata-la-messa-a-norma-lavori-per-oltre-trecentomila-euro-205mila-da-contributo-della-regione-veneto\\\/#primaryimage\",\"url\":\"http:\\\/\\\/www.bellunopress.it\\\/wp-content\\\/uploads\\\/2009\\\/08\\\/lorenza-de-kunovich-270x180.jpg\",\"contentUrl\":\"http:\\\/\\\/www.bellunopress.it\\\/wp-content\\\/uploads\\\/2009\\\/08\\\/lorenza-de-kunovich-270x180.jpg\"},{\"@type\":\"BreadcrumbList\",\"@id\":\"https:\\\/\\\/www.bellunopress.it\\\/2009\\\/11\\\/24\\\/liceo-castaldi-di-feltre-presto-completata-la-messa-a-norma-lavori-per-oltre-trecentomila-euro-205mila-da-contributo-della-regione-veneto\\\/#breadcrumb\",\"itemListElement\":[{\"@type\":\"ListItem\",\"position\":1,\"name\":\"Home\",\"item\":\"https:\\\/\\\/www.bellunopress.it\\\/\"},{\"@type\":\"ListItem\",\"position\":2,\"name\":\"Liceo Castaldi di Feltre, presto completata la messa a norma. Lavori per oltre trecentomila euro (205mila da contributo della Regione Veneto)\"}]},{\"@type\":\"WebSite\",\"@id\":\"https:\\\/\\\/www.bellunopress.it\\\/#website\",\"url\":\"https:\\\/\\\/www.bellunopress.it\\\/\",\"name\":\"Bellunopress - Dolomiti\",\"description\":\"e-mail: redazione@bellunopress.it\",\"publisher\":{\"@id\":\"https:\\\/\\\/www.bellunopress.it\\\/#organization\"},\"potentialAction\":[{\"@type\":\"SearchAction\",\"target\":{\"@type\":\"EntryPoint\",\"urlTemplate\":\"https:\\\/\\\/www.bellunopress.it\\\/?s={search_term_string}\"},\"query-input\":{\"@type\":\"PropertyValueSpecification\",\"valueRequired\":true,\"valueName\":\"search_term_string\"}}],\"inLanguage\":\"fr-FR\"},{\"@type\":\"Organization\",\"@id\":\"https:\\\/\\\/www.bellunopress.it\\\/#organization\",\"name\":\"Bellunopress\",\"url\":\"https:\\\/\\\/www.bellunopress.it\\\/\",\"logo\":{\"@type\":\"ImageObject\",\"inLanguage\":\"fr-FR\",\"@id\":\"https:\\\/\\\/www.bellunopress.it\\\/#\\\/schema\\\/logo\\\/image\\\/\",\"url\":\"https:\\\/\\\/www.bellunopress.it\\\/wp-content\\\/uploads\\\/2011\\\/05\\\/cropped-logo-bellunopress-.jpg\",\"contentUrl\":\"https:\\\/\\\/www.bellunopress.it\\\/wp-content\\\/uploads\\\/2011\\\/05\\\/cropped-logo-bellunopress-.jpg\",\"width\":512,\"height\":512,\"caption\":\"Bellunopress\"},\"image\":{\"@id\":\"https:\\\/\\\/www.bellunopress.it\\\/#\\\/schema\\\/logo\\\/image\\\/\"},\"sameAs\":[\"https:\\\/\\\/www.facebook.com\\\/profile.php?id=100008943462799\",\"https:\\\/\\\/x.com\\\/bellunopress\",\"https:\\\/\\\/www.linkedin.com\\\/hp\\\/?dnr=JBzUWaJfMUw8vbXJJ2tVW5-I3jZKvC4wsoxE&amp;amp;amp;amp;amp;amp;trk=nav_responsive_tab_home\",\"https:\\\/\\\/www.youtube.com\\\/channel\\\/UCxL0wu1uN0_3_7hGG0306cw\"]},{\"@type\":\"Person\",\"@id\":\"https:\\\/\\\/www.bellunopress.it\\\/#\\\/schema\\\/person\\\/79bb06722b37ece1c03d3e94beb30d73\",\"name\":\"redazione\",\"image\":{\"@type\":\"ImageObject\",\"inLanguage\":\"fr-FR\",\"@id\":\"https:\\\/\\\/secure.gravatar.com\\\/avatar\\\/37d968a2e67a6fd04c169c4bdef102d0bc5d31b2546345219e348575eb80e9a0?s=96&d=mm&r=g\",\"url\":\"https:\\\/\\\/secure.gravatar.com\\\/avatar\\\/37d968a2e67a6fd04c169c4bdef102d0bc5d31b2546345219e348575eb80e9a0?s=96&d=mm&r=g\",\"contentUrl\":\"https:\\\/\\\/secure.gravatar.com\\\/avatar\\\/37d968a2e67a6fd04c169c4bdef102d0bc5d31b2546345219e348575eb80e9a0?s=96&d=mm&r=g\",\"caption\":\"redazione\"},\"sameAs\":[\"http:\\\/\\\/www.bellunopress.it\",\"https:\\\/\\\/x.com\\\/bellunopress\"],\"url\":\"https:\\\/\\\/www.bellunopress.it\\\/fr\\\/author\\\/redazione\\\/\"}]}<\/script>\n<!-- \/ Yoast SEO plugin. -->","yoast_head_json":{"title":"Liceo Castaldi di Feltre, presto completata la messa a norma. Lavori per oltre trecentomila euro (205mila da contributo della Regione Veneto) - Bellunopress - Dolomiti","robots":{"index":"index","follow":"follow","max-snippet":"max-snippet:-1","max-image-preview":"max-image-preview:large","max-video-preview":"max-video-preview:-1"},"canonical":"https:\/\/www.bellunopress.it\/fr\/2009\/11\/24\/liceo-castaldi-di-feltre-presto-completata-la-messa-a-norma-lavori-per-oltre-trecentomila-euro-205mila-da-contributo-della-regione-veneto\/","og_locale":"fr_FR","og_type":"article","og_title":"Liceo Castaldi di Feltre, presto completata la messa a norma. Lavori per oltre trecentomila euro (205mila da contributo della Regione Veneto) - Bellunopress - Dolomiti","og_description":"La Giunta provinciale di Belluno ha dato il via al secondo stralcio del secondo lotto per i lavori al Liceo Castaldi di Feltre. L\u2019importo complessivo per l\u2019opera \u00e8 di circa trecentotrentamila euro, in buona parte (duecentocinquemila) derivanti da contributi regionali. \u00abCon il completamento di questa seconda ed ultima fase dei lavori, la scuola sar\u00e0 messa [&hellip;]","og_url":"https:\/\/www.bellunopress.it\/fr\/2009\/11\/24\/liceo-castaldi-di-feltre-presto-completata-la-messa-a-norma-lavori-per-oltre-trecentomila-euro-205mila-da-contributo-della-regione-veneto\/","og_site_name":"Bellunopress - Dolomiti","article_publisher":"https:\/\/www.facebook.com\/profile.php?id=100008943462799","article_published_time":"2009-11-24T10:38:01+00:00","og_image":[{"url":"http:\/\/www.bellunopress.it\/wp-content\/uploads\/2009\/08\/lorenza-de-kunovich-270x180.jpg","type":"","width":"","height":""}],"author":"redazione","twitter_card":"summary_large_image","twitter_creator":"@bellunopress","twitter_site":"@bellunopress","twitter_misc":{"\u00c9crit par":"redazione","Dur\u00e9e de lecture estim\u00e9e":"1 minute"},"schema":{"@context":"https:\/\/schema.org","@graph":[{"@type":"Article","@id":"https:\/\/www.bellunopress.it\/2009\/11\/24\/liceo-castaldi-di-feltre-presto-completata-la-messa-a-norma-lavori-per-oltre-trecentomila-euro-205mila-da-contributo-della-regione-veneto\/#article","isPartOf":{"@id":"https:\/\/www.bellunopress.it\/2009\/11\/24\/liceo-castaldi-di-feltre-presto-completata-la-messa-a-norma-lavori-per-oltre-trecentomila-euro-205mila-da-contributo-della-regione-veneto\/"},"author":{"name":"redazione","@id":"https:\/\/www.bellunopress.it\/#\/schema\/person\/79bb06722b37ece1c03d3e94beb30d73"},"headline":"Liceo Castaldi di Feltre, presto completata la messa a norma. Lavori per oltre trecentomila euro (205mila da contributo della Regione Veneto)","datePublished":"2009-11-24T10:38:01+00:00","mainEntityOfPage":{"@id":"https:\/\/www.bellunopress.it\/2009\/11\/24\/liceo-castaldi-di-feltre-presto-completata-la-messa-a-norma-lavori-per-oltre-trecentomila-euro-205mila-da-contributo-della-regione-veneto\/"},"wordCount":213,"publisher":{"@id":"https:\/\/www.bellunopress.it\/#organization"},"image":{"@id":"https:\/\/www.bellunopress.it\/2009\/11\/24\/liceo-castaldi-di-feltre-presto-completata-la-messa-a-norma-lavori-per-oltre-trecentomila-euro-205mila-da-contributo-della-regione-veneto\/#primaryimage"},"thumbnailUrl":"http:\/\/www.bellunopress.it\/wp-content\/uploads\/2009\/08\/lorenza-de-kunovich-270x180.jpg","keywords":["Belluno","Cadore","Feltre"],"articleSection":["Prima Pagina","Scuola"],"inLanguage":"fr-FR"},{"@type":"WebPage","@id":"https:\/\/www.bellunopress.it\/2009\/11\/24\/liceo-castaldi-di-feltre-presto-completata-la-messa-a-norma-lavori-per-oltre-trecentomila-euro-205mila-da-contributo-della-regione-veneto\/","url":"https:\/\/www.bellunopress.it\/2009\/11\/24\/liceo-castaldi-di-feltre-presto-completata-la-messa-a-norma-lavori-per-oltre-trecentomila-euro-205mila-da-contributo-della-regione-veneto\/","name":"Liceo Castaldi di Feltre, presto completata la messa a norma. Lavori per oltre trecentomila euro (205mila da contributo della Regione Veneto) - Bellunopress - Dolomiti","isPartOf":{"@id":"https:\/\/www.bellunopress.it\/#website"},"primaryImageOfPage":{"@id":"https:\/\/www.bellunopress.it\/2009\/11\/24\/liceo-castaldi-di-feltre-presto-completata-la-messa-a-norma-lavori-per-oltre-trecentomila-euro-205mila-da-contributo-della-regione-veneto\/#primaryimage"},"image":{"@id":"https:\/\/www.bellunopress.it\/2009\/11\/24\/liceo-castaldi-di-feltre-presto-completata-la-messa-a-norma-lavori-per-oltre-trecentomila-euro-205mila-da-contributo-della-regione-veneto\/#primaryimage"},"thumbnailUrl":"http:\/\/www.bellunopress.it\/wp-content\/uploads\/2009\/08\/lorenza-de-kunovich-270x180.jpg","datePublished":"2009-11-24T10:38:01+00:00","breadcrumb":{"@id":"https:\/\/www.bellunopress.it\/2009\/11\/24\/liceo-castaldi-di-feltre-presto-completata-la-messa-a-norma-lavori-per-oltre-trecentomila-euro-205mila-da-contributo-della-regione-veneto\/#breadcrumb"},"inLanguage":"fr-FR","potentialAction":[{"@type":"ReadAction","target":["https:\/\/www.bellunopress.it\/2009\/11\/24\/liceo-castaldi-di-feltre-presto-completata-la-messa-a-norma-lavori-per-oltre-trecentomila-euro-205mila-da-contributo-della-regione-veneto\/"]}]},{"@type":"ImageObject","inLanguage":"fr-FR","@id":"https:\/\/www.bellunopress.it\/2009\/11\/24\/liceo-castaldi-di-feltre-presto-completata-la-messa-a-norma-lavori-per-oltre-trecentomila-euro-205mila-da-contributo-della-regione-veneto\/#primaryimage","url":"http:\/\/www.bellunopress.it\/wp-content\/uploads\/2009\/08\/lorenza-de-kunovich-270x180.jpg","contentUrl":"http:\/\/www.bellunopress.it\/wp-content\/uploads\/2009\/08\/lorenza-de-kunovich-270x180.jpg"},{"@type":"BreadcrumbList","@id":"https:\/\/www.bellunopress.it\/2009\/11\/24\/liceo-castaldi-di-feltre-presto-completata-la-messa-a-norma-lavori-per-oltre-trecentomila-euro-205mila-da-contributo-della-regione-veneto\/#breadcrumb","itemListElement":[{"@type":"ListItem","position":1,"name":"Home","item":"https:\/\/www.bellunopress.it\/"},{"@type":"ListItem","position":2,"name":"Liceo Castaldi di Feltre, presto completata la messa a norma. Lavori per oltre trecentomila euro (205mila da contributo della Regione Veneto)"}]},{"@type":"WebSite","@id":"https:\/\/www.bellunopress.it\/#website","url":"https:\/\/www.bellunopress.it\/","name":"Bellunopress - Dolomiti","description":"e-mail: redazione@bellunopress.it","publisher":{"@id":"https:\/\/www.bellunopress.it\/#organization"},"potentialAction":[{"@type":"SearchAction","target":{"@type":"EntryPoint","urlTemplate":"https:\/\/www.bellunopress.it\/?s={search_term_string}"},"query-input":{"@type":"PropertyValueSpecification","valueRequired":true,"valueName":"search_term_string"}}],"inLanguage":"fr-FR"},{"@type":"Organization","@id":"https:\/\/www.bellunopress.it\/#organization","name":"Bellunopress","url":"https:\/\/www.bellunopress.it\/","logo":{"@type":"ImageObject","inLanguage":"fr-FR","@id":"https:\/\/www.bellunopress.it\/#\/schema\/logo\/image\/","url":"https:\/\/www.bellunopress.it\/wp-content\/uploads\/2011\/05\/cropped-logo-bellunopress-.jpg","contentUrl":"https:\/\/www.bellunopress.it\/wp-content\/uploads\/2011\/05\/cropped-logo-bellunopress-.jpg","width":512,"height":512,"caption":"Bellunopress"},"image":{"@id":"https:\/\/www.bellunopress.it\/#\/schema\/logo\/image\/"},"sameAs":["https:\/\/www.facebook.com\/profile.php?id=100008943462799","https:\/\/x.com\/bellunopress","https:\/\/www.linkedin.com\/hp\/?dnr=JBzUWaJfMUw8vbXJJ2tVW5-I3jZKvC4wsoxE&amp;amp;amp;amp;amp;amp;trk=nav_responsive_tab_home","https:\/\/www.youtube.com\/channel\/UCxL0wu1uN0_3_7hGG0306cw"]},{"@type":"Person","@id":"https:\/\/www.bellunopress.it\/#\/schema\/person\/79bb06722b37ece1c03d3e94beb30d73","name":"r\u00e9daction","image":{"@type":"ImageObject","inLanguage":"fr-FR","@id":"https:\/\/secure.gravatar.com\/avatar\/37d968a2e67a6fd04c169c4bdef102d0bc5d31b2546345219e348575eb80e9a0?s=96&d=mm&r=g","url":"https:\/\/secure.gravatar.com\/avatar\/37d968a2e67a6fd04c169c4bdef102d0bc5d31b2546345219e348575eb80e9a0?s=96&d=mm&r=g","contentUrl":"https:\/\/secure.gravatar.com\/avatar\/37d968a2e67a6fd04c169c4bdef102d0bc5d31b2546345219e348575eb80e9a0?s=96&d=mm&r=g","caption":"redazione"},"sameAs":["http:\/\/www.bellunopress.it","https:\/\/x.com\/bellunopress"],"url":"https:\/\/www.bellunopress.it\/fr\/author\/redazione\/"}]}},"_links":{"self":[{"href":"https:\/\/www.bellunopress.it\/fr\/wp-json\/wp\/v2\/posts\/10023","targetHints":{"allow":["GET"]}}],"collection":[{"href":"https:\/\/www.bellunopress.it\/fr\/wp-json\/wp\/v2\/posts"}],"about":[{"href":"https:\/\/www.bellunopress.it\/fr\/wp-json\/wp\/v2\/types\/post"}],"author":[{"embeddable":true,"href":"https:\/\/www.bellunopress.it\/fr\/wp-json\/wp\/v2\/users\/2"}],"replies":[{"embeddable":true,"href":"https:\/\/www.bellunopress.it\/fr\/wp-json\/wp\/v2\/comments?post=10023"}],"version-history":[{"count":1,"href":"https:\/\/www.bellunopress.it\/fr\/wp-json\/wp\/v2\/posts\/10023\/revisions"}],"predecessor-version":[{"id":10024,"href":"https:\/\/www.bellunopress.it\/fr\/wp-json\/wp\/v2\/posts\/10023\/revisions\/10024"}],"wp:attachment":[{"href":"https:\/\/www.bellunopress.it\/fr\/wp-json\/wp\/v2\/media?parent=10023"}],"wp:term":[{"taxonomy":"category","embeddable":true,"href":"https:\/\/www.bellunopress.it\/fr\/wp-json\/wp\/v2\/categories?post=10023"},{"taxonomy":"post_tag","embeddable":true,"href":"https:\/\/www.bellunopress.it\/fr\/wp-json\/wp\/v2\/tags?post=10023"}],"curies":[{"name":"wp","href":"https:\/\/api.w.org\/{rel}","templated":true}]}}